{"id":1689,"date":"2015-12-31T15:21:13","date_gmt":"2015-12-31T15:21:13","guid":{"rendered":"http:\/\/50.22.11.12\/~grietaor\/?p=1689"},"modified":"2016-03-09T15:25:25","modified_gmt":"2016-03-09T15:25:25","slug":"continuan-maestros-de-la-cnte-en-protesta-en-el-zocalo","status":"publish","type":"post","link":"http:\/\/www.grieta.org.mx\/index.php\/2015\/12\/31\/continuan-maestros-de-la-cnte-en-protesta-en-el-zocalo\/","title":{"rendered":"Contin\u00faan maestros de la CNTE en protesta en el z\u00f3calo"},"content":{"rendered":"<p>E-Oaxaca, Oaxaca<\/p>\n<p>Oaxaca.- Profesores regularizados de la secci\u00f3n 22 de la Coordinadora Nacional de Trabajadores de la Educaci\u00f3n (CNTE), contin\u00faan su protesta frente al Palacio de Gobierno, en exigencia de la restituci\u00f3n de sus sueldos, que fueron suspendidos desde el a\u00f1o pasado. Con pancartas y mantas los mentores reclaman al Gobierno del Estado el pago de los sueldos que dejaron de percibir desde hace m\u00e1s de 11 meses, lo que ha perjudicado de manera determinante su vida econ\u00f3mica. Indicaron aunque han hecho saber a las autoridades educativas acerca del conflicto que mantienen, esta no les ha dado respuesta a sus peticiones a pesar de que ellos como docentes han cumplido con su trabajo frente a grupo. Los manifestantes indican que son un aproximado de seis mil trabajadores de la educaci\u00f3n afectados, y quienes imparten clases en comunidades alejadas a la ciudad por lo tanto no han aceptado dejar los grupos. \u201c\u2026Somos profesores que siempre hemos permanecido en frente a los grupos, y a quienes no, nos ha importado dejar de recibir nuestro salario en tiempo y forma, pero eso no signifique que permitamos se cometa la injusticia de que no lo entreguen\u201d, dijo. La situaci\u00f3n tambi\u00e9n expusieron empeor\u00f3 cuando el gobernador Gabino Cu\u00e9 Monteagudo promovi\u00f3 el decreto el pasado 20 de julio con lo que recuper\u00f3 presuntamente la rector\u00eda educativa, pues afecto a muchos de quienes s\u00ed daban clases. Sostuvieron han buscado de diferentes maneras entablar el dialogo con el titular del Instituto Estatal de Educaci\u00f3n P\u00fablica de Oaxaca (IEEPO) Mois\u00e9s Robles Cruz, quien se ha negado atenderlos, enviando a funcionarios menores que no han sabido dar respuesta a sus demandas. Al permanecer en el coraz\u00f3n de la ciudad indicaron que mientras existe un desv\u00edo evidente de recursos en el IEEPO, existen grupos que han estado cumpliendo con sus funciones y no est\u00e1n siendo tomados en cuenta. Exhortaron en ese sentido a los funcionarios estatales y de educaci\u00f3n local y federal atender sus demandas, adem\u00e1s de que solicitaron a Robles Cruz no utilizar de trampol\u00edn pol\u00edtico al IEEPO, pues se han enterado que el actual director buscar\u00e1 contender en una candidatura.<\/p>\n<p><a href=\"http:\/\/e-oaxaca.com\/nota\/2015-12-31\/educacion\/continuan-maestros-de-la-cnte-en-protesta-en-el-zocalo#sthash.kCyKKEKr.dpuf\" target=\"_blank\">e-oaxaca.com\/nota\/2015-12-31\/educacion\/continuan-maestros-de-la-cnte-en-protesta-en-el-zocalo#sthash.kCyKKEKr.dpuf<\/a><\/p>\n","protected":false},"excerpt":{"rendered":"<p>E-Oaxaca, Oaxaca Oaxaca.- Profesores regularizados de la secci\u00f3n 22 de la Coordinadora Nacional de Trabajadores de la Educaci\u00f3n (CNTE), contin\u00faan su protesta frente al Palacio de Gobierno, en exigencia de &hellip; <a href=\"http:\/\/www.grieta.org.mx\/index.php\/2015\/12\/31\/continuan-maestros-de-la-cnte-en-protesta-en-el-zocalo\/\" class=\"more-link\">Leer m\u00e1s<\/a><\/p>\n","protected":false},"author":2,"featured_media":21928,"comment_status":"closed","ping_status":"open","sticky":false,"template":"","format":"standard","meta":{"ngg_post_thumbnail":0,"_jetpack_newsletter_access":"","_jetpack_dont_email_post_to_subs":false,"_jetpack_newsletter_tier_id":0,"_jetpack_memberships_contains_paywalled_content":false,"_jetpack_memberships_contains_paid_content":false,"footnotes":""},"categories":[80],"tags":[113,105,93,201],"class_list":["post-1689","post","type-post","status-publish","format-standard","has-post-thumbnail","hentry","category-cintillo","tag-conflictos-laborales","tag-derechos-laborales","tag-oaxaca","tag-salarios","entry"],"jetpack_featured_media_url":"http:\/\/www.grieta.org.mx\/wp-content\/uploads\/2018\/03\/14524434_1106112876131411_958039263622046936_o.jpg","jetpack_sharing_enabled":true,"jetpack_shortlink":"https:\/\/wp.me\/p7ZJR4-rf","jetpack_likes_enabled":false,"jetpack-related-posts":[{"id":14786,"url":"http:\/\/www.grieta.org.mx\/index.php\/2016\/06\/23\/se-solidariza-cnte-hidalgo-con-maestros-de-oaxaca\/","url_meta":{"origin":1689,"position":0},"title":"Se solidariza CNTE-Hidalgo con maestros de Oaxaca","author":"grieta","date":"23 junio, 2016","format":false,"excerpt":"Ver\u00f3nica Monroy Profesores de diversas instituciones miembros de la Coordinadora Nacional de Trabajadores de la Educaci\u00f3n (CNTE), con marchas y colocaci\u00f3n de lonas en espacios p\u00fablicos y en los propios planteles han expresado su solidaridad con sus hom\u00f3logos de Oaxaca, adem\u00e1s han repudiado los hechos violentos que se registraron el\u2026","rel":"","context":"En &quot;CINTILLO&quot;","block_context":{"text":"CINTILLO","link":"http:\/\/www.grieta.org.mx\/index.php\/category\/cintillo\/"},"img":{"alt_text":"","src":"https:\/\/i0.wp.com\/www.grieta.org.mx\/wp-content\/uploads\/2018\/03\/14524434_1106112876131411_958039263622046936_o.jpg?resize=350%2C200","width":350,"height":200,"srcset":"https:\/\/i0.wp.com\/www.grieta.org.mx\/wp-content\/uploads\/2018\/03\/14524434_1106112876131411_958039263622046936_o.jpg?resize=350%2C200 1x, https:\/\/i0.wp.com\/www.grieta.org.mx\/wp-content\/uploads\/2018\/03\/14524434_1106112876131411_958039263622046936_o.jpg?resize=525%2C300 1.5x, https:\/\/i0.wp.com\/www.grieta.org.mx\/wp-content\/uploads\/2018\/03\/14524434_1106112876131411_958039263622046936_o.jpg?resize=700%2C400 2x"},"classes":[]},{"id":14898,"url":"http:\/\/www.grieta.org.mx\/index.php\/2016\/06\/21\/realiza-cnte-protesta-en-calles-de-la-ciudad\/","url_meta":{"origin":1689,"position":1},"title":"Realiza CNTE protesta en calles de la ciudad","author":"grieta","date":"21 junio, 2016","format":false,"excerpt":"Olivia Paredes HERMOSILLO,Sonora. Para expresar el descontento ante los hechos ocurridos en Oaxaca, donde seis personas perdieran la vida durante una protesta de la Coordinadora Nacional de los Trabajadores de la Educaci\u00f3n (CNTE), maestros agremiados a \u00e9sta marcharon hacia el Palacio de Gobierno. David Guadalupe Valenzuela, representante de la CNTE\u2026","rel":"","context":"En &quot;CINTILLO&quot;","block_context":{"text":"CINTILLO","link":"http:\/\/www.grieta.org.mx\/index.php\/category\/cintillo\/"},"img":{"alt_text":"","src":"https:\/\/i0.wp.com\/www.grieta.org.mx\/wp-content\/uploads\/2018\/03\/14524434_1106112876131411_958039263622046936_o.jpg?resize=350%2C200","width":350,"height":200,"srcset":"https:\/\/i0.wp.com\/www.grieta.org.mx\/wp-content\/uploads\/2018\/03\/14524434_1106112876131411_958039263622046936_o.jpg?resize=350%2C200 1x, https:\/\/i0.wp.com\/www.grieta.org.mx\/wp-content\/uploads\/2018\/03\/14524434_1106112876131411_958039263622046936_o.jpg?resize=525%2C300 1.5x, https:\/\/i0.wp.com\/www.grieta.org.mx\/wp-content\/uploads\/2018\/03\/14524434_1106112876131411_958039263622046936_o.jpg?resize=700%2C400 2x"},"classes":[]},{"id":69065,"url":"http:\/\/www.grieta.org.mx\/index.php\/2024\/06\/05\/maestros-exigen-castigar-a-los-responsables-de-las-agresiones-cometidas-en-el-zocalo-capitalino-y-en-oaxaca\/","url_meta":{"origin":1689,"position":2},"title":"Maestros exigen castigar a los responsables de las agresiones cometidas en el Z\u00f3calo capitalino y en Oaxaca","author":"grieta","date":"5 junio, 2024","format":false,"excerpt":"Ale Huitron y Olivia V\u00e1zquez Herrera \/ Infobae Los docentes se\u00f1alaron que mantendr\u00e1n el plant\u00f3n en el Z\u00f3calo Los maestros de la CNTE anunciaron pr\u00f3xima marcha del \u00c1ngel de la Independencia al Z\u00f3calo de la CDMX Yenny Aracely P\u00e9rez, secretaria general de la Secci\u00f3n 22 de Oaxaca, anunci\u00f3 que el\u2026","rel":"","context":"En &quot;CINTILLO&quot;","block_context":{"text":"CINTILLO","link":"http:\/\/www.grieta.org.mx\/index.php\/category\/cintillo\/"},"img":{"alt_text":"Los maestros de la CNTE que fueron reprimidos en Oaxaca tambi\u00e9n protestaron. (Cencos Secci\u00f3n Veintid\u00f3s)","src":"https:\/\/www.infobae.com\/new-resizer\/oIfhoEkxWR11t_hMzes3QWbCk3U=\/420x315\/filters:format(webp):quality(85)\/cloudfront-us-east-1.images.arcpublishing.com\/infobae\/SDIDKBPHERHF5AMXTJG6ED5ZKM.jpg%20420w","width":350,"height":200,"srcset":"https:\/\/www.infobae.com\/new-resizer\/oIfhoEkxWR11t_hMzes3QWbCk3U=\/420x315\/filters:format(webp):quality(85)\/cloudfront-us-east-1.images.arcpublishing.com\/infobae\/SDIDKBPHERHF5AMXTJG6ED5ZKM.jpg%20420w 1x, https:\/\/www.infobae.com\/new-resizer\/oIfhoEkxWR11t_hMzes3QWbCk3U=\/420x315\/filters:format(webp):quality(85)\/cloudfront-us-east-1.images.arcpublishing.com\/infobae\/SDIDKBPHERHF5AMXTJG6ED5ZKM.jpg%20420w 1.5x, https:\/\/www.infobae.com\/new-resizer\/oIfhoEkxWR11t_hMzes3QWbCk3U=\/420x315\/filters:format(webp):quality(85)\/cloudfront-us-east-1.images.arcpublishing.com\/infobae\/SDIDKBPHERHF5AMXTJG6ED5ZKM.jpg%20420w 2x, https:\/\/www.infobae.com\/new-resizer\/oIfhoEkxWR11t_hMzes3QWbCk3U=\/420x315\/filters:format(webp):quality(85)\/cloudfront-us-east-1.images.arcpublishing.com\/infobae\/SDIDKBPHERHF5AMXTJG6ED5ZKM.jpg%20420w 3x, https:\/\/www.infobae.com\/new-resizer\/oIfhoEkxWR11t_hMzes3QWbCk3U=\/420x315\/filters:format(webp):quality(85)\/cloudfront-us-east-1.images.arcpublishing.com\/infobae\/SDIDKBPHERHF5AMXTJG6ED5ZKM.jpg%20420w 4x"},"classes":[]},{"id":18699,"url":"http:\/\/www.grieta.org.mx\/index.php\/2016\/08\/02\/maestros-de-la-cnte-oaxaca-realizan-bloqueo-en-hacienda-blanca\/","url_meta":{"origin":1689,"position":3},"title":"Maestros de la CNTE Oaxaca realizan bloqueo en Hacienda Blanca","author":"grieta","date":"2 agosto, 2016","format":false,"excerpt":"Redacci\u00f3n e-Oaxaca Oaxaca.- Maestros de la secci\u00f3n 22 de la CNTE de Oaxaca, de nueva cuenta salen a las calles de protestar. Este d\u00eda, los maestros de la regi\u00f3n de la Cuenca, Istmo, Ca\u00f1ada y Sierra, tomaron la sede el Instituto Estatal de Educaci\u00f3n P\u00fablica de Oaxaca (IEEPO). En tanto,\u2026","rel":"","context":"En &quot;CINTILLO&quot;","block_context":{"text":"CINTILLO","link":"http:\/\/www.grieta.org.mx\/index.php\/category\/cintillo\/"},"img":{"alt_text":"","src":"https:\/\/i0.wp.com\/www.grieta.org.mx\/wp-content\/uploads\/2018\/03\/14524434_1106112876131411_958039263622046936_o.jpg?resize=350%2C200","width":350,"height":200,"srcset":"https:\/\/i0.wp.com\/www.grieta.org.mx\/wp-content\/uploads\/2018\/03\/14524434_1106112876131411_958039263622046936_o.jpg?resize=350%2C200 1x, https:\/\/i0.wp.com\/www.grieta.org.mx\/wp-content\/uploads\/2018\/03\/14524434_1106112876131411_958039263622046936_o.jpg?resize=525%2C300 1.5x, https:\/\/i0.wp.com\/www.grieta.org.mx\/wp-content\/uploads\/2018\/03\/14524434_1106112876131411_958039263622046936_o.jpg?resize=700%2C400 2x"},"classes":[]},{"id":9613,"url":"http:\/\/www.grieta.org.mx\/index.php\/2015\/06\/13\/maestros-de-la-cnte-hacen-protesta-frente-a-televisa-chapultepec\/","url_meta":{"origin":1689,"position":4},"title":"Maestros de la CNTE hacen protesta frente a Televisa Chapultepec","author":"grieta","date":"13 junio, 2015","format":false,"excerpt":"Sopitas.com Maestros de la CNTE hacen protesta frente a Televisa Chapultepec 13\/06\/15 Maestros de la Coordinadora Nacional de Trabajadores de la Educaci\u00f3n (CNTE) se congregan en estos momentos frente a Televisa Chapultepec para exigir que sus demandas sean difundidas por la televisora y protestar contra la reforma educativa y la\u2026","rel":"","context":"En &quot;CINTILLO&quot;","block_context":{"text":"CINTILLO","link":"http:\/\/www.grieta.org.mx\/index.php\/category\/cintillo\/"},"img":{"alt_text":"","src":"https:\/\/i0.wp.com\/www.grieta.org.mx\/wp-content\/uploads\/2018\/03\/14524434_1106112876131411_958039263622046936_o.jpg?resize=350%2C200","width":350,"height":200,"srcset":"https:\/\/i0.wp.com\/www.grieta.org.mx\/wp-content\/uploads\/2018\/03\/14524434_1106112876131411_958039263622046936_o.jpg?resize=350%2C200 1x, https:\/\/i0.wp.com\/www.grieta.org.mx\/wp-content\/uploads\/2018\/03\/14524434_1106112876131411_958039263622046936_o.jpg?resize=525%2C300 1.5x, https:\/\/i0.wp.com\/www.grieta.org.mx\/wp-content\/uploads\/2018\/03\/14524434_1106112876131411_958039263622046936_o.jpg?resize=700%2C400 2x"},"classes":[]},{"id":13224,"url":"http:\/\/www.grieta.org.mx\/index.php\/2016\/05\/29\/seccion-22-intensifica-movilizaciones-con-megamarcha-en-oaxaca\/","url_meta":{"origin":1689,"position":5},"title":"Secci\u00f3n 22 intensifica movilizaciones con megamarcha en Oaxaca","author":"grieta","date":"29 mayo, 2016","format":false,"excerpt":"Victor Castillo, Oaxaca. Oaxaca.- Integrantes de la Secci\u00f3n XXII de la Coordinadora Nacional de Trabajadores de la Educaci\u00f3n (CNTE), reforzaron este s\u00e1bado su jornada de lucha con una megamarcha que aglutin\u00f3 a m\u00e1s de 15 mil manifestantes que exigen alto a la reforma educativa y el di\u00e1logo con el gobierno\u2026","rel":"","context":"En &quot;CINTILLO&quot;","block_context":{"text":"CINTILLO","link":"http:\/\/www.grieta.org.mx\/index.php\/category\/cintillo\/"},"img":{"alt_text":"","src":"https:\/\/i0.wp.com\/www.grieta.org.mx\/wp-content\/uploads\/2018\/03\/14524434_1106112876131411_958039263622046936_o.jpg?resize=350%2C200","width":350,"height":200,"srcset":"https:\/\/i0.wp.com\/www.grieta.org.mx\/wp-content\/uploads\/2018\/03\/14524434_1106112876131411_958039263622046936_o.jpg?resize=350%2C200 1x, https:\/\/i0.wp.com\/www.grieta.org.mx\/wp-content\/uploads\/2018\/03\/14524434_1106112876131411_958039263622046936_o.jpg?resize=525%2C300 1.5x, https:\/\/i0.wp.com\/www.grieta.org.mx\/wp-content\/uploads\/2018\/03\/14524434_1106112876131411_958039263622046936_o.jpg?resize=700%2C400 2x"},"classes":[]}],"_links":{"self":[{"href":"http:\/\/www.grieta.org.mx\/index.php\/wp-json\/wp\/v2\/posts\/1689","targetHints":{"allow":["GET"]}}],"collection":[{"href":"http:\/\/www.grieta.org.mx\/index.php\/wp-json\/wp\/v2\/posts"}],"about":[{"href":"http:\/\/www.grieta.org.mx\/index.php\/wp-json\/wp\/v2\/types\/post"}],"author":[{"embeddable":true,"href":"http:\/\/www.grieta.org.mx\/index.php\/wp-json\/wp\/v2\/users\/2"}],"replies":[{"embeddable":true,"href":"http:\/\/www.grieta.org.mx\/index.php\/wp-json\/wp\/v2\/comments?post=1689"}],"version-history":[{"count":1,"href":"http:\/\/www.grieta.org.mx\/index.php\/wp-json\/wp\/v2\/posts\/1689\/revisions"}],"predecessor-version":[{"id":1690,"href":"http:\/\/www.grieta.org.mx\/index.php\/wp-json\/wp\/v2\/posts\/1689\/revisions\/1690"}],"wp:featuredmedia":[{"embeddable":true,"href":"http:\/\/www.grieta.org.mx\/index.php\/wp-json\/wp\/v2\/media\/21928"}],"wp:attachment":[{"href":"http:\/\/www.grieta.org.mx\/index.php\/wp-json\/wp\/v2\/media?parent=1689"}],"wp:term":[{"taxonomy":"category","embeddable":true,"href":"http:\/\/www.grieta.org.mx\/index.php\/wp-json\/wp\/v2\/categories?post=1689"},{"taxonomy":"post_tag","embeddable":true,"href":"http:\/\/www.grieta.org.mx\/index.php\/wp-json\/wp\/v2\/tags?post=1689"}],"curies":[{"name":"wp","href":"https:\/\/api.w.org\/{rel}","templated":true}]}}