{"id":16878,"date":"2016-07-07T17:19:15","date_gmt":"2016-07-07T22:19:15","guid":{"rendered":"http:\/\/www.grieta.org.mx\/?p=16878"},"modified":"2016-07-15T18:59:15","modified_gmt":"2016-07-15T23:59:15","slug":"volanteo-y-boteo-de-maestros-democraticos-en-caseta-de-halacho-campeche","status":"publish","type":"post","link":"http:\/\/www.grieta.org.mx\/index.php\/2016\/07\/07\/volanteo-y-boteo-de-maestros-democraticos-en-caseta-de-halacho-campeche\/","title":{"rendered":"Volanteo y boteo de maestros democr\u00e1ticos en caseta de Halach\u00f3 (Campeche)"},"content":{"rendered":"<p><img loading=\"lazy\" decoding=\"async\" data-attachment-id=\"16889\" data-permalink=\"http:\/\/www.grieta.org.mx\/index.php\/2016\/07\/07\/volanteo-y-boteo-de-maestros-democraticos-en-caseta-de-halacho-campeche\/7mae1\/\" data-orig-file=\"http:\/\/www.grieta.org.mx\/wp-content\/uploads\/2016\/07\/7mae1.jpg\" data-orig-size=\"672,391\" data-comments-opened=\"0\" data-image-meta=\"{&quot;aperture&quot;:&quot;0&quot;,&quot;credit&quot;:&quot;&quot;,&quot;camera&quot;:&quot;&quot;,&quot;caption&quot;:&quot;&quot;,&quot;created_timestamp&quot;:&quot;0&quot;,&quot;copyright&quot;:&quot;&quot;,&quot;focal_length&quot;:&quot;0&quot;,&quot;iso&quot;:&quot;0&quot;,&quot;shutter_speed&quot;:&quot;0&quot;,&quot;title&quot;:&quot;&quot;,&quot;orientation&quot;:&quot;0&quot;}\" data-image-title=\"7mae1\" data-image-description=\"\" data-image-caption=\"\" data-medium-file=\"http:\/\/www.grieta.org.mx\/wp-content\/uploads\/2016\/07\/7mae1-300x175.jpg\" data-large-file=\"http:\/\/www.grieta.org.mx\/wp-content\/uploads\/2016\/07\/7mae1.jpg\" src=\"http:\/\/www.grieta.org.mx\/wp-content\/uploads\/2016\/07\/7mae1.jpg\" alt=\"7mae1\" width=\"672\" height=\"391\" class=\"aligncenter size-full wp-image-16889\" srcset=\"http:\/\/www.grieta.org.mx\/wp-content\/uploads\/2016\/07\/7mae1.jpg 672w, http:\/\/www.grieta.org.mx\/wp-content\/uploads\/2016\/07\/7mae1-300x175.jpg 300w\" sizes=\"auto, (max-width: 672px) 100vw, 672px\" \/><\/p>\n<p>BECAL, CALKINI, Cam. 7 de julio del 2016.- Integrantes de la Coordinadora Estatal de los Trabajadores de la Educaci\u00f3n de Campeche (CETEC-CNTE), en el marco de las actividades programadas a nivel nacional, realizaron las actividades de volanteo y boteo, para informar a la ciudadan\u00eda de la lucha que a nivel nacional se sigue dando contra la reforma laboral disfrazada de educativa, y la cerraz\u00f3n del gobierno federal para solucionar este conflicto que lleva tres a\u00f1os.<\/p>\n<p>En la caseta que divide a los estados de Campeche y Yucat\u00e1n, en territorio del municipio yucateco de Halach\u00f3, las muestras de solidaridad de los conductores fue evidente, sus comentarios hacia el gobierno federal no son nada alentadores, se nota el descontento social, no s\u00f3lo por la cuesti\u00f3n educativa, sino por los recientes aumentos en los costos de la luz, el gas, y los asesinatos en Nochixtl\u00e1n, Oaxaca.<\/p>\n<p>Los conductores est\u00e1n bien informados, pero no gracias a los medios oficiales, sino a las redes sociales, como ellos mismos lo mencionan.<\/p>\n<p>Los recursos que se obtienen del boteo es para apoyar a los cinco compa\u00f1eros suspendidos en Campeche, quienes se encuentran en la Ciudad de M\u00e9xico, en el plant\u00f3n nacional.<\/p>\n<p>Tambi\u00e9n se hace saber sobre las exigencias de libertad de los presos pol\u00edticos del movimiento, la reinstalaci\u00f3n de los compa\u00f1eros suspendidos, la gratuidad de la educaci\u00f3n, que se encuentra en riesgo de privatizaci\u00f3n y el cese al acoso laboral.<\/p>\n<p><a href=\"http:\/\/paginabierta.mx\/sitio\/volanteo-y-boteo-de-maestros-democraticos-en-caseta-de-halacho\/\" target=\"_blank\">http:\/\/paginabierta.mx\/sitio\/volanteo-y-boteo-de-maestros-democraticos-en-caseta-de-halacho\/<\/a><\/p>\n","protected":false},"excerpt":{"rendered":"<p>BECAL, CALKINI, Cam. 7 de julio del 2016.- Integrantes de la Coordinadora Estatal de los Trabajadores de la Educaci\u00f3n de Campeche (CETEC-CNTE), en el marco de las actividades programadas a &hellip; <a href=\"http:\/\/www.grieta.org.mx\/index.php\/2016\/07\/07\/volanteo-y-boteo-de-maestros-democraticos-en-caseta-de-halacho-campeche\/\" class=\"more-link\">Leer m\u00e1s<\/a><\/p>\n","protected":false},"author":2,"featured_media":21928,"comment_status":"closed","ping_status":"closed","sticky":false,"template":"","format":"standard","meta":{"ngg_post_thumbnail":0,"_jetpack_newsletter_access":"","_jetpack_dont_email_post_to_subs":false,"_jetpack_newsletter_tier_id":0,"_jetpack_memberships_contains_paywalled_content":false,"_jetpack_memberships_contains_paid_content":false,"footnotes":""},"categories":[123,80],"tags":[133,135],"class_list":["post-16878","post","type-post","status-publish","format-standard","has-post-thumbnail","hentry","category-campeche","category-cintillo","tag-maestros","tag-reforma-educativa","entry"],"jetpack_featured_media_url":"http:\/\/www.grieta.org.mx\/wp-content\/uploads\/2018\/03\/14524434_1106112876131411_958039263622046936_o.jpg","jetpack_sharing_enabled":true,"jetpack_shortlink":"https:\/\/wp.me\/p7ZJR4-4oe","jetpack_likes_enabled":false,"jetpack-related-posts":[{"id":571,"url":"http:\/\/www.grieta.org.mx\/index.php\/2016\/09\/12\/movilizaciones-de-maestros-en-campeche-por-evaluacion-al-desempeno-y-reforma-educativa\/","url_meta":{"origin":16878,"position":0},"title":"Movilizaciones contra la Reforma Educativa y evaluaci\u00f3n magisterial en Campeche","author":"grieta","date":"12 septiembre, 2016","format":false,"excerpt":"12\/09\/16. Protestan en contra de reforma educativa (Campeche) El Expreso 24\/07\/16. Maestros vuelven a manifestarse contra Reforma Educativa (Campeche) P\u00e1gin@bierta 17\/07\/16. Maestros de Cetec exigen abrogar reforma educativa (Campeche) Tribuna 12\/07\/16. Campeche presente en las negociaciones de CNTE con Gobernaci\u00f3n P\u00e1gin@bierta 07\/07\/16. Volanteo y boteo de maestros democr\u00e1ticos en caseta\u2026","rel":"","context":"En &quot;Campeche&quot;","block_context":{"text":"Campeche","link":"http:\/\/www.grieta.org.mx\/index.php\/category\/noticias-nacionales\/campeche\/"},"img":{"alt_text":"","src":"https:\/\/i0.wp.com\/www.grieta.org.mx\/wp-content\/uploads\/2018\/03\/14524434_1106112876131411_958039263622046936_o.jpg?resize=350%2C200","width":350,"height":200,"srcset":"https:\/\/i0.wp.com\/www.grieta.org.mx\/wp-content\/uploads\/2018\/03\/14524434_1106112876131411_958039263622046936_o.jpg?resize=350%2C200 1x, https:\/\/i0.wp.com\/www.grieta.org.mx\/wp-content\/uploads\/2018\/03\/14524434_1106112876131411_958039263622046936_o.jpg?resize=525%2C300 1.5x, https:\/\/i0.wp.com\/www.grieta.org.mx\/wp-content\/uploads\/2018\/03\/14524434_1106112876131411_958039263622046936_o.jpg?resize=700%2C400 2x"},"classes":[]},{"id":17442,"url":"http:\/\/www.grieta.org.mx\/index.php\/2016\/07\/17\/maestros-de-cetec-exigen-abrogar-reforma-educativa-campeche\/","url_meta":{"origin":16878,"position":1},"title":"Maestros de Cetec exigen abrogar reforma educativa  (Campeche)","author":"grieta","date":"17 julio, 2016","format":false,"excerpt":"Alrededor de 200 maestros de la Coordinadora Estatal de Trabajadores de la Educaci\u00f3n (Cetec) en Campeche, a trav\u00e9s de una marcha exigieron la abrogaci\u00f3n de la reforma educativa, el pago de la Carrera Magisterial, la anulaci\u00f3n del aumento de la jornada laboral en el nivel preescolar y la reintegraci\u00f3n de\u2026","rel":"","context":"En &quot;campeche&quot;","block_context":{"text":"campeche","link":"http:\/\/www.grieta.org.mx\/index.php\/category\/campeche\/"},"img":{"alt_text":"","src":"https:\/\/i0.wp.com\/www.grieta.org.mx\/wp-content\/uploads\/2018\/03\/14524434_1106112876131411_958039263622046936_o.jpg?resize=350%2C200","width":350,"height":200,"srcset":"https:\/\/i0.wp.com\/www.grieta.org.mx\/wp-content\/uploads\/2018\/03\/14524434_1106112876131411_958039263622046936_o.jpg?resize=350%2C200 1x, https:\/\/i0.wp.com\/www.grieta.org.mx\/wp-content\/uploads\/2018\/03\/14524434_1106112876131411_958039263622046936_o.jpg?resize=525%2C300 1.5x, https:\/\/i0.wp.com\/www.grieta.org.mx\/wp-content\/uploads\/2018\/03\/14524434_1106112876131411_958039263622046936_o.jpg?resize=700%2C400 2x"},"classes":[]},{"id":17615,"url":"http:\/\/www.grieta.org.mx\/index.php\/2016\/07\/24\/maestros-vuelven-a-manifestarse-contra-reforma-educativa-campeche\/","url_meta":{"origin":16878,"position":2},"title":"Maestros vuelven a manifestarse contra Reforma Educativa (Campeche)","author":"grieta","date":"24 julio, 2016","format":false,"excerpt":"Maestros, padres de familia e integrantes de la sociedad civil se volvieron a manifestar en las calles del Centro Hist\u00f3rico contra la mal llamada Reforma Educativa y realizaron un mitin en el parque principal de la capital campechana, encabezados por la Coordinadora Estatal de Trabajadores de la Educaci\u00f3n de Campeche\u2026","rel":"","context":"En &quot;Campeche&quot;","block_context":{"text":"Campeche","link":"http:\/\/www.grieta.org.mx\/index.php\/category\/noticias-nacionales\/campeche\/"},"img":{"alt_text":"","src":"https:\/\/i0.wp.com\/www.grieta.org.mx\/wp-content\/uploads\/2018\/03\/14524434_1106112876131411_958039263622046936_o.jpg?resize=350%2C200","width":350,"height":200,"srcset":"https:\/\/i0.wp.com\/www.grieta.org.mx\/wp-content\/uploads\/2018\/03\/14524434_1106112876131411_958039263622046936_o.jpg?resize=350%2C200 1x, https:\/\/i0.wp.com\/www.grieta.org.mx\/wp-content\/uploads\/2018\/03\/14524434_1106112876131411_958039263622046936_o.jpg?resize=525%2C300 1.5x, https:\/\/i0.wp.com\/www.grieta.org.mx\/wp-content\/uploads\/2018\/03\/14524434_1106112876131411_958039263622046936_o.jpg?resize=700%2C400 2x"},"classes":[]},{"id":21690,"url":"http:\/\/www.grieta.org.mx\/index.php\/2016\/09\/12\/protestan-en-contra-de-reforma-educativa-campeche\/","url_meta":{"origin":16878,"position":3},"title":"Protestan en contra de reforma educativa (Campeche)","author":"grieta","date":"12 septiembre, 2016","format":false,"excerpt":"Roxana V\u00e1zquez Campos Maestros de la Coordinadora Nacional de Trabajadores de la Educaci\u00f3n (CNTE) marcharon sobre la calle 10 del Centro Hist\u00f3rico en la ma\u00f1ana de ayer, esto para unirse a las manifestaciones que se llevan a cabo en estados como Chiapas y Oaxaca. La marcha dur\u00f3 poco menos de\u2026","rel":"","context":"En &quot;CINTILLO&quot;","block_context":{"text":"CINTILLO","link":"http:\/\/www.grieta.org.mx\/index.php\/category\/cintillo\/"},"img":{"alt_text":"","src":"https:\/\/i0.wp.com\/www.grieta.org.mx\/wp-content\/uploads\/2018\/03\/14524434_1106112876131411_958039263622046936_o.jpg?resize=350%2C200","width":350,"height":200,"srcset":"https:\/\/i0.wp.com\/www.grieta.org.mx\/wp-content\/uploads\/2018\/03\/14524434_1106112876131411_958039263622046936_o.jpg?resize=350%2C200 1x, https:\/\/i0.wp.com\/www.grieta.org.mx\/wp-content\/uploads\/2018\/03\/14524434_1106112876131411_958039263622046936_o.jpg?resize=525%2C300 1.5x, https:\/\/i0.wp.com\/www.grieta.org.mx\/wp-content\/uploads\/2018\/03\/14524434_1106112876131411_958039263622046936_o.jpg?resize=700%2C400 2x"},"classes":[]},{"id":574,"url":"http:\/\/www.grieta.org.mx\/index.php\/2015\/07\/23\/mexico-docentes-de-campeche-imparten-talleres-en-el-planton-permanente-contra-la-reforma-educativa\/","url_meta":{"origin":16878,"position":4},"title":"M\u00e9xico: Docentes de Campeche imparten talleres en el plant\u00f3n permanente contra la Reforma Educativa","author":"grieta","date":"23 julio, 2015","format":false,"excerpt":"Maestros de la CETEC-CNTE mantienen un plant\u00f3n permanente en el parque principal de Campeche con el fin de luchar contra la reforma educativa, pero tambi\u00e9n para informar las afectaciones de las reformas estructurales a la clase trabajadora. Con el fin de contribuir a la sociedad como maestros conscientes han emprendido\u2026","rel":"","context":"En &quot;campeche&quot;","block_context":{"text":"campeche","link":"http:\/\/www.grieta.org.mx\/index.php\/category\/campeche\/"},"img":{"alt_text":"","src":"https:\/\/i0.wp.com\/www.grieta.org.mx\/wp-content\/uploads\/2018\/03\/14524434_1106112876131411_958039263622046936_o.jpg?resize=350%2C200","width":350,"height":200,"srcset":"https:\/\/i0.wp.com\/www.grieta.org.mx\/wp-content\/uploads\/2018\/03\/14524434_1106112876131411_958039263622046936_o.jpg?resize=350%2C200 1x, https:\/\/i0.wp.com\/www.grieta.org.mx\/wp-content\/uploads\/2018\/03\/14524434_1106112876131411_958039263622046936_o.jpg?resize=525%2C300 1.5x, https:\/\/i0.wp.com\/www.grieta.org.mx\/wp-content\/uploads\/2018\/03\/14524434_1106112876131411_958039263622046936_o.jpg?resize=700%2C400 2x"},"classes":[]},{"id":576,"url":"http:\/\/www.grieta.org.mx\/index.php\/2015\/07\/21\/maestros-instalan-campamento-en-campeche\/","url_meta":{"origin":16878,"position":5},"title":"Maestros instalan campamento en Campeche","author":"grieta","date":"21 julio, 2015","format":false,"excerpt":"Maestros pertenecientes a la CNTE instalaron un campamento en la plaza principal de esta ciudad en protesta a la aprobaci\u00f3n de la Reforma Educativa y la evaluaci\u00f3n de ingreso. SAN FRANCISCO DE CAMPECHE.- A\u00fan cuando Campeche estuvo por encima de la media nacional, que es de 83.1 por ciento, en\u2026","rel":"","context":"En &quot;campeche&quot;","block_context":{"text":"campeche","link":"http:\/\/www.grieta.org.mx\/index.php\/category\/campeche\/"},"img":{"alt_text":"","src":"https:\/\/i0.wp.com\/www.grieta.org.mx\/wp-content\/uploads\/2018\/03\/14524434_1106112876131411_958039263622046936_o.jpg?resize=350%2C200","width":350,"height":200,"srcset":"https:\/\/i0.wp.com\/www.grieta.org.mx\/wp-content\/uploads\/2018\/03\/14524434_1106112876131411_958039263622046936_o.jpg?resize=350%2C200 1x, https:\/\/i0.wp.com\/www.grieta.org.mx\/wp-content\/uploads\/2018\/03\/14524434_1106112876131411_958039263622046936_o.jpg?resize=525%2C300 1.5x, https:\/\/i0.wp.com\/www.grieta.org.mx\/wp-content\/uploads\/2018\/03\/14524434_1106112876131411_958039263622046936_o.jpg?resize=700%2C400 2x"},"classes":[]}],"_links":{"self":[{"href":"http:\/\/www.grieta.org.mx\/index.php\/wp-json\/wp\/v2\/posts\/16878","targetHints":{"allow":["GET"]}}],"collection":[{"href":"http:\/\/www.grieta.org.mx\/index.php\/wp-json\/wp\/v2\/posts"}],"about":[{"href":"http:\/\/www.grieta.org.mx\/index.php\/wp-json\/wp\/v2\/types\/post"}],"author":[{"embeddable":true,"href":"http:\/\/www.grieta.org.mx\/index.php\/wp-json\/wp\/v2\/users\/2"}],"replies":[{"embeddable":true,"href":"http:\/\/www.grieta.org.mx\/index.php\/wp-json\/wp\/v2\/comments?post=16878"}],"version-history":[{"count":1,"href":"http:\/\/www.grieta.org.mx\/index.php\/wp-json\/wp\/v2\/posts\/16878\/revisions"}],"predecessor-version":[{"id":16890,"href":"http:\/\/www.grieta.org.mx\/index.php\/wp-json\/wp\/v2\/posts\/16878\/revisions\/16890"}],"wp:featuredmedia":[{"embeddable":true,"href":"http:\/\/www.grieta.org.mx\/index.php\/wp-json\/wp\/v2\/media\/21928"}],"wp:attachment":[{"href":"http:\/\/www.grieta.org.mx\/index.php\/wp-json\/wp\/v2\/media?parent=16878"}],"wp:term":[{"taxonomy":"category","embeddable":true,"href":"http:\/\/www.grieta.org.mx\/index.php\/wp-json\/wp\/v2\/categories?post=16878"},{"taxonomy":"post_tag","embeddable":true,"href":"http:\/\/www.grieta.org.mx\/index.php\/wp-json\/wp\/v2\/tags?post=16878"}],"curies":[{"name":"wp","href":"https:\/\/api.w.org\/{rel}","templated":true}]}}