{"id":1687,"date":"2016-01-26T15:13:49","date_gmt":"2016-01-26T15:13:49","guid":{"rendered":"http:\/\/50.22.11.12\/~grietaor\/?p=1687"},"modified":"2018-06-24T23:31:35","modified_gmt":"2018-06-25T04:31:35","slug":"paran-labores-trabajadores-del-sector-salud-en-el-istmo","status":"publish","type":"post","link":"http:\/\/www.grieta.org.mx\/index.php\/2016\/01\/26\/paran-labores-trabajadores-del-sector-salud-en-el-istmo\/","title":{"rendered":"Paran labores trabajadores del Sector Salud en el Istmo"},"content":{"rendered":"<p>P\u00e1gina 3.<\/p>\n<p>Diana Manzo,<\/p>\n<p>Juchit\u00e1n, Oaxaca.- Unos mil 1550 trabajadores del \u00e1rea administrativa de 17 delegaciones de salud adheridos a los Servicios de Salud de Oaxaca en el Istmo de Tehuantepec pararon labores y exigen al gobierno del estado, federal y al \u00e1rea de seguro popular, cumplimiento de sus demandas laborales desde el 2012 a la fecha.<\/p>\n<p>Precisaron que una de sus mayores demandas es la falta de insumos y medicamentos como inyecciones, gasas, insulina para diab\u00e9ticos, adem\u00e1s de inmobiliario y equipo m\u00e9dico, los cuales est\u00e1n en mal estado y no sirven en distintas unidades m\u00e9dicas.<\/p>\n<p>Este paro de labores tambi\u00e9n afect\u00f3 la consulta externa en los seis hospitales- Juchit\u00e1n, Tehuantepec, Salina Cruz, Tapanatepec, Ixtepec y Mar\u00eda Lombardo- y solo se atender\u00e1 a la ciudadan\u00eda en el \u00e1rea de urgencias.<\/p>\n<p>Los trabajadores sindicalizados se\u00f1alaron que el a\u00f1o pasado firmaron dos minutas de acuerdo, los cuales no se respetaron por parte de las autoridades de los Servicios de Salud de Oaxaca, y lo poco que se ha cumplido ha sido a \u201ccuentagotas\u201d, raz\u00f3n por la cual no se puede brindar un servicio integral a la ciudadan\u00eda.<\/p>\n<p>\u201cExiste un rezago de hace 4 a\u00f1os (2012,2013,2014 y 2015), ya se toler\u00f3 demasiado al Sector Salud tanto a nivel estatal como federal, a pesar de que a Oaxaca se le ha inyectado en un recurso de la federaci\u00f3n , en las cl\u00ednicas y hospitales no lo hemos visto reflejado, por eso exigimos atenci\u00f3n inmediata\u201d, precisaron los trabajadores de salud.<\/p>\n<p>Rodolfo Mart\u00ednez Altamirano, secretario de organizaci\u00f3n de la Subsecci\u00f3n 02 \u201cIstmo\u201d adherido a la Secci\u00f3n 35 del Sindicato Nacional de Trabajadores del Sector Salud (SNTSS) expres\u00f3 que se mantendr\u00e1n en sesi\u00f3n permanente de trabajo con la finalidad de que se puedan atender las minutas de acuerdo incumplidas.<\/p>\n<p>Precis\u00f3 que las demandas de la base trabajadora son que existe un desabasto importante de medicamentos, infraestructura inadecuada y que se ha dejado de luchar por las peticiones salariales de los que integran el sindicato de trabajadores del Sector salud<\/p>\n<p>\u201cSomos un total de 1550 trabajadores adheridos al sindicato del sector salud en el Istmo de Tehuantepec, paramos labores tanto m\u00e9dicos como los m\u00e1s de 600 administrativos, no es posible que tengamos instalaciones de \u00faltimo nivel, hay muchas minutas pendientes de cumplir, mientras el Secretario de Salud solo nos dice promesas y m\u00e1s promesas\u201d, reiter\u00f3.<\/p>\n<p>En las unidades m\u00e9dicas \u00fanicamente se est\u00e1 atendiendo los servicios de urgencias y hospitalizaci\u00f3n, las cirug\u00edas programadas y consulta externa se suspenden hasta nuevo aviso.<\/p>\n<p><a href=\"http:\/\/pagina3.mx\/2016\/01\/paran-labores-trabajadores-del-sector-salud-en-el-istmo-3\/\" target=\"_blank\">pagina3.mx\/2016\/01\/paran-labores-trabajadores-del-sector-salud-en-el-istmo-3\/<\/a><\/p>\n","protected":false},"excerpt":{"rendered":"<p>P\u00e1gina 3. Diana Manzo, Juchit\u00e1n, Oaxaca.- Unos mil 1550 trabajadores del \u00e1rea administrativa de 17 delegaciones de salud adheridos a los Servicios de Salud de Oaxaca en el Istmo de &hellip; <a href=\"http:\/\/www.grieta.org.mx\/index.php\/2016\/01\/26\/paran-labores-trabajadores-del-sector-salud-en-el-istmo\/\" class=\"more-link\">Leer m\u00e1s<\/a><\/p>\n","protected":false},"author":2,"featured_media":21928,"comment_status":"closed","ping_status":"open","sticky":false,"template":"","format":"standard","meta":{"ngg_post_thumbnail":0,"_jetpack_newsletter_access":"","_jetpack_dont_email_post_to_subs":false,"_jetpack_newsletter_tier_id":0,"_jetpack_memberships_contains_paywalled_content":false,"_jetpack_memberships_contains_paid_content":false,"footnotes":""},"categories":[80,1355,2,25],"tags":[113,105,93,206],"class_list":["post-1687","post","type-post","status-publish","format-standard","has-post-thumbnail","hentry","category-cintillo","category-conflictos-laborales-en-oaxaca","category-noticias-nacionales","category-oaxaca","tag-conflictos-laborales","tag-derechos-laborales","tag-oaxaca","tag-sntss","entry"],"jetpack_featured_media_url":"http:\/\/www.grieta.org.mx\/wp-content\/uploads\/2018\/03\/14524434_1106112876131411_958039263622046936_o.jpg","jetpack_sharing_enabled":true,"jetpack_shortlink":"https:\/\/wp.me\/p7ZJR4-rd","jetpack_likes_enabled":false,"jetpack-related-posts":[{"id":14325,"url":"http:\/\/www.grieta.org.mx\/index.php\/2016\/06\/13\/paran-labores-en-hospital-general-de-juchitan\/","url_meta":{"origin":1687,"position":0},"title":"Paran labores en Hospital General de Juchit\u00e1n","author":"grieta","date":"13 junio, 2016","format":false,"excerpt":"P\u00e1gina 3. Diana Manzo, Juchit\u00e1n, Oaxaca.- Sin insumos, medicamentos y demanda de uniformes trabajadores del Sector Salud que laboran en el Hospital General \u201cMacedonio Ben\u00edtez Fuentes\u201d pararon labores y se mantienen en asamblea permanente. Los trabajadores se mantuvieron de brazos ca\u00eddos en el \u00e1rea administrativa y solo se atendi\u00f3 urgencias\u2026","rel":"","context":"En &quot;CINTILLO&quot;","block_context":{"text":"CINTILLO","link":"http:\/\/www.grieta.org.mx\/index.php\/category\/cintillo\/"},"img":{"alt_text":"","src":"https:\/\/i0.wp.com\/www.grieta.org.mx\/wp-content\/uploads\/2018\/03\/14524434_1106112876131411_958039263622046936_o.jpg?resize=350%2C200","width":350,"height":200,"srcset":"https:\/\/i0.wp.com\/www.grieta.org.mx\/wp-content\/uploads\/2018\/03\/14524434_1106112876131411_958039263622046936_o.jpg?resize=350%2C200 1x, https:\/\/i0.wp.com\/www.grieta.org.mx\/wp-content\/uploads\/2018\/03\/14524434_1106112876131411_958039263622046936_o.jpg?resize=525%2C300 1.5x, https:\/\/i0.wp.com\/www.grieta.org.mx\/wp-content\/uploads\/2018\/03\/14524434_1106112876131411_958039263622046936_o.jpg?resize=700%2C400 2x"},"classes":[]},{"id":1685,"url":"http:\/\/www.grieta.org.mx\/index.php\/2016\/02\/11\/cumple-15-dia-paro-trabajadores-de-la-salud\/","url_meta":{"origin":1687,"position":1},"title":"Cumple 15 d\u00eda paro trabajadores de la salud","author":"grieta","date":"11 febrero, 2016","format":false,"excerpt":"Istmopress. Diana Manzo, Juchit\u00e1n, Oaxaca.- Unos mil 500 Trabajadores de 17 Delegaciones de los Servicios de Salud de Oaxaca del Istmo de Tehuantepec cumplieron quince d\u00edas de paro de labores en las unidades de salud, debido a la falta de insumos, medicamento y equipos medicos. El personal de salud solo\u2026","rel":"","context":"En &quot;CINTILLO&quot;","block_context":{"text":"CINTILLO","link":"http:\/\/www.grieta.org.mx\/index.php\/category\/cintillo\/"},"img":{"alt_text":"","src":"https:\/\/i0.wp.com\/www.grieta.org.mx\/wp-content\/uploads\/2018\/03\/14524434_1106112876131411_958039263622046936_o.jpg?resize=350%2C200","width":350,"height":200,"srcset":"https:\/\/i0.wp.com\/www.grieta.org.mx\/wp-content\/uploads\/2018\/03\/14524434_1106112876131411_958039263622046936_o.jpg?resize=350%2C200 1x, https:\/\/i0.wp.com\/www.grieta.org.mx\/wp-content\/uploads\/2018\/03\/14524434_1106112876131411_958039263622046936_o.jpg?resize=525%2C300 1.5x, https:\/\/i0.wp.com\/www.grieta.org.mx\/wp-content\/uploads\/2018\/03\/14524434_1106112876131411_958039263622046936_o.jpg?resize=700%2C400 2x"},"classes":[]},{"id":15387,"url":"http:\/\/www.grieta.org.mx\/index.php\/2016\/06\/23\/marchan-en-el-istmo-contra-la-universalizacion-de-la-salud\/","url_meta":{"origin":1687,"position":2},"title":"Marchan en el istmo contra la Universalizaci\u00f3n de la Salud","author":"grieta","date":"23 junio, 2016","format":false,"excerpt":"E. Santiago, Oaxaca. #SalinaCruz 23 jun (#Istmopress) .- Al grito de \u201cVa a caer, va a caer la reforma va a caer\u201d, as\u00ed marcharon esta trabajadores del sector Salud en este municipio. Esta marcha que parti\u00f3 frente a la cl\u00ednica del Instituto Mexicano del Seguro Social IMSS, tambi\u00e9n fue en\u2026","rel":"","context":"En &quot;CINTILLO&quot;","block_context":{"text":"CINTILLO","link":"http:\/\/www.grieta.org.mx\/index.php\/category\/cintillo\/"},"img":{"alt_text":"","src":"https:\/\/i0.wp.com\/www.grieta.org.mx\/wp-content\/uploads\/2018\/03\/14524434_1106112876131411_958039263622046936_o.jpg?resize=350%2C200","width":350,"height":200,"srcset":"https:\/\/i0.wp.com\/www.grieta.org.mx\/wp-content\/uploads\/2018\/03\/14524434_1106112876131411_958039263622046936_o.jpg?resize=350%2C200 1x, https:\/\/i0.wp.com\/www.grieta.org.mx\/wp-content\/uploads\/2018\/03\/14524434_1106112876131411_958039263622046936_o.jpg?resize=525%2C300 1.5x, https:\/\/i0.wp.com\/www.grieta.org.mx\/wp-content\/uploads\/2018\/03\/14524434_1106112876131411_958039263622046936_o.jpg?resize=700%2C400 2x"},"classes":[]},{"id":1707,"url":"http:\/\/www.grieta.org.mx\/index.php\/2015\/06\/15\/colapso-del-sector-salud-en-oaxaca\/","url_meta":{"origin":1687,"position":3},"title":"Colapso del Sector Salud en Oaxaca","author":"grieta","date":"15 junio, 2015","format":false,"excerpt":"P\u00e1gina 3. Diana Manzo, Juchit\u00e1n, Oaxaca.- Unos mil 500 trabajadores de la Subsecci\u00f3n n\u00famero 2 en el Istmo de Tehuantepec y agremiados en el Sindicato Nacional de Trabajadores del Sector Salud (SNTSS) Secci\u00f3n 35, est\u00e1n por cumplir mes y medio de paro de labores en los hospitales y unidades de\u2026","rel":"","context":"En &quot;CINTILLO&quot;","block_context":{"text":"CINTILLO","link":"http:\/\/www.grieta.org.mx\/index.php\/category\/cintillo\/"},"img":{"alt_text":"","src":"https:\/\/i0.wp.com\/www.grieta.org.mx\/wp-content\/uploads\/2018\/03\/14524434_1106112876131411_958039263622046936_o.jpg?resize=350%2C200","width":350,"height":200,"srcset":"https:\/\/i0.wp.com\/www.grieta.org.mx\/wp-content\/uploads\/2018\/03\/14524434_1106112876131411_958039263622046936_o.jpg?resize=350%2C200 1x, https:\/\/i0.wp.com\/www.grieta.org.mx\/wp-content\/uploads\/2018\/03\/14524434_1106112876131411_958039263622046936_o.jpg?resize=525%2C300 1.5x, https:\/\/i0.wp.com\/www.grieta.org.mx\/wp-content\/uploads\/2018\/03\/14524434_1106112876131411_958039263622046936_o.jpg?resize=700%2C400 2x"},"classes":[]},{"id":14577,"url":"http:\/\/www.grieta.org.mx\/index.php\/2016\/06\/17\/se-suman-trabajadores-del-sector-salud-en-apoyo-a-la-seccion-22-istmo\/","url_meta":{"origin":1687,"position":4},"title":"Se suman trabajadores del sector Salud en apoyo a la secci\u00f3n 22 Istmo","author":"grieta","date":"17 junio, 2016","format":false,"excerpt":"Istmopress. E. Santiago, Tehuantepec, Oaxaca, 17 junio.- Trabajadores del sector Salud, IMSS e ISSSTE, marcharon en esta ciudad para sumarse al bloqueo que mantienen padres de familia y maestros de la secci\u00f3n 22, a la altura del campo rojo, en la carretera Panamericana. Los m\u00e9dicos, enfermeras y administrativos partieron con\u2026","rel":"","context":"En &quot;CINTILLO&quot;","block_context":{"text":"CINTILLO","link":"http:\/\/www.grieta.org.mx\/index.php\/category\/cintillo\/"},"img":{"alt_text":"","src":"https:\/\/i0.wp.com\/www.grieta.org.mx\/wp-content\/uploads\/2018\/03\/14524434_1106112876131411_958039263622046936_o.jpg?resize=350%2C200","width":350,"height":200,"srcset":"https:\/\/i0.wp.com\/www.grieta.org.mx\/wp-content\/uploads\/2018\/03\/14524434_1106112876131411_958039263622046936_o.jpg?resize=350%2C200 1x, https:\/\/i0.wp.com\/www.grieta.org.mx\/wp-content\/uploads\/2018\/03\/14524434_1106112876131411_958039263622046936_o.jpg?resize=525%2C300 1.5x, https:\/\/i0.wp.com\/www.grieta.org.mx\/wp-content\/uploads\/2018\/03\/14524434_1106112876131411_958039263622046936_o.jpg?resize=700%2C400 2x"},"classes":[]},{"id":15382,"url":"http:\/\/www.grieta.org.mx\/index.php\/2016\/06\/22\/cumplen-una-semana-de-paro-en-hospitales-del-istmo\/","url_meta":{"origin":1687,"position":5},"title":"Cumplen una semana de paro en Hospitales del Istmo","author":"grieta","date":"22 junio, 2016","format":false,"excerpt":"Diana Manzo, Aguascalientes #Juchit\u00e1n 22 jun (#Istmopress) .- Trabajadores de los Servicios de Salud de Oaxaca (SSO) en la regi\u00f3n del Istmo de Tehuantepec cumplieron una semana de paro de labores en Hospitales debido a la falta de insumos, medicamentos e infraestructura. En los hospitales de Juchit\u00e1n, Ixtepec, Salina Cruz\u2026","rel":"","context":"En &quot;CINTILLO&quot;","block_context":{"text":"CINTILLO","link":"http:\/\/www.grieta.org.mx\/index.php\/category\/cintillo\/"},"img":{"alt_text":"","src":"https:\/\/i0.wp.com\/www.grieta.org.mx\/wp-content\/uploads\/2018\/03\/14524434_1106112876131411_958039263622046936_o.jpg?resize=350%2C200","width":350,"height":200,"srcset":"https:\/\/i0.wp.com\/www.grieta.org.mx\/wp-content\/uploads\/2018\/03\/14524434_1106112876131411_958039263622046936_o.jpg?resize=350%2C200 1x, https:\/\/i0.wp.com\/www.grieta.org.mx\/wp-content\/uploads\/2018\/03\/14524434_1106112876131411_958039263622046936_o.jpg?resize=525%2C300 1.5x, https:\/\/i0.wp.com\/www.grieta.org.mx\/wp-content\/uploads\/2018\/03\/14524434_1106112876131411_958039263622046936_o.jpg?resize=700%2C400 2x"},"classes":[]}],"_links":{"self":[{"href":"http:\/\/www.grieta.org.mx\/index.php\/wp-json\/wp\/v2\/posts\/1687","targetHints":{"allow":["GET"]}}],"collection":[{"href":"http:\/\/www.grieta.org.mx\/index.php\/wp-json\/wp\/v2\/posts"}],"about":[{"href":"http:\/\/www.grieta.org.mx\/index.php\/wp-json\/wp\/v2\/types\/post"}],"author":[{"embeddable":true,"href":"http:\/\/www.grieta.org.mx\/index.php\/wp-json\/wp\/v2\/users\/2"}],"replies":[{"embeddable":true,"href":"http:\/\/www.grieta.org.mx\/index.php\/wp-json\/wp\/v2\/comments?post=1687"}],"version-history":[{"count":1,"href":"http:\/\/www.grieta.org.mx\/index.php\/wp-json\/wp\/v2\/posts\/1687\/revisions"}],"predecessor-version":[{"id":23976,"href":"http:\/\/www.grieta.org.mx\/index.php\/wp-json\/wp\/v2\/posts\/1687\/revisions\/23976"}],"wp:featuredmedia":[{"embeddable":true,"href":"http:\/\/www.grieta.org.mx\/index.php\/wp-json\/wp\/v2\/media\/21928"}],"wp:attachment":[{"href":"http:\/\/www.grieta.org.mx\/index.php\/wp-json\/wp\/v2\/media?parent=1687"}],"wp:term":[{"taxonomy":"category","embeddable":true,"href":"http:\/\/www.grieta.org.mx\/index.php\/wp-json\/wp\/v2\/categories?post=1687"},{"taxonomy":"post_tag","embeddable":true,"href":"http:\/\/www.grieta.org.mx\/index.php\/wp-json\/wp\/v2\/tags?post=1687"}],"curies":[{"name":"wp","href":"https:\/\/api.w.org\/{rel}","templated":true}]}}