{"id":16867,"date":"2016-07-11T14:18:50","date_gmt":"2016-07-11T19:18:50","guid":{"rendered":"http:\/\/www.grieta.org.mx\/?p=16867"},"modified":"2016-07-15T15:08:55","modified_gmt":"2016-07-15T20:08:55","slug":"en-riesgo-de-perder-sus-tierras-2-mil-familias-en-san-mateo-tlaltenango-cdmx","status":"publish","type":"post","link":"http:\/\/www.grieta.org.mx\/index.php\/2016\/07\/11\/en-riesgo-de-perder-sus-tierras-2-mil-familias-en-san-mateo-tlaltenango-cdmx\/","title":{"rendered":"En riesgo de perder sus tierras, 2 mil familias en San Mateo Tlaltenango (CDMX)"},"content":{"rendered":"<div id=\"article-cont\" class=\"main-cont article-cont actuality\">\n<div class=\"sumarios\">\n<p>Laura G\u00f3mez Flores<\/p>\n<p>Representante busca venderlas a inmobiliarias<\/p>\n<\/div>\n<div class=\"sumarios\"><\/div>\n<div id=\"article-text\" class=\"text\">\n<div class=\"foto\"><img decoding=\"async\" title=\"\" src=\"http:\/\/www.jornada.unam.mx\/2016\/07\/11\/fotos\/030n3cap-1.jpg\" alt=\"Foto\" \/><\/p>\n<div class=\"pie-foto\">Pobladores de San Mateo Tlaltenango durante la junta informativa realizada en el atrio de la iglesia, donde se denunci\u00f3 que el representante del comisariado ejidal pretende ofrecer las tierras a constructoras para fraccionamientos de lujo, que se venden en d\u00f3lares pero pagan a 40 pesos el metro cuadrado al ejido.\u00a0<span class=\"credito\">Foto Laura G\u00f3mez<\/span><\/div>\n<\/div>\n<div class=\"col col1\">\n<div class=\"credito-autor\"><\/div>\n<p class=\"s-s\">Cientos de familias en San Mateo Tlaltenango est\u00e1n en riesgo de perder sus terrenos por la pretensi\u00f3n del comisariado ejidal de <q>ofrecerlos a las grandes inmobiliarias<\/q>, como sucedi\u00f3 con Portal del Sol, Prados de la Monta\u00f1a y R42, donde se pensaba edificar un reclusorio.<\/p>\n<p>En una junta informativa realizada en el atrio de la iglesia, donde se congregaron m\u00e1s de 200 personas, El\u00edas Montesinos, integrante de la Asociaci\u00f3n Civil por la Defensa de San Mateo Tlaltenango, denunci\u00f3 que en dichos predios se asientan grandes fraccionamientos de lujo, que <q>se venden en d\u00f3lares pero pagaron a 40 pesos el metro cuadrado al ejido<\/q>.<\/p>\n<p>El pueblo, sin embargo, no se benefici\u00f3 de esa <q>macroventa disfrazada de legalidad, ya que no implic\u00f3 la realizaci\u00f3n de obras de mitigaci\u00f3n, como construcci\u00f3n de vialidades, pero s\u00ed la comercializaci\u00f3n del agua del pozo de Quizazotle, as\u00ed como problemas de seguridad en esta zona de Cuajimalpa<\/q>, se\u00f1al\u00f3.<\/p>\n<p>Record\u00f3 que en 1922 el gobierno federal entreg\u00f3 de manera gratuita 250 hect\u00e1reas a los ejidatarios de San Mateo, a las cuales se sumaron 27 en 1936, las cuales se fueron poblando mediante compraventas, cesiones de derechos, donaciones, herencias e incluso acuerdos de palabra.<\/p>\n<p>Sin embargo, la falta de un documento que avale su posesi\u00f3n ha provocado que sus habitantes, as\u00ed como los de Loma de Pachuquilla, Quizazotle, Conejos, Zanja, La Loma, Las Torres y Santana, <q>seamos acusados de invasores de tierras, cuando las adquirimos de buena fe, pagando su precio<\/q>, afirm\u00f3.<\/p>\n<\/div>\n<div class=\"col col2\">\n<p>Montesinos inform\u00f3 que el cambio de tierras ejidales a tierras de uso com\u00fan, que aprob\u00f3 la asamblea general de ejidatarios en 1994, los coloca en riesgo de perder su patrimonio <q>y a los ejidatarios a llenarse los bolsillos<\/q>.<\/p>\n<p>De manera selectiva, argument\u00f3, han emitido citatorios a la gente para que acuda a sus oficinas, donde le informan que <q>no es due\u00f1a ni de los tabiques que coloc\u00f3 y le exigen dinero por el terreno, que ya pag\u00f3, a cambio de un convenio de posesi\u00f3n, donde la tierra sigue en manos del ejido<\/q>.<\/p>\n<p class=\"sumario\">Actuar por v\u00eda pac\u00edfica<\/p>\n<p class=\"s-s\">Ante ello, dijo, han acudido ante las autoridades judiciales y agrarias, sin \u00e9xito, mientras los ejidatarios ofrecen la tierra, con todo y gente, al <q>mejor postor, lo qe pone en riesgo la seguridad de gran parte de las 2 mil familias que aqu\u00ed vivimos, lo cual no vamos a permitir y por la v\u00eda jur\u00eddica y de la movilizaci\u00f3n los vamos a parar<\/q>, sentenci\u00f3, con el asentimiento de los asistentes.<\/p>\n<p>Hugo M\u00e9ndez, director del \u00e1rea jur\u00eddica y de gobierno de la delegaci\u00f3n Cuajimalpa, los llam\u00f3 a buscar un arreglo favorable por la v\u00eda pac\u00edfica, mientras contin\u00faa con las gestiones para regularizar sus casas por la v\u00eda de la expropiaci\u00f3n y la entrega de una constancia de ocupaci\u00f3n que los proteja ante juicios posteriores.<\/p>\n<p>Mientras, Leobardo Garc\u00eda, presidente nacional de ejidatarios y comuneros, se comprometi\u00f3 a apoyar legalmente a los afectados para no ser despojados de su patrimonio, sin que<q>les cueste un peso<\/q>.<\/p>\n<\/div>\n<\/div>\n<div class=\"go gui\">\n<div class=\"go-prev\"><a id=\"page_link_prev\" href=\"http:\/\/www.jornada.unam.mx\/2016\/07\/11\/capital\/030n2cap\">Anterior<\/a><\/div>\n<div class=\"go-next\"><a id=\"page_link_next\" href=\"http:\/\/www.jornada.unam.mx\/2016\/07\/11\/capital\/031n1cap\">Siguiente<\/a><\/div>\n<div class=\"go-up\"><a href=\"http:\/\/www.jornada.unam.mx\/2016\/07\/11\/capital\/030n3cap#texto\">Subir al inicio del texto<\/a><\/div>\n<\/div>\n<\/div>\n","protected":false},"excerpt":{"rendered":"<p>Laura G\u00f3mez Flores Representante busca venderlas a inmobiliarias Pobladores de San Mateo Tlaltenango durante la junta informativa realizada en el atrio de la iglesia, donde se denunci\u00f3 que el representante &hellip; <a href=\"http:\/\/www.grieta.org.mx\/index.php\/2016\/07\/11\/en-riesgo-de-perder-sus-tierras-2-mil-familias-en-san-mateo-tlaltenango-cdmx\/\" class=\"more-link\">Leer m\u00e1s<\/a><\/p>\n","protected":false},"author":2,"featured_media":21928,"comment_status":"closed","ping_status":"closed","sticky":false,"template":"","format":"standard","meta":{"ngg_post_thumbnail":0,"_jetpack_newsletter_access":"","_jetpack_dont_email_post_to_subs":false,"_jetpack_newsletter_tier_id":0,"_jetpack_memberships_contains_paywalled_content":false,"_jetpack_memberships_contains_paid_content":false,"footnotes":""},"categories":[598,80],"tags":[184,788,399,789],"class_list":["post-16867","post","type-post","status-publish","format-standard","has-post-thumbnail","hentry","category-cdmx","category-cintillo","tag-despojo","tag-inmobiliarias","tag-proyecto-inmobiliario","tag-san-mateo-tlaltenango","entry"],"jetpack_featured_media_url":"http:\/\/www.grieta.org.mx\/wp-content\/uploads\/2018\/03\/14524434_1106112876131411_958039263622046936_o.jpg","jetpack_sharing_enabled":true,"jetpack_shortlink":"https:\/\/wp.me\/p7ZJR4-4o3","jetpack_likes_enabled":false,"jetpack-related-posts":[{"id":11577,"url":"http:\/\/www.grieta.org.mx\/index.php\/2016\/09\/02\/movilizaciones-contra-proyectos-inmobiliarios-en-la-ciudad-de-mexico\/","url_meta":{"origin":16867,"position":0},"title":"Protestas y organizaci\u00f3n contra proyectos inmobiliarios en la Ciudad de M\u00e9xico","author":"grieta","date":"2 septiembre, 2016","format":false,"excerpt":"01\/09\/16. Agua de predio de Aztecas 215 s\u00ed es potable: UNAM (CDMX)El Big data 01\/08\/16. Pobladores denuncian invasi\u00f3n descontrolada de construcciones en Xochimilco Desinform\u00e9monos 28\/07\/16. Vecinos de Xochimilco padecen \u201cefectos colaterales\u201d del boom inmobiliario El big data 24\/07\/16. Constructora rompi\u00f3 manantial en la CdMx y mil 500 millones de litros\u2026","rel":"","context":"En &quot;Ciudad de M\u00e9xico&quot;","block_context":{"text":"Ciudad de M\u00e9xico","link":"http:\/\/www.grieta.org.mx\/index.php\/category\/noticias-nacionales\/ciudad-de-mexico\/"},"img":{"alt_text":"","src":"https:\/\/i0.wp.com\/www.grieta.org.mx\/wp-content\/uploads\/2018\/03\/14524434_1106112876131411_958039263622046936_o.jpg?resize=350%2C200","width":350,"height":200,"srcset":"https:\/\/i0.wp.com\/www.grieta.org.mx\/wp-content\/uploads\/2018\/03\/14524434_1106112876131411_958039263622046936_o.jpg?resize=350%2C200 1x, https:\/\/i0.wp.com\/www.grieta.org.mx\/wp-content\/uploads\/2018\/03\/14524434_1106112876131411_958039263622046936_o.jpg?resize=525%2C300 1.5x, https:\/\/i0.wp.com\/www.grieta.org.mx\/wp-content\/uploads\/2018\/03\/14524434_1106112876131411_958039263622046936_o.jpg?resize=700%2C400 2x"},"classes":[]},{"id":65431,"url":"http:\/\/www.grieta.org.mx\/index.php\/2022\/09\/02\/incumple-ayuntamiento-de-tlaltenango-cierre-de-relleno-sanitario-zacatecas\/","url_meta":{"origin":16867,"position":1},"title":"Incumple ayuntamiento de Tlaltenango cierre de relleno sanitario (Zacatecas)","author":"grieta","date":"2 septiembre, 2022","format":false,"excerpt":"Pese a firmar un acuerdo con los pobladores de Tlaltenango, Zacatecas, para cerrar el relleno sanitario por incumplir las medidas ambientales, el cabildo municipal no se desisti\u00f3 de un amparo contra Profepa que impide terminar con el basurero Texto: Kau Sirenio Fotos: Rema Pie de p\u00e1gina, 02 de septiembre de\u2026","rel":"","context":"En &quot;CINTILLO&quot;","block_context":{"text":"CINTILLO","link":"http:\/\/www.grieta.org.mx\/index.php\/category\/cintillo\/"},"img":{"alt_text":"","src":"https:\/\/i0.wp.com\/www.grieta.org.mx\/wp-content\/uploads\/2022\/10\/Relleno_Cicacalco_Rema.jpg?resize=350%2C200","width":350,"height":200,"srcset":"https:\/\/i0.wp.com\/www.grieta.org.mx\/wp-content\/uploads\/2022\/10\/Relleno_Cicacalco_Rema.jpg?resize=350%2C200 1x, https:\/\/i0.wp.com\/www.grieta.org.mx\/wp-content\/uploads\/2022\/10\/Relleno_Cicacalco_Rema.jpg?resize=525%2C300 1.5x, https:\/\/i0.wp.com\/www.grieta.org.mx\/wp-content\/uploads\/2022\/10\/Relleno_Cicacalco_Rema.jpg?resize=700%2C400 2x"},"classes":[]},{"id":68179,"url":"http:\/\/www.grieta.org.mx\/index.php\/2023\/11\/29\/comunidades-mayas-exigen-que-autoridades-ejidales-defiendan-su-territorio-ante-inmobiliarias-yucatan\/","url_meta":{"origin":16867,"position":2},"title":"Comunidades mayas exigen que autoridades ejidales defiendan su territorio ante inmobiliarias (Yucat\u00e1n)","author":"grieta","date":"29 noviembre, 2023","format":false,"excerpt":"Sare Frabes \/ Avispa Midia Este martes (28), mediante conferencia de prensa, representantes de las comunidades mayas de Kinchil e Ixil, en Yucat\u00e1n, quienes resisten ante proyectos inmobiliarios, reiteraron su lucha en la defensa de sus territorios. Pobladores de Kinchil compartieron que el pasado domingo (26) consiguieron realizar una asamblea\u2026","rel":"","context":"En &quot;CINTILLO&quot;","block_context":{"text":"CINTILLO","link":"http:\/\/www.grieta.org.mx\/index.php\/category\/cintillo\/"},"img":{"alt_text":"","src":"https:\/\/i0.wp.com\/www.grieta.org.mx\/wp-content\/uploads\/2023\/11\/IxilKinchil-scaled-e1701373235289.jpg?resize=350%2C200","width":350,"height":200,"srcset":"https:\/\/i0.wp.com\/www.grieta.org.mx\/wp-content\/uploads\/2023\/11\/IxilKinchil-scaled-e1701373235289.jpg?resize=350%2C200 1x, https:\/\/i0.wp.com\/www.grieta.org.mx\/wp-content\/uploads\/2023\/11\/IxilKinchil-scaled-e1701373235289.jpg?resize=525%2C300 1.5x, https:\/\/i0.wp.com\/www.grieta.org.mx\/wp-content\/uploads\/2023\/11\/IxilKinchil-scaled-e1701373235289.jpg?resize=700%2C400 2x"},"classes":[]},{"id":57973,"url":"http:\/\/www.grieta.org.mx\/index.php\/2021\/03\/22\/denuncian-campesinos-abusos-y-despojos-en-san-mateo-atenco-estado-de-mexico\/","url_meta":{"origin":16867,"position":3},"title":"Denuncian campesinos abusos y despojos en San Mateo Atenco (Estado de M\u00e9xico)","author":"grieta","date":"22 marzo, 2021","format":false,"excerpt":"Imagen tomada de: ADNoticias Violeta Huerta\u00a0\/ AD Noticias Los campesinos denunciaron que han sido amenazados de muerte por las dos luchas que est\u00e1n emprendiendo y la semana pasada acudieron tanto a palacio nacional, como a la Suprema Corte de Justicia de la Naci\u00f3n y a la Comisi\u00f3n Nacional de Derechos\u2026","rel":"","context":"En &quot;CINTILLO&quot;","block_context":{"text":"CINTILLO","link":"http:\/\/www.grieta.org.mx\/index.php\/category\/cintillo\/"},"img":{"alt_text":"","src":"https:\/\/i0.wp.com\/www.grieta.org.mx\/wp-content\/uploads\/2021\/03\/Denuncian-campesinos-abusos-y-despojos-en-San-Mateo-Atenco-edomex-mzo.jpg?resize=350%2C200","width":350,"height":200,"srcset":"https:\/\/i0.wp.com\/www.grieta.org.mx\/wp-content\/uploads\/2021\/03\/Denuncian-campesinos-abusos-y-despojos-en-San-Mateo-Atenco-edomex-mzo.jpg?resize=350%2C200 1x, https:\/\/i0.wp.com\/www.grieta.org.mx\/wp-content\/uploads\/2021\/03\/Denuncian-campesinos-abusos-y-despojos-en-San-Mateo-Atenco-edomex-mzo.jpg?resize=525%2C300 1.5x, https:\/\/i0.wp.com\/www.grieta.org.mx\/wp-content\/uploads\/2021\/03\/Denuncian-campesinos-abusos-y-despojos-en-San-Mateo-Atenco-edomex-mzo.jpg?resize=700%2C400 2x"},"classes":[]},{"id":70994,"url":"http:\/\/www.grieta.org.mx\/index.php\/2025\/02\/16\/en-kinchil-ejidatarios-defenderan-sus-terrenos-de-la-invasion-de-inmobiliarias-yucatan\/","url_meta":{"origin":16867,"position":4},"title":"En Kinchil, ejidatarios defender\u00e1n sus terrenos de la invasi\u00f3n de inmobiliarias (Yucat\u00e1n)","author":"grieta","date":"16 febrero, 2025","format":false,"excerpt":"Jos\u00e9 Luis L\u00f3pez Quintal \/ Foto: Jos\u00e9 L\u00f3pez \/ Por Esto! Integrantes del Consejo por la Defensa Ind\u00edgena se reunieron en el Centro de Kinchil y acordaron defender las tierras ejidales que les pertenecen, adem\u00e1s de que en fechas pr\u00f3ximas denunciar\u00e1n penalmente a las inmobiliarias que, seg\u00fan aseguraron, las est\u00e1n\u2026","rel":"","context":"En &quot;CINTILLO&quot;","block_context":{"text":"CINTILLO","link":"http:\/\/www.grieta.org.mx\/index.php\/category\/cintillo\/"},"img":{"alt_text":"","src":"https:\/\/i0.wp.com\/www.grieta.org.mx\/wp-content\/uploads\/2025\/02\/Kinchil-e1739817105579.jpg?resize=350%2C200","width":350,"height":200,"srcset":"https:\/\/i0.wp.com\/www.grieta.org.mx\/wp-content\/uploads\/2025\/02\/Kinchil-e1739817105579.jpg?resize=350%2C200 1x, https:\/\/i0.wp.com\/www.grieta.org.mx\/wp-content\/uploads\/2025\/02\/Kinchil-e1739817105579.jpg?resize=525%2C300 1.5x, https:\/\/i0.wp.com\/www.grieta.org.mx\/wp-content\/uploads\/2025\/02\/Kinchil-e1739817105579.jpg?resize=700%2C400 2x"},"classes":[]},{"id":51237,"url":"http:\/\/www.grieta.org.mx\/index.php\/2020\/06\/23\/comisariado-quiere-desalojarnos-para-que-pase-tren-maya-ejidatarios-de-koben-campeche\/","url_meta":{"origin":16867,"position":5},"title":"Comisariado quiere desalojarnos para que pase Tren Maya: ejidatarios de Kob\u00e9n (Campeche)","author":"grieta","date":"23 junio, 2020","format":false,"excerpt":"Jairo Maga\u00f1a \/ La Jornada Maya San Francisco de Campeche En medio del pago de derecho de v\u00eda por el proyecto del Tren Maya, habitantes del poblado de San Francisco Kob\u00e9n liderados por Ignacio Zapata Zapata, denunciaron al comisariado ejidal de querer desalojarlos de sus tierras para que el tren\u2026","rel":"","context":"En &quot;Campeche&quot;","block_context":{"text":"Campeche","link":"http:\/\/www.grieta.org.mx\/index.php\/category\/noticias-nacionales\/campeche\/"},"img":{"alt_text":"","src":"https:\/\/i0.wp.com\/www.grieta.org.mx\/wp-content\/uploads\/2020\/06\/Koben.png?resize=350%2C200","width":350,"height":200,"srcset":"https:\/\/i0.wp.com\/www.grieta.org.mx\/wp-content\/uploads\/2020\/06\/Koben.png?resize=350%2C200 1x, https:\/\/i0.wp.com\/www.grieta.org.mx\/wp-content\/uploads\/2020\/06\/Koben.png?resize=525%2C300 1.5x"},"classes":[]}],"_links":{"self":[{"href":"http:\/\/www.grieta.org.mx\/index.php\/wp-json\/wp\/v2\/posts\/16867","targetHints":{"allow":["GET"]}}],"collection":[{"href":"http:\/\/www.grieta.org.mx\/index.php\/wp-json\/wp\/v2\/posts"}],"about":[{"href":"http:\/\/www.grieta.org.mx\/index.php\/wp-json\/wp\/v2\/types\/post"}],"author":[{"embeddable":true,"href":"http:\/\/www.grieta.org.mx\/index.php\/wp-json\/wp\/v2\/users\/2"}],"replies":[{"embeddable":true,"href":"http:\/\/www.grieta.org.mx\/index.php\/wp-json\/wp\/v2\/comments?post=16867"}],"version-history":[{"count":1,"href":"http:\/\/www.grieta.org.mx\/index.php\/wp-json\/wp\/v2\/posts\/16867\/revisions"}],"predecessor-version":[{"id":16868,"href":"http:\/\/www.grieta.org.mx\/index.php\/wp-json\/wp\/v2\/posts\/16867\/revisions\/16868"}],"wp:featuredmedia":[{"embeddable":true,"href":"http:\/\/www.grieta.org.mx\/index.php\/wp-json\/wp\/v2\/media\/21928"}],"wp:attachment":[{"href":"http:\/\/www.grieta.org.mx\/index.php\/wp-json\/wp\/v2\/media?parent=16867"}],"wp:term":[{"taxonomy":"category","embeddable":true,"href":"http:\/\/www.grieta.org.mx\/index.php\/wp-json\/wp\/v2\/categories?post=16867"},{"taxonomy":"post_tag","embeddable":true,"href":"http:\/\/www.grieta.org.mx\/index.php\/wp-json\/wp\/v2\/tags?post=16867"}],"curies":[{"name":"wp","href":"https:\/\/api.w.org\/{rel}","templated":true}]}}