{"id":16853,"date":"2016-07-11T14:01:44","date_gmt":"2016-07-11T19:01:44","guid":{"rendered":"http:\/\/www.grieta.org.mx\/?p=16853"},"modified":"2016-07-15T14:04:24","modified_gmt":"2016-07-15T19:04:24","slug":"a-una-semana-de-las-movilizaciones-estudiantiles-en-la-universidad-autonoma-metropolitana","status":"publish","type":"post","link":"http:\/\/www.grieta.org.mx\/index.php\/2016\/07\/11\/a-una-semana-de-las-movilizaciones-estudiantiles-en-la-universidad-autonoma-metropolitana\/","title":{"rendered":"A una semana de las movilizaciones estudiantiles en la Universidad Aut\u00f3noma\u00a0Metropolitana"},"content":{"rendered":"<p>Por Andrea del Carmen Quiroz Sierra<\/p>\n<figure class=\"post-image clear-fix\"><img loading=\"lazy\" decoding=\"async\" class=\"attachment-rowling-post-image size-rowling-post-image wp-post-image\" src=\"https:\/\/osmosisonlineblog.files.wordpress.com\/2016\/07\/20160706_190541.jpg?w=816\" alt=\"Foto por: Sof\u00eda Benedicto\" width=\"816\" height=\"459\" \/><\/p>\n<p class=\"post-image-caption\">Foto por: Sof\u00eda Benedicto<\/p>\n<\/figure>\n<div class=\"post-inner\">\n<div class=\"post-content\">\n<p>Domingo 10 de Julio.\u00a0Los acontecimientos acaecidos en los \u00faltimos d\u00edas en las distintas Unidades de la Universidad Aut\u00f3noma Metropolitana (UAM) y en la Rector\u00eda General de esa casa de estudios, se ubican el contexto de la Reforma Educativa, y son una respuesta l\u00f3gica y sana de los miembros de su comunidad, ante el intento de encarecimiento y privatizaci\u00f3n de la Educaci\u00f3n en M\u00e9xico, que desde hace a\u00f1os lleva a cabo Estado Mexicano.<\/p>\n<p>El\u00a0 movimiento comunitario de la UAM de los d\u00edas pasados, comenz\u00f3 cuando un grupo numeroso de alumnos rechazados en la Convocatoria de Movilidad Nacional e Internacional del segundo proceso (16-O) de la UAM, acudieron el lunes 4 de julio a Rector\u00eda General para pedir una explicaci\u00f3n por la negaci\u00f3n al otorgamiento de sus becas, ya que las autoridades de la Universidad nunca notificaron las razones de este hecho.<\/p>\n<p>En un primer momento personal a cargo de vinculaci\u00f3n inform\u00f3 a los estudiantes que el Rector General Salvador Vega y Le\u00f3n, se encontraba en una reuni\u00f3n, y despu\u00e9s de 5 horas de espera cambi\u00f3 su versi\u00f3n al anunciar que el Dr. Vega y Le\u00f3n se encontraba fuera de la ciudad, por tales motivos los estudiantes decidieron tomar las instalaciones de Rector\u00eda General. En esas circunstancias los interesados redactaron un pliego petitorio que se puede consultar en los siguientes enlaces : Comunicado emitido el 7 de julio por la Asamblea de la Rector\u00eda General de la UAM, La Asamblea de la UAM Azcapotzalco, y los Estudiantes Organizados de la UAM Xochimilco, anexo se difunde un comunicado emitido por la Unidad Cuajimalpa (4 enlaces):<a href=\"https:\/\/www.facebook.com\/uameros.digitales\/photos\/pcb.1616326618659380\/1616326535326055\/?type=3&amp;theater\">https:\/\/www.facebook.com\/uameros.digitales\/photos\/pcb.1616326618659380\/1616326535326055\/?type=3&amp;theater<\/a><\/p>\n<p><a href=\"https:\/\/www.facebook.com\/uameros.digitales\/photos\/pcb.1616326618659380\/1616326545326054\/?type=3&amp;theater\">https:\/\/www.facebook.com\/uameros.digitales\/photos\/pcb.1616326618659380\/1616326545326054\/?type=3&amp;theater<\/a><\/p>\n<p><a href=\"https:\/\/www.facebook.com\/uameros.digitales\/photos\/pcb.1616326618659380\/1616326588659383\/?type=3&amp;theater\">https:\/\/www.facebook.com\/uameros.digitales\/photos\/pcb.1616326618659380\/1616326588659383\/?type=3&amp;theater<\/a><\/p>\n<p><a href=\"https:\/\/www.facebook.com\/uameros.digitales\/photos\/pcb.1616326618659380\/1616326601992715\/?type=3&amp;theater\">https:\/\/www.facebook.com\/uameros.digitales\/photos\/pcb.1616326618659380\/1616326601992715\/?type=3&amp;theater<\/a><\/p>\n<p>El secretario General, Norberto Manjarrez \u00c1lvarez , expidi\u00f3 un pliego petitorio el 4 de julio en el que expres\u00f3 que se llevar\u00eda a cabo una mesa de di\u00e1logo resolutiva el d\u00eda 5 de julio a las 17:00 hrs, tal como lo hab\u00edan expresado los alumnos inconformes en su propio pliego petitorio. El d\u00eda 6 de julio el Dr. Vega y Le\u00f3n no se present\u00f3 a la mesa de di\u00e1logo acordada.<\/p>\n<p>Al momento de la toma de Rector\u00eda se acord\u00f3 una mesa de di\u00e1logo para el 5 de julio a las 5 de la tarde. En el d\u00eda acordado acudieron a la Rector\u00eda General el Mtro. Alberto Manjarrez \u00c1lvarez -Secretario General- y el Mtro. V\u00edctor Manuel Sosa God\u00ednez \u2013 Coordinador General de Vinculaci\u00f3n y Desarrollo Institucional-, quienes lejos de iniciar un di\u00e1logo se limitaron a emitir a los alumnos presentes la informaci\u00f3n expuesta en las p\u00e1ginas oficiales de la Universidad y a comunicar que la Universidad no contaba con el presupuesto para otorgar las becas de movilidad, por lo que \u201cse inst\u00f3 a los alumnos que no contaran con recursos suficientes para continuar el proceso de movilidad, a renunciar a ella.\u201d<\/p>\n<p>En apoyo y respuesta solidaria a este grupo de estudiantes, las Unidades Azcapotzalco, Iztapalapa y Xochimilco convocaron a asambleas los d\u00edas 5 y 6 de julio, se declararon en paro indefinido, y emitieron cada una un pliego petitorio que trasciende a la problem\u00e1tica del desv\u00edo de recursos y la asignaci\u00f3n de becas de movilidad, adem\u00e1s de que contempla problem\u00e1ticas internas concernientes a cada una. En los siguientes enlaces se pueden consultar los pliegos petitorios por Unidad:<\/p>\n<p>Pliego petitorio de la Unidad Azcapotzalco:<a href=\"https:\/\/www.facebook.com\/UAMenResistencia\/photos\/a.465154916958279.1073741828.465058383634599\/719390344868067\/?type=3&amp;theater\">https:\/\/www.facebook.com\/UAMenResistencia\/photos\/a.465154916958279.1073741828.465058383634599\/719390344868067\/?type=3&amp;theater<\/a><\/p>\n<p>Pliego petitorio de la Unidad Iztapalapa:<\/p>\n<p><a href=\"https:\/\/www.facebook.com\/UAMenResistencia\/photos\/a.465154916958279.1073741828.465058383634599\/719566228183812\/?type=3&amp;theater\">https:\/\/www.facebook.com\/UAMenResistencia\/photos\/a.465154916958279.1073741828.465058383634599\/719566228183812\/?type=3&amp;theater<\/a><\/p>\n<p>Pliego petitorio de la Unidad Xochimilco:<a href=\"https:\/\/www.facebook.com\/JavierUchihaUAM\/photos\/pcb.1332094196820728\/1332094110154070\/?type=3&amp;theater\">https:\/\/www.facebook.com\/JavierUchihaUAM\/photos\/pcb.1332094196820728\/1332094110154070\/?type=3&amp;theater<\/a><\/p>\n<p><a href=\"https:\/\/www.facebook.com\/JavierUchihaUAM\/photos\/pcb.1332094196820728\/1332094163487398\/?type=3&amp;theater\">https:\/\/www.facebook.com\/JavierUchihaUAM\/photos\/pcb.1332094196820728\/1332094163487398\/?type=3&amp;theater<\/a><\/p>\n<p>La Unidades Lerma y Cuajimalpa decidieron continuar con las actividades normalmente desde el principio del movimiento de la Asamblea General de Rector\u00eda General (estudiantes en pugna por el otorgamiento de las becas de movilidad), decisi\u00f3n que se ha mantenido hasta el momento.<\/p>\n<p>En un comunicado El Sindicato SITUAM se pronunci\u00f3 a favor de la lucha estudiantil por considerar justas sus demandas, y ofreci\u00f3 su respaldo. Convoc\u00f3 a los \u201crepresentantes administrativos ante el Colegio Acad\u00e9mico para realizar una sesi\u00f3n urgente por su facultad en asignaciones presupuestales y responsabilidad inmediata del problema\u201d. Hicieron un \u201cllamado al Presidente, Vicepresidente, Secretario, Tesorero y Vocales del patronato a definir alternativas viables para solucionar el conflicto.\u201d Finalmente inst\u00f3 a la comunidad a la lucha por las becas, por la universidad p\u00fablica y a la unificaci\u00f3n de la lucha social.<\/p>\n<p>Por otra parte, el Colegio Acad\u00e9mico tendr\u00e1 que modificar el calendario del ciclo escolar actual para evitar repercusiones negativas en el desarrollo de las actividades de la comunidad UAM.<\/p>\n<p>A continuaci\u00f3n se presenta un sumario por fecha, sobre lo ocurrido en las distintas Unidades y en Rector\u00eda General, respecto al movimiento de la Asamblea General de Rector\u00eda General, y del resto de la Comunidad Universitaria de la UAM.<\/p>\n<p><strong>4 de julio<\/strong><\/p>\n<p>El grupo de alumnos inconformes ante el rechazo para su asignaci\u00f3n de becas de movilidad, acudieron a Rector\u00eda General a exigir el esclarecimiento de su situaci\u00f3n. Ante la indiferencia y negligencia de las autoridades, decidieron tomar las instalaciones de Rector\u00eda General, elaboraron un pliego petitorio y pidieron una audiencia con el Rector General.<\/p>\n<p><strong>5 de julio<\/strong><\/p>\n<p>Miembros de la comunidad de la Unidad Azcapotzalco sostuvieron una asamblea en la que se decidi\u00f3 entrar en paro indefinido. En un principio la Asamblea estudiantil UAM Azcapotzalco dijo que liberar\u00eda las instalaciones \u00fanicamente despu\u00e9s de convocar a una Asamblea General, la cual estar\u00eda condicionada a suceder s\u00f3lo cuando hubiera una resoluci\u00f3n positiva para la Asamblea General de Rector\u00eda General. En los d\u00edas posteriores declararon que no convocar\u00edan a ninguna nueva asamblea ni negociar\u00edan las condiciones del paro hasta que hubiera una resoluci\u00f3n a las peticiones de su pliego petitorio.<\/p>\n<p>La Direcci\u00f3n de Comunicaci\u00f3n Social de la UAM, emiti\u00f3 un comunicado de las acciones tomadas por el Rector General y la Junta de Rectores y Secretarios de las Unidades Acad\u00e9micas (JURESE), que fue convocada el 5 de julio a las 19:00 hrs en la Unidad Xochimilco.<\/p>\n<p>La convocatoria tuvo la finalidad de analizar y discutir las peticiones hechas por los estudiantes que pugnaban por la resoluci\u00f3n de la problem\u00e1tica de las becas de movilidad.\u00a0 Como resultado de la JURESE, los responsables acordaron elevar el presupuesto destinado a becas de movilidad, aumentando el n\u00famero de becas de movilidad nacionales e internacionales a otorgar, con respecto de las 26 nacionales y las 60 internacionales originalmente asignadas para la segunda selecci\u00f3n de la Convocatoria. Por lo que el total de becas acordadas para otorgar fue: nacionales 73 e internacionales 157.<\/p>\n<p>El Dr. Vega y Le\u00f3n convoc\u00f3 al Comit\u00e9 de Becas de Movilidad de la Universidad a reunirse el 6 de julio a las 12:00 hrs en la Unidad Xochimilco para elaborar un dictamen adicional.<\/p>\n<p>Las autoridades de la UAM emitieron en un comunicado las siguientes cifras respecto al otorgamiento de becas de movilidad para el segundo proceso de la Convocatoria: 354 becas de movilidad otorgada, correspondiente al 44% de las solicitudes presentadas. En el comunicado aclararon que \u201cotorgar un mayor n\u00famero de becas comprometer\u00eda las finanzas institucionales.\u201d<\/p>\n<p><strong>6 de julio<\/strong><\/p>\n<p>Miembros de la comunidad de la UAM Xochimilco sostuvieron una asamblea a las 15:00 hrs para discutir su participaci\u00f3n en apoyo a la Asamblea Estudiantil de la Rector\u00eda General, la comunidad declar\u00f3 paro indefinido.<\/p>\n<p>El Mtro. Manjarrez \u2013Secretario General de la UAM-, acudi\u00f3 a una reuni\u00f3n de Consejo Acad\u00e9mico en la unidad Xochimilco en representaci\u00f3n del Rector, sin que los alumnos que estaban tomando rector\u00eda recibieran ninguna respuesta. Ese mismo d\u00eda la Rectora de la unidad Xochimilco, Patricia Alfaro Moctezuma, ofreci\u00f3 el otorgamiento de un presupuesto especial de 2 millones 35 mil pesos por parte de la unidad, para destinarlo a los becarios de movilidad.<\/p>\n<p>Igualmente en la Unidad Cuajimalpa se hizo un ofrecimiento similar a los alumnos de movilidad. En ninguno de los casos se especific\u00f3 de d\u00f3nde provendr\u00edan los recursos por lo que los estudiantes de la Asamblea General de la Rector\u00eda General, y de las diversas unidades exigen\u00a0 hasta la fecha, \u00a0transparencia en el manejo de recursos de la Universidad.<\/p>\n<p><strong>7 de julio<\/strong><\/p>\n<p>Miembros de la comunidad de la UAM Iztapalapa llevaron a cabo una asamblea para difundir la situaci\u00f3n interna de esa Unidad, la situaci\u00f3n de los estudiantes de la Asamblea General de la Rector\u00eda General, y la situaci\u00f3n actual de la educaci\u00f3n p\u00fablica superior en M\u00e9xico, a ra\u00edz de la Reforma Educativa. Asimismo realizaron una marcha desde esa Unidad hasta Rector\u00eda General en apoyo a los estudiantes de la Asamblea General de la Rector\u00eda General.<\/p>\n<p>La Unidad Iztapalapa cesa el paro indefinido, a causa de la falta de unificaci\u00f3n en la comunidad de la Unidad en la decisi\u00f3n sobre el mismo, y ante la exigencia un numeroso grupo de alumnos y profesores para retomar las actividades con normalidad. Aqu\u00ed el enlace que aclara esta situaci\u00f3n:<\/p>\n<p><a href=\"https:\/\/scontent-dfw1-1.xx.fbcdn.net\/t31.0-8\/s960x960\/13584960_1739925539598315_5142901905730195145_o.jpg\">https:\/\/scontent-dfw1-1.xx.fbcdn.net\/t31.0-8\/s960x960\/13584960_1739925539598315_5142901905730195145_o.jpg<\/a><\/p>\n<p>Miembros de la comunidad de la UAM Xochimilco llevaron a cabo una asamblea a las 18:00 hrs para discutir el recorte presupuestal anual de la UAM; el recorte presupuestal para becas de movilidad; el recorte presupuestario para pr\u00e1cticas de campo biol\u00f3gicas; la problem\u00e1tica interna de acoso sexual a estudiantes por parte de acad\u00e9micos, la indiferencia por parte de las autoridades ante estos hechos y la falta de mecanismos de sanci\u00f3n para los responsables; la situaci\u00f3n de la obra inconclusa del edificio S; el pronunciamiento en contra del condicionamiento del pago de becas y salarios a administrativos y profesores; el pronunciamiento en contra de represalias a los estudiantes por las acciones tomadas en favor del movimiento comunitario de la UAM.<\/p>\n<p><strong>8 de julio<\/strong><\/p>\n<p>Se llev\u00f3 a cabo una asamblea general en Rector\u00eda General<\/p>\n<p>En la Unidad Iztapalapa se realizaron 3 asambleas para difundir la situaci\u00f3n interna de esa unidad y discutir las acciones de apoyo al movimiento de los estudiantes que conforman la Asamblea General de la Rector\u00eda General.<\/p>\n<p>El Dr. Vega y Le\u00f3n, convoc\u00f3 a una reuni\u00f3n de trabajo el 9 de julio a las 11:00 hrs, en Rector\u00eda General, \u201cpara comunicar las acciones que ha tomado para atender a las solicitudes de beca y llegar a acuerdos que permitan reanudar<\/p>\n<p>las actividades acad\u00e9micas, administrativas, y culturales de la Instituci\u00f3n.\u201d<\/p>\n<p><strong>9 de julio<\/strong><\/p>\n<p>Los miembros de la Asamblea General de la Rector\u00eda General sostuvieron una mesa de di\u00e1logo con el \u201cRector General, quien acudi\u00f3 al encuentro acompa\u00f1ado por los rectores de las unidades Azcapotzalco, Iztapalapa, Lerma y Xochimilco, Romualdo L\u00f3pez Z\u00e1rate, Jos\u00e9 Octavio Nateras Dom\u00ednguez, Emilio Sordo Zabay y Patricia Alfaro Moctezuma, en ese orden, as\u00ed como por el secretario general, maestro Norberto Manjarrez \u00c1lvarez, y el abogado general de la UAM, doctor Carlos Reynoso Castillo.\u201d La unidad Cuajimalpa no tuvo representaci\u00f3n en esta mesa de di\u00e1logo.<\/p>\n<p>La Asamblea acord\u00f3 que una vez firmado el dictamen de otorgamiento del 100% de las becas de movilidad, entregar\u00edan las instalaciones de Rector\u00eda General. El Dr. Vega y Le\u00f3n, y las autoridades involucradas en la mesa de di\u00e1logo con la Asamblea, acordaron entregar a las 18:00 hrs un dictamen sobre el otorgamiento de becas, tomando en cuenta el di\u00e1logo reci\u00e9n ocurrido.<\/p>\n<p>Seg\u00fan lo acordado, la Rector\u00eda General emiti\u00f3 un comunicado expresando que se otorgar\u00eda la beca de movilidad a todos los becarios que cumplieran al 100% con los requisitos de la convocatoria. Publicaron la segunda ampliaci\u00f3n de la lista (2016) de beneficiario, originalmente publicada el 1\u00b0 de julio.<\/p>\n<p>El dictamen est\u00e1 firmado por el Mtro. V\u00edctor Manuel Sosa God\u00ednez (Secretario Ejecutivo del Comit\u00e9 de Becas), la Mtra. Josefina Bernal S\u00e1nchez (Representante de la Unidad Azcapotzalco), el Lic. Jes\u00fas Eduardo Vera I\u00f1iguez y Mtra. Patricia Ram\u00edrez Esquivel (suplente), el Dr. Antonio Aguilar (Representante de la\u00a0 Unidad Iztapalapa), la Mtra. Miriam E. Calvillo Velasco (Representante de la Unidad Xochimilco) y el Mtro. Pedro Huerta (Representante de la Unidad Lerma).<\/p>\n<p>El Dr. Vega y Le\u00f3n y la Asamblea acordaron una reuni\u00f3n el 10 de julio a las 14:00 hrs en Casa Rafael Galv\u00e1n, centro de extensi\u00f3n educativa y cultural de la UAM\u00a0\u00a0\u00a0\u00a0\u00a0 -ubicado en Zacatecas 94, colonia Roma- para continuar el di\u00e1logo para la resoluci\u00f3n de los dem\u00e1s puntos del pliego petitorio general.<\/p>\n<p>El Dr. Vega y Le\u00f3n, argument\u00f3 que es imperativo agilizar los tr\u00e1mites de becas debido a que hay plazos que cumplir antes del final de julio. Por su parte las autoridades de la UAM instaron a liberar las instalaciones de la universidad para\u00a0 continuar normalmente con las actividades acad\u00e9micas, administrativas y culturales de la instituci\u00f3n;\u00a0 en beneficio, argumentan, de todos los miembros de la comunidad.<\/p>\n<p><strong>10 de julio<\/strong><\/p>\n<p>Al ser las 00:55 hrs, en Casa G\u00e1lvez contin\u00faa el di\u00e1logo entre la Asamblea General de Rector\u00eda General, y el Dr. Vega y Le\u00f3n y dem\u00e1s autoridades de la UAM, esto debido a que las condiciones antes establecidas por ambas partes cambiaron.<\/p>\n<p>Hasta el momento la Asamblea General de la Rector\u00eda General exige lo siguiente:<\/p>\n<p>\u2013 Que se informe sobre el origen de los recursos y el Plan de Austeridad antes del 13 de julio, d\u00eda en que ambas partes convocaron nuevamente a una Asamblea General en UAM Iztapalapa a las 12:00 hrs.<\/p>\n<p>\u2013 Una auditor\u00eda externa a las autoridades de la UAM y la asignaci\u00f3n presupuestal de la universidad.<\/p>\n<p>\u2013 Piden que no haya represalias contra los estudiantes que son parte del movimiento.<\/p>\n<p>\u2013 Que las autoridades de la UAM se comprometan al di\u00e1logo p\u00fablico y a recibir los pliegos petitorios emitidos por la comunidad.<\/p>\n<p>\u2013 Que las autoridades de la UAM garanticen el 100% de las becas de movilidad.<\/p>\n<p>\u2013 Que las autoridades de la UAM garanticen que no existir\u00e1 ninguna complicaci\u00f3n para los alumnos de las Unidades que se mantienen en paro.<\/p>\n<p>-Declara el compromiso de liberar las instalaciones de Rector\u00eda General al momento en que se firmen las peticiones expresadas.<\/p>\n<p>Por su parte, las autoridades de la UAM expresan sus exigencias:<\/p>\n<p>-Piden que se liberen las unidades.<\/p>\n<p>-Se comprometen a transparentar los recursos de la universidad y el Plan de Austeridad.<\/p>\n<p>-Se comprometen a someterse a una auditor\u00eda externa.<\/p>\n<p>-Se comprometen a garantizar que no haya represalias contra los estudiantes del movimiento.<\/p>\n<p>-Se comprometen a dar seguimiento al pliego petitorio.<\/p>\n<p>Si bien el catalizador para la toma de acci\u00f3n en Rector\u00eda General fue el esclarecimiento del otorgamiento sesgado en un 80%, de becas de movilidad; durante los pasados d\u00edas se ha revelado una serie de problem\u00e1ticas de fondo que afectan a toda la comunidad de la UAM.<\/p>\n<p>En primer lugar aparece el problema de la falta de transparencia presupuestal por parte de las autoridades de la universidad, caso que incluye a las becas de movilidad; pero tambi\u00e9n a la designaci\u00f3n presupuestal por obras de construcci\u00f3n y mantenimiento de edificios en las Unidades Azcapotzalco, Xochimilco y Lerma.<\/p>\n<p>Por tales motivos, y ante un momento coyuntural que presenta la oportunidad de que las problem\u00e1ticas que persisten en todas las Unidades Acad\u00e9micas de la Instituci\u00f3n, las unidades Azcapotzalco y Xochimilco han decididido expresamente no levantar el paro indefinido hasta que se cumpla el pliego petitorio general y de ambas unidades en particular.<\/p>\n<p>Otras ligas de inter\u00e9s<\/p>\n<p>Comunicado emitido por la Asamblea General de Rector\u00eda General, el 6 de julio, ofreciendo una disculpa p\u00fablica por la afectaci\u00f3n a los miembros de la Comunidad Universitaria de la UAM, y externos; y que aclara la situaci\u00f3n de la toma de Rector\u00eda General<a href=\"https:\/\/www.facebook.com\/JavierUchihaUAM\/photos\/a.1285333591496789.1073741828.1285286818168133\/1329869480376533\/?type=3&amp;theater\">https:\/\/www.facebook.com\/JavierUchihaUAM\/photos\/a.1285333591496789.1073741828.1285286818168133\/1329869480376533\/?type=3&amp;theater<\/a><\/p>\n<p>En los siguientes enlaces se encuentran disponibles en orden las diversas partes que conforman la minuta de la Asamblea llevada a cabo en la Unidad Azcapotzalco el d\u00eda 5 de julio:<\/p>\n<p><a href=\"https:\/\/www.facebook.com\/UAMenResistencia\/photos\/a.465154916958279.1073741828.465058383634599\/719599461513822\/?type=3&amp;theater\">https:\/\/www.facebook.com\/UAMenResistencia\/photos\/a.465154916958279.1073741828.465058383634599\/719599461513822\/?type=3&amp;theater<\/a><\/p>\n<p><a href=\"https:\/\/www.facebook.com\/UAMenResistencia\/photos\/a.465154916958279.1073741828.465058383634599\/719599464847155\/?type=3&amp;theater\">https:\/\/www.facebook.com\/UAMenResistencia\/photos\/a.465154916958279.1073741828.465058383634599\/719599464847155\/?type=3&amp;theater<\/a><\/p>\n<p><a href=\"https:\/\/www.facebook.com\/UAMenResistencia\/photos\/a.465154916958279.1073741828.465058383634599\/719599464847155\/?type=3&amp;theater\">https:\/\/www.facebook.com\/UAMenResistencia\/photos\/a.465154916958279.1073741828.465058383634599\/719599464847155\/?type=3&amp;theater<\/a><\/p>\n<p><a href=\"https:\/\/www.facebook.com\/UAMenResistencia\/photos\/a.465154916958279.1073741828.465058383634599\/719599468180488\/?type=3&amp;theater\">https:\/\/www.facebook.com\/UAMenResistencia\/photos\/a.465154916958279.1073741828.465058383634599\/719599468180488\/?type=3&amp;theater<\/a><\/p>\n<p><a href=\"https:\/\/www.facebook.com\/UAMenResistencia\/photos\/a.465154916958279.1073741828.465058383634599\/719599874847114\/?type=3&amp;theater\">https:\/\/www.facebook.com\/UAMenResistencia\/photos\/a.465154916958279.1073741828.465058383634599\/719599874847114\/?type=3&amp;theater<\/a><\/p>\n<p>Comunicado de la Asamblea UAM Xochimilco:<a href=\"http:\/\/situam.org.mx\/wp-content\/uploads\/2016\/07\/situam_comunicado_uamxochimilco_paro.jpg\">http:\/\/situam.org.mx\/wpcontent\/uploads\/2016\/07\/situam_comunicado_uamxochimilco_paro.jpg<\/a><\/p>\n<p>Pronunciamiento emitido el 6 de julio por todas las Unidades Acad\u00e9micas:<\/p>\n<p><a href=\"https:\/\/www.facebook.com\/UAMenResistencia\/photos\/a.465154916958279.1073741828.465058383634599\/719384904868611\/?type=3&amp;theater\">https:\/\/www.facebook.com\/UAMenResistencia\/photos\/a.465154916958279.1073741828.465058383634599\/719384904868611\/?type=3&amp;theater<\/a><\/p>\n<\/div>\n<\/div>\n<h3 class=\"sd-title\"><\/h3>\n<p>&nbsp;<\/p>\n<p><a href=\"https:\/\/osmosisonlineblog.wordpress.com\/2016\/07\/11\/a-una-semana-de-las-movilizaciones-estudiantiles-en-la-universidad-autonoma-metropolitana\/\">A una semana de las movilizaciones estudiantiles en la Universidad Aut\u00f3noma&nbsp;Metropolitana<\/a><\/p>\n","protected":false},"excerpt":{"rendered":"<p>Por Andrea del Carmen Quiroz Sierra Foto por: Sof\u00eda Benedicto Domingo 10 de Julio.\u00a0Los acontecimientos acaecidos en los \u00faltimos d\u00edas en las distintas Unidades de la Universidad Aut\u00f3noma Metropolitana (UAM) &hellip; <a href=\"http:\/\/www.grieta.org.mx\/index.php\/2016\/07\/11\/a-una-semana-de-las-movilizaciones-estudiantiles-en-la-universidad-autonoma-metropolitana\/\" class=\"more-link\">Leer m\u00e1s<\/a><\/p>\n","protected":false},"author":2,"featured_media":21928,"comment_status":"closed","ping_status":"closed","sticky":false,"template":"","format":"standard","meta":{"ngg_post_thumbnail":0,"_jetpack_newsletter_access":"","_jetpack_dont_email_post_to_subs":false,"_jetpack_newsletter_tier_id":0,"_jetpack_memberships_contains_paywalled_content":false,"_jetpack_memberships_contains_paid_content":false,"footnotes":""},"categories":[80],"tags":[102,787,241,619],"class_list":["post-16853","post","type-post","status-publish","format-standard","has-post-thumbnail","hentry","category-cintillo","tag-derecho-a-la-educacion","tag-educacion-gratuita","tag-paro","tag-uam","entry"],"jetpack_featured_media_url":"http:\/\/www.grieta.org.mx\/wp-content\/uploads\/2018\/03\/14524434_1106112876131411_958039263622046936_o.jpg","jetpack_sharing_enabled":true,"jetpack_shortlink":"https:\/\/wp.me\/p7ZJR4-4nP","jetpack_likes_enabled":false,"jetpack-related-posts":[{"id":16846,"url":"http:\/\/www.grieta.org.mx\/index.php\/2016\/07\/22\/lucha-en-la-universidad-autonoma-metropolitana-por-mejores-condiciones-escolares\/","url_meta":{"origin":16853,"position":0},"title":"Lucha en la Universidad Aut\u00f3noma Metropolitana por mejores condiciones escolares","author":"grieta","date":"22 julio, 2016","format":false,"excerpt":"21\/07\/16. Estudiantes de la UAM anuncian movilizaci\u00f3n tras cerraz\u00f3n al di\u00e1logoSomos el medio 18\/07\/16. \u201c\u00bfA qu\u00e9 le temen los rectores?\u201d: estudiantes de la UAM Somos el medio 16\/07\/16. Estudiantes de la UAM reiteran propuesta de di\u00e1logo La Jornada 15\/07\/16. El silencio otorga: Rectora de UAM Xochimilco se niega a\u00a0dialogar Osmosis\u2026","rel":"","context":"En &quot;Ciudad de M\u00e9xico&quot;","block_context":{"text":"Ciudad de M\u00e9xico","link":"http:\/\/www.grieta.org.mx\/index.php\/category\/noticias-nacionales\/ciudad-de-mexico\/"},"img":{"alt_text":"","src":"https:\/\/i0.wp.com\/www.grieta.org.mx\/wp-content\/uploads\/2018\/03\/14524434_1106112876131411_958039263622046936_o.jpg?resize=350%2C200","width":350,"height":200,"srcset":"https:\/\/i0.wp.com\/www.grieta.org.mx\/wp-content\/uploads\/2018\/03\/14524434_1106112876131411_958039263622046936_o.jpg?resize=350%2C200 1x, https:\/\/i0.wp.com\/www.grieta.org.mx\/wp-content\/uploads\/2018\/03\/14524434_1106112876131411_958039263622046936_o.jpg?resize=525%2C300 1.5x, https:\/\/i0.wp.com\/www.grieta.org.mx\/wp-content\/uploads\/2018\/03\/14524434_1106112876131411_958039263622046936_o.jpg?resize=700%2C400 2x"},"classes":[]},{"id":32168,"url":"http:\/\/www.grieta.org.mx\/index.php\/2019\/04\/06\/trabajadoras-de-la-uam-se-solidarizan-con-huelga-en-la-universidad-de-sonora\/","url_meta":{"origin":16853,"position":1},"title":"Trabajadoras de la UAM se solidarizan con huelga en la Universidad de Sonora","author":"grieta","date":"6 abril, 2019","format":false,"excerpt":"Trabajadoras y trabajadores de la Universidad Aut\u00f3noma Metropolitana, en huelga desde hace m\u00e1s de 60 d\u00edas, env\u00edan un saludo a la lucha de las y los acad\u00e9micos y trabajadores de la Universidad de Sonora. La lucha en contra de la precarizaci\u00f3n laboral y por la dignificaci\u00f3n de la labor docente\u2026","rel":"","context":"En &quot;CINTILLO&quot;","block_context":{"text":"CINTILLO","link":"http:\/\/www.grieta.org.mx\/index.php\/category\/cintillo\/"},"img":{"alt_text":"","src":"https:\/\/i0.wp.com\/www.grieta.org.mx\/wp-content\/uploads\/2019\/04\/Trabajadoras-UAM.jpg?resize=350%2C200","width":350,"height":200,"srcset":"https:\/\/i0.wp.com\/www.grieta.org.mx\/wp-content\/uploads\/2019\/04\/Trabajadoras-UAM.jpg?resize=350%2C200 1x, https:\/\/i0.wp.com\/www.grieta.org.mx\/wp-content\/uploads\/2019\/04\/Trabajadoras-UAM.jpg?resize=525%2C300 1.5x, https:\/\/i0.wp.com\/www.grieta.org.mx\/wp-content\/uploads\/2019\/04\/Trabajadoras-UAM.jpg?resize=700%2C400 2x"},"classes":[]},{"id":31834,"url":"http:\/\/www.grieta.org.mx\/index.php\/2019\/04\/06\/huelga-en-la-uam-cumple-64-dias-se-perfila-como-la-mas-larga-en-su-historia-ciudad-de-mexico\/","url_meta":{"origin":16853,"position":2},"title":"Huelga en la UAM cumple 64 d\u00edas; se perfila como la m\u00e1s larga en su historia (Ciudad de M\u00e9xico)","author":"grieta","date":"6 abril, 2019","format":false,"excerpt":"Redacci\u00f3n\/Animal Pol\u00edtico El conflicto laboral en la Universidad Aut\u00f3noma Metropolitana afecta a m\u00e1s de 48 mil alumnos de las unidades Azcapotzalco, Iztapalapa, Lerma, Cuajimalpa y Xochimilco. El conflicto laboral en la Universidad Aut\u00f3noma Metropolitana (UAM) cumple este s\u00e1bado 64 d\u00edas de haber iniciado, con lo que superar\u00e1 a la huelga\u2026","rel":"","context":"En &quot;CINTILLO&quot;","block_context":{"text":"CINTILLO","link":"http:\/\/www.grieta.org.mx\/index.php\/category\/cintillo\/"},"img":{"alt_text":"","src":"https:\/\/i0.wp.com\/www.grieta.org.mx\/wp-content\/uploads\/2018\/03\/14524434_1106112876131411_958039263622046936_o.jpg?resize=350%2C200","width":350,"height":200,"srcset":"https:\/\/i0.wp.com\/www.grieta.org.mx\/wp-content\/uploads\/2018\/03\/14524434_1106112876131411_958039263622046936_o.jpg?resize=350%2C200 1x, https:\/\/i0.wp.com\/www.grieta.org.mx\/wp-content\/uploads\/2018\/03\/14524434_1106112876131411_958039263622046936_o.jpg?resize=525%2C300 1.5x, https:\/\/i0.wp.com\/www.grieta.org.mx\/wp-content\/uploads\/2018\/03\/14524434_1106112876131411_958039263622046936_o.jpg?resize=700%2C400 2x"},"classes":[]},{"id":17053,"url":"http:\/\/www.grieta.org.mx\/index.php\/2016\/07\/16\/estudiantes-de-la-uam-reiteran-propuesta-de-dialogo\/","url_meta":{"origin":16853,"position":3},"title":"Estudiantes de la UAM reiteran propuesta de di\u00e1logo","author":"grieta","date":"16 julio, 2016","format":false,"excerpt":"Por Arturo S\u00e1nchez Jim\u00e9nez Representantes de la Asamblea General de la UAM acuden a la Rector\u00eda General de esta instituci\u00f3n para buscar dialogar con el titular de la rector\u00eda. Foto Mar\u00eda Luisa Severiano Ciudad de M\u00e9xico. Para los estudiantes de la Universidad Aut\u00f3noma Metropolitana (UAM) el conflicto que se vive\u2026","rel":"","context":"En &quot;CINTILLO&quot;","block_context":{"text":"CINTILLO","link":"http:\/\/www.grieta.org.mx\/index.php\/category\/cintillo\/"},"img":{"alt_text":"","src":"https:\/\/i0.wp.com\/www.grieta.org.mx\/wp-content\/uploads\/2018\/03\/14524434_1106112876131411_958039263622046936_o.jpg?resize=350%2C200","width":350,"height":200,"srcset":"https:\/\/i0.wp.com\/www.grieta.org.mx\/wp-content\/uploads\/2018\/03\/14524434_1106112876131411_958039263622046936_o.jpg?resize=350%2C200 1x, https:\/\/i0.wp.com\/www.grieta.org.mx\/wp-content\/uploads\/2018\/03\/14524434_1106112876131411_958039263622046936_o.jpg?resize=525%2C300 1.5x, https:\/\/i0.wp.com\/www.grieta.org.mx\/wp-content\/uploads\/2018\/03\/14524434_1106112876131411_958039263622046936_o.jpg?resize=700%2C400 2x"},"classes":[]},{"id":29953,"url":"http:\/\/www.grieta.org.mx\/index.php\/2019\/03\/01\/se-cumple-un-mes-de-huelga-en-la-uam-ciudad-de-mexico\/","url_meta":{"origin":16853,"position":4},"title":"Se cumple un mes de huelga en la UAM (Ciudad de M\u00e9xico)","author":"grieta","date":"1 marzo, 2019","format":false,"excerpt":"somoselmedio Ciudad de M\u00e9xico 1 de marzo de 2019.- Se cumple un mes de la huelga en la Universidad Aut\u00f3noma Metropolitana (UAM), en la \u00faltima semana del mes de febrero se difundi\u00f3 a trav\u00e9s de comunicados, actividades referentes al conflicto. Este movimiento de huelga exige un aumento salarial del 20%\u2026","rel":"","context":"En &quot;CINTILLO&quot;","block_context":{"text":"CINTILLO","link":"http:\/\/www.grieta.org.mx\/index.php\/category\/cintillo\/"},"img":{"alt_text":"","src":"https:\/\/i0.wp.com\/www.grieta.org.mx\/wp-content\/uploads\/2019\/03\/UAM-Ricardo-Ortiz-696x522.jpg?resize=350%2C200","width":350,"height":200,"srcset":"https:\/\/i0.wp.com\/www.grieta.org.mx\/wp-content\/uploads\/2019\/03\/UAM-Ricardo-Ortiz-696x522.jpg?resize=350%2C200 1x, https:\/\/i0.wp.com\/www.grieta.org.mx\/wp-content\/uploads\/2019\/03\/UAM-Ricardo-Ortiz-696x522.jpg?resize=525%2C300 1.5x"},"classes":[]},{"id":16847,"url":"http:\/\/www.grieta.org.mx\/index.php\/2016\/07\/10\/estudiantes-de-la-uam-entran-a-paro-indefinido\/","url_meta":{"origin":16853,"position":5},"title":"Estudiantes de la UAM entran a paro indefinido","author":"grieta","date":"10 julio, 2016","format":false,"excerpt":"RICARDO ORTIZ Fotograf\u00eda: Ricardo Ortiz Exigen trasparencia y piden aumento al Congreso de la Uni\u00f3n Desde el pasado lunes 4 de julio, estudiantes de la Universidad Aut\u00f3noma Metropolitana, anunciaron la toma de la Rector\u00eda General, esto con motivo a la problem\u00e1tica con el otorgamiento de becas para estudiar en el\u2026","rel":"","context":"En &quot;CINTILLO&quot;","block_context":{"text":"CINTILLO","link":"http:\/\/www.grieta.org.mx\/index.php\/category\/cintillo\/"},"img":{"alt_text":"","src":"https:\/\/i0.wp.com\/www.grieta.org.mx\/wp-content\/uploads\/2018\/03\/14524434_1106112876131411_958039263622046936_o.jpg?resize=350%2C200","width":350,"height":200,"srcset":"https:\/\/i0.wp.com\/www.grieta.org.mx\/wp-content\/uploads\/2018\/03\/14524434_1106112876131411_958039263622046936_o.jpg?resize=350%2C200 1x, https:\/\/i0.wp.com\/www.grieta.org.mx\/wp-content\/uploads\/2018\/03\/14524434_1106112876131411_958039263622046936_o.jpg?resize=525%2C300 1.5x, https:\/\/i0.wp.com\/www.grieta.org.mx\/wp-content\/uploads\/2018\/03\/14524434_1106112876131411_958039263622046936_o.jpg?resize=700%2C400 2x"},"classes":[]}],"_links":{"self":[{"href":"http:\/\/www.grieta.org.mx\/index.php\/wp-json\/wp\/v2\/posts\/16853","targetHints":{"allow":["GET"]}}],"collection":[{"href":"http:\/\/www.grieta.org.mx\/index.php\/wp-json\/wp\/v2\/posts"}],"about":[{"href":"http:\/\/www.grieta.org.mx\/index.php\/wp-json\/wp\/v2\/types\/post"}],"author":[{"embeddable":true,"href":"http:\/\/www.grieta.org.mx\/index.php\/wp-json\/wp\/v2\/users\/2"}],"replies":[{"embeddable":true,"href":"http:\/\/www.grieta.org.mx\/index.php\/wp-json\/wp\/v2\/comments?post=16853"}],"version-history":[{"count":1,"href":"http:\/\/www.grieta.org.mx\/index.php\/wp-json\/wp\/v2\/posts\/16853\/revisions"}],"predecessor-version":[{"id":16855,"href":"http:\/\/www.grieta.org.mx\/index.php\/wp-json\/wp\/v2\/posts\/16853\/revisions\/16855"}],"wp:featuredmedia":[{"embeddable":true,"href":"http:\/\/www.grieta.org.mx\/index.php\/wp-json\/wp\/v2\/media\/21928"}],"wp:attachment":[{"href":"http:\/\/www.grieta.org.mx\/index.php\/wp-json\/wp\/v2\/media?parent=16853"}],"wp:term":[{"taxonomy":"category","embeddable":true,"href":"http:\/\/www.grieta.org.mx\/index.php\/wp-json\/wp\/v2\/categories?post=16853"},{"taxonomy":"post_tag","embeddable":true,"href":"http:\/\/www.grieta.org.mx\/index.php\/wp-json\/wp\/v2\/tags?post=16853"}],"curies":[{"name":"wp","href":"https:\/\/api.w.org\/{rel}","templated":true}]}}