{"id":16851,"date":"2016-07-10T13:58:12","date_gmt":"2016-07-10T18:58:12","guid":{"rendered":"http:\/\/www.grieta.org.mx\/?p=16851"},"modified":"2016-07-15T14:00:45","modified_gmt":"2016-07-15T19:00:45","slug":"primer-paro-de-actividades-en-la-rectoria-general-de-uam","status":"publish","type":"post","link":"http:\/\/www.grieta.org.mx\/index.php\/2016\/07\/10\/primer-paro-de-actividades-en-la-rectoria-general-de-uam\/","title":{"rendered":"Primer Paro de actividades en la Rector\u00eda General de\u00a0UAM"},"content":{"rendered":"<p>Por Casta\u00f1eda Ba\u00f1os Jorge Eduardo y Ariadna Jim\u00e9nez Mart\u00ednez<\/p>\n<figure class=\"post-image clear-fix\"><img loading=\"lazy\" decoding=\"async\" class=\"attachment-rowling-post-image size-rowling-post-image wp-post-image\" src=\"https:\/\/osmosisonlineblog.files.wordpress.com\/2016\/07\/parorec.jpg?w=816\" alt=\"Foto: Asamblea Rector\u00eda UAM\" width=\"816\" height=\"460\" \/><\/p>\n<p class=\"post-image-caption\">Foto: Asamblea Rector\u00eda UAM<\/p>\n<\/figure>\n<p>&nbsp;<\/p>\n<div class=\"post-inner\">\n<div class=\"post-content\">\n<p>CDMX \u00a0Balance hasta el 09 de Julio 2016.<\/p>\n<p>El 4 de julio alumnos de las tres unidades m\u00e1s grandes de la Universidad Aut\u00f3noma Metropolitana toman en paro de actividades la rector\u00eda general de la universidad debido a la inconformidad con la transparencia en cuanto a recursos econ\u00f3micos destinados a becas.<\/p>\n<p>Desde la salida retrasada de la convocatoria para las becas de movilidad, los aspirantes a becarios comenzaron a darse cuenta que algo ocurr\u00eda, cuando se entregaron los resultados faltaban muchas de las becas que se tendr\u00edan que haber dado a las 5 unidades.<\/p>\n<p>Los resultados emitidos, por el Comit\u00e9 de Becas de Movilidad de la Universidad, en la primera selecci\u00f3n; 2016-1, hab\u00edan determinado 215 becas internacionales, 44 nacionales. En la segunda selecci\u00f3n 2016-2 (dictamen con fecha 1 de julio de 2016): 60 internacionales y 26 nacionales<\/p>\n<p>Desde el inicio en enero del primer ciclo escolar del presente a\u00f1o, los aspirantes iniciaron el tr\u00e1mite de la beca de movilidad, proceso en el que el alumno es responsable de investigar planes de estudio en el extranjero, contactar a la universidad que desean y solicitar la movilidad, para as\u00ed proceder a la recolecci\u00f3n de firmas y documentos necesarios.<\/p>\n<p>De no ser resuelto el conflicto respecto a los recursos econ\u00f3micos destinados a las becas, los becarios tendr\u00e1n que cancelar el acuerdo con la universidad extranjera a la que ir\u00edan, ya que la mayor\u00eda de ellos no cuentan con los recursos suficientes para costear los gastos totales del viaje.\u00a0 Adem\u00e1s, cuando se cancela o no se hace uso de una beca asignada los estudiantes reciben una penalizaci\u00f3n: \u201cal renunciar a la beca de movilidad te sancionan, no te dejan meter otra beca de movilidad en maestr\u00eda o posgrado\u201d coment\u00f3 Jocelyn A, una alumna de la UAM-Iztapalapa.<\/p>\n<p>El 4 de julio las instalaciones de la rector\u00eda general de la UAM fueron tomadas por los alumnos a los que se les rechazo la beca de movilidad en su segundo proceso, pidieron hablar con el Rector general; el Dr. Salvador Vega y Le\u00f3n, la administraci\u00f3n les comunic\u00f3 que el Dr. Salvador Vega se encontraba en una junta, y cinco horas despu\u00e9s se les informo que el rector se encontraba fuera de la ciudad.<\/p>\n<p>Al d\u00eda siguiente, a las 17:00 horas en Rector\u00eda General el Mtro. Norberto Manjarrez \u00c1lvarez, Secretario General, y al Mtro. V\u00edctor Manuel Sosa God\u00ednez, Coordinador General de Vinculaci\u00f3n y Desarrollo Institucional informaron a los estudiantes inconformes sobre la falta de presupuesto para dichas becas.<\/p>\n<p>Derivado de la reuni\u00f3n, se acord\u00f3 incrementar el n\u00famero de becas de movilidad. El resultado del Comit\u00e9 determin\u00f3 otorgar 47 becas adicionales para movilidad nacional y 97 para movilidad internacional.<\/p>\n<p>Esto suma un total de becas de movilidad otorgadas para el 2016 de 372 becas internacionales y 117 becas nacionales, haciendo un total de 498 becas de movilidad otorgadas para todas las unidades de la Universidad Aut\u00f3noma Metropolitana.<\/p>\n<p>En un comunicado por parte de la Unidad Xochimilco se indic\u00f3 que el mismo 5 de julio los 5 Rectores de las distintas Unidades Acad\u00e9micas solicitaron al Rector General y al Secretario General ampliar el presupuesto para las becas. La respuesta que obtuvieron fue: insuficiencia presupuestal. Por lo que acordaron (a excepci\u00f3n de la Unidad Cuajimalpa) apoyar con el presupuesto disponible en cada una de las Unidades, apoyar un n\u00famero adicional de becas.<\/p>\n<p>En el mismo \u00a0comunicado emitido se explic\u00f3 que se hab\u00edan presentado 135 solicitudes para becas de movilidad internacional y 12 nacional, de las cuales, resultaron aprobadas 25 internacionales (cinco de ellas en lista de espera) y 4 nacionales (una de ellas en lista de espera).<\/p>\n<p>En dicho comunicado la Rectora de la unidad Xochimilco; Patricia Emilia Alfaro Moctezuma, ofreci\u00f3 reducir gastos ya programados y erogar $2,062,500.00 del presupuesto de la unidad para cubrir 28 becas adicionales: 26 internacionales y 2 nacionales, lo cual no alcanza a cubrir la demanda de becas de su propia unidad.<\/p>\n<p>Seg\u00fan el informe de Presupuesto de Ingresos y Egresos 2016,\u00a0 la secci\u00f3n de Becas y Est\u00edmulos ha tenido un aumento constante de presupuesto; 1,225 millones de pesos para el a\u00f1o 2016, obtuvo un aumento aproximado del 10% respecto al a\u00f1o anterior, tambi\u00e9n se aument\u00f3 en 2% el presupuesto de la secci\u00f3n de impuestos para becas y est\u00edmulos.<a href=\"https:\/\/osmosisonlineblog.wordpress.com\/2016\/07\/10\/primer-paro-de-actividades-en-la-rectoria-general-de-uam\/#_ftn1\" name=\"_ftnref1\">[1]<\/a><\/p>\n<p><img decoding=\"async\" class=\"alignnone size-full wp-image-244\" src=\"https:\/\/osmosisonlineblog.files.wordpress.com\/2016\/07\/grafbecmov.jpg?w=616\" alt=\"grafbecmov.jpg\" \/><\/p>\n<p>Al no tener la cantidad exacta de becas no aprobadas respecto a dicho n\u00famero del a\u00f1o anterior, los estudiantes han pedido que rector\u00eda esclarezca la situaci\u00f3n presupuestal de la universidad.<\/p>\n<p>Entre los d\u00edas 5 y 6 del presente mes, las unidades: Azcapotzalco, Xochimilco y Iztapalapa pronunciaron a favor de un paro indefinido, al d\u00eda de hoy, solo lo mantienen las dos primeras unidades mencionadas, la UAM-I retom\u00f3 sus clases oficialmente este viernes 8 de julio, mientras que Rector\u00eda General sigue resguardada por los estudiantes de movilidad.<\/p>\n<p>Esteban Mendoza, estudiante de econom\u00eda de la Unidad Azcapotzalco dijo: \u201cesto es algo que no hab\u00eda sucedido en la historia de la UAM, la toma de Rector\u00eda General por estudiantes inconformes, los alumnos de excelencia\u201d continu\u00f3 \u201cel apoyo de las distintas unidades ha sido muy grande en donde gente de Azcapotzalco que nunca se hab\u00eda asistido a ning\u00fan paro, ahora se presentaron a las asambleas\u201d.<\/p>\n<p>Ante la notoria ausencia al dialogo por parte del \u00a0Dr. Salvador Vega y Le\u00f3n, la comisi\u00f3n de estudiantes dentro de la asamblea de rector\u00eda general de la UAM, la asamblea de UAM Azcapotzalco y Xochimilco extienden un comunicado el 7 de julio en el que mantienen la exigencia del otorgamiento del 100% de las Becas de Movilidad Nacional e Internacional, hacen un llamado al Rector general de la universidad a la mesa de dialogo con los paristas y tambi\u00e9n exigen transparencia respecto al ejercicio presupuestal del proceso de becas de movilidad oto\u00f1o 2016.<\/p>\n<p>Este problema ha llevado a los alumnos a investigar a fondo el tema del presupuesto en cuanto a becas en general, Esteban Mendoza coment\u00f3 \u201cNo es la primera situaci\u00f3n de problema de becas, la convocatoria de becas de movilidad de idiomas de verano no sali\u00f3, hubo un recorte indiscriminado de las becas de servicio social\u2026 sin olvidarnos de la opacidad que existe en cuanto a los edificios inconclusos que est\u00e1n en Iztapalapa, Xochimilco y Azcapotzalco\u201d.<\/p>\n<p>Los moderadores de la asamblea de rector\u00eda general explican que:<\/p>\n<p>El d\u00eda 9 de julio se llevara a cabo una rueda de prensa por parte de rector\u00eda general para homologar las peticiones de los alumnos, no solo de los alumnos de movilidad que se encuentran en rector\u00eda, si no ante toda la comunidad universitaria y este problema que tiene su ra\u00edz en el ejercicio de presupuesto de la universidad.<\/p>\n<p>&nbsp;<\/p>\n<p><a href=\"https:\/\/osmosisonlineblog.wordpress.com\/2016\/07\/10\/primer-paro-de-actividades-en-la-rectoria-general-de-uam\/#_ftnref1\" name=\"_ftn1\">[1]<\/a> Universidad Aut\u00f3noma Metropolitana. (2016). PRESUPUESTO DE INGRESOS Y EGRESOS 2016. CDMX<\/p>\n<\/div>\n<p><a href=\"https:\/\/osmosisonlineblog.wordpress.com\/2016\/07\/10\/primer-paro-de-actividades-en-la-rectoria-general-de-uam\/\">Primer Paro de actividades en la Rector\u00eda General de&nbsp;UAM.<\/a><\/p>\n<\/div>\n","protected":false},"excerpt":{"rendered":"<p>Por Casta\u00f1eda Ba\u00f1os Jorge Eduardo y Ariadna Jim\u00e9nez Mart\u00ednez Foto: Asamblea Rector\u00eda UAM &nbsp; CDMX \u00a0Balance hasta el 09 de Julio 2016. El 4 de julio alumnos de las tres &hellip; <a href=\"http:\/\/www.grieta.org.mx\/index.php\/2016\/07\/10\/primer-paro-de-actividades-en-la-rectoria-general-de-uam\/\" class=\"more-link\">Leer m\u00e1s<\/a><\/p>\n","protected":false},"author":2,"featured_media":21928,"comment_status":"closed","ping_status":"closed","sticky":false,"template":"","format":"standard","meta":{"ngg_post_thumbnail":0,"_jetpack_newsletter_access":"","_jetpack_dont_email_post_to_subs":false,"_jetpack_newsletter_tier_id":0,"_jetpack_memberships_contains_paywalled_content":false,"_jetpack_memberships_contains_paid_content":false,"footnotes":""},"categories":[80],"tags":[107,787,241,619],"class_list":["post-16851","post","type-post","status-publish","format-standard","has-post-thumbnail","hentry","category-cintillo","tag-educacion","tag-educacion-gratuita","tag-paro","tag-uam","entry"],"jetpack_featured_media_url":"http:\/\/www.grieta.org.mx\/wp-content\/uploads\/2018\/03\/14524434_1106112876131411_958039263622046936_o.jpg","jetpack_sharing_enabled":true,"jetpack_shortlink":"https:\/\/wp.me\/p7ZJR4-4nN","jetpack_likes_enabled":false,"jetpack-related-posts":[{"id":16853,"url":"http:\/\/www.grieta.org.mx\/index.php\/2016\/07\/11\/a-una-semana-de-las-movilizaciones-estudiantiles-en-la-universidad-autonoma-metropolitana\/","url_meta":{"origin":16851,"position":0},"title":"A una semana de las movilizaciones estudiantiles en la Universidad Aut\u00f3noma\u00a0Metropolitana","author":"grieta","date":"11 julio, 2016","format":false,"excerpt":"Por Andrea del Carmen Quiroz Sierra Foto por: Sof\u00eda Benedicto Domingo 10 de Julio.\u00a0Los acontecimientos acaecidos en los \u00faltimos d\u00edas en las distintas Unidades de la Universidad Aut\u00f3noma Metropolitana (UAM) y en la Rector\u00eda General de esa casa de estudios, se ubican el contexto de la Reforma Educativa, y son\u2026","rel":"","context":"En &quot;CINTILLO&quot;","block_context":{"text":"CINTILLO","link":"http:\/\/www.grieta.org.mx\/index.php\/category\/cintillo\/"},"img":{"alt_text":"","src":"https:\/\/i0.wp.com\/www.grieta.org.mx\/wp-content\/uploads\/2018\/03\/14524434_1106112876131411_958039263622046936_o.jpg?resize=350%2C200","width":350,"height":200,"srcset":"https:\/\/i0.wp.com\/www.grieta.org.mx\/wp-content\/uploads\/2018\/03\/14524434_1106112876131411_958039263622046936_o.jpg?resize=350%2C200 1x, https:\/\/i0.wp.com\/www.grieta.org.mx\/wp-content\/uploads\/2018\/03\/14524434_1106112876131411_958039263622046936_o.jpg?resize=525%2C300 1.5x, https:\/\/i0.wp.com\/www.grieta.org.mx\/wp-content\/uploads\/2018\/03\/14524434_1106112876131411_958039263622046936_o.jpg?resize=700%2C400 2x"},"classes":[]},{"id":16847,"url":"http:\/\/www.grieta.org.mx\/index.php\/2016\/07\/10\/estudiantes-de-la-uam-entran-a-paro-indefinido\/","url_meta":{"origin":16851,"position":1},"title":"Estudiantes de la UAM entran a paro indefinido","author":"grieta","date":"10 julio, 2016","format":false,"excerpt":"RICARDO ORTIZ Fotograf\u00eda: Ricardo Ortiz Exigen trasparencia y piden aumento al Congreso de la Uni\u00f3n Desde el pasado lunes 4 de julio, estudiantes de la Universidad Aut\u00f3noma Metropolitana, anunciaron la toma de la Rector\u00eda General, esto con motivo a la problem\u00e1tica con el otorgamiento de becas para estudiar en el\u2026","rel":"","context":"En &quot;CINTILLO&quot;","block_context":{"text":"CINTILLO","link":"http:\/\/www.grieta.org.mx\/index.php\/category\/cintillo\/"},"img":{"alt_text":"","src":"https:\/\/i0.wp.com\/www.grieta.org.mx\/wp-content\/uploads\/2018\/03\/14524434_1106112876131411_958039263622046936_o.jpg?resize=350%2C200","width":350,"height":200,"srcset":"https:\/\/i0.wp.com\/www.grieta.org.mx\/wp-content\/uploads\/2018\/03\/14524434_1106112876131411_958039263622046936_o.jpg?resize=350%2C200 1x, https:\/\/i0.wp.com\/www.grieta.org.mx\/wp-content\/uploads\/2018\/03\/14524434_1106112876131411_958039263622046936_o.jpg?resize=525%2C300 1.5x, https:\/\/i0.wp.com\/www.grieta.org.mx\/wp-content\/uploads\/2018\/03\/14524434_1106112876131411_958039263622046936_o.jpg?resize=700%2C400 2x"},"classes":[]},{"id":17053,"url":"http:\/\/www.grieta.org.mx\/index.php\/2016\/07\/16\/estudiantes-de-la-uam-reiteran-propuesta-de-dialogo\/","url_meta":{"origin":16851,"position":2},"title":"Estudiantes de la UAM reiteran propuesta de di\u00e1logo","author":"grieta","date":"16 julio, 2016","format":false,"excerpt":"Por Arturo S\u00e1nchez Jim\u00e9nez Representantes de la Asamblea General de la UAM acuden a la Rector\u00eda General de esta instituci\u00f3n para buscar dialogar con el titular de la rector\u00eda. Foto Mar\u00eda Luisa Severiano Ciudad de M\u00e9xico. Para los estudiantes de la Universidad Aut\u00f3noma Metropolitana (UAM) el conflicto que se vive\u2026","rel":"","context":"En &quot;CINTILLO&quot;","block_context":{"text":"CINTILLO","link":"http:\/\/www.grieta.org.mx\/index.php\/category\/cintillo\/"},"img":{"alt_text":"","src":"https:\/\/i0.wp.com\/www.grieta.org.mx\/wp-content\/uploads\/2018\/03\/14524434_1106112876131411_958039263622046936_o.jpg?resize=350%2C200","width":350,"height":200,"srcset":"https:\/\/i0.wp.com\/www.grieta.org.mx\/wp-content\/uploads\/2018\/03\/14524434_1106112876131411_958039263622046936_o.jpg?resize=350%2C200 1x, https:\/\/i0.wp.com\/www.grieta.org.mx\/wp-content\/uploads\/2018\/03\/14524434_1106112876131411_958039263622046936_o.jpg?resize=525%2C300 1.5x, https:\/\/i0.wp.com\/www.grieta.org.mx\/wp-content\/uploads\/2018\/03\/14524434_1106112876131411_958039263622046936_o.jpg?resize=700%2C400 2x"},"classes":[]},{"id":16864,"url":"http:\/\/www.grieta.org.mx\/index.php\/2016\/07\/14\/sin-respuesta-la-mitad-de-demandas-dicen-estudiantes-de-la-uam\/","url_meta":{"origin":16851,"position":3},"title":"Sin respuesta la mitad de demandas, dicen estudiantes de la UAM","author":"grieta","date":"14 julio, 2016","format":false,"excerpt":"Por Arturo S\u00e1nchez Jim\u00e9nez Di\u00e1logo entre alumnos y el rector de la UAM, el 13 de julio. Foto Roberto Garc\u00eda Ortiz Ciudad de M\u00e9xico. Mientras que los funcionarios de la UAM (Universidad Aut\u00f3noma Metropolitana) dan por atendidas las demandas de sus estudiantes en paro, representantes de la Asamblea General de\u2026","rel":"","context":"En &quot;CINTILLO&quot;","block_context":{"text":"CINTILLO","link":"http:\/\/www.grieta.org.mx\/index.php\/category\/cintillo\/"},"img":{"alt_text":"","src":"https:\/\/i0.wp.com\/www.grieta.org.mx\/wp-content\/uploads\/2018\/03\/14524434_1106112876131411_958039263622046936_o.jpg?resize=350%2C200","width":350,"height":200,"srcset":"https:\/\/i0.wp.com\/www.grieta.org.mx\/wp-content\/uploads\/2018\/03\/14524434_1106112876131411_958039263622046936_o.jpg?resize=350%2C200 1x, https:\/\/i0.wp.com\/www.grieta.org.mx\/wp-content\/uploads\/2018\/03\/14524434_1106112876131411_958039263622046936_o.jpg?resize=525%2C300 1.5x, https:\/\/i0.wp.com\/www.grieta.org.mx\/wp-content\/uploads\/2018\/03\/14524434_1106112876131411_958039263622046936_o.jpg?resize=700%2C400 2x"},"classes":[]},{"id":17485,"url":"http:\/\/www.grieta.org.mx\/index.php\/2016\/07\/21\/estudiantes-de-la-uam-anuncian-movilizacion-tras-cerrazon-al-dialogo\/","url_meta":{"origin":16851,"position":4},"title":"Estudiantes de la UAM anuncian movilizaci\u00f3n tras cerraz\u00f3n al di\u00e1logo","author":"grieta","date":"21 julio, 2016","format":false,"excerpt":"Ricardo Ortiz Foto: Ricardo Ortiz\/Somoselmedio.org Contin\u00faa el paro en dos unidades y rector\u00eda de Iztapalapa Ricardo Ortiz CDMX, 21 de julio. Este jueves, estudiantes de la Universidad Aut\u00f3noma Metropolitana, hicieron acto de presencia durante una sesi\u00f3n del Colegio Acad\u00e9mico en la unidad Cuajimalpa, donde se encontraban los rectores de las\u2026","rel":"","context":"En &quot;cdmx&quot;","block_context":{"text":"cdmx","link":"http:\/\/www.grieta.org.mx\/index.php\/category\/cdmx\/"},"img":{"alt_text":"","src":"https:\/\/i0.wp.com\/www.grieta.org.mx\/wp-content\/uploads\/2018\/03\/14524434_1106112876131411_958039263622046936_o.jpg?resize=350%2C200","width":350,"height":200,"srcset":"https:\/\/i0.wp.com\/www.grieta.org.mx\/wp-content\/uploads\/2018\/03\/14524434_1106112876131411_958039263622046936_o.jpg?resize=350%2C200 1x, https:\/\/i0.wp.com\/www.grieta.org.mx\/wp-content\/uploads\/2018\/03\/14524434_1106112876131411_958039263622046936_o.jpg?resize=525%2C300 1.5x, https:\/\/i0.wp.com\/www.grieta.org.mx\/wp-content\/uploads\/2018\/03\/14524434_1106112876131411_958039263622046936_o.jpg?resize=700%2C400 2x"},"classes":[]},{"id":17281,"url":"http:\/\/www.grieta.org.mx\/index.php\/2016\/07\/18\/a-que-le-temen-los-rectores-estudiantes-de-la-uam\/","url_meta":{"origin":16851,"position":5},"title":"\u201c\u00bfA qu\u00e9 le temen los rectores?\u201d: estudiantes de la UAM","author":"grieta","date":"18 julio, 2016","format":false,"excerpt":"Ricardo Ortiz Fotograf\u00eda: Comunicaci\u00f3n UAM \"Esta lucha es por la UAM, pero tambi\u00e9n por la defensa de la Universidad P\u00fablica\" Ciudad de m\u00e9xico, 18 de julio de 2016.- Desde el pasado lunes 4 de julio, estudiantes de la Universidad Aut\u00f3noma Metropolitana (UAM), anunciaron la toma de la Rector\u00eda General, esto\u2026","rel":"","context":"En &quot;CINTILLO&quot;","block_context":{"text":"CINTILLO","link":"http:\/\/www.grieta.org.mx\/index.php\/category\/cintillo\/"},"img":{"alt_text":"","src":"https:\/\/i0.wp.com\/www.grieta.org.mx\/wp-content\/uploads\/2018\/03\/14524434_1106112876131411_958039263622046936_o.jpg?resize=350%2C200","width":350,"height":200,"srcset":"https:\/\/i0.wp.com\/www.grieta.org.mx\/wp-content\/uploads\/2018\/03\/14524434_1106112876131411_958039263622046936_o.jpg?resize=350%2C200 1x, https:\/\/i0.wp.com\/www.grieta.org.mx\/wp-content\/uploads\/2018\/03\/14524434_1106112876131411_958039263622046936_o.jpg?resize=525%2C300 1.5x, https:\/\/i0.wp.com\/www.grieta.org.mx\/wp-content\/uploads\/2018\/03\/14524434_1106112876131411_958039263622046936_o.jpg?resize=700%2C400 2x"},"classes":[]}],"_links":{"self":[{"href":"http:\/\/www.grieta.org.mx\/index.php\/wp-json\/wp\/v2\/posts\/16851","targetHints":{"allow":["GET"]}}],"collection":[{"href":"http:\/\/www.grieta.org.mx\/index.php\/wp-json\/wp\/v2\/posts"}],"about":[{"href":"http:\/\/www.grieta.org.mx\/index.php\/wp-json\/wp\/v2\/types\/post"}],"author":[{"embeddable":true,"href":"http:\/\/www.grieta.org.mx\/index.php\/wp-json\/wp\/v2\/users\/2"}],"replies":[{"embeddable":true,"href":"http:\/\/www.grieta.org.mx\/index.php\/wp-json\/wp\/v2\/comments?post=16851"}],"version-history":[{"count":1,"href":"http:\/\/www.grieta.org.mx\/index.php\/wp-json\/wp\/v2\/posts\/16851\/revisions"}],"predecessor-version":[{"id":16852,"href":"http:\/\/www.grieta.org.mx\/index.php\/wp-json\/wp\/v2\/posts\/16851\/revisions\/16852"}],"wp:featuredmedia":[{"embeddable":true,"href":"http:\/\/www.grieta.org.mx\/index.php\/wp-json\/wp\/v2\/media\/21928"}],"wp:attachment":[{"href":"http:\/\/www.grieta.org.mx\/index.php\/wp-json\/wp\/v2\/media?parent=16851"}],"wp:term":[{"taxonomy":"category","embeddable":true,"href":"http:\/\/www.grieta.org.mx\/index.php\/wp-json\/wp\/v2\/categories?post=16851"},{"taxonomy":"post_tag","embeddable":true,"href":"http:\/\/www.grieta.org.mx\/index.php\/wp-json\/wp\/v2\/tags?post=16851"}],"curies":[{"name":"wp","href":"https:\/\/api.w.org\/{rel}","templated":true}]}}