{"id":1683,"date":"2016-02-12T15:09:09","date_gmt":"2016-02-12T15:09:09","guid":{"rendered":"http:\/\/50.22.11.12\/~grietaor\/?p=1683"},"modified":"2018-06-24T23:21:00","modified_gmt":"2018-06-25T04:21:00","slug":"ex-empleados-de-la-cdi-anuncian-que-luego-de-35-dias-en-planton-realizaran-otras-acciones","status":"publish","type":"post","link":"http:\/\/www.grieta.org.mx\/index.php\/2016\/02\/12\/ex-empleados-de-la-cdi-anuncian-que-luego-de-35-dias-en-planton-realizaran-otras-acciones\/","title":{"rendered":"Ex empleados de la CDI anuncian que luego de 35 d\u00edas en plant\u00f3n, realizar\u00e1n otras acciones"},"content":{"rendered":"<p>Estado 20.<\/p>\n<p>Benjam\u00edn M\u00e9ndez, Oaxaca<\/p>\n<p>Ex empleados de la Comisi\u00f3n Nacional para el Desarrollo de los Pueblos Ind\u00edgenas (CDI) que mantienen un plant\u00f3n afuera de las oficinas centrales de esta dependencia desde hace 35 d\u00edas, ofrecieron una conferencia de prensa para informar que emprender\u00e1n otro tipo de acciones, como ir a la ciudad de M\u00e9xico, para que les hagan caso a sus demandas.<\/p>\n<p>Las autoridades han ignorado este problema donde hemos sido afectadas 23 personas, en su mayor\u00eda mujeres. Son 23 familias afectadas por este cese. Sabemos que este recorte es un problema nacional, pero queremos saber los motivos por los que fue el despido y porque fuimos elegidos\u2019.<\/p>\n<p>Los trabajadores se\u00f1alaron que la forma en que fueron despedidos no fue la correcta, ya que no hay ning\u00fan motivo que los haga merecedores del cese.<\/p>\n<p>\u2018Llevamos 35 d\u00edas en el plant\u00f3n, sin que las autoridades estatales nos hagan caso. Creemos que le apuestan al desgaste de esta protesta, porque obviamente estamos desgastamos luego de tantos d\u00edas, pero no nos detendremos porque queremos conservar nuestros empleos\u2019.<\/p>\n<p>Pese a que se han acercado a otras dependencias y han enviado oficios hasta a Presidencia, los ex empleados de la CDI no han recibido ninguna respuesta ni de las autoridades estatales a quienes les corresponde en primera instancia.<br \/>\n\u2018Hemos hecho una manifestaci\u00f3n pac\u00edfica siempre buscando al mesa de di\u00e1logo, pero los responsables que quedaron al frente de la CDI, que son la Contadora Amable Cecilia Cruz Lozano, Ana Lilia Cruz P\u00e9rez y Luis Rey Sumano Carre\u00f1o, no nos dicen nada de porque fuimos cesados, cuando tenemos una experiencia de 7 a 25 a\u00f1os\u2019, finalizaron.<\/p>\n<p>Cabe referir que hace 15 d\u00edas los quejosos fueron objeto de un acto vand\u00e1lico, cuando en la noche unos sujetos los ofendieron y rompieron una manta que ellos ten\u00edan.<\/p>\n<p>&nbsp;<\/p>\n<p><a href=\"http:\/\/www.estado20.com\/mientrastantoen\/oaxaca\/11189-2016-02-12-18-27-50.html\" target=\"_blank\">www.estado20.com\/mientrastantoen\/oaxaca\/11189-2016-02-12-18-27-50.html<\/a><\/p>\n","protected":false},"excerpt":{"rendered":"<p>Estado 20. Benjam\u00edn M\u00e9ndez, Oaxaca Ex empleados de la Comisi\u00f3n Nacional para el Desarrollo de los Pueblos Ind\u00edgenas (CDI) que mantienen un plant\u00f3n afuera de las oficinas centrales de esta &hellip; <a href=\"http:\/\/www.grieta.org.mx\/index.php\/2016\/02\/12\/ex-empleados-de-la-cdi-anuncian-que-luego-de-35-dias-en-planton-realizaran-otras-acciones\/\" class=\"more-link\">Leer m\u00e1s<\/a><\/p>\n","protected":false},"author":2,"featured_media":21928,"comment_status":"closed","ping_status":"open","sticky":false,"template":"","format":"standard","meta":{"ngg_post_thumbnail":0,"_jetpack_newsletter_access":"","_jetpack_dont_email_post_to_subs":false,"_jetpack_newsletter_tier_id":0,"_jetpack_memberships_contains_paywalled_content":false,"_jetpack_memberships_contains_paid_content":false,"footnotes":""},"categories":[80,1355,2,25],"tags":[113,105,163,93],"class_list":["post-1683","post","type-post","status-publish","format-standard","has-post-thumbnail","hentry","category-cintillo","category-conflictos-laborales-en-oaxaca","category-noticias-nacionales","category-oaxaca","tag-conflictos-laborales","tag-derechos-laborales","tag-despidos","tag-oaxaca","entry"],"jetpack_featured_media_url":"http:\/\/www.grieta.org.mx\/wp-content\/uploads\/2018\/03\/14524434_1106112876131411_958039263622046936_o.jpg","jetpack_sharing_enabled":true,"jetpack_shortlink":"https:\/\/wp.me\/p7ZJR4-r9","jetpack_likes_enabled":false,"jetpack-related-posts":[{"id":1681,"url":"http:\/\/www.grieta.org.mx\/index.php\/2016\/02\/15\/niega-cdi-liquidacion-a-mujeres-despedidas-en-oaxaca\/","url_meta":{"origin":1683,"position":0},"title":"Niega CDI liquidaci\u00f3n a mujeres despedidas en Oaxaca","author":"grieta","date":"15 febrero, 2016","format":false,"excerpt":"Citlalli L\u00f3pez Vel\u00e1zquez,\u00a0Oaxaca 15\/02\/2016 El gobierno federal se niega a liquidar conforme a la ley a 18 mujeres y cuatro hombres, que en diciembre de 2015 fueron despedidos de la Comisi\u00f3n para el Desarrollo de los Pueblos Ind\u00edgenas (CDI) en el estado de Oaxaca. Ante la violaci\u00f3n a la Ley\u2026","rel":"","context":"En &quot;CINTILLO&quot;","block_context":{"text":"CINTILLO","link":"http:\/\/www.grieta.org.mx\/index.php\/category\/cintillo\/"},"img":{"alt_text":"","src":"https:\/\/i0.wp.com\/www.grieta.org.mx\/wp-content\/uploads\/2018\/03\/14524434_1106112876131411_958039263622046936_o.jpg?resize=350%2C200","width":350,"height":200,"srcset":"https:\/\/i0.wp.com\/www.grieta.org.mx\/wp-content\/uploads\/2018\/03\/14524434_1106112876131411_958039263622046936_o.jpg?resize=350%2C200 1x, https:\/\/i0.wp.com\/www.grieta.org.mx\/wp-content\/uploads\/2018\/03\/14524434_1106112876131411_958039263622046936_o.jpg?resize=525%2C300 1.5x, https:\/\/i0.wp.com\/www.grieta.org.mx\/wp-content\/uploads\/2018\/03\/14524434_1106112876131411_958039263622046936_o.jpg?resize=700%2C400 2x"},"classes":[]},{"id":1698,"url":"http:\/\/www.grieta.org.mx\/index.php\/2015\/07\/17\/presenta-walmart-denuncia-penal-por-bloqueo-de-tienda-en-juchitan\/","url_meta":{"origin":1683,"position":1},"title":"Presenta Walmart denuncia penal por bloqueo de tienda en Juchit\u00e1n","author":"grieta","date":"17 julio, 2015","format":false,"excerpt":"Diario Marca, Redacci\u00f3n, Walmart de M\u00e9xico y Centroam\u00e9rica inform\u00f3 que present\u00f3 una denuncia penal contra quien resulte responsable ante el bloqueo de la tienda Bodega Aurrera ubicada en Juchit\u00e1n, Oaxaca. La tienda de conveniencia detalla en un comunicado que en el grupo que bloquea la unidad se encuentran ex empleados\u2026","rel":"","context":"En &quot;CINTILLO&quot;","block_context":{"text":"CINTILLO","link":"http:\/\/www.grieta.org.mx\/index.php\/category\/cintillo\/"},"img":{"alt_text":"","src":"https:\/\/i0.wp.com\/www.grieta.org.mx\/wp-content\/uploads\/2018\/03\/14524434_1106112876131411_958039263622046936_o.jpg?resize=350%2C200","width":350,"height":200,"srcset":"https:\/\/i0.wp.com\/www.grieta.org.mx\/wp-content\/uploads\/2018\/03\/14524434_1106112876131411_958039263622046936_o.jpg?resize=350%2C200 1x, https:\/\/i0.wp.com\/www.grieta.org.mx\/wp-content\/uploads\/2018\/03\/14524434_1106112876131411_958039263622046936_o.jpg?resize=525%2C300 1.5x, https:\/\/i0.wp.com\/www.grieta.org.mx\/wp-content\/uploads\/2018\/03\/14524434_1106112876131411_958039263622046936_o.jpg?resize=700%2C400 2x"},"classes":[]},{"id":1705,"url":"http:\/\/www.grieta.org.mx\/index.php\/2015\/07\/10\/protestan-trabajadores-del-inah-para-exigir-mejoras-laborales\/","url_meta":{"origin":1683,"position":2},"title":"Protestan trabajadores del INAH para exigir mejoras laborales","author":"grieta","date":"10 julio, 2015","format":false,"excerpt":"Noticias. Benjam\u00edn M\u00e9ndez, Oaxaca.- Trabajadores sindicalizados del Instituto Nacional de Antropolog\u00eda e Historia (INAH) en Oaxaca pararon labores este d\u00eda para exigir mejores condiciones laborales y aumentos salariales. La protesta se realiza paralelamente en las delegaciones del INAH de todo el pa\u00eds. Entre las demandas de los trabajadores est\u00e1 la\u2026","rel":"","context":"En &quot;CINTILLO&quot;","block_context":{"text":"CINTILLO","link":"http:\/\/www.grieta.org.mx\/index.php\/category\/cintillo\/"},"img":{"alt_text":"","src":"https:\/\/i0.wp.com\/www.grieta.org.mx\/wp-content\/uploads\/2018\/03\/14524434_1106112876131411_958039263622046936_o.jpg?resize=350%2C200","width":350,"height":200,"srcset":"https:\/\/i0.wp.com\/www.grieta.org.mx\/wp-content\/uploads\/2018\/03\/14524434_1106112876131411_958039263622046936_o.jpg?resize=350%2C200 1x, https:\/\/i0.wp.com\/www.grieta.org.mx\/wp-content\/uploads\/2018\/03\/14524434_1106112876131411_958039263622046936_o.jpg?resize=525%2C300 1.5x, https:\/\/i0.wp.com\/www.grieta.org.mx\/wp-content\/uploads\/2018\/03\/14524434_1106112876131411_958039263622046936_o.jpg?resize=700%2C400 2x"},"classes":[]},{"id":21091,"url":"http:\/\/www.grieta.org.mx\/index.php\/2016\/09\/04\/se-quejan-trabajadores-de-salud-de-presunto-acoso-laboral-oaxaca\/","url_meta":{"origin":1683,"position":3},"title":"Se quejan trabajadores de salud de presunto acoso laboral  (OAXACA)","author":"grieta","date":"4 septiembre, 2016","format":false,"excerpt":"Luis Jer\u00f3nimo, Oaxaca. OAXACA, Oax., 4 de septiembre de 2016.- Integrantes de la Secci\u00f3n 9 del Sindicato Independiente Nacional de Trabajadores de Salud (SINTS) se quejaron de un presunto hostigamiento laboral en su contra y supuestos malos manejos en los recursos p\u00fablicos. Los inconformes, que mantienen desde hace dos d\u00edas\u2026","rel":"","context":"En &quot;CINTILLO&quot;","block_context":{"text":"CINTILLO","link":"http:\/\/www.grieta.org.mx\/index.php\/category\/cintillo\/"},"img":{"alt_text":"","src":"https:\/\/i0.wp.com\/www.grieta.org.mx\/wp-content\/uploads\/2018\/03\/14524434_1106112876131411_958039263622046936_o.jpg?resize=350%2C200","width":350,"height":200,"srcset":"https:\/\/i0.wp.com\/www.grieta.org.mx\/wp-content\/uploads\/2018\/03\/14524434_1106112876131411_958039263622046936_o.jpg?resize=350%2C200 1x, https:\/\/i0.wp.com\/www.grieta.org.mx\/wp-content\/uploads\/2018\/03\/14524434_1106112876131411_958039263622046936_o.jpg?resize=525%2C300 1.5x, https:\/\/i0.wp.com\/www.grieta.org.mx\/wp-content\/uploads\/2018\/03\/14524434_1106112876131411_958039263622046936_o.jpg?resize=700%2C400 2x"},"classes":[]},{"id":12116,"url":"http:\/\/www.grieta.org.mx\/index.php\/2016\/05\/09\/bloquean-defraudados-calles-del-centro-de-oaxaca-piden-sus-pagos\/","url_meta":{"origin":1683,"position":4},"title":"Bloquean defraudados calles del centro de Oaxaca; piden sus pagos","author":"grieta","date":"9 mayo, 2016","format":false,"excerpt":"Quadrat\u00edn. Vidalia Cruz, Oaxaca, 9 de mayo de 2016.- Un grupo de personas defraudadas de varias cajas de ahorro iniciaron este lunes un bloqueo en calles del centro de hist\u00f3rico de la ciudad de Oaxaca para pedir el pago para m\u00e1s de 30 mil afectados. Previamente, el grupo se concentr\u00f3\u2026","rel":"","context":"En &quot;CINTILLO&quot;","block_context":{"text":"CINTILLO","link":"http:\/\/www.grieta.org.mx\/index.php\/category\/cintillo\/"},"img":{"alt_text":"","src":"https:\/\/i0.wp.com\/www.grieta.org.mx\/wp-content\/uploads\/2018\/03\/14524434_1106112876131411_958039263622046936_o.jpg?resize=350%2C200","width":350,"height":200,"srcset":"https:\/\/i0.wp.com\/www.grieta.org.mx\/wp-content\/uploads\/2018\/03\/14524434_1106112876131411_958039263622046936_o.jpg?resize=350%2C200 1x, https:\/\/i0.wp.com\/www.grieta.org.mx\/wp-content\/uploads\/2018\/03\/14524434_1106112876131411_958039263622046936_o.jpg?resize=525%2C300 1.5x, https:\/\/i0.wp.com\/www.grieta.org.mx\/wp-content\/uploads\/2018\/03\/14524434_1106112876131411_958039263622046936_o.jpg?resize=700%2C400 2x"},"classes":[]},{"id":16407,"url":"http:\/\/www.grieta.org.mx\/index.php\/2016\/07\/10\/maestros-de-oaxaca-mantienen-seis-bloqueos-carreteros-este-domingo\/","url_meta":{"origin":1683,"position":5},"title":"Maestros de Oaxaca mantienen seis bloqueos carreteros este domingo","author":"grieta","date":"10 julio, 2016","format":false,"excerpt":"El Financiero. Evlin Arag\u00f3n, Oaxaca.- Con menor participaci\u00f3n que en anteriores d\u00edas, este fin de semana integrantes de la Secci\u00f3n 22 adherida a la Coordinadora Nacional de Trabajadores de la Educaci\u00f3n (CNTE), mantuvieron algunos bloqueos al interior del estado e impidieron el acceso en las oficinas principales del Instituto Estatal\u2026","rel":"","context":"En &quot;CINTILLO&quot;","block_context":{"text":"CINTILLO","link":"http:\/\/www.grieta.org.mx\/index.php\/category\/cintillo\/"},"img":{"alt_text":"","src":"https:\/\/i0.wp.com\/www.grieta.org.mx\/wp-content\/uploads\/2018\/03\/14524434_1106112876131411_958039263622046936_o.jpg?resize=350%2C200","width":350,"height":200,"srcset":"https:\/\/i0.wp.com\/www.grieta.org.mx\/wp-content\/uploads\/2018\/03\/14524434_1106112876131411_958039263622046936_o.jpg?resize=350%2C200 1x, https:\/\/i0.wp.com\/www.grieta.org.mx\/wp-content\/uploads\/2018\/03\/14524434_1106112876131411_958039263622046936_o.jpg?resize=525%2C300 1.5x, https:\/\/i0.wp.com\/www.grieta.org.mx\/wp-content\/uploads\/2018\/03\/14524434_1106112876131411_958039263622046936_o.jpg?resize=700%2C400 2x"},"classes":[]}],"_links":{"self":[{"href":"http:\/\/www.grieta.org.mx\/index.php\/wp-json\/wp\/v2\/posts\/1683","targetHints":{"allow":["GET"]}}],"collection":[{"href":"http:\/\/www.grieta.org.mx\/index.php\/wp-json\/wp\/v2\/posts"}],"about":[{"href":"http:\/\/www.grieta.org.mx\/index.php\/wp-json\/wp\/v2\/types\/post"}],"author":[{"embeddable":true,"href":"http:\/\/www.grieta.org.mx\/index.php\/wp-json\/wp\/v2\/users\/2"}],"replies":[{"embeddable":true,"href":"http:\/\/www.grieta.org.mx\/index.php\/wp-json\/wp\/v2\/comments?post=1683"}],"version-history":[{"count":1,"href":"http:\/\/www.grieta.org.mx\/index.php\/wp-json\/wp\/v2\/posts\/1683\/revisions"}],"predecessor-version":[{"id":23971,"href":"http:\/\/www.grieta.org.mx\/index.php\/wp-json\/wp\/v2\/posts\/1683\/revisions\/23971"}],"wp:featuredmedia":[{"embeddable":true,"href":"http:\/\/www.grieta.org.mx\/index.php\/wp-json\/wp\/v2\/media\/21928"}],"wp:attachment":[{"href":"http:\/\/www.grieta.org.mx\/index.php\/wp-json\/wp\/v2\/media?parent=1683"}],"wp:term":[{"taxonomy":"category","embeddable":true,"href":"http:\/\/www.grieta.org.mx\/index.php\/wp-json\/wp\/v2\/categories?post=1683"},{"taxonomy":"post_tag","embeddable":true,"href":"http:\/\/www.grieta.org.mx\/index.php\/wp-json\/wp\/v2\/tags?post=1683"}],"curies":[{"name":"wp","href":"https:\/\/api.w.org\/{rel}","templated":true}]}}