{"id":16745,"date":"2016-02-09T20:16:56","date_gmt":"2016-02-10T02:16:56","guid":{"rendered":"http:\/\/www.grieta.org.mx\/?p=16745"},"modified":"2016-07-14T20:19:32","modified_gmt":"2016-07-15T01:19:32","slug":"paralizan-obra-de-fabrica-a-proteak","status":"publish","type":"post","link":"http:\/\/www.grieta.org.mx\/index.php\/2016\/02\/09\/paralizan-obra-de-fabrica-a-proteak\/","title":{"rendered":"Paralizan obra de f\u00e1brica a Proteak"},"content":{"rendered":"<p>Rebeca Gonz\u00e1lez L\u00f3pez <\/p>\n<p>300 obreros de C\u00e1rdenas y Huimanguillo exigen a la empresa alemana \u201cDieffenbacher\u201d les liquide seis meses de salario<\/p>\n<p>\u201cSi queremos que nos paguen nos dicen que debemos ir a los juzgados de Suiza y Alemania, el contrato que firmamos est\u00e1 en ingl\u00e9s y la mayor\u00eda aqu\u00ed no sabemos ingl\u00e9s y tampoco nos tradujeron al espa\u00f1ol dicho contrato\u201d, explicaron trabajadores de la obra civil en la planta de celulosa Proteak que se construye en la rancher\u00eda Los Naranjos de Huimanguillo, la cual qued\u00f3 suspendida.<\/p>\n<p>En las afueras de la edificaci\u00f3n, unos 300 obreros esperaban la respuesta concretamente de la compa\u00f1\u00eda constructora alemana \u201cDieffenbacher\u201d, la cual contrat\u00f3 a personal de C\u00e1rdenas y Huimanguillo como obreros de la construcci\u00f3n para levantar el emporio de Proteak.<\/p>\n<p>Pero desde agosto del a\u00f1o pasado dej\u00f3 de cumplir con los salarios prometidos, al punto que este d\u00eda y al no tener respuesta de los alemanes, quienes en un mal espa\u00f1ol, la \u00faltima vez que les vieron la cara, le dijeron a los obreros de La Chontalpa que mejor fueran a los tribunales de Suiza a cobrar salarios.<\/p>\n<p>\u201cNosotros somos gente necesitada de las fuentes de empleo y ya son varios meses que nos han pagado parcialmente y en el \u00faltimo mes ya nada, as\u00ed que decidimos suspender la obra hasta que las autoridades laborales mexicanas y del estado, intervengan para salvaguardar el producto de nuestro trabajo\u201d, explic\u00f3 Maximino P\u00e9rez, en representaci\u00f3n de los 300 obreros en paro.<\/p>\n<p>Imponen lideresa<\/p>\n<p>Sin asamblea de por medio, la representante del Ramo 033, Guadalupe Fern\u00e1ndez, en el ejido Zapotal tercera secci\u00f3n de C\u00e1rdenas, consigui\u00f3 reelegirse apenas con la aprobaci\u00f3n de 30 personas que en el 2015 resultaron beneficiadas con la entrega de Piso Firme en el marco de este programa federal.<\/p>\n<p>La reelecci\u00f3n de la mujer caus\u00f3 la molestia del resto de los 400 ciudadanos que viven en el ejido, por lo que con pancartas acudieron al palacio municipal a pedirle a las autoridades su intervenci\u00f3n para revocar el nombramiento de la representante del Ramo 033.<\/p>\n<p>POR QU\u00c9<br \/>\nLa planta est\u00e1 en la rancher\u00eda Los Naranjos, donde los obreros inconformes colocaron varias mantas rojinegras con leyendas contra la empresa \u201cDieffenbacher\u201d.<\/p>\n<p><a href=\"http:\/\/104.236.136.17\/nota\/295833\/minus\" target=\"_blank\">http:\/\/104.236.136.17\/nota\/295833\/minus<\/a><\/p>\n","protected":false},"excerpt":{"rendered":"<p>Rebeca Gonz\u00e1lez L\u00f3pez 300 obreros de C\u00e1rdenas y Huimanguillo exigen a la empresa alemana \u201cDieffenbacher\u201d les liquide seis meses de salario \u201cSi queremos que nos paguen nos dicen que debemos &hellip; <a href=\"http:\/\/www.grieta.org.mx\/index.php\/2016\/02\/09\/paralizan-obra-de-fabrica-a-proteak\/\" class=\"more-link\">Leer m\u00e1s<\/a><\/p>\n","protected":false},"author":2,"featured_media":21928,"comment_status":"closed","ping_status":"closed","sticky":false,"template":"","format":"standard","meta":{"ngg_post_thumbnail":0,"_jetpack_newsletter_access":"","_jetpack_dont_email_post_to_subs":false,"_jetpack_newsletter_tier_id":0,"_jetpack_memberships_contains_paywalled_content":false,"_jetpack_memberships_contains_paid_content":false,"footnotes":""},"categories":[80,415],"tags":[105],"class_list":["post-16745","post","type-post","status-publish","format-standard","has-post-thumbnail","hentry","category-cintillo","category-tabasco","tag-derechos-laborales","entry"],"jetpack_featured_media_url":"http:\/\/www.grieta.org.mx\/wp-content\/uploads\/2018\/03\/14524434_1106112876131411_958039263622046936_o.jpg","jetpack_sharing_enabled":true,"jetpack_shortlink":"https:\/\/wp.me\/p7ZJR4-4m5","jetpack_likes_enabled":false,"jetpack-related-posts":[{"id":20641,"url":"http:\/\/www.grieta.org.mx\/index.php\/2016\/02\/09\/paralizan-obra-de-fabrica-a-proteak-2\/","url_meta":{"origin":16745,"position":0},"title":"Paralizan obra de f\u00e1brica a Proteak","author":"grieta","date":"9 febrero, 2016","format":false,"excerpt":"300 obreros de C\u00e1rdenas y Huimanguillo exigen a la empresa alemana \u201cDieffenbacher\u201d les liquide seis meses de salario Rebeca Gonz\u00e1lez L\u00f3pez 09\/02\/2016 09:50 \/ Huimanguillo, Tabasco \u201cSi queremos que nos paguen nos dicen que debemos ir a los juzgados de Suiza y Alemania, el contrato que firmamos est\u00e1 en ingl\u00e9s\u2026","rel":"","context":"En &quot;CINTILLO&quot;","block_context":{"text":"CINTILLO","link":"http:\/\/www.grieta.org.mx\/index.php\/category\/cintillo\/"},"img":{"alt_text":"","src":"https:\/\/i0.wp.com\/www.grieta.org.mx\/wp-content\/uploads\/2018\/03\/14524434_1106112876131411_958039263622046936_o.jpg?resize=350%2C200","width":350,"height":200,"srcset":"https:\/\/i0.wp.com\/www.grieta.org.mx\/wp-content\/uploads\/2018\/03\/14524434_1106112876131411_958039263622046936_o.jpg?resize=350%2C200 1x, https:\/\/i0.wp.com\/www.grieta.org.mx\/wp-content\/uploads\/2018\/03\/14524434_1106112876131411_958039263622046936_o.jpg?resize=525%2C300 1.5x, https:\/\/i0.wp.com\/www.grieta.org.mx\/wp-content\/uploads\/2018\/03\/14524434_1106112876131411_958039263622046936_o.jpg?resize=700%2C400 2x"},"classes":[]},{"id":6538,"url":"http:\/\/www.grieta.org.mx\/index.php\/2015\/11\/09\/cierran-el-paso-al-complejo-procesador-de-gas-la-venta\/","url_meta":{"origin":16745,"position":1},"title":"Cierran el paso al Complejo Procesador de Gas La Venta","author":"grieta","date":"9 noviembre, 2015","format":false,"excerpt":"noviembre 9, 2015 LA VENTA\/REDACCI\u00d3N\/ORO NEGRO.- De nueva cuenta y en menos de un mes fue cerrada la principal v\u00eda de Villa La Venta, Huimanguillo del estado de Tabasco a m\u00e1s de 400 obreros que laboran en el Complejo Procesador de Gas La Venta, (CPGLV) y compa\u00f1\u00edas as\u00ed como se\u2026","rel":"","context":"En &quot;CINTILLO&quot;","block_context":{"text":"CINTILLO","link":"http:\/\/www.grieta.org.mx\/index.php\/category\/cintillo\/"},"img":{"alt_text":"","src":"https:\/\/i0.wp.com\/www.grieta.org.mx\/wp-content\/uploads\/2018\/03\/14524434_1106112876131411_958039263622046936_o.jpg?resize=350%2C200","width":350,"height":200,"srcset":"https:\/\/i0.wp.com\/www.grieta.org.mx\/wp-content\/uploads\/2018\/03\/14524434_1106112876131411_958039263622046936_o.jpg?resize=350%2C200 1x, https:\/\/i0.wp.com\/www.grieta.org.mx\/wp-content\/uploads\/2018\/03\/14524434_1106112876131411_958039263622046936_o.jpg?resize=525%2C300 1.5x, https:\/\/i0.wp.com\/www.grieta.org.mx\/wp-content\/uploads\/2018\/03\/14524434_1106112876131411_958039263622046936_o.jpg?resize=700%2C400 2x"},"classes":[]},{"id":6534,"url":"http:\/\/www.grieta.org.mx\/index.php\/2015\/11\/17\/cansados-de-pemex-campesinos-cierran-accesos-en-huimanguillo\/","url_meta":{"origin":16745,"position":2},"title":"Cansados de Pemex, campesinos cierran accesos en Huimanguillo","author":"grieta","date":"17 noviembre, 2015","format":false,"excerpt":"HUIMANGUILLO\/REDACCI\u00d3N\/ORO NEGRO.- Cerca de 50 campesinos del ejido Francisco Trujillo Gurr\u00eda de Huimanguillo, bloquean este martes el entronque La Ceiba a todo veh\u00edculos de Petr\u00f3leos Mexicanos (Pemex). Los labriegos cerraron el acceso al complejo procesador de gas La Venta y al campo Cinco Presidentes. Seg\u00fan ellos estos bloqueos se hacen\u2026","rel":"","context":"En &quot;CINTILLO&quot;","block_context":{"text":"CINTILLO","link":"http:\/\/www.grieta.org.mx\/index.php\/category\/cintillo\/"},"img":{"alt_text":"","src":"https:\/\/i0.wp.com\/www.grieta.org.mx\/wp-content\/uploads\/2018\/03\/14524434_1106112876131411_958039263622046936_o.jpg?resize=350%2C200","width":350,"height":200,"srcset":"https:\/\/i0.wp.com\/www.grieta.org.mx\/wp-content\/uploads\/2018\/03\/14524434_1106112876131411_958039263622046936_o.jpg?resize=350%2C200 1x, https:\/\/i0.wp.com\/www.grieta.org.mx\/wp-content\/uploads\/2018\/03\/14524434_1106112876131411_958039263622046936_o.jpg?resize=525%2C300 1.5x, https:\/\/i0.wp.com\/www.grieta.org.mx\/wp-content\/uploads\/2018\/03\/14524434_1106112876131411_958039263622046936_o.jpg?resize=700%2C400 2x"},"classes":[]},{"id":31716,"url":"http:\/\/www.grieta.org.mx\/index.php\/2019\/03\/31\/aqui-a-todos-los-mandan-al-hospital-de-villahermosa-aqui-solo-atienden-dolor-de-cabeza-y-gripa-tabasco\/","url_meta":{"origin":16745,"position":3},"title":"&#8220;Aqu\u00ed a todos los mandan al Hospital de Villahermosa, aqu\u00ed solo atienden dolor de cabeza y gripa&#8221; (Tabasco)","author":"grieta","date":"31 marzo, 2019","format":false,"excerpt":"Roberto Barbosa Sosa \/ La Silla Rota C\u00c1RDENAS, Tabasco.- En febrero del a\u00f1o pasado, falleci\u00f3 en un hospital de Villahermosa la esposa de don Jes\u00fas Manuel de la Cruz, a sus 35 a\u00f1os, luego de permanecer seis meses internada. Pero previo a ese fatal desenlace, los familiares tuvieron que viajar\u2026","rel":"","context":"En &quot;CINTILLO&quot;","block_context":{"text":"CINTILLO","link":"http:\/\/www.grieta.org.mx\/index.php\/category\/cintillo\/"},"img":{"alt_text":"","src":"https:\/\/i0.wp.com\/www.grieta.org.mx\/wp-content\/uploads\/2019\/04\/hospitaldetabasco9-focus-0-0-480-345.jpg?resize=350%2C200","width":350,"height":200},"classes":[]},{"id":45255,"url":"http:\/\/www.grieta.org.mx\/index.php\/2020\/02\/10\/campesinos-bloquean-complejo-de-pemex-en-huimanguillo-tabasco\/","url_meta":{"origin":16745,"position":4},"title":"Campesinos bloquean Complejo de Pemex en Huimanguillo (Tabasco)","author":"Admin","date":"10 febrero, 2020","format":false,"excerpt":"Abel Gonz\u00e1lez Su\u00e1rez \/ Tabasco HOY Ejidatarios reclaman que el paso de un gasoducto de 48 pulgadas de di\u00e1metro, obstruye los escurrimientos naturales. 10\/02\/2020 19:03 \/ La Venta, Huimanguillo Desde las 07:00 horas de este lunes, campesinos de los ejidos Tres Bocas, Zanapa, El Chapo y Francisco Trujillo cierran el\u2026","rel":"","context":"En &quot;CINTILLO&quot;","block_context":{"text":"CINTILLO","link":"http:\/\/www.grieta.org.mx\/index.php\/category\/cintillo\/"},"img":{"alt_text":"","src":"https:\/\/i0.wp.com\/www.grieta.org.mx\/wp-content\/uploads\/2020\/02\/500606_grande_0u9G1m2v.jpg?resize=350%2C200","width":350,"height":200,"srcset":"https:\/\/i0.wp.com\/www.grieta.org.mx\/wp-content\/uploads\/2020\/02\/500606_grande_0u9G1m2v.jpg?resize=350%2C200 1x, https:\/\/i0.wp.com\/www.grieta.org.mx\/wp-content\/uploads\/2020\/02\/500606_grande_0u9G1m2v.jpg?resize=525%2C300 1.5x, https:\/\/i0.wp.com\/www.grieta.org.mx\/wp-content\/uploads\/2020\/02\/500606_grande_0u9G1m2v.jpg?resize=700%2C400 2x"},"classes":[]},{"id":6395,"url":"http:\/\/www.grieta.org.mx\/index.php\/2015\/06\/03\/pemex-trabaja-en-control-de-incendio-en-gasoducto-en-tabasco\/","url_meta":{"origin":16745,"position":5},"title":"Pemex trabaja en control de incendio en gasoducto en Tabasco","author":"grieta","date":"3 junio, 2015","format":false,"excerpt":"Redacci\u00f3n Sin Embargo Villahermosa, 3 Jun (Notimex).- Personal de Petr\u00f3leos Mexicanos (Pemex) contra incendio del sector Ductos de C\u00e1rdenas y de Nuevo Pemex trabaja en el control de un incendio en el gasoducto Cactus-San Fernando, en el municipio de Huimanguillo. En un comunicado, Pemex se\u00f1al\u00f3 que el gasoducto se encuentra\u2026","rel":"","context":"En &quot;CINTILLO&quot;","block_context":{"text":"CINTILLO","link":"http:\/\/www.grieta.org.mx\/index.php\/category\/cintillo\/"},"img":{"alt_text":"","src":"https:\/\/i0.wp.com\/www.grieta.org.mx\/wp-content\/uploads\/2018\/03\/14524434_1106112876131411_958039263622046936_o.jpg?resize=350%2C200","width":350,"height":200,"srcset":"https:\/\/i0.wp.com\/www.grieta.org.mx\/wp-content\/uploads\/2018\/03\/14524434_1106112876131411_958039263622046936_o.jpg?resize=350%2C200 1x, https:\/\/i0.wp.com\/www.grieta.org.mx\/wp-content\/uploads\/2018\/03\/14524434_1106112876131411_958039263622046936_o.jpg?resize=525%2C300 1.5x, https:\/\/i0.wp.com\/www.grieta.org.mx\/wp-content\/uploads\/2018\/03\/14524434_1106112876131411_958039263622046936_o.jpg?resize=700%2C400 2x"},"classes":[]}],"_links":{"self":[{"href":"http:\/\/www.grieta.org.mx\/index.php\/wp-json\/wp\/v2\/posts\/16745","targetHints":{"allow":["GET"]}}],"collection":[{"href":"http:\/\/www.grieta.org.mx\/index.php\/wp-json\/wp\/v2\/posts"}],"about":[{"href":"http:\/\/www.grieta.org.mx\/index.php\/wp-json\/wp\/v2\/types\/post"}],"author":[{"embeddable":true,"href":"http:\/\/www.grieta.org.mx\/index.php\/wp-json\/wp\/v2\/users\/2"}],"replies":[{"embeddable":true,"href":"http:\/\/www.grieta.org.mx\/index.php\/wp-json\/wp\/v2\/comments?post=16745"}],"version-history":[{"count":1,"href":"http:\/\/www.grieta.org.mx\/index.php\/wp-json\/wp\/v2\/posts\/16745\/revisions"}],"predecessor-version":[{"id":16746,"href":"http:\/\/www.grieta.org.mx\/index.php\/wp-json\/wp\/v2\/posts\/16745\/revisions\/16746"}],"wp:featuredmedia":[{"embeddable":true,"href":"http:\/\/www.grieta.org.mx\/index.php\/wp-json\/wp\/v2\/media\/21928"}],"wp:attachment":[{"href":"http:\/\/www.grieta.org.mx\/index.php\/wp-json\/wp\/v2\/media?parent=16745"}],"wp:term":[{"taxonomy":"category","embeddable":true,"href":"http:\/\/www.grieta.org.mx\/index.php\/wp-json\/wp\/v2\/categories?post=16745"},{"taxonomy":"post_tag","embeddable":true,"href":"http:\/\/www.grieta.org.mx\/index.php\/wp-json\/wp\/v2\/tags?post=16745"}],"curies":[{"name":"wp","href":"https:\/\/api.w.org\/{rel}","templated":true}]}}