{"id":16735,"date":"2012-04-29T19:31:26","date_gmt":"2012-04-30T00:31:26","guid":{"rendered":"http:\/\/www.grieta.org.mx\/?p=16735"},"modified":"2016-07-14T19:35:32","modified_gmt":"2016-07-15T00:35:32","slug":"la-cara-triste-de-costa-alegre","status":"publish","type":"post","link":"http:\/\/www.grieta.org.mx\/index.php\/2012\/04\/29\/la-cara-triste-de-costa-alegre\/","title":{"rendered":"La cara triste de Costa Alegre"},"content":{"rendered":"<p> Paloma Robles<\/p>\n<p>El boom hotelero y residencial en la costa del sur de Jalisco no representa un crecimiento econ\u00f3mico para una zona con altos \u00edndices de marginaci\u00f3n, sino un negocio de un peque\u00f1o grupo de particulares.<\/p>\n<p>El crecimiento inmobiliario en la llamada Costa Alegre de Jalisco esconde en sus entra\u00f1as intereses de algunos particulares,  m\u00e1s que un verdadero desarrollo regional.<\/p>\n<p>Pr\u00edncipes, pol\u00edticos, empresarios y hasta capos del narco se refugian en las hermosas playas de Costa Alegre en contraste con los ejidos de la zona<\/p>\n<p>Estos grandes y exclusivos complejos hoteleros causan adem\u00e1s un da\u00f1o ecol\u00f3gico enorme.<br \/>\nY el anuncio de la construcci\u00f3n de uno nuevo espec\u00edficamente en la playa Chalacatepec tiene asustados a algunos ejidatarios de la zona.<\/p>\n<p>Porque muchos decidieron vender, en ocasiones a un precio por dem\u00e1s ventajoso para las constructoras,  pero los que no quisieron est\u00e1n en riesgo de perder sus ingresos o ser desalojados con violencia como ya se vivi\u00f3 en otros poblados de la zona por los mismos intereses.<\/p>\n<p>La costa de Jalisco es uno de los puntos m\u00e1s lejanos desde la capital del Estado, los municipios de Cihuatl\u00e1n, Tomatl\u00e1n y la Huerta tienen \u00edndices de marginalidad que van de medio a alto, seg\u00fan sus localidades.<\/p>\n<p>Desde hace medio siglo algunas familias europeas como la del ingl\u00e9s Sir James Goldsmith y la del Banquero Italiano Gian Franco Brignone llegaron a la zona atra\u00eddos por la riqueza natural de la selva baja de Jalisco.<\/p>\n<p>Playas privatizadas<\/p>\n<p>Extranjeros con capital e intereses en la costa han canjeando a los ejidatarios -con la ayuda de los gobiernos- trabajo, a cambio de tierras y m\u00e1s poder.<\/p>\n<p>El complejo de Careyes de la familia Brignone conserva con absoluta exclusividad mansiones, villas y peque\u00f1os bungalows cuyos previos solo son accesibles para el jet set internacional y algunos pol\u00edticos mexicanos.<\/p>\n<p>En este complejo tur\u00edstico,  Arturo Montiel el ex gobernador del Estado de M\u00e9xico y padrino pol\u00edtico de Enrique Pe\u00f1a Nieto tiene una vivienda que supera los 20 millones de d\u00f3lares seg\u00fan registros de la presa.<\/p>\n<p>Ubicado en Rinc\u00f3n de Careyes la casa se erige sobre un risco con vista al pacifico. La playa m\u00e1s cercana es Playa Rosa que pertenece al complejo hotelero de la familia Italiana antes mencionada.<\/p>\n<p>Otro desarrollo tur\u00edstico de alto nivel se ubica en la Playa de Cuixmala.<\/p>\n<p>El ingl\u00e9s Sir James Goldsmith cre\u00f3 todo un sistema de conservaci\u00f3n del medio ambiente. Ah\u00ed trabaja una centena de pobladores de la regi\u00f3n en labores de servicio.<\/p>\n<p>A la muerte del patr\u00f3n, la mansi\u00f3n de la familia fue convertida en hotel de lujo, recientemente el secretario particular del Presidente Felipe Calder\u00f3n contrajo nupcias en dicho lugar.<\/p>\n<p>La playa Las Alamandas es otro sitio de visita de la \u00e9lite internacional. Su propietaria Isabel Goldsmith es nieta del empresario boliviano Antenor Pati\u00f1o, constructor y due\u00f1o del proyecto Las Hadas en Manzanillo, Colima.<\/p>\n<p>El a\u00f1o pasado entre las playas de Careyes y el Complejo de Cuixmala se clausur\u00f3 buena parte de la costa a fin de erigir dos nuevos proyectos La Tambora y Marina Careyes.<\/p>\n<p>Las inversiones tur\u00edsticas involucran a empresarios nacionales y locales.<\/p>\n<p>En Barra de Navidad la familia Lea\u00f1o de la Universidad Aut\u00f3noma de Guadalajara construyeron el complejo Isla Navidad.<\/p>\n<p>Y en 2010 dos nuevos proyectos particulares se adue\u00f1aron de las playas como lo fue el caso de la bah\u00eda de Tenacatita y Chalacatepec.<\/p>\n<p>El primero fue un proyecto del empresario jalisciense Jos\u00e9 Mar\u00eda Andr\u00e9s Villalobos quien bajo la protecci\u00f3n de la polic\u00eda Estatal tom\u00f3 posesi\u00f3n de los terrenos de los habitantes de  la regi\u00f3n clausurando la entrada de manera arbitraria.<\/p>\n<p>Finalmente, en 2010 se dio a conocer el proyecto de Chalacatepec, bautizado por el propio gobernador del Estado como el \u201cNuevo Canc\u00fan\u201d, un proyecto que en principio se vendi\u00f3 como de baja densidad pero que apunta a la atracci\u00f3n de  un turismo de clase media alta.<\/p>\n<p>Para el inicio de este proyecto, el instituto de pensiones invirti\u00f3 89 millones de d\u00f3lares del dinero de los trabajadores del Estado, que corresponden a un 45 por ciento de la participaci\u00f3n del total del proyecto.<\/p>\n<p>A un costado de Chalacatepec se encuentra Campo Acosta en donde los ejidatarios due\u00f1os de las tierras hace cuatro a\u00f1os fueron despojados por una empresa de Puerto Vallarta quien alegaba la compra de los terrenos al municipio de Tomatl\u00e1n.<\/p>\n<p>Extranjeros con capital e intereses en la costa han canjeando a los ejidatarios \u2013con la ayuda de los gobiernos\u2013 sus tierras<\/p>\n<p>Intereses particulares bloquean carretera<\/p>\n<p>La carretera a la playa de Tenacatita municipio de La Huerta Jalisco est\u00e1 bloqueada por polic\u00edas estatales desde hace m\u00e1s de un a\u00f1o, para pasar se requiere de entrar sin c\u00e1maras tras una revisi\u00f3n.<\/p>\n<p>Los restauranteros y comerciantes locales fueron desalojados a punta de golpes y se destruyeron sus puestos en agosto de 2011 porque los terrenos aleda\u00f1os a dicha playa pertenecen a la Inmobiliaria Rodenas, una empresa que busca construir un complejo tur\u00edstico de primer nivel.<\/p>\n<p>Actualmente los habitantes de El Rebalsito y La Rosa que viv\u00edan del comercio en Tenacatita obtuvieron un permiso para regresar a la playa, pero una valla de seguridad sigue bloque\u00e1ndoles el acceso a la que era su \u00fanica fuente de ingresos.<\/p>\n<p><a href=\"http:\/\/www.reporteindigo.com\/reporte\/guadalajara\/la-cara-triste-de-costa-alegre\" target=\"_blank\">http:\/\/www.reporteindigo.com\/reporte\/guadalajara\/la-cara-triste-de-costa-alegre<\/a><\/p>\n","protected":false},"excerpt":{"rendered":"<p>Paloma Robles El boom hotelero y residencial en la costa del sur de Jalisco no representa un crecimiento econ\u00f3mico para una zona con altos \u00edndices de marginaci\u00f3n, sino un negocio &hellip; <a href=\"http:\/\/www.grieta.org.mx\/index.php\/2012\/04\/29\/la-cara-triste-de-costa-alegre\/\" class=\"more-link\">Leer m\u00e1s<\/a><\/p>\n","protected":false},"author":2,"featured_media":21928,"comment_status":"closed","ping_status":"closed","sticky":false,"template":"","format":"standard","meta":{"ngg_post_thumbnail":0,"_jetpack_newsletter_access":"","_jetpack_dont_email_post_to_subs":false,"_jetpack_newsletter_tier_id":0,"_jetpack_memberships_contains_paywalled_content":false,"_jetpack_memberships_contains_paid_content":false,"footnotes":""},"categories":[80,230],"tags":[184,252,573],"class_list":["post-16735","post","type-post","status-publish","format-standard","has-post-thumbnail","hentry","category-cintillo","category-jalisco","tag-despojo","tag-privatizacion","tag-proyecto-turistico","entry"],"jetpack_featured_media_url":"http:\/\/www.grieta.org.mx\/wp-content\/uploads\/2018\/03\/14524434_1106112876131411_958039263622046936_o.jpg","jetpack_sharing_enabled":true,"jetpack_shortlink":"https:\/\/wp.me\/p7ZJR4-4lV","jetpack_likes_enabled":false,"jetpack-related-posts":[{"id":20099,"url":"http:\/\/www.grieta.org.mx\/index.php\/2016\/08\/17\/conflictos-ambientales-y-sociales-por-proyectos-turisticos-en-jalisco\/","url_meta":{"origin":16735,"position":0},"title":"Conflictos ambientales y sociales por proyectos tur\u00edsticos en Jalisco","author":"grieta","date":"17 agosto, 2016","format":false,"excerpt":"Proyecto tur\u00edstico Vistas en Chalacatepec, Tomatl\u00e1n 17\/08\/16. Buscan impugnar nombramiento de mesa directiva que dio terreno para construir hotelNotisistemas 17\/08\/16. Da Semarnat lez verde a Chalacatepec; proyecto durar\u00e1 20 a\u00f1osQuadratin Jalisco Proyectos tur\u00edsticos e inmobiliarios financiados por el gobierno de Jalisco con las pensiones de sus bur\u00f3cratas 24\/05\/16. Jalisco invierte\u2026","rel":"","context":"En &quot;\u00c1reas naturales protegidas&quot;","block_context":{"text":"\u00c1reas naturales protegidas","link":"http:\/\/www.grieta.org.mx\/index.php\/category\/megaproyectos\/areas-naturales-protegidas\/"},"img":{"alt_text":"","src":"https:\/\/i0.wp.com\/www.grieta.org.mx\/wp-content\/uploads\/2018\/03\/14524434_1106112876131411_958039263622046936_o.jpg?resize=350%2C200","width":350,"height":200,"srcset":"https:\/\/i0.wp.com\/www.grieta.org.mx\/wp-content\/uploads\/2018\/03\/14524434_1106112876131411_958039263622046936_o.jpg?resize=350%2C200 1x, https:\/\/i0.wp.com\/www.grieta.org.mx\/wp-content\/uploads\/2018\/03\/14524434_1106112876131411_958039263622046936_o.jpg?resize=525%2C300 1.5x, https:\/\/i0.wp.com\/www.grieta.org.mx\/wp-content\/uploads\/2018\/03\/14524434_1106112876131411_958039263622046936_o.jpg?resize=700%2C400 2x"},"classes":[]},{"id":16718,"url":"http:\/\/www.grieta.org.mx\/index.php\/2015\/03\/26\/costa-alegre-s-a\/","url_meta":{"origin":16735,"position":1},"title":"Costa Alegre S.A.","author":"grieta","date":"26 marzo, 2015","format":false,"excerpt":"Los procesos de despojo en la Costa Alegre de Jalisco \u2013ese litoral que el gobierno del estado quiere explotar como el nuevo gran polo tur\u00edstico del pa\u00eds\u2013 se han intensificado a tal punto que a lo largo de los 240 kil\u00f3metros que separan a Cihuatl\u00e1n de Puerto Vallarta las historias\u2026","rel":"","context":"En &quot;CINTILLO&quot;","block_context":{"text":"CINTILLO","link":"http:\/\/www.grieta.org.mx\/index.php\/category\/cintillo\/"},"img":{"alt_text":"","src":"https:\/\/i0.wp.com\/www.grieta.org.mx\/wp-content\/uploads\/2018\/03\/14524434_1106112876131411_958039263622046936_o.jpg?resize=350%2C200","width":350,"height":200,"srcset":"https:\/\/i0.wp.com\/www.grieta.org.mx\/wp-content\/uploads\/2018\/03\/14524434_1106112876131411_958039263622046936_o.jpg?resize=350%2C200 1x, https:\/\/i0.wp.com\/www.grieta.org.mx\/wp-content\/uploads\/2018\/03\/14524434_1106112876131411_958039263622046936_o.jpg?resize=525%2C300 1.5x, https:\/\/i0.wp.com\/www.grieta.org.mx\/wp-content\/uploads\/2018\/03\/14524434_1106112876131411_958039263622046936_o.jpg?resize=700%2C400 2x"},"classes":[]},{"id":16729,"url":"http:\/\/www.grieta.org.mx\/index.php\/2016\/02\/01\/louis-vuitton-construye-hotel-en-jalisco\/","url_meta":{"origin":16735,"position":2},"title":"Louis Vuitton construye hotel en Jalisco","author":"grieta","date":"1 febrero, 2016","format":false,"excerpt":"Juan Carlos Huerta El Grupo Louis Vuitton Mo\u00ebt Hennessy edifica un hotel en la playa de Careyes en Jalisco, para el cual realizar\u00e1 una inversi\u00f3n de 230 millones de d\u00f3lares en su primera etapa. JALISCO.- La cadena francesa Louis Vuitton, avanza en la construcci\u00f3n del que ser\u00e1 su hotel m\u00e1s\u2026","rel":"","context":"En &quot;CINTILLO&quot;","block_context":{"text":"CINTILLO","link":"http:\/\/www.grieta.org.mx\/index.php\/category\/cintillo\/"},"img":{"alt_text":"","src":"https:\/\/i0.wp.com\/www.grieta.org.mx\/wp-content\/uploads\/2018\/03\/14524434_1106112876131411_958039263622046936_o.jpg?resize=350%2C200","width":350,"height":200,"srcset":"https:\/\/i0.wp.com\/www.grieta.org.mx\/wp-content\/uploads\/2018\/03\/14524434_1106112876131411_958039263622046936_o.jpg?resize=350%2C200 1x, https:\/\/i0.wp.com\/www.grieta.org.mx\/wp-content\/uploads\/2018\/03\/14524434_1106112876131411_958039263622046936_o.jpg?resize=525%2C300 1.5x, https:\/\/i0.wp.com\/www.grieta.org.mx\/wp-content\/uploads\/2018\/03\/14524434_1106112876131411_958039263622046936_o.jpg?resize=700%2C400 2x"},"classes":[]},{"id":61348,"url":"http:\/\/www.grieta.org.mx\/index.php\/2021\/08\/26\/comunidades-riberenas-del-lago-de-chapala-exigen-a-conagua-liberar-playas-invadidas-por-particulares-jalisco\/","url_meta":{"origin":16735,"position":3},"title":"Comunidades ribere\u00f1as del Lago de Chapala exigen a Conagua liberar playas invadidas por particulares (Jalisco)","author":"grieta","date":"26 agosto, 2021","format":false,"excerpt":"Foto: Mario Marlo Mario Marlo \/ Zona Docs Guadalajara, Jalisco, 26 de agosto 2021.-\u00a0Esta ma\u00f1ana,\u00a0pobladores de comunidades ribere\u00f1as del Lago de Chapala, marcharon del Parque Rojo a las oficinas de la\u00a0Comisi\u00f3n Nacional del Agua (Conagua), en la ciudad de Guadalajara, donde exigieron que la instituci\u00f3n\u00a0tome inmediatamente las medidas necesarias, para\u2026","rel":"","context":"En &quot;CINTILLO&quot;","block_context":{"text":"CINTILLO","link":"http:\/\/www.grieta.org.mx\/index.php\/category\/cintillo\/"},"img":{"alt_text":"","src":"https:\/\/i0.wp.com\/www.grieta.org.mx\/wp-content\/uploads\/2021\/08\/Protesta-Pueblos-Chapala-3-scaled-1.jpg?resize=350%2C200","width":350,"height":200,"srcset":"https:\/\/i0.wp.com\/www.grieta.org.mx\/wp-content\/uploads\/2021\/08\/Protesta-Pueblos-Chapala-3-scaled-1.jpg?resize=350%2C200 1x, https:\/\/i0.wp.com\/www.grieta.org.mx\/wp-content\/uploads\/2021\/08\/Protesta-Pueblos-Chapala-3-scaled-1.jpg?resize=525%2C300 1.5x, https:\/\/i0.wp.com\/www.grieta.org.mx\/wp-content\/uploads\/2021\/08\/Protesta-Pueblos-Chapala-3-scaled-1.jpg?resize=700%2C400 2x, https:\/\/i0.wp.com\/www.grieta.org.mx\/wp-content\/uploads\/2021\/08\/Protesta-Pueblos-Chapala-3-scaled-1.jpg?resize=1050%2C600 3x"},"classes":[]},{"id":46518,"url":"http:\/\/www.grieta.org.mx\/index.php\/2020\/03\/10\/maestros-de-la-costa-norte-de-jalisco-protestan-en-la-drse-por-la-falta-de-pago\/","url_meta":{"origin":16735,"position":4},"title":"Maestros de la Costa Norte de Jalisco protestan en la DRSE por la falta de pago","author":"grieta","date":"10 marzo, 2020","format":false,"excerpt":"Foto: Javier Fr\u00edas Los maestros permanecer\u00e1n hasta la tarde de hoy al exterior de la dependencia estatal aqu\u00ed en Puerto Vallarta, misma que no abri\u00f3 sus puertas Equipo Editorial \/ UDGTV Puerto Vallarta Jalisco. Debido a que, desde agosto pasado, 320 profesores de educaci\u00f3n b\u00e1sica de los municipios de Puerto\u2026","rel":"","context":"En &quot;CINTILLO&quot;","block_context":{"text":"CINTILLO","link":"http:\/\/www.grieta.org.mx\/index.php\/category\/cintillo\/"},"img":{"alt_text":"","src":"https:\/\/i0.wp.com\/www.grieta.org.mx\/wp-content\/uploads\/2020\/03\/Protesta-DRSE-JAvier-Fr%C3%ADas-Pv-696x392.jpeg?resize=350%2C200","width":350,"height":200,"srcset":"https:\/\/i0.wp.com\/www.grieta.org.mx\/wp-content\/uploads\/2020\/03\/Protesta-DRSE-JAvier-Fr%C3%ADas-Pv-696x392.jpeg?resize=350%2C200 1x, https:\/\/i0.wp.com\/www.grieta.org.mx\/wp-content\/uploads\/2020\/03\/Protesta-DRSE-JAvier-Fr%C3%ADas-Pv-696x392.jpeg?resize=525%2C300 1.5x"},"classes":[]},{"id":13034,"url":"http:\/\/www.grieta.org.mx\/index.php\/2016\/05\/24\/jalisco-invierte-dinero-de-sus-burocratas-en-desarrollos-hoteleros\/","url_meta":{"origin":16735,"position":5},"title":"Jalisco invierte dinero de sus bur\u00f3cratas en desarrollos hoteleros","author":"grieta","date":"24 mayo, 2016","format":false,"excerpt":"Juan Carlos Huerta El Instituto de Pensiones del Estado de Jalisco es propietario de condominios, fincas, terrenos, estacionamientos, de unidades m\u00e9dicas, locales comerciales, departamentos y salones para eventos, adem\u00e1s es administrador de edificios. GUADALAJARA, Jalisco.- El gobierno de Jalisco invierte el fondo de pensiones de sus bur\u00f3cratas en tres proyectos\u2026","rel":"","context":"En &quot;CINTILLO&quot;","block_context":{"text":"CINTILLO","link":"http:\/\/www.grieta.org.mx\/index.php\/category\/cintillo\/"},"img":{"alt_text":"","src":"https:\/\/i0.wp.com\/www.grieta.org.mx\/wp-content\/uploads\/2018\/03\/14524434_1106112876131411_958039263622046936_o.jpg?resize=350%2C200","width":350,"height":200,"srcset":"https:\/\/i0.wp.com\/www.grieta.org.mx\/wp-content\/uploads\/2018\/03\/14524434_1106112876131411_958039263622046936_o.jpg?resize=350%2C200 1x, https:\/\/i0.wp.com\/www.grieta.org.mx\/wp-content\/uploads\/2018\/03\/14524434_1106112876131411_958039263622046936_o.jpg?resize=525%2C300 1.5x, https:\/\/i0.wp.com\/www.grieta.org.mx\/wp-content\/uploads\/2018\/03\/14524434_1106112876131411_958039263622046936_o.jpg?resize=700%2C400 2x"},"classes":[]}],"_links":{"self":[{"href":"http:\/\/www.grieta.org.mx\/index.php\/wp-json\/wp\/v2\/posts\/16735","targetHints":{"allow":["GET"]}}],"collection":[{"href":"http:\/\/www.grieta.org.mx\/index.php\/wp-json\/wp\/v2\/posts"}],"about":[{"href":"http:\/\/www.grieta.org.mx\/index.php\/wp-json\/wp\/v2\/types\/post"}],"author":[{"embeddable":true,"href":"http:\/\/www.grieta.org.mx\/index.php\/wp-json\/wp\/v2\/users\/2"}],"replies":[{"embeddable":true,"href":"http:\/\/www.grieta.org.mx\/index.php\/wp-json\/wp\/v2\/comments?post=16735"}],"version-history":[{"count":1,"href":"http:\/\/www.grieta.org.mx\/index.php\/wp-json\/wp\/v2\/posts\/16735\/revisions"}],"predecessor-version":[{"id":16736,"href":"http:\/\/www.grieta.org.mx\/index.php\/wp-json\/wp\/v2\/posts\/16735\/revisions\/16736"}],"wp:featuredmedia":[{"embeddable":true,"href":"http:\/\/www.grieta.org.mx\/index.php\/wp-json\/wp\/v2\/media\/21928"}],"wp:attachment":[{"href":"http:\/\/www.grieta.org.mx\/index.php\/wp-json\/wp\/v2\/media?parent=16735"}],"wp:term":[{"taxonomy":"category","embeddable":true,"href":"http:\/\/www.grieta.org.mx\/index.php\/wp-json\/wp\/v2\/categories?post=16735"},{"taxonomy":"post_tag","embeddable":true,"href":"http:\/\/www.grieta.org.mx\/index.php\/wp-json\/wp\/v2\/tags?post=16735"}],"curies":[{"name":"wp","href":"https:\/\/api.w.org\/{rel}","templated":true}]}}