{"id":16729,"date":"2016-02-01T19:13:28","date_gmt":"2016-02-02T01:13:28","guid":{"rendered":"http:\/\/www.grieta.org.mx\/?p=16729"},"modified":"2016-07-14T19:19:41","modified_gmt":"2016-07-15T00:19:41","slug":"louis-vuitton-construye-hotel-en-jalisco","status":"publish","type":"post","link":"http:\/\/www.grieta.org.mx\/index.php\/2016\/02\/01\/louis-vuitton-construye-hotel-en-jalisco\/","title":{"rendered":"Louis Vuitton construye hotel en Jalisco"},"content":{"rendered":"<p>Juan Carlos Huerta <\/p>\n<p>El Grupo Louis Vuitton Mo\u00ebt Hennessy edifica un hotel en la playa de Careyes en Jalisco, para el cual realizar\u00e1 una inversi\u00f3n de 230 millones de d\u00f3lares en su primera etapa.<\/p>\n<p>JALISCO.- La cadena francesa Louis Vuitton, avanza en la construcci\u00f3n del que ser\u00e1 su hotel m\u00e1s lujoso, en el que ya ha invertido alrededor de 230 millones de d\u00f3lares.<\/p>\n<p>El hotel Cheval Blanc del Grupo Louis Vuitton Mo\u00ebt Hennessy, (LVMH), entrar\u00e1 en funciones en 2017, se construye en la bah\u00eda de Chamela, de la playa Careyes, perteneciente al municipio de La Huerta Jalisco, y ser\u00e1 el primero de la cadena en toda Am\u00e9rica, como lo expone Miguel \u00c1ngel Landeros Volquartz, directivo de Grupo Invermar, &#8220;ser\u00e1 el hotel de lujo m\u00e1s importante de M\u00e9xico y uno de los m\u00e1s lujosos del mundo, si se pudiera denominar, ser\u00eda 7 estrellas&#8221;.<\/p>\n<p>Desde el inicio de su construcci\u00f3n se han invertido 230 millones de d\u00f3lares, ya se habilit\u00f3 un campo de golf de 18 hoyos, dise\u00f1ado por la firma Von Hagge, Smellek and Baril, al cual acceder\u00e1n tambi\u00e9n los hu\u00e9spedes de los hoteles Four Seasons y One and Only; \u00e9stos conformar\u00e1n una marina para yates, junto a LVMH.<\/p>\n<p>Contar\u00e1 tambi\u00e9n con un restaurante Le 1947, que homenajea a uno de los mejores a\u00f1os de los vi\u00f1edos de Cheval Blanc y tiene dos estrellas Michelin; que la calificaci\u00f3n otorgada por la m\u00e1s antigua gu\u00eda de restaurantes y hoteles, y alude a la calidad del servicio de los establecimientos..<\/p>\n<p>OTROS COMPONENTES DEL PROYECTO ZAFIRO<br \/>\nEl proyecto Zafiro requerir\u00e1 una inversi\u00f3n superior a los dos mil millones de d\u00f3lares; y en el caso de Louis Vuitton, contar\u00e1 con 52 habitaciones, y su costo por noche podr\u00e1 alcanzar los cuatro mil d\u00f3lares, &#8220;el hotel se vincula con las marcas de este corporativo, entonces por ejemplo, las pasarelas de Givenchy o Dior, van a tener el marco perfecto&#8221;, explic\u00f3 Landeros.<\/p>\n<p>Los otros dos componentes son One and Only que contar\u00e1 con 75 villas, y el Four Seasons que tendr\u00e1 160 habitaciones.<\/p>\n<p>LVMH requiri\u00f3 al gobierno de Jalisco una aeropista, la cual ya se est\u00e1 habilitando, seg\u00fan informa el Secretario de Turismo del Estado, Enrique Ramos Flores, &#8220;ya se destrabaron los litigios con los comuneros y empez\u00f3 a llegar el dinero federal, el aeropuerto podr\u00eda estar listo en 18 meses&#8221;.<\/p>\n<p>Agrega que se invertir\u00e1n alrededor de 90 millones de pesos en la terminal a\u00e9rea, que tendr\u00e1 capacidad para recibir aeronaves de hasta 170 pasajeros.<\/p>\n<p>DETONAR\u00c1N LA COSTA ALEGRE<br \/>\nPor otra parte, el funcionario refiere que se trabaja en la infraestructura de la Costa Alegre, &#8220;la ampliaci\u00f3n de la carretera 200 de Puerto Vallarta- Barra de Navidad, que ya lleva dos a\u00f1os en proceso y registra muy buen avance&#8221;.<\/p>\n<p>La llamada Costa Alegre se ubica al sur de Jalisco y se compone de 43 playas v\u00edrgenes, y reservas naturales, que al momento atraen al tur\u00edstico ecol\u00f3gico, por sus 300 kil\u00f3metros de acantilados, arenas de colores, y santuarios naturales.<\/p>\n<p>En esta zona se desarrollan 18 proyectos tur\u00edsticos con capital nacional y extranjero, entre los que destaca el Rancho Don Andr\u00e9s, en Careyes, que actualmente cuenta con campo de polo y ahora se proyecta para detonar el turismo ecuestre.<\/p>\n<p>Otro proyecto tur\u00edstico es la playa Cuastecomates, en Cihuatl\u00e1n, que ser\u00e1 la segunda playa de caracter\u00edsticas incluyentes en el pa\u00eds; pero a diferencia de la de Canc\u00fan, \u00e9sta es p\u00fablica.<\/p>\n<p>Al momento se habilita un muelle a lo largo de la bah\u00eda, as\u00ed como en infraestructura en calles de la comunidad, que permitir\u00e1n el transito seguro y accesible para las personas de capacidades diferentes.<\/p>\n<p>El estado de Jalisco recibi\u00f3 m\u00e1s de 21 millones de turistas en 2015, que dejaron una derrama econ\u00f3mica de 33 mil millones de pesos. De los visitantes, m\u00e1s de seis millones fueron extranjeros<\/p>\n<p><a href=\"http:\/\/www.elfinanciero.com.mx\/empresas\/louis-vuitton-construye-hotel-en-jalisco.html\" target=\"_blank\">http:\/\/www.elfinanciero.com.mx\/empresas\/louis-vuitton-construye-hotel-en-jalisco.html<\/a><\/p>\n","protected":false},"excerpt":{"rendered":"<p>Juan Carlos Huerta El Grupo Louis Vuitton Mo\u00ebt Hennessy edifica un hotel en la playa de Careyes en Jalisco, para el cual realizar\u00e1 una inversi\u00f3n de 230 millones de d\u00f3lares &hellip; <a href=\"http:\/\/www.grieta.org.mx\/index.php\/2016\/02\/01\/louis-vuitton-construye-hotel-en-jalisco\/\" class=\"more-link\">Leer m\u00e1s<\/a><\/p>\n","protected":false},"author":2,"featured_media":21928,"comment_status":"closed","ping_status":"closed","sticky":false,"template":"","format":"standard","meta":{"ngg_post_thumbnail":0,"_jetpack_newsletter_access":"","_jetpack_dont_email_post_to_subs":false,"_jetpack_newsletter_tier_id":0,"_jetpack_memberships_contains_paywalled_content":false,"_jetpack_memberships_contains_paid_content":false,"footnotes":""},"categories":[80,230],"tags":[184,252,573],"class_list":["post-16729","post","type-post","status-publish","format-standard","has-post-thumbnail","hentry","category-cintillo","category-jalisco","tag-despojo","tag-privatizacion","tag-proyecto-turistico","entry"],"jetpack_featured_media_url":"http:\/\/www.grieta.org.mx\/wp-content\/uploads\/2018\/03\/14524434_1106112876131411_958039263622046936_o.jpg","jetpack_sharing_enabled":true,"jetpack_shortlink":"https:\/\/wp.me\/p7ZJR4-4lP","jetpack_likes_enabled":false,"jetpack-related-posts":[{"id":20099,"url":"http:\/\/www.grieta.org.mx\/index.php\/2016\/08\/17\/conflictos-ambientales-y-sociales-por-proyectos-turisticos-en-jalisco\/","url_meta":{"origin":16729,"position":0},"title":"Conflictos ambientales y sociales por proyectos tur\u00edsticos en Jalisco","author":"grieta","date":"17 agosto, 2016","format":false,"excerpt":"Proyecto tur\u00edstico Vistas en Chalacatepec, Tomatl\u00e1n 17\/08\/16. Buscan impugnar nombramiento de mesa directiva que dio terreno para construir hotelNotisistemas 17\/08\/16. Da Semarnat lez verde a Chalacatepec; proyecto durar\u00e1 20 a\u00f1osQuadratin Jalisco Proyectos tur\u00edsticos e inmobiliarios financiados por el gobierno de Jalisco con las pensiones de sus bur\u00f3cratas 24\/05\/16. Jalisco invierte\u2026","rel":"","context":"En &quot;\u00c1reas naturales protegidas&quot;","block_context":{"text":"\u00c1reas naturales protegidas","link":"http:\/\/www.grieta.org.mx\/index.php\/category\/megaproyectos\/areas-naturales-protegidas\/"},"img":{"alt_text":"","src":"https:\/\/i0.wp.com\/www.grieta.org.mx\/wp-content\/uploads\/2018\/03\/14524434_1106112876131411_958039263622046936_o.jpg?resize=350%2C200","width":350,"height":200,"srcset":"https:\/\/i0.wp.com\/www.grieta.org.mx\/wp-content\/uploads\/2018\/03\/14524434_1106112876131411_958039263622046936_o.jpg?resize=350%2C200 1x, https:\/\/i0.wp.com\/www.grieta.org.mx\/wp-content\/uploads\/2018\/03\/14524434_1106112876131411_958039263622046936_o.jpg?resize=525%2C300 1.5x, https:\/\/i0.wp.com\/www.grieta.org.mx\/wp-content\/uploads\/2018\/03\/14524434_1106112876131411_958039263622046936_o.jpg?resize=700%2C400 2x"},"classes":[]},{"id":13034,"url":"http:\/\/www.grieta.org.mx\/index.php\/2016\/05\/24\/jalisco-invierte-dinero-de-sus-burocratas-en-desarrollos-hoteleros\/","url_meta":{"origin":16729,"position":1},"title":"Jalisco invierte dinero de sus bur\u00f3cratas en desarrollos hoteleros","author":"grieta","date":"24 mayo, 2016","format":false,"excerpt":"Juan Carlos Huerta El Instituto de Pensiones del Estado de Jalisco es propietario de condominios, fincas, terrenos, estacionamientos, de unidades m\u00e9dicas, locales comerciales, departamentos y salones para eventos, adem\u00e1s es administrador de edificios. GUADALAJARA, Jalisco.- El gobierno de Jalisco invierte el fondo de pensiones de sus bur\u00f3cratas en tres proyectos\u2026","rel":"","context":"En &quot;CINTILLO&quot;","block_context":{"text":"CINTILLO","link":"http:\/\/www.grieta.org.mx\/index.php\/category\/cintillo\/"},"img":{"alt_text":"","src":"https:\/\/i0.wp.com\/www.grieta.org.mx\/wp-content\/uploads\/2018\/03\/14524434_1106112876131411_958039263622046936_o.jpg?resize=350%2C200","width":350,"height":200,"srcset":"https:\/\/i0.wp.com\/www.grieta.org.mx\/wp-content\/uploads\/2018\/03\/14524434_1106112876131411_958039263622046936_o.jpg?resize=350%2C200 1x, https:\/\/i0.wp.com\/www.grieta.org.mx\/wp-content\/uploads\/2018\/03\/14524434_1106112876131411_958039263622046936_o.jpg?resize=525%2C300 1.5x, https:\/\/i0.wp.com\/www.grieta.org.mx\/wp-content\/uploads\/2018\/03\/14524434_1106112876131411_958039263622046936_o.jpg?resize=700%2C400 2x"},"classes":[]},{"id":71809,"url":"http:\/\/www.grieta.org.mx\/index.php\/2025\/06\/02\/hotel-plaza-pelicanos-bloquea-acceso-a-playa-las-glorias-con-macetones-jalisco\/","url_meta":{"origin":16729,"position":2},"title":"Hotel Plaza Pel\u00edcanos bloquea acceso a playa Las Glorias con macetones (Jalisco)","author":"grieta","date":"2 junio, 2025","format":false,"excerpt":"Imagen: Tribuna de la Bah\u00eda Miguel Gonz\u00e1lez Guerra \/ Tribuna de la Bah\u00eda Denuncias ciudadanas recibidas por CPS Noticias\u2013Tribuna de la Bah\u00eda alertaron sobre el presunto intento del hotel Plaza Pel\u00edcanos de privatizar arbitrariamente la calle Pablo Picasso, \u00fanico acceso vehicular a la popular playa Las Glorias, en la zona\u2026","rel":"","context":"En &quot;CINTILLO&quot;","block_context":{"text":"CINTILLO","link":"http:\/\/www.grieta.org.mx\/index.php\/category\/cintillo\/"},"img":{"alt_text":"","src":"https:\/\/i0.wp.com\/www.grieta.org.mx\/wp-content\/uploads\/2025\/06\/Bloquean-acceso-a-playa-Las-Glorias1.jpg?resize=350%2C200","width":350,"height":200,"srcset":"https:\/\/i0.wp.com\/www.grieta.org.mx\/wp-content\/uploads\/2025\/06\/Bloquean-acceso-a-playa-Las-Glorias1.jpg?resize=350%2C200 1x, https:\/\/i0.wp.com\/www.grieta.org.mx\/wp-content\/uploads\/2025\/06\/Bloquean-acceso-a-playa-Las-Glorias1.jpg?resize=525%2C300 1.5x, https:\/\/i0.wp.com\/www.grieta.org.mx\/wp-content\/uploads\/2025\/06\/Bloquean-acceso-a-playa-Las-Glorias1.jpg?resize=700%2C400 2x, https:\/\/i0.wp.com\/www.grieta.org.mx\/wp-content\/uploads\/2025\/06\/Bloquean-acceso-a-playa-Las-Glorias1.jpg?resize=1050%2C600 3x"},"classes":[]},{"id":71812,"url":"http:\/\/www.grieta.org.mx\/index.php\/2025\/06\/07\/manifestacion-en-puerto-vallarta-exigen-al-hotel-sunscape-abrir-acceso-a-playa-holi-jalisco\/","url_meta":{"origin":16729,"position":3},"title":"Manifestaci\u00f3n en Puerto Vallarta; exigen al Hotel Sunscape abrir acceso a playa Holi (Jalisco)","author":"grieta","date":"7 junio, 2025","format":false,"excerpt":"Imagen: Tribuna de la Bah\u00eda Miguel Gonz\u00e1lez Guerra \/ Tribuna de la Bah\u00eda Aproximadamente un centenar de ciudadanos se manifest\u00f3 la ma\u00f1ana de este s\u00e1bado sobre el bulevar Francisco Medina Ascencio, en el cruce con la avenida Fluvial Vallarta, en plena Zona Hotelera Norte, para exigir la reapertura del viejo\u2026","rel":"","context":"En &quot;CINTILLO&quot;","block_context":{"text":"CINTILLO","link":"http:\/\/www.grieta.org.mx\/index.php\/category\/cintillo\/"},"img":{"alt_text":"","src":"https:\/\/i0.wp.com\/www.grieta.org.mx\/wp-content\/uploads\/2025\/06\/Exigen-abrir-acceso-a-playa-Holi6.jpeg?resize=350%2C200","width":350,"height":200,"srcset":"https:\/\/i0.wp.com\/www.grieta.org.mx\/wp-content\/uploads\/2025\/06\/Exigen-abrir-acceso-a-playa-Holi6.jpeg?resize=350%2C200 1x, https:\/\/i0.wp.com\/www.grieta.org.mx\/wp-content\/uploads\/2025\/06\/Exigen-abrir-acceso-a-playa-Holi6.jpeg?resize=525%2C300 1.5x, https:\/\/i0.wp.com\/www.grieta.org.mx\/wp-content\/uploads\/2025\/06\/Exigen-abrir-acceso-a-playa-Holi6.jpeg?resize=700%2C400 2x, https:\/\/i0.wp.com\/www.grieta.org.mx\/wp-content\/uploads\/2025\/06\/Exigen-abrir-acceso-a-playa-Holi6.jpeg?resize=1050%2C600 3x"},"classes":[]},{"id":16735,"url":"http:\/\/www.grieta.org.mx\/index.php\/2012\/04\/29\/la-cara-triste-de-costa-alegre\/","url_meta":{"origin":16729,"position":4},"title":"La cara triste de Costa Alegre","author":"grieta","date":"29 abril, 2012","format":false,"excerpt":"Paloma Robles El boom hotelero y residencial en la costa del sur de Jalisco no representa un crecimiento econ\u00f3mico para una zona con altos \u00edndices de marginaci\u00f3n, sino un negocio de un peque\u00f1o grupo de particulares. El crecimiento inmobiliario en la llamada Costa Alegre de Jalisco esconde en sus entra\u00f1as\u2026","rel":"","context":"En &quot;CINTILLO&quot;","block_context":{"text":"CINTILLO","link":"http:\/\/www.grieta.org.mx\/index.php\/category\/cintillo\/"},"img":{"alt_text":"","src":"https:\/\/i0.wp.com\/www.grieta.org.mx\/wp-content\/uploads\/2018\/03\/14524434_1106112876131411_958039263622046936_o.jpg?resize=350%2C200","width":350,"height":200,"srcset":"https:\/\/i0.wp.com\/www.grieta.org.mx\/wp-content\/uploads\/2018\/03\/14524434_1106112876131411_958039263622046936_o.jpg?resize=350%2C200 1x, https:\/\/i0.wp.com\/www.grieta.org.mx\/wp-content\/uploads\/2018\/03\/14524434_1106112876131411_958039263622046936_o.jpg?resize=525%2C300 1.5x, https:\/\/i0.wp.com\/www.grieta.org.mx\/wp-content\/uploads\/2018\/03\/14524434_1106112876131411_958039263622046936_o.jpg?resize=700%2C400 2x"},"classes":[]},{"id":3211,"url":"http:\/\/www.grieta.org.mx\/index.php\/2015\/10\/25\/grupo-dragon-invertira-200-mdd-en-jalisco\/","url_meta":{"origin":16729,"position":5},"title":"Grupo Drag\u00f3n invertir\u00e1 200 mdd en Jalisco","author":"grieta","date":"25 octubre, 2015","format":false,"excerpt":"Por: Jos\u00e9 Manuel Mart\u00ednez\/Enviado | GUADALAJARA (CNNExpansi\u00f3n) \u2014 Grupo Drag\u00f3n realizar\u00e1 una inversi\u00f3n de 200 millones de d\u00f3lares (mdd) en Jalisco para producir energ\u00eda e\u00f3lica, inform\u00f3 el gobierno de la entidad. La joven firma de energ\u00edas renovables se instalar\u00e1 en la zona de Los Altos con una segunda planta. \u201cTambi\u00e9n\u2026","rel":"","context":"En &quot;CINTILLO&quot;","block_context":{"text":"CINTILLO","link":"http:\/\/www.grieta.org.mx\/index.php\/category\/cintillo\/"},"img":{"alt_text":"","src":"https:\/\/i0.wp.com\/www.grieta.org.mx\/wp-content\/uploads\/2018\/03\/14524434_1106112876131411_958039263622046936_o.jpg?resize=350%2C200","width":350,"height":200,"srcset":"https:\/\/i0.wp.com\/www.grieta.org.mx\/wp-content\/uploads\/2018\/03\/14524434_1106112876131411_958039263622046936_o.jpg?resize=350%2C200 1x, https:\/\/i0.wp.com\/www.grieta.org.mx\/wp-content\/uploads\/2018\/03\/14524434_1106112876131411_958039263622046936_o.jpg?resize=525%2C300 1.5x, https:\/\/i0.wp.com\/www.grieta.org.mx\/wp-content\/uploads\/2018\/03\/14524434_1106112876131411_958039263622046936_o.jpg?resize=700%2C400 2x"},"classes":[]}],"_links":{"self":[{"href":"http:\/\/www.grieta.org.mx\/index.php\/wp-json\/wp\/v2\/posts\/16729","targetHints":{"allow":["GET"]}}],"collection":[{"href":"http:\/\/www.grieta.org.mx\/index.php\/wp-json\/wp\/v2\/posts"}],"about":[{"href":"http:\/\/www.grieta.org.mx\/index.php\/wp-json\/wp\/v2\/types\/post"}],"author":[{"embeddable":true,"href":"http:\/\/www.grieta.org.mx\/index.php\/wp-json\/wp\/v2\/users\/2"}],"replies":[{"embeddable":true,"href":"http:\/\/www.grieta.org.mx\/index.php\/wp-json\/wp\/v2\/comments?post=16729"}],"version-history":[{"count":1,"href":"http:\/\/www.grieta.org.mx\/index.php\/wp-json\/wp\/v2\/posts\/16729\/revisions"}],"predecessor-version":[{"id":16730,"href":"http:\/\/www.grieta.org.mx\/index.php\/wp-json\/wp\/v2\/posts\/16729\/revisions\/16730"}],"wp:featuredmedia":[{"embeddable":true,"href":"http:\/\/www.grieta.org.mx\/index.php\/wp-json\/wp\/v2\/media\/21928"}],"wp:attachment":[{"href":"http:\/\/www.grieta.org.mx\/index.php\/wp-json\/wp\/v2\/media?parent=16729"}],"wp:term":[{"taxonomy":"category","embeddable":true,"href":"http:\/\/www.grieta.org.mx\/index.php\/wp-json\/wp\/v2\/categories?post=16729"},{"taxonomy":"post_tag","embeddable":true,"href":"http:\/\/www.grieta.org.mx\/index.php\/wp-json\/wp\/v2\/tags?post=16729"}],"curies":[{"name":"wp","href":"https:\/\/api.w.org\/{rel}","templated":true}]}}