{"id":1672,"date":"2015-04-27T05:26:19","date_gmt":"2015-04-27T05:26:19","guid":{"rendered":"http:\/\/50.22.11.12\/~grietaor\/?p=1672"},"modified":"2016-03-09T05:29:20","modified_gmt":"2016-03-09T05:29:20","slug":"domex-y-su-vacio-de-autoridad-frente-a-los-crimenes-de-genero","status":"publish","type":"post","link":"http:\/\/www.grieta.org.mx\/index.php\/2015\/04\/27\/domex-y-su-vacio-de-autoridad-frente-a-los-crimenes-de-genero\/","title":{"rendered":"Edomex y su \u201cvac\u00edo de autoridad\u201d frente a los cr\u00edmenes de g\u00e9nero"},"content":{"rendered":"<p>Alejandro Melgoza Rocha<\/p>\n<p>Cuando empezaban en la d\u00e9cada de los ochentas las desapariciones y asesinatos de mujeres en Ciudad Ju\u00e1rez, Chihuahua, las versiones polic\u00edacas coordinadas con el sensacionalismo de la prensa no tardaron en arrojar notas y reportajes sobre sectas sat\u00e1nicas o asesinos seriales muy parecidos a los de la cinematograf\u00eda estadunidense que no terminaban por explicar lo que suced\u00eda. Sin embargo, los familiares de las v\u00edctimas empezaron a notar la conformaci\u00f3n de un sistema en torno a los casos, como los patrones f\u00edsicos de las mujeres, el extracto socioecon\u00f3mico del cual proven\u00edan, la geograf\u00eda y sitios donde ocurr\u00eda todo, as\u00ed como la edad de las mismas.<\/p>\n<p>Ju\u00e1rez tiene una causa social construida tiempo atr\u00e1s y que ahora es conocida en muchas partes del mundo. Eso en buena medida se ha debido a iniciativas ciudadanas como la organizaci\u00f3n juarense Nuestras Hijas de Regreso a Casa, la cual ha sido guiada por la cofundadora Norma Andrade, cuya hija Lilia Alejandra fue asesinada en 2001. Do\u00f1a Norma carga siempre un folder con la foto de su ni\u00f1a, ha caminado sin descanso a lo largo de casi 14 a\u00f1os en caravanas junto con otras mam\u00e1s. Su voz, la voz de una madre herida, es tan conocida por el Estado Mayor Presidencial (EMP) que los mandatarios le huyen. No obstante, ni Fox, ni Calder\u00f3n ni Pe\u00f1a consiguieron hacerlo.<\/p>\n<p>Con el paso de los a\u00f1os la situaci\u00f3n en Ju\u00e1rez no es muy distinta, incluso en marzo pasado apu\u00f1alaron a Ivonne Adriana Valenzuela G\u00f3mez de 45 a\u00f1os, y su hija Cinthia Berenice Valdez Valenzuela, de 25, de acuerdo con la Fiscal\u00eda del Estado de Chihuahua. Empero, do\u00f1a Norma record\u00f3 al recibir el premio Alice Salomon 2013 en Berl\u00edn que \u201ccuando comenz\u00f3 la violencia del narcotr\u00e1fico en Ciudad Ju\u00e1rez fue tan grave que entonces los dem\u00e1s conflictos comenzaron a diluirse. Y no es que redujeran o desaparecieran, simplemente se eclipsaron por el incremento de la violencia del narco. Pero j\u00f3venes desaparecidas las sigue habiendo todo el tiempo (\u2026)\u201d.<\/p>\n<p>Para ese entonces, durante la guerra contra el narcotr\u00e1fico lanzada por el calderonismo, en el Estado de M\u00e9xico, basti\u00f3n del Partido Revolucionario Institucional (PRI), revent\u00f3 un fen\u00f3meno en la administraci\u00f3n del heredero de Atlacomulco, Enrique Pe\u00f1a Nieto (2005-2011). Ese fen\u00f3meno, el de la violencia de g\u00e9nero, se ven\u00eda cocinando desde principios de los noventas con el ex gobernador Emilio Chuayffet (1993-1995). El oficialismo intent\u00f3 a toda costa ensordecer la problem\u00e1tica que se desenvuelve con frecuencia en la zona conurbada, ya conocida por las organizaciones sociales como \u201cel corredor de las desaparecidas\u201d (Neza, Tultitl\u00e1n, Coacalco, Ecatepec, Tec\u00e1mac).<\/p>\n<p>Las postales que ilustran la turbulencia en Ciudad Ju\u00e1rez, son las que ahora viven madres y padres de familia mexiquenses que no s\u00f3lo se enfrentan a las negligencias y nulos avances de las fiscal\u00edas, sino al ninguneo del n\u00facleo priista a nivel nacional, el cual ha tratado de justificar las desapariciones o feminicidios con respuestas como la que emiti\u00f3 en abril pasado el actual gobernador, Eruviel \u00c1vila Villegas: \u201c\u00bfEn el Estado de M\u00e9xico es donde m\u00e1s delitos contra mujeres hay? \u00a1S\u00ed! pero tambi\u00e9n es donde existen m\u00e1s mujeres\u201d; o que hay cosas m\u00e1s importantes que resolver que los feminicidios.<\/p>\n<p>***<\/p>\n<p>De tez morena, barba de candado y casi rapado, el maestro Manuel Amador Vel\u00e1squez es uno de los testigos locales de lo que viven las mujeres mexiquenses, entre ellas sus alumnas de la preparatoria 128 de Ecatepec, un municipio cuyo panorama arrastra \u00edndices de violencia muy altos, delincuencia organizada y cr\u00edmenes de g\u00e9nero. Se ha dedicado a incluir en sus programas de estudio temas sobre violencia de g\u00e9nero y derechos humanos, los cuales complementa con campa\u00f1as informativas, performances y actos de protesta.<\/p>\n<p>Amador no quita el dedo del rengl\u00f3n de que el trasfondo de los feminicidios y las desapariciones en el Edomex se deben a un \u201cvac\u00edo de Estado\u201d que est\u00e1 inserto especialmente en los territorios conurbados; aquellos donde hay mayor poblaci\u00f3n, pobreza y actividades de bandas del crimen organizado como la Familia Michoacana. Vecinos ecatepequenses consultados han se\u00f1alado que la \u201cepidemia\u201d en contra de las mujeres coincide con la llegada del c\u00e1rtel que tiene m\u00e1s presencia que la polic\u00eda municipal. \u201cEs la boca del lobo cuando anochece\u201d, dice uno de ellos.<\/p>\n<p>\u201cEs indicativo que las zonas de mayor incidencia de feminicidios tambi\u00e9n est\u00e1n caracterizados por una amplia presencia de grupos criminales (\u2026) Cualquier denuncia que atraiga la atenci\u00f3n de la opini\u00f3n p\u00fablica ser\u00e1 tomada como una amenaza a los intereses de este r\u00e9gimen paralelo\u201d, refiere el libro Violencias y Feminicidio en el Estado de M\u00e9xico del tambi\u00e9n acad\u00e9mico de la Facultad Latinoamericana de Ciencias Sociales.<\/p>\n<p>Pero esa historia en Ecatepec est\u00e1 presente en la entidad caracterizada por ser industrialmente rica, pero con vecindarios sumidos en la miseria. Manuel cree que no se deben percibir estos casos como aislados y desde una \u00f3ptica de la \u201cnota roja\u201d, pues entonces no se tienden a ver factores como el de que las historias de vida de las mujeres que son v\u00edctimas provienen de estratos pobres, familias fragmentadas, con padres obreros que casi no pueden prestarles atenci\u00f3n, de origen ind\u00edgena, mujeres en situaci\u00f3n de calle, ni\u00f1as que deben trabajar desde muy temprana edad. Habr\u00e1 excepciones, no obstante, piensa que lo anterior sumado a la ausencia de leyes, propicia la vulnerabilidad.<\/p>\n<p>***<\/p>\n<p>El pasado 5 de junio Amador acudi\u00f3 a la congregaci\u00f3n en el \u00c1ngel de la Independencia en contra de los feminicidios. En medio de las consignas emerg\u00edan dos estados que denunciaban una gran variedad de casos: Chihuahua y el Estado de M\u00e9xico. Vestido con una camisa roja y un pantal\u00f3n de mezclilla, Amador Vel\u00e1squez sosten\u00eda una enorme manta blanca que rezaba con letras negras: \u201cERUVIEL FEMINICIDA DE ESTADO\u201d.<\/p>\n<p>Esa denuncia no es para menos, tan s\u00f3lo de 2005 a 2011 se han cometido mil 200 asesinatos de mujeres; y de 2011 a 2012 fueron reportadas como desaparecidas mil 258 ni\u00f1as, de las cuales 53% ten\u00eda entre 10 y 17 a\u00f1os, de acuerdo con el Observatorio Nacional Ciudadano de Feminicidios (OCNF). Mientras que la Coalici\u00f3n Regional contra el Tr\u00e1fico de Mujeres en Am\u00e9rica Latina y El Caribe (Catlawc) ha denunciado dos casos de desaparici\u00f3n por d\u00eda en el Edomex.<\/p>\n<p>\u201cLa violencia hacia la mujer se da tanto en el \u00e1mbito privado de las relaciones intrafamiliares y de pareja como en el espacio de la calle. Esta divisi\u00f3n del espacio, aunque acusa diferencias en la instrumentalizaci\u00f3n del abuso de las mujeres, tiene una misma fuente estructural: la misoginia se ha normalizado y propagado en este medio, es decir, m\u00e1s que tolerarse se naturaliza y funcionaliza.<\/p>\n<p>\u201cEsta misoginia debe entenderse no solamente como una fobia \u2013miedo y repudio contra lo femenino- incubada en el plano de la frustraci\u00f3n de los hombres marginados, sino tambi\u00e9n la que se cristaliza a trav\u00e9s de las intervenciones institucionales, los discursos medi\u00e1ticos y, en general, el sentimental generalizado de anomia e indiferencia por parte de los diversos sectores sociales<\/p>\n<p>\u201cEstos factores se combinan para que los feminicidios en el Estado de M\u00e9xico no gocen de la visibilidad internacional que tienen los feminicidios de Ciudad Ju\u00e1rez y Guatemala\u201d, apunta Amador en su texto.<\/p>\n<p>***<\/p>\n<p>Desde entonces grupos de madres se han reunido para reclamar justicia para sus hijas, pistas que las lleven a su aparici\u00f3n, han investigado con sus propios recursos, han recorrido esquina tras esquina por cualquier informaci\u00f3n que las lleve a ellas. Son dos contextos, una misma situaci\u00f3n, una misma denuncia, se reencontraban cara a cara las madres juarenses con las mexiquenses.<\/p>\n<p><a href=\"http:\/\/www.revistahashtag.net\/reportajes\/informativas\/item\/694-edomex-y-su-vacio-de-autoridad-frente-a-los-crimenes-de-genero\" target=\"_blank\">www.revistahashtag.net\/reportajes\/informativas\/item\/694-edomex-y-su-vacio-de-autoridad-frente-a-los-crimenes-de-genero<\/a><\/p>\n","protected":false},"excerpt":{"rendered":"<p>Alejandro Melgoza Rocha Cuando empezaban en la d\u00e9cada de los ochentas las desapariciones y asesinatos de mujeres en Ciudad Ju\u00e1rez, Chihuahua, las versiones polic\u00edacas coordinadas con el sensacionalismo de la &hellip; <a href=\"http:\/\/www.grieta.org.mx\/index.php\/2015\/04\/27\/domex-y-su-vacio-de-autoridad-frente-a-los-crimenes-de-genero\/\" class=\"more-link\">Leer m\u00e1s<\/a><\/p>\n","protected":false},"author":2,"featured_media":21928,"comment_status":"closed","ping_status":"open","sticky":false,"template":"","format":"standard","meta":{"ngg_post_thumbnail":0,"_jetpack_newsletter_access":"","_jetpack_dont_email_post_to_subs":false,"_jetpack_newsletter_tier_id":0,"_jetpack_memberships_contains_paywalled_content":false,"_jetpack_memberships_contains_paid_content":false,"footnotes":""},"categories":[80],"tags":[92,81],"class_list":["post-1672","post","type-post","status-publish","format-standard","has-post-thumbnail","hentry","category-cintillo","tag-estado-de-mexico","tag-feminicidios","entry"],"jetpack_featured_media_url":"http:\/\/www.grieta.org.mx\/wp-content\/uploads\/2018\/03\/14524434_1106112876131411_958039263622046936_o.jpg","jetpack_sharing_enabled":true,"jetpack_shortlink":"https:\/\/wp.me\/p7ZJR4-qY","jetpack_likes_enabled":false,"jetpack-related-posts":[{"id":4044,"url":"http:\/\/www.grieta.org.mx\/index.php\/2016\/03\/11\/familiares-de-mujeres-asesinadas-en-cd-juarez-exigen-al-gobierno-de-cesar-duarte-que-haga-su-trabajo-y-frene-desapariciones-y-feminicidios\/","url_meta":{"origin":1672,"position":0},"title":"Familiares de mujeres asesinadas en Cd. Ju\u00e1rez exigen al gobierno de C\u00e9sar Duarte que \u201chaga su trabajo\u201d y frene desapariciones y feminicidios","author":"grieta","date":"11 marzo, 2016","format":false,"excerpt":"SinEmbargo Familiares de mujeres v\u00edctimas de violencia en Ciudad Ju\u00e1rez, Chihuahua, exigieron al gobierno de C\u00e9sar Duarte que \u201chaga su trabajo\u201d y frene las desapariciones y feminicidios. Jos\u00e9 Luis Castillo, padre de Esmeralda Castillo Rinc\u00f3n, cuyo paradero se desconoce desde 2009, pidi\u00f3 a las autoridades de los tres niveles de\u2026","rel":"","context":"En &quot;chihuahua&quot;","block_context":{"text":"chihuahua","link":"http:\/\/www.grieta.org.mx\/index.php\/category\/chihuahua\/"},"img":{"alt_text":"","src":"https:\/\/i0.wp.com\/www.grieta.org.mx\/wp-content\/uploads\/2018\/03\/14524434_1106112876131411_958039263622046936_o.jpg?resize=350%2C200","width":350,"height":200,"srcset":"https:\/\/i0.wp.com\/www.grieta.org.mx\/wp-content\/uploads\/2018\/03\/14524434_1106112876131411_958039263622046936_o.jpg?resize=350%2C200 1x, https:\/\/i0.wp.com\/www.grieta.org.mx\/wp-content\/uploads\/2018\/03\/14524434_1106112876131411_958039263622046936_o.jpg?resize=525%2C300 1.5x, https:\/\/i0.wp.com\/www.grieta.org.mx\/wp-content\/uploads\/2018\/03\/14524434_1106112876131411_958039263622046936_o.jpg?resize=700%2C400 2x"},"classes":[]},{"id":46046,"url":"http:\/\/www.grieta.org.mx\/index.php\/2020\/03\/04\/alerta-de-genero-ya-exigen-mujeres-desde-guanajuato-capital\/","url_meta":{"origin":1672,"position":1},"title":"&#8216;\u00a1Alerta de g\u00e9nero, ya!&#8217;, exigen mujeres desde Guanajuato capital","author":"grieta","date":"4 marzo, 2020","format":false,"excerpt":"Mujeres de la capital se unen a las protestas para exigir un alto a la violencia. Por: Yajaira Gasca\/ AM Le\u00f3n Guanajuato, 08 de Marzo de 2020 Guanajuato, Guanajuato.- Cientos de mujeres marchan en el Centro de la Capital para unirse a la marcha feminista y exigir un alto a\u2026","rel":"","context":"En &quot;CINTILLO&quot;","block_context":{"text":"CINTILLO","link":"http:\/\/www.grieta.org.mx\/index.php\/category\/cintillo\/"},"img":{"alt_text":"","src":"https:\/\/i0.wp.com\/www.grieta.org.mx\/wp-content\/uploads\/2020\/03\/marchan_en_guanajuato2.jpg_851672003.jpg?resize=350%2C200","width":350,"height":200,"srcset":"https:\/\/i0.wp.com\/www.grieta.org.mx\/wp-content\/uploads\/2020\/03\/marchan_en_guanajuato2.jpg_851672003.jpg?resize=350%2C200 1x, https:\/\/i0.wp.com\/www.grieta.org.mx\/wp-content\/uploads\/2020\/03\/marchan_en_guanajuato2.jpg_851672003.jpg?resize=525%2C300 1.5x, https:\/\/i0.wp.com\/www.grieta.org.mx\/wp-content\/uploads\/2020\/03\/marchan_en_guanajuato2.jpg_851672003.jpg?resize=700%2C400 2x"},"classes":[]},{"id":53180,"url":"http:\/\/www.grieta.org.mx\/index.php\/2020\/09\/07\/exigen-castigo-por-represion-policiaca-contra-mujeres-en-ciudad-juarez\/","url_meta":{"origin":1672,"position":2},"title":"Exigen castigo por represi\u00f3n policiaca contra mujeres en Ciudad Ju\u00e1rez","author":"grieta","date":"7 septiembre, 2020","format":false,"excerpt":"Proceso\/Patricia Mayorga \u00a0 Foto: Proceso CHIHUAHUA, Chih. (apro).- Organismos estatales y federales condenaron la agresi\u00f3n contra mujeres, perpetrada el s\u00e1bado 5 en Ciudad Ju\u00e1rez, cuando 28 de ellas fueron detenidas mientras protestaban contra la represi\u00f3n policiaca que sufrieron sus compa\u00f1eras en Le\u00f3n, Guanajuato, el pasado 22 de agosto. La Comisi\u00f3n\u2026","rel":"","context":"En &quot;Chihuahua&quot;","block_context":{"text":"Chihuahua","link":"http:\/\/www.grieta.org.mx\/index.php\/category\/noticias-nacionales\/chihuahua\/"},"img":{"alt_text":"","src":"https:\/\/i0.wp.com\/www.grieta.org.mx\/wp-content\/uploads\/2020\/09\/represion-a-mujeres-ciudad-juarez-870x522-1.jpg?resize=350%2C200","width":350,"height":200,"srcset":"https:\/\/i0.wp.com\/www.grieta.org.mx\/wp-content\/uploads\/2020\/09\/represion-a-mujeres-ciudad-juarez-870x522-1.jpg?resize=350%2C200 1x, https:\/\/i0.wp.com\/www.grieta.org.mx\/wp-content\/uploads\/2020\/09\/represion-a-mujeres-ciudad-juarez-870x522-1.jpg?resize=525%2C300 1.5x, https:\/\/i0.wp.com\/www.grieta.org.mx\/wp-content\/uploads\/2020\/09\/represion-a-mujeres-ciudad-juarez-870x522-1.jpg?resize=700%2C400 2x"},"classes":[]},{"id":38097,"url":"http:\/\/www.grieta.org.mx\/index.php\/2019\/08\/16\/galeria-glitter-rosa-la-marcha-feminista-en-ciudad-juarez-chihuahua\/","url_meta":{"origin":1672,"position":3},"title":"Galer\u00eda: Glitter Rosa, la marcha feminista en Ciudad Ju\u00e1rez (Chihuahua)","author":"grieta","date":"16 agosto, 2019","format":false,"excerpt":"Redacci\u00f3n; Fotograf\u00edas: Rey J. Jauregui\/ LA VERDAD DE JU\u00c1REZ Ciudad Ju\u00e1rez \u2013 Entre gritos de consignas contra \u201cactitudes machistas\u201d, haciendo pintas y lanzando brillantina rosa, decenas de mujeres marcharon en Ciudad Ju\u00e1rez para exigir un alto a la violencia de g\u00e9nero y en protesta por la revictimizaci\u00f3n de las autoridades\u2026","rel":"","context":"En &quot;Chihuahua&quot;","block_context":{"text":"Chihuahua","link":"http:\/\/www.grieta.org.mx\/index.php\/category\/noticias-nacionales\/chihuahua\/"},"img":{"alt_text":"","src":"https:\/\/i0.wp.com\/www.grieta.org.mx\/wp-content\/uploads\/2019\/08\/Foto-Galer%C3%ADa-Mujeres.jpg?resize=350%2C200","width":350,"height":200,"srcset":"https:\/\/i0.wp.com\/www.grieta.org.mx\/wp-content\/uploads\/2019\/08\/Foto-Galer%C3%ADa-Mujeres.jpg?resize=350%2C200 1x, https:\/\/i0.wp.com\/www.grieta.org.mx\/wp-content\/uploads\/2019\/08\/Foto-Galer%C3%ADa-Mujeres.jpg?resize=525%2C300 1.5x, https:\/\/i0.wp.com\/www.grieta.org.mx\/wp-content\/uploads\/2019\/08\/Foto-Galer%C3%ADa-Mujeres.jpg?resize=700%2C400 2x, https:\/\/i0.wp.com\/www.grieta.org.mx\/wp-content\/uploads\/2019\/08\/Foto-Galer%C3%ADa-Mujeres.jpg?resize=1050%2C600 3x, https:\/\/i0.wp.com\/www.grieta.org.mx\/wp-content\/uploads\/2019\/08\/Foto-Galer%C3%ADa-Mujeres.jpg?resize=1400%2C800 4x"},"classes":[]},{"id":53054,"url":"http:\/\/www.grieta.org.mx\/index.php\/2020\/09\/05\/detienen-a-40-activistas-en-marcha-contra-violencia-policial-en-ciudad-juarez-chihuahua\/","url_meta":{"origin":1672,"position":4},"title":"Detienen a 40 activistas en marcha contra violencia policial en Ciudad Ju\u00e1rez (Chihuahua)","author":"grieta","date":"5 septiembre, 2020","format":false,"excerpt":"Manifestantes feministas de Ciudad Ju\u00e1rez fueron reprimidas el d\u00eda de hoy por el gobierno de Armando Cabada. Hasta ahora s\u00f3lo se conoce la identidad de 25 de ellas, pero se reporta que la cifra puede alcanzar hasta 40 mujeres. Pan y Rosas Ciudad Ju\u00e1rez\/ LA IZQUIERDA DIARIO Alrededor de las\u2026","rel":"","context":"En &quot;Chihuahua&quot;","block_context":{"text":"Chihuahua","link":"http:\/\/www.grieta.org.mx\/index.php\/category\/noticias-nacionales\/chihuahua\/"},"img":{"alt_text":"","src":"https:\/\/i0.wp.com\/www.grieta.org.mx\/wp-content\/uploads\/2020\/09\/arton172051-6c3eb.jpg?resize=350%2C200","width":350,"height":200,"srcset":"https:\/\/i0.wp.com\/www.grieta.org.mx\/wp-content\/uploads\/2020\/09\/arton172051-6c3eb.jpg?resize=350%2C200 1x, https:\/\/i0.wp.com\/www.grieta.org.mx\/wp-content\/uploads\/2020\/09\/arton172051-6c3eb.jpg?resize=525%2C300 1.5x, https:\/\/i0.wp.com\/www.grieta.org.mx\/wp-content\/uploads\/2020\/09\/arton172051-6c3eb.jpg?resize=700%2C400 2x"},"classes":[]},{"id":4517,"url":"http:\/\/www.grieta.org.mx\/index.php\/2016\/03\/03\/exigen-familias-detener-desapariciones-de-menores-y-castigar-feminicidios-en-juarez\/","url_meta":{"origin":1672,"position":5},"title":"Exigen familias detener desapariciones de menores y castigar feminicidios en Ju\u00e1rez","author":"grieta","date":"3 marzo, 2016","format":false,"excerpt":"La Jornada En el inicio de las actividades por el D\u00eda Internacional de la Mujer, que se conmemora el 8 de marzo, un centenar de padres de desaparecidas, activistas y otros ciudadanos realizaron una marcha ayer por la ma\u00f1ana en Ciudad Ju\u00e1rez, Chihuahua, para exigir a la Fiscal\u00eda Especializada en\u2026","rel":"","context":"En &quot;chihuahua&quot;","block_context":{"text":"chihuahua","link":"http:\/\/www.grieta.org.mx\/index.php\/category\/chihuahua\/"},"img":{"alt_text":"","src":"https:\/\/i0.wp.com\/www.grieta.org.mx\/wp-content\/uploads\/2018\/03\/14524434_1106112876131411_958039263622046936_o.jpg?resize=350%2C200","width":350,"height":200,"srcset":"https:\/\/i0.wp.com\/www.grieta.org.mx\/wp-content\/uploads\/2018\/03\/14524434_1106112876131411_958039263622046936_o.jpg?resize=350%2C200 1x, https:\/\/i0.wp.com\/www.grieta.org.mx\/wp-content\/uploads\/2018\/03\/14524434_1106112876131411_958039263622046936_o.jpg?resize=525%2C300 1.5x, https:\/\/i0.wp.com\/www.grieta.org.mx\/wp-content\/uploads\/2018\/03\/14524434_1106112876131411_958039263622046936_o.jpg?resize=700%2C400 2x"},"classes":[]}],"_links":{"self":[{"href":"http:\/\/www.grieta.org.mx\/index.php\/wp-json\/wp\/v2\/posts\/1672","targetHints":{"allow":["GET"]}}],"collection":[{"href":"http:\/\/www.grieta.org.mx\/index.php\/wp-json\/wp\/v2\/posts"}],"about":[{"href":"http:\/\/www.grieta.org.mx\/index.php\/wp-json\/wp\/v2\/types\/post"}],"author":[{"embeddable":true,"href":"http:\/\/www.grieta.org.mx\/index.php\/wp-json\/wp\/v2\/users\/2"}],"replies":[{"embeddable":true,"href":"http:\/\/www.grieta.org.mx\/index.php\/wp-json\/wp\/v2\/comments?post=1672"}],"version-history":[{"count":1,"href":"http:\/\/www.grieta.org.mx\/index.php\/wp-json\/wp\/v2\/posts\/1672\/revisions"}],"predecessor-version":[{"id":1675,"href":"http:\/\/www.grieta.org.mx\/index.php\/wp-json\/wp\/v2\/posts\/1672\/revisions\/1675"}],"wp:featuredmedia":[{"embeddable":true,"href":"http:\/\/www.grieta.org.mx\/index.php\/wp-json\/wp\/v2\/media\/21928"}],"wp:attachment":[{"href":"http:\/\/www.grieta.org.mx\/index.php\/wp-json\/wp\/v2\/media?parent=1672"}],"wp:term":[{"taxonomy":"category","embeddable":true,"href":"http:\/\/www.grieta.org.mx\/index.php\/wp-json\/wp\/v2\/categories?post=1672"},{"taxonomy":"post_tag","embeddable":true,"href":"http:\/\/www.grieta.org.mx\/index.php\/wp-json\/wp\/v2\/tags?post=1672"}],"curies":[{"name":"wp","href":"https:\/\/api.w.org\/{rel}","templated":true}]}}