{"id":16688,"date":"2016-07-14T17:01:06","date_gmt":"2016-07-14T22:01:06","guid":{"rendered":"http:\/\/www.grieta.org.mx\/?p=16688"},"modified":"2016-07-14T17:01:06","modified_gmt":"2016-07-14T22:01:06","slug":"llega-la-segunda-etapa-de-la-brigada-de-busqueda-de-desaparecidos","status":"publish","type":"post","link":"http:\/\/www.grieta.org.mx\/index.php\/2016\/07\/14\/llega-la-segunda-etapa-de-la-brigada-de-busqueda-de-desaparecidos\/","title":{"rendered":"Llega la segunda etapa de la Brigada de B\u00fasqueda de Desaparecidos"},"content":{"rendered":"<blockquote><p>Piden a la ciudadan\u00eda de Amatl\u00e1n y C\u00f3rdoba que los apoyen donando algunas herramientas, que les ayudar\u00e1n a trabajar en el campo<\/p><\/blockquote>\n<p>C\u00e9sar Estrada<\/p>\n<p>C\u00f3rdoba, Ver.\u2013 Del 15 al 29 del presente mes arribar\u00e1 a la entidad la segunda etapa de la Brigada Nacional de B\u00fasqueda de Personas Desaparecidas en Veracruz, adem\u00e1s de llevar un mensaje de paz, exigen cese a la violencia.<\/p>\n<p>El 15 llegar\u00e1n a la Parroquia de Paso del Macho, y los d\u00edas 16 y 17 habr\u00e1n varias actividades en ese mismo lugar, a fin de lograr contacto con quienes quieran denunciar o apoyar las actividades de los integrantes de la brigada que encabezan, adem\u00e1s de activistas sociales, familiares de personas desaparecidas que se han convertido en especialistas en rastrear fosas.<\/p>\n<p>Asimismo, estar\u00e1n algunos d\u00edas en el municipio de Amatl\u00e1n de los Reyes, informando los resultados y cerrando la primera etapa de la brigada que se llev\u00f3 acabo en abril.<\/p>\n<p>Juan Carlos Trujillo Herrera, integrante de la brigada, se\u00f1al\u00f3 \u201cvamos a hermanarnos con otros y con otras que son v\u00edctimas de la violencia, vamos a buscar a las personas desaparecidas pero sobre todo vamos a escucharnos y a escuchar a otros y otras, a hacer lazos para la paz, vamos pidiendo paz y verdad; vamos pidiendo un cese a la violencia que tanto dolor ha causado en Veracruz y en muchos otros estados del pa\u00eds\u201d.<\/p>\n<p>\u201cPedimos a la ciudadan\u00eda de la regi\u00f3n de Amatl\u00e1n y C\u00f3rdoba que nos apoyen donando algunas herramientas, no importa que ya sean usadas, pero nos ayudar\u00e1n a trabajar en el campo y buscar en los puntos que la propia ciudadan\u00eda nos ha enviado\u201d, coment\u00f3 Trujillo Herrera.<\/p>\n<p>Para el caso de las donaciones en especie, las pueden llevar a la iglesia de Amatl\u00e1n de los Reyes, donde estar\u00e1n dando cobijo a los brigadistas.<\/p>\n<p><a href=\"http:\/\/noreste.net\/noticia\/llega-la-segunda-etapa-de-la-brigada-de-busqueda-de-desaparecidos\/\" target=\"_blank\">http:\/\/noreste.net\/noticia\/llega-la-segunda-etapa-de-la-brigada-de-busqueda-de-desaparecidos\/<\/a><\/p>\n","protected":false},"excerpt":{"rendered":"<p>Piden a la ciudadan\u00eda de Amatl\u00e1n y C\u00f3rdoba que los apoyen donando algunas herramientas, que les ayudar\u00e1n a trabajar en el campo C\u00e9sar Estrada C\u00f3rdoba, Ver.\u2013 Del 15 al 29 &hellip; <a href=\"http:\/\/www.grieta.org.mx\/index.php\/2016\/07\/14\/llega-la-segunda-etapa-de-la-brigada-de-busqueda-de-desaparecidos\/\" class=\"more-link\">Leer m\u00e1s<\/a><\/p>\n","protected":false},"author":1,"featured_media":21928,"comment_status":"closed","ping_status":"closed","sticky":false,"template":"","format":"standard","meta":{"ngg_post_thumbnail":0,"_jetpack_newsletter_access":"","_jetpack_dont_email_post_to_subs":false,"_jetpack_newsletter_tier_id":0,"_jetpack_memberships_contains_paywalled_content":false,"_jetpack_memberships_contains_paid_content":false,"footnotes":""},"categories":[80,257],"tags":[121],"class_list":["post-16688","post","type-post","status-publish","format-standard","has-post-thumbnail","hentry","category-cintillo","category-veracruz","tag-desaparecidos","entry"],"jetpack_featured_media_url":"http:\/\/www.grieta.org.mx\/wp-content\/uploads\/2018\/03\/14524434_1106112876131411_958039263622046936_o.jpg","jetpack_sharing_enabled":true,"jetpack_shortlink":"https:\/\/wp.me\/p7ZJR4-4la","jetpack_likes_enabled":false,"jetpack-related-posts":[{"id":10752,"url":"http:\/\/www.grieta.org.mx\/index.php\/2016\/04\/22\/en-solo-15-dias-en-veracruz-brigada-de-busqueda-de-desaparecidos-encontro-15-fosas\/","url_meta":{"origin":16688,"position":0},"title":"En s\u00f3lo 15 d\u00edas en Veracruz, Brigada de b\u00fasqueda de desaparecidos encontr\u00f3 15 fosas","author":"grieta","date":"22 abril, 2016","format":false,"excerpt":"Manu Ureste La Brigada Nacional de B\u00fasqueda de familiares de personas desaparecidas inform\u00f3 la tarde de este viernes que, en tan solo 15 d\u00edas de trabajo en diferentes lugares del estado de Veracruz, localiz\u00f3 15 fosas clandestinas con restos humanos, muchos de ellos calcinados. La Brigada se\u00f1al\u00f3 que los hallazgos\u2026","rel":"","context":"En &quot;CINTILLO&quot;","block_context":{"text":"CINTILLO","link":"http:\/\/www.grieta.org.mx\/index.php\/category\/cintillo\/"},"img":{"alt_text":"","src":"https:\/\/i0.wp.com\/www.grieta.org.mx\/wp-content\/uploads\/2018\/03\/14524434_1106112876131411_958039263622046936_o.jpg?resize=350%2C200","width":350,"height":200,"srcset":"https:\/\/i0.wp.com\/www.grieta.org.mx\/wp-content\/uploads\/2018\/03\/14524434_1106112876131411_958039263622046936_o.jpg?resize=350%2C200 1x, https:\/\/i0.wp.com\/www.grieta.org.mx\/wp-content\/uploads\/2018\/03\/14524434_1106112876131411_958039263622046936_o.jpg?resize=525%2C300 1.5x, https:\/\/i0.wp.com\/www.grieta.org.mx\/wp-content\/uploads\/2018\/03\/14524434_1106112876131411_958039263622046936_o.jpg?resize=700%2C400 2x"},"classes":[]},{"id":10563,"url":"http:\/\/www.grieta.org.mx\/index.php\/2016\/04\/08\/crean-la-brigada-nacional-de-busqueda-de-desaparecidos-su-primera-mision-sera-en-veracruz\/","url_meta":{"origin":16688,"position":1},"title":"Crean la Brigada Nacional de B\u00fasqueda de desaparecidos; su primera misi\u00f3n ser\u00e1 en Veracruz","author":"grieta","date":"8 abril, 2016","format":false,"excerpt":"Los brigadistas partir\u00e1n este s\u00e1bado 9 de abril hacia el municipio de Amatl\u00e1n de los Reyes, en Veracruz, para comenzar con la b\u00fasqueda de fosas clandestinas; piden el apoyo de la sociedad para saber d\u00f3nde buscar. https:\/\/youtu.be\/Bgb-okYdbZY Asociaciones de familiares de personas desaparecidas y organizaciones de expertos crearon la primera\u2026","rel":"","context":"En &quot;CINTILLO&quot;","block_context":{"text":"CINTILLO","link":"http:\/\/www.grieta.org.mx\/index.php\/category\/cintillo\/"},"img":{"alt_text":"","src":"https:\/\/i0.wp.com\/www.grieta.org.mx\/wp-content\/uploads\/2018\/03\/14524434_1106112876131411_958039263622046936_o.jpg?resize=350%2C200","width":350,"height":200,"srcset":"https:\/\/i0.wp.com\/www.grieta.org.mx\/wp-content\/uploads\/2018\/03\/14524434_1106112876131411_958039263622046936_o.jpg?resize=350%2C200 1x, https:\/\/i0.wp.com\/www.grieta.org.mx\/wp-content\/uploads\/2018\/03\/14524434_1106112876131411_958039263622046936_o.jpg?resize=525%2C300 1.5x, https:\/\/i0.wp.com\/www.grieta.org.mx\/wp-content\/uploads\/2018\/03\/14524434_1106112876131411_958039263622046936_o.jpg?resize=700%2C400 2x"},"classes":[]},{"id":18516,"url":"http:\/\/www.grieta.org.mx\/index.php\/2016\/08\/01\/concluye-brigada-nacional-de-busqueda-de-desaparecidos-sin-confianza-alguna-en-sus-gobiernos\/","url_meta":{"origin":16688,"position":2},"title":"Concluye Brigada Nacional de B\u00fasqueda de Desaparecidos, sin confianza alguna en sus gobiernos","author":"grieta","date":"1 agosto, 2016","format":false,"excerpt":"Rodrigo Islas Brito\/RIOaxaca. Oaxaca de Ju\u00e1rez. Despu\u00e9s de poco m\u00e1s de diez d\u00edas de labores de b\u00fasqueda la Segunda Brigada Nacional de B\u00fasqueda de Personas Desaparecidas dej\u00f3 estado de Veracruz subrayando que fueron las condiciones de la actual crisis humanitaria por la que pasa M\u00e9xico, que ha permitido la desaparici\u00f3n\u2026","rel":"","context":"En &quot;CINTILLO&quot;","block_context":{"text":"CINTILLO","link":"http:\/\/www.grieta.org.mx\/index.php\/category\/cintillo\/"},"img":{"alt_text":"","src":"https:\/\/i0.wp.com\/www.grieta.org.mx\/wp-content\/uploads\/2018\/03\/14524434_1106112876131411_958039263622046936_o.jpg?resize=350%2C200","width":350,"height":200,"srcset":"https:\/\/i0.wp.com\/www.grieta.org.mx\/wp-content\/uploads\/2018\/03\/14524434_1106112876131411_958039263622046936_o.jpg?resize=350%2C200 1x, https:\/\/i0.wp.com\/www.grieta.org.mx\/wp-content\/uploads\/2018\/03\/14524434_1106112876131411_958039263622046936_o.jpg?resize=525%2C300 1.5x, https:\/\/i0.wp.com\/www.grieta.org.mx\/wp-content\/uploads\/2018\/03\/14524434_1106112876131411_958039263622046936_o.jpg?resize=700%2C400 2x"},"classes":[]},{"id":11594,"url":"http:\/\/www.grieta.org.mx\/index.php\/2016\/04\/30\/denuncia-brigada-de-busqueda-hostigamiento-de-policias-a-aracely-salcedo\/","url_meta":{"origin":16688,"position":3},"title":"Denuncia Brigada de b\u00fasqueda hostigamiento de Polic\u00edas a Aracely Salcedo","author":"grieta","date":"30 abril, 2016","format":false,"excerpt":"La Brigada Nacional de B\u00fasqueda de familiares desaparecidos denunci\u00f3 a trav\u00e9s de las redes sociales hostigamiento de la polic\u00eda de Orizaba, a Aracely Salcedo, integrante del colectivo y fundadora del Colectivo de Familias de Desaparecidos C\u00f3rdoba-Orizaba. De acuerdo al comunicado los hechos se suscitaron el viernes alrededor de las 19:00\u2026","rel":"","context":"En &quot;CINTILLO&quot;","block_context":{"text":"CINTILLO","link":"http:\/\/www.grieta.org.mx\/index.php\/category\/cintillo\/"},"img":{"alt_text":"","src":"https:\/\/i0.wp.com\/www.grieta.org.mx\/wp-content\/uploads\/2018\/03\/14524434_1106112876131411_958039263622046936_o.jpg?resize=350%2C200","width":350,"height":200,"srcset":"https:\/\/i0.wp.com\/www.grieta.org.mx\/wp-content\/uploads\/2018\/03\/14524434_1106112876131411_958039263622046936_o.jpg?resize=350%2C200 1x, https:\/\/i0.wp.com\/www.grieta.org.mx\/wp-content\/uploads\/2018\/03\/14524434_1106112876131411_958039263622046936_o.jpg?resize=525%2C300 1.5x, https:\/\/i0.wp.com\/www.grieta.org.mx\/wp-content\/uploads\/2018\/03\/14524434_1106112876131411_958039263622046936_o.jpg?resize=700%2C400 2x"},"classes":[]},{"id":45648,"url":"http:\/\/www.grieta.org.mx\/index.php\/2020\/02\/26\/familias-de-desaparecidos-denuncian-campos-de-exterminio-en-veracruz\/","url_meta":{"origin":16688,"position":4},"title":"Familias de desaparecidos denuncian campos de exterminio en Veracruz","author":"Admin","date":"26 febrero, 2020","format":false,"excerpt":"Eliana Gilet \/ Sputnik News La quinta Brigada Nacional de B\u00fasqueda de personas desaparecidas en M\u00e9xico trabaj\u00f3 durante 15 d\u00edas en la zona norte del estado de Veracruz, particularmente afectado por la reiterada comisi\u00f3n de este delito de lesa humanidad, es decir, que no prescribe y que siempre puede ser\u2026","rel":"","context":"En &quot;CINTILLO&quot;","block_context":{"text":"CINTILLO","link":"http:\/\/www.grieta.org.mx\/index.php\/category\/cintillo\/"},"img":{"alt_text":"","src":"https:\/\/i0.wp.com\/www.grieta.org.mx\/wp-content\/uploads\/2020\/03\/Screenshot_2020-03-06-Familias-de-desaparecidos-denuncian-campos-de-exterminio-en-Veracruz.png?resize=350%2C200","width":350,"height":200,"srcset":"https:\/\/i0.wp.com\/www.grieta.org.mx\/wp-content\/uploads\/2020\/03\/Screenshot_2020-03-06-Familias-de-desaparecidos-denuncian-campos-de-exterminio-en-Veracruz.png?resize=350%2C200 1x, https:\/\/i0.wp.com\/www.grieta.org.mx\/wp-content\/uploads\/2020\/03\/Screenshot_2020-03-06-Familias-de-desaparecidos-denuncian-campos-de-exterminio-en-Veracruz.png?resize=525%2C300 1.5x, https:\/\/i0.wp.com\/www.grieta.org.mx\/wp-content\/uploads\/2020\/03\/Screenshot_2020-03-06-Familias-de-desaparecidos-denuncian-campos-de-exterminio-en-Veracruz.png?resize=700%2C400 2x, https:\/\/i0.wp.com\/www.grieta.org.mx\/wp-content\/uploads\/2020\/03\/Screenshot_2020-03-06-Familias-de-desaparecidos-denuncian-campos-de-exterminio-en-Veracruz.png?resize=1050%2C600 3x"},"classes":[]},{"id":10566,"url":"http:\/\/www.grieta.org.mx\/index.php\/2016\/04\/12\/hallan-familiares-de-desaparecidos-ropa-con-aparentes-huellas-de-sangre-en-la-pochota\/","url_meta":{"origin":16688,"position":5},"title":"Hallan familiares de desaparecidos ropa con aparentes huellas de sangre en \u201cLa Pochota\u201d","author":"grieta","date":"12 abril, 2016","format":false,"excerpt":"Rechazan presencia de elementos de la Fiscal\u00eda de Veracruz; \u201cvulneran nuestra seguridad\u201d Zaira Ju\u00e1rez Garc\u00eda Amatl\u00e1n de los Reyes, Ver.- Integrantes de la primera Brigada Nacional de B\u00fasqueda de Familiares Desaparecidos, acompa\u00f1ados de expertos en b\u00fasqueda y personal de la Comisi\u00f3n Nacional de Derechos Humanos (CNDH), hallaron ropa con aparentes\u2026","rel":"","context":"En &quot;CINTILLO&quot;","block_context":{"text":"CINTILLO","link":"http:\/\/www.grieta.org.mx\/index.php\/category\/cintillo\/"},"img":{"alt_text":"","src":"https:\/\/i0.wp.com\/www.grieta.org.mx\/wp-content\/uploads\/2018\/03\/14524434_1106112876131411_958039263622046936_o.jpg?resize=350%2C200","width":350,"height":200,"srcset":"https:\/\/i0.wp.com\/www.grieta.org.mx\/wp-content\/uploads\/2018\/03\/14524434_1106112876131411_958039263622046936_o.jpg?resize=350%2C200 1x, https:\/\/i0.wp.com\/www.grieta.org.mx\/wp-content\/uploads\/2018\/03\/14524434_1106112876131411_958039263622046936_o.jpg?resize=525%2C300 1.5x, https:\/\/i0.wp.com\/www.grieta.org.mx\/wp-content\/uploads\/2018\/03\/14524434_1106112876131411_958039263622046936_o.jpg?resize=700%2C400 2x"},"classes":[]}],"_links":{"self":[{"href":"http:\/\/www.grieta.org.mx\/index.php\/wp-json\/wp\/v2\/posts\/16688","targetHints":{"allow":["GET"]}}],"collection":[{"href":"http:\/\/www.grieta.org.mx\/index.php\/wp-json\/wp\/v2\/posts"}],"about":[{"href":"http:\/\/www.grieta.org.mx\/index.php\/wp-json\/wp\/v2\/types\/post"}],"author":[{"embeddable":true,"href":"http:\/\/www.grieta.org.mx\/index.php\/wp-json\/wp\/v2\/users\/1"}],"replies":[{"embeddable":true,"href":"http:\/\/www.grieta.org.mx\/index.php\/wp-json\/wp\/v2\/comments?post=16688"}],"version-history":[{"count":1,"href":"http:\/\/www.grieta.org.mx\/index.php\/wp-json\/wp\/v2\/posts\/16688\/revisions"}],"predecessor-version":[{"id":16689,"href":"http:\/\/www.grieta.org.mx\/index.php\/wp-json\/wp\/v2\/posts\/16688\/revisions\/16689"}],"wp:featuredmedia":[{"embeddable":true,"href":"http:\/\/www.grieta.org.mx\/index.php\/wp-json\/wp\/v2\/media\/21928"}],"wp:attachment":[{"href":"http:\/\/www.grieta.org.mx\/index.php\/wp-json\/wp\/v2\/media?parent=16688"}],"wp:term":[{"taxonomy":"category","embeddable":true,"href":"http:\/\/www.grieta.org.mx\/index.php\/wp-json\/wp\/v2\/categories?post=16688"},{"taxonomy":"post_tag","embeddable":true,"href":"http:\/\/www.grieta.org.mx\/index.php\/wp-json\/wp\/v2\/tags?post=16688"}],"curies":[{"name":"wp","href":"https:\/\/api.w.org\/{rel}","templated":true}]}}