{"id":16685,"date":"2016-07-11T12:29:04","date_gmt":"2016-07-11T17:29:04","guid":{"rendered":"http:\/\/www.grieta.org.mx\/?p=16685"},"modified":"2016-07-14T12:30:19","modified_gmt":"2016-07-14T17:30:19","slug":"maestros-bloquean-la-autopista-veracruz-villahermosa-apoyan-a-la-cnte","status":"publish","type":"post","link":"http:\/\/www.grieta.org.mx\/index.php\/2016\/07\/11\/maestros-bloquean-la-autopista-veracruz-villahermosa-apoyan-a-la-cnte\/","title":{"rendered":"Maestros bloquean la autopista Veracruz-Villahermosa; apoyan a la CNTE"},"content":{"rendered":"<p>Guillermo Guti\u00e9rrez Arias <\/p>\n<p>Minatitl\u00e1n, Veracruz.- Maestros e integrantes de otros grupos bloquean desde esta ma\u00f1ana la autopista Acayucan-Villahermosa, en ambos carriles, lo que es motivo de caos vehicular y p\u00e9rdidas econ\u00f3micas.<\/p>\n<p>Quienes participan en esta acci\u00f3n son principalmente integrantes del Movimiento Magisterial Popular Veracruzano (MMPV) en apoyo a las acciones de la Coordinadora Nacional de Trabajadores de la Educaci\u00f3n (CNTE), cuyos representantes hoy reinician negociaciones con la Secretar\u00eda de Gobernaci\u00f3n. <\/p>\n<p>Aunque el MMPV dijo que habr\u00eda paso a la circulaci\u00f3n para veh\u00edculos particulares, del servicio del transporte urbano y unidades de emergencia, debido a que los tr\u00e1ileres quedaron atorados en los dos carriles de circulaci\u00f3n, no hay paso.<\/p>\n<p>El bloqueo a la altura de la agencia de autos en la entrada de Minatitl\u00e1n ser\u00e1 por 24 horas, de acuerdo al comunicado del MMPV.<\/p>\n<p>La semana pasado maestros de esta organizaci\u00f3n tambi\u00e9n bloquearon la referida autopista. Su acci\u00f3n se extendi\u00f3 durante alrededor de 12 horas, provocando problemas para miles de automovilistas y para el transporte de carga.<\/p>\n<p><a href=\"http:\/\/www.oem.com.mx\/diariodexalapa\/notas\/n4224654.htm\" target=\"_blank\">http:\/\/www.oem.com.mx\/diariodexalapa\/notas\/n4224654.htm<\/a><\/p>\n","protected":false},"excerpt":{"rendered":"<p>Guillermo Guti\u00e9rrez Arias Minatitl\u00e1n, Veracruz.- Maestros e integrantes de otros grupos bloquean desde esta ma\u00f1ana la autopista Acayucan-Villahermosa, en ambos carriles, lo que es motivo de caos vehicular y p\u00e9rdidas &hellip; <a href=\"http:\/\/www.grieta.org.mx\/index.php\/2016\/07\/11\/maestros-bloquean-la-autopista-veracruz-villahermosa-apoyan-a-la-cnte\/\" class=\"more-link\">Leer m\u00e1s<\/a><\/p>\n","protected":false},"author":2,"featured_media":21928,"comment_status":"closed","ping_status":"closed","sticky":false,"template":"","format":"standard","meta":{"ngg_post_thumbnail":0,"_jetpack_newsletter_access":"","_jetpack_dont_email_post_to_subs":false,"_jetpack_newsletter_tier_id":0,"_jetpack_memberships_contains_paywalled_content":false,"_jetpack_memberships_contains_paid_content":false,"footnotes":""},"categories":[80,257],"tags":[134,480,135],"class_list":["post-16685","post","type-post","status-publish","format-standard","has-post-thumbnail","hentry","category-cintillo","category-veracruz","tag-cnte","tag-evaluacion-magisterial","tag-reforma-educativa","entry"],"jetpack_featured_media_url":"http:\/\/www.grieta.org.mx\/wp-content\/uploads\/2018\/03\/14524434_1106112876131411_958039263622046936_o.jpg","jetpack_sharing_enabled":true,"jetpack_shortlink":"https:\/\/wp.me\/p7ZJR4-4l7","jetpack_likes_enabled":false,"jetpack-related-posts":[{"id":16682,"url":"http:\/\/www.grieta.org.mx\/index.php\/2016\/07\/11\/manifestantes-cierran-la-autopista-acayucan-cosoleacaque\/","url_meta":{"origin":16685,"position":0},"title":"Manifestantes cierran la autopista Acayucan-Cosoleacaque","author":"grieta","date":"11 julio, 2016","format":false,"excerpt":"Eirinet G\u00f3mez Integrantes del Movimiento Magisterial Popular Veracruzano (MMPV) bloquearon la autopista Acayucan-Cosoleacaque, ocasionando largas filas de unidades de carga pesada. Los manifestantes colocaron piedras y palos sobre la carretera que va a Villahermosa y la zona centro de la entidad; sin embargo, permitieron el paso a veh\u00edculos ligeros, autobuses\u2026","rel":"","context":"En &quot;CINTILLO&quot;","block_context":{"text":"CINTILLO","link":"http:\/\/www.grieta.org.mx\/index.php\/category\/cintillo\/"},"img":{"alt_text":"","src":"https:\/\/i0.wp.com\/www.grieta.org.mx\/wp-content\/uploads\/2018\/03\/14524434_1106112876131411_958039263622046936_o.jpg?resize=350%2C200","width":350,"height":200,"srcset":"https:\/\/i0.wp.com\/www.grieta.org.mx\/wp-content\/uploads\/2018\/03\/14524434_1106112876131411_958039263622046936_o.jpg?resize=350%2C200 1x, https:\/\/i0.wp.com\/www.grieta.org.mx\/wp-content\/uploads\/2018\/03\/14524434_1106112876131411_958039263622046936_o.jpg?resize=525%2C300 1.5x, https:\/\/i0.wp.com\/www.grieta.org.mx\/wp-content\/uploads\/2018\/03\/14524434_1106112876131411_958039263622046936_o.jpg?resize=700%2C400 2x"},"classes":[]},{"id":7321,"url":"http:\/\/www.grieta.org.mx\/index.php\/2016\/08\/24\/policia-estatal-y-fuerza-civil-agreden-a-maestros-y-periodistas-en-veracruz-durante-protesta-de-la-cnte\/","url_meta":{"origin":16685,"position":1},"title":"Movilizaciones contra la Reforma Educativa y la evaluaci\u00f3n magisterial en Veracruz","author":"Admin","date":"24 agosto, 2016","format":false,"excerpt":"24\/08\/16. Maestros de Veracruz pierden amparo contra la reforma La Jornada 11\/07\/16. Maestros bloquean la autopista Veracruz-Villahermosa; apoyan a la CNTE Diario Xalapa 11\/07\/16. Manifestantes cierran la autopista Acayucan-Cosoleacaque E-Consulta Veracruz 26\/06\/16. Maestros del sur de Veracruz bloquean la pista Tinaja-Cosoleacaque en apoyo a la CNTE de Oaxaca El Pi\u00f1ero\u2026","rel":"","context":"En &quot;NOTICIAS NACIONALES&quot;","block_context":{"text":"NOTICIAS NACIONALES","link":"http:\/\/www.grieta.org.mx\/index.php\/category\/noticias-nacionales\/"},"img":{"alt_text":"","src":"https:\/\/i0.wp.com\/www.grieta.org.mx\/wp-content\/uploads\/2018\/03\/14524434_1106112876131411_958039263622046936_o.jpg?resize=350%2C200","width":350,"height":200,"srcset":"https:\/\/i0.wp.com\/www.grieta.org.mx\/wp-content\/uploads\/2018\/03\/14524434_1106112876131411_958039263622046936_o.jpg?resize=350%2C200 1x, https:\/\/i0.wp.com\/www.grieta.org.mx\/wp-content\/uploads\/2018\/03\/14524434_1106112876131411_958039263622046936_o.jpg?resize=525%2C300 1.5x, https:\/\/i0.wp.com\/www.grieta.org.mx\/wp-content\/uploads\/2018\/03\/14524434_1106112876131411_958039263622046936_o.jpg?resize=700%2C400 2x"},"classes":[]},{"id":15932,"url":"http:\/\/www.grieta.org.mx\/index.php\/2016\/06\/26\/maestros-del-sur-de-veracruz-bloquean-la-pista-tinaja-cosoleacaque-en-apoyo-a-la-cnte-de-oaxaca\/","url_meta":{"origin":16685,"position":2},"title":"Maestros del sur de Veracruz bloquean la pista Tinaja-Cosoleacaque en apoyo a la CNTE de Oaxaca","author":"Admin","date":"26 junio, 2016","format":false,"excerpt":"Cuenca del Papaloapan; 26 de junio, 2016.- Un nutrido contingente de maestros de la regi\u00f3n del Sur de Veracruz activaron un bloqueo sobre la pista Tinaja-Cosoleacaque, en jurisdicci\u00f3n de Minatitl\u00e1n, a fin de mostrar su respaldo a la CNTE y a sus hom\u00f3logos de Oaxaca. Alrededor de las 11:00 horas\u2026","rel":"","context":"En &quot;CINTILLO&quot;","block_context":{"text":"CINTILLO","link":"http:\/\/www.grieta.org.mx\/index.php\/category\/cintillo\/"},"img":{"alt_text":"","src":"https:\/\/i0.wp.com\/www.grieta.org.mx\/wp-content\/uploads\/2018\/03\/14524434_1106112876131411_958039263622046936_o.jpg?resize=350%2C200","width":350,"height":200,"srcset":"https:\/\/i0.wp.com\/www.grieta.org.mx\/wp-content\/uploads\/2018\/03\/14524434_1106112876131411_958039263622046936_o.jpg?resize=350%2C200 1x, https:\/\/i0.wp.com\/www.grieta.org.mx\/wp-content\/uploads\/2018\/03\/14524434_1106112876131411_958039263622046936_o.jpg?resize=525%2C300 1.5x, https:\/\/i0.wp.com\/www.grieta.org.mx\/wp-content\/uploads\/2018\/03\/14524434_1106112876131411_958039263622046936_o.jpg?resize=700%2C400 2x"},"classes":[]},{"id":16332,"url":"http:\/\/www.grieta.org.mx\/index.php\/2016\/07\/08\/maestros-bloquean-tres-carreteras-en-tabasco\/","url_meta":{"origin":16685,"position":3},"title":"Maestros bloquean tres carreteras en Tabasco","author":"grieta","date":"8 julio, 2016","format":false,"excerpt":"Raquel May Ol\u00e1n Villahermosa, Tabasco.- Mientras este viernes maestros anunciaron la liberaci\u00f3n del paso a la altura del km 114+300 de la carretera Federal Villahermosa-Esc\u00e1rcega, despu\u00e9s de 17 d\u00edas de obstaculizarla; surgieron dos nuevos bloqueos en la Regi\u00f3n de los Pantanos de esta entidad, espec\u00edficamente en los municipios de Macuspana\u2026","rel":"","context":"En &quot;CINTILLO&quot;","block_context":{"text":"CINTILLO","link":"http:\/\/www.grieta.org.mx\/index.php\/category\/cintillo\/"},"img":{"alt_text":"","src":"https:\/\/i0.wp.com\/www.grieta.org.mx\/wp-content\/uploads\/2018\/03\/14524434_1106112876131411_958039263622046936_o.jpg?resize=350%2C200","width":350,"height":200,"srcset":"https:\/\/i0.wp.com\/www.grieta.org.mx\/wp-content\/uploads\/2018\/03\/14524434_1106112876131411_958039263622046936_o.jpg?resize=350%2C200 1x, https:\/\/i0.wp.com\/www.grieta.org.mx\/wp-content\/uploads\/2018\/03\/14524434_1106112876131411_958039263622046936_o.jpg?resize=525%2C300 1.5x, https:\/\/i0.wp.com\/www.grieta.org.mx\/wp-content\/uploads\/2018\/03\/14524434_1106112876131411_958039263622046936_o.jpg?resize=700%2C400 2x"},"classes":[]},{"id":18046,"url":"http:\/\/www.grieta.org.mx\/index.php\/2016\/07\/27\/bloquean-maestros-casetas-jalisco\/","url_meta":{"origin":16685,"position":4},"title":"Bloquean maestros casetas (Jalisco)","author":"grieta","date":"27 julio, 2016","format":false,"excerpt":"ALEJANDRA ESPINOSA Maestros del Frente Magisterial Jalisco bloquearon ayer la caseta ubicada en la autopista Lagos-San Luis Potos\u00ed, para mostrar su inconformidad por la reforma educativa, y como parte del paro nacional que la Coordinadora Nacional de Trabajadores de la Educaci\u00f3n (CNTE) se encuentra realizando en todo el pa\u00eds. \u201cVa\u2026","rel":"","context":"En &quot;CINTILLO&quot;","block_context":{"text":"CINTILLO","link":"http:\/\/www.grieta.org.mx\/index.php\/category\/cintillo\/"},"img":{"alt_text":"","src":"https:\/\/i0.wp.com\/www.grieta.org.mx\/wp-content\/uploads\/2018\/03\/14524434_1106112876131411_958039263622046936_o.jpg?resize=350%2C200","width":350,"height":200,"srcset":"https:\/\/i0.wp.com\/www.grieta.org.mx\/wp-content\/uploads\/2018\/03\/14524434_1106112876131411_958039263622046936_o.jpg?resize=350%2C200 1x, https:\/\/i0.wp.com\/www.grieta.org.mx\/wp-content\/uploads\/2018\/03\/14524434_1106112876131411_958039263622046936_o.jpg?resize=525%2C300 1.5x, https:\/\/i0.wp.com\/www.grieta.org.mx\/wp-content\/uploads\/2018\/03\/14524434_1106112876131411_958039263622046936_o.jpg?resize=700%2C400 2x"},"classes":[]},{"id":17504,"url":"http:\/\/www.grieta.org.mx\/index.php\/2016\/07\/20\/oman-maestros-caseta-en-la-autopista-del-sol-morelos\/","url_meta":{"origin":16685,"position":5},"title":"Toman maestros caseta en la Autopista del Sol (MORELOS)","author":"grieta","date":"20 julio, 2016","format":false,"excerpt":"Karina Ortega, Morelos Integrantes de la Coordinadora Nacional de Trabajadores de la Educaci\u00f3n (CNTE) tomaron la caseta de cobro de la Autopista del Sol a la altura de Ahuehuetzingo y permiten el libre paso de los automovilistas, como muestra de rechazo a la Reforma Educativa. Por m\u00e1s de dos horas,\u2026","rel":"","context":"En &quot;CINTILLO&quot;","block_context":{"text":"CINTILLO","link":"http:\/\/www.grieta.org.mx\/index.php\/category\/cintillo\/"},"img":{"alt_text":"","src":"https:\/\/i0.wp.com\/www.grieta.org.mx\/wp-content\/uploads\/2018\/03\/14524434_1106112876131411_958039263622046936_o.jpg?resize=350%2C200","width":350,"height":200,"srcset":"https:\/\/i0.wp.com\/www.grieta.org.mx\/wp-content\/uploads\/2018\/03\/14524434_1106112876131411_958039263622046936_o.jpg?resize=350%2C200 1x, https:\/\/i0.wp.com\/www.grieta.org.mx\/wp-content\/uploads\/2018\/03\/14524434_1106112876131411_958039263622046936_o.jpg?resize=525%2C300 1.5x, https:\/\/i0.wp.com\/www.grieta.org.mx\/wp-content\/uploads\/2018\/03\/14524434_1106112876131411_958039263622046936_o.jpg?resize=700%2C400 2x"},"classes":[]}],"_links":{"self":[{"href":"http:\/\/www.grieta.org.mx\/index.php\/wp-json\/wp\/v2\/posts\/16685","targetHints":{"allow":["GET"]}}],"collection":[{"href":"http:\/\/www.grieta.org.mx\/index.php\/wp-json\/wp\/v2\/posts"}],"about":[{"href":"http:\/\/www.grieta.org.mx\/index.php\/wp-json\/wp\/v2\/types\/post"}],"author":[{"embeddable":true,"href":"http:\/\/www.grieta.org.mx\/index.php\/wp-json\/wp\/v2\/users\/2"}],"replies":[{"embeddable":true,"href":"http:\/\/www.grieta.org.mx\/index.php\/wp-json\/wp\/v2\/comments?post=16685"}],"version-history":[{"count":1,"href":"http:\/\/www.grieta.org.mx\/index.php\/wp-json\/wp\/v2\/posts\/16685\/revisions"}],"predecessor-version":[{"id":16686,"href":"http:\/\/www.grieta.org.mx\/index.php\/wp-json\/wp\/v2\/posts\/16685\/revisions\/16686"}],"wp:featuredmedia":[{"embeddable":true,"href":"http:\/\/www.grieta.org.mx\/index.php\/wp-json\/wp\/v2\/media\/21928"}],"wp:attachment":[{"href":"http:\/\/www.grieta.org.mx\/index.php\/wp-json\/wp\/v2\/media?parent=16685"}],"wp:term":[{"taxonomy":"category","embeddable":true,"href":"http:\/\/www.grieta.org.mx\/index.php\/wp-json\/wp\/v2\/categories?post=16685"},{"taxonomy":"post_tag","embeddable":true,"href":"http:\/\/www.grieta.org.mx\/index.php\/wp-json\/wp\/v2\/tags?post=16685"}],"curies":[{"name":"wp","href":"https:\/\/api.w.org\/{rel}","templated":true}]}}