{"id":16674,"date":"2016-07-13T12:07:20","date_gmt":"2016-07-13T17:07:20","guid":{"rendered":"http:\/\/www.grieta.org.mx\/?p=16674"},"modified":"2016-07-14T12:11:11","modified_gmt":"2016-07-14T17:11:11","slug":"maestros-jubilados-y-en-activo-se-unen-en-nueva-protesta","status":"publish","type":"post","link":"http:\/\/www.grieta.org.mx\/index.php\/2016\/07\/13\/maestros-jubilados-y-en-activo-se-unen-en-nueva-protesta\/","title":{"rendered":"Maestros jubilados y en activo se unen en nueva protesta"},"content":{"rendered":"<p>Ira\u00eds Aguirre<\/p>\n<blockquote><p>Reclaman la falta de pago a los profesores pensionados as\u00ed como la descompactaci\u00f3n de la carrera magisterial del sueldo tabulador.<\/p><\/blockquote>\n<p>Veracruz, Ver.- Maestros y profesores jubilados marcharon por las calles del centro hist\u00f3rico de Veracruz hacia el puente Morelos &#8211; que permanecer\u00e1 bloqueado hasta el mediod\u00eda &#8211; como reclamo a la falta de pago a los profesores pensionados as\u00ed como la descompactaci\u00f3n de la carrera magisterial del sueldo tabulador.<\/p>\n<p>Los manifestantes indicaron que el Gobierno del Estado de Veracruz tiene la obligaci\u00f3n de sanear las finanzas del Instituto de Pensiones del Estado que fue creado para una pensi\u00f3n digna, premisa que no se est\u00e1 respetando.<\/p>\n<p>Guadalupe Dom\u00ednguez Maldonado miembro de la secci\u00f3n 56 del Sindicato Nacional de Trabajadores de la Educaci\u00f3n, explic\u00f3 que se tom\u00f3 la decisi\u00f3n de descompactar de su salario la carrera magisterial sin notificarles.<\/p>\n<p>\u201cHemos hecho ex\u00e1menes, nos hemos ganado un sueldo que el mismo gobierno federal hizo y el d\u00eda de hoy nos est\u00e1n descompactando y quitando este programa\u201d, explic\u00f3.<\/p>\n<p>Explic\u00f3 que buscar\u00e1n tambi\u00e9n apoyar a los profesores jubilados para que haya claridad sobre qu\u00e9 es lo que ha pasado con los recursos del instituto de pensiones del Estado. <\/p>\n<p><a href=\"http:\/\/e-veracruz.mx\/nota\/2016-07-13\/estado\/maestros-jubilados-y-en-activo-se-unen-en-nueva-protesta\" target=\"_blank\">http:\/\/e-veracruz.mx\/nota\/2016-07-13\/estado\/maestros-jubilados-y-en-activo-se-unen-en-nueva-protesta<\/a><\/p>\n","protected":false},"excerpt":{"rendered":"<p>Ira\u00eds Aguirre Reclaman la falta de pago a los profesores pensionados as\u00ed como la descompactaci\u00f3n de la carrera magisterial del sueldo tabulador. Veracruz, Ver.- Maestros y profesores jubilados marcharon por &hellip; <a href=\"http:\/\/www.grieta.org.mx\/index.php\/2016\/07\/13\/maestros-jubilados-y-en-activo-se-unen-en-nueva-protesta\/\" class=\"more-link\">Leer m\u00e1s<\/a><\/p>\n","protected":false},"author":2,"featured_media":21928,"comment_status":"closed","ping_status":"closed","sticky":false,"template":"","format":"standard","meta":{"ngg_post_thumbnail":0,"_jetpack_newsletter_access":"","_jetpack_dont_email_post_to_subs":false,"_jetpack_newsletter_tier_id":0,"_jetpack_memberships_contains_paywalled_content":false,"_jetpack_memberships_contains_paid_content":false,"footnotes":""},"categories":[80,257],"tags":[310],"class_list":["post-16674","post","type-post","status-publish","format-standard","has-post-thumbnail","hentry","category-cintillo","category-veracruz","tag-jubilados","entry"],"jetpack_featured_media_url":"http:\/\/www.grieta.org.mx\/wp-content\/uploads\/2018\/03\/14524434_1106112876131411_958039263622046936_o.jpg","jetpack_sharing_enabled":true,"jetpack_shortlink":"https:\/\/wp.me\/p7ZJR4-4kW","jetpack_likes_enabled":false,"jetpack-related-posts":[{"id":6116,"url":"http:\/\/www.grieta.org.mx\/index.php\/2016\/07\/13\/pensionados-y-jubilados-de-veracruz-exigen-el-pago-inmediato-de-adeudos\/","url_meta":{"origin":16674,"position":0},"title":"Pensionados, jubilados y maestros de Veracruz exigen el pago inmediato de adeudos","author":"Admin","date":"13 julio, 2016","format":false,"excerpt":"13\/07\/16. Maestros jubilados y en activo se unen en nueva protesta E-Consulta Veracruz 05\/07\/16. Protestas en Veracruz La Cr\u00f3nica de Hoy 04\/07\/16. Protestan sindicatos y jubilados en Veracruz por falta de pagos La Jornada 03\/06\/16. Jubilados del puerto se suman a rechazo de pago de deuda con inmuebles E-consulta Veracruz\u2026","rel":"","context":"En &quot;NOTICIAS NACIONALES&quot;","block_context":{"text":"NOTICIAS NACIONALES","link":"http:\/\/www.grieta.org.mx\/index.php\/category\/noticias-nacionales\/"},"img":{"alt_text":"","src":"https:\/\/i0.wp.com\/www.grieta.org.mx\/wp-content\/uploads\/2018\/03\/14524434_1106112876131411_958039263622046936_o.jpg?resize=350%2C200","width":350,"height":200,"srcset":"https:\/\/i0.wp.com\/www.grieta.org.mx\/wp-content\/uploads\/2018\/03\/14524434_1106112876131411_958039263622046936_o.jpg?resize=350%2C200 1x, https:\/\/i0.wp.com\/www.grieta.org.mx\/wp-content\/uploads\/2018\/03\/14524434_1106112876131411_958039263622046936_o.jpg?resize=525%2C300 1.5x, https:\/\/i0.wp.com\/www.grieta.org.mx\/wp-content\/uploads\/2018\/03\/14524434_1106112876131411_958039263622046936_o.jpg?resize=700%2C400 2x"},"classes":[]},{"id":15920,"url":"http:\/\/www.grieta.org.mx\/index.php\/2016\/07\/04\/protestan-sindicatos-y-jubilados-en-veracruz-por-falta-de-pagos\/","url_meta":{"origin":16674,"position":1},"title":"Protestan sindicatos y jubilados en Veracruz por falta de pagos","author":"Admin","date":"4 julio, 2016","format":false,"excerpt":"Xalapa, Ver. Maestros de siete sindicatos y jubilados agremiados a la Coalici\u00f3n de Pensionistas Independientes del Estado de Veracruz A.C. (Copipev), realizan protestas en la secretar\u00edas de Educaci\u00f3n de Veracruz (SEV), y de Finanzas y Planeaci\u00f3n (SEV), para denunciar que el gobierno de Javier Duarte ha incumplido con el pago\u2026","rel":"","context":"En &quot;CINTILLO&quot;","block_context":{"text":"CINTILLO","link":"http:\/\/www.grieta.org.mx\/index.php\/category\/cintillo\/"},"img":{"alt_text":"","src":"https:\/\/i0.wp.com\/www.grieta.org.mx\/wp-content\/uploads\/2018\/03\/14524434_1106112876131411_958039263622046936_o.jpg?resize=350%2C200","width":350,"height":200,"srcset":"https:\/\/i0.wp.com\/www.grieta.org.mx\/wp-content\/uploads\/2018\/03\/14524434_1106112876131411_958039263622046936_o.jpg?resize=350%2C200 1x, https:\/\/i0.wp.com\/www.grieta.org.mx\/wp-content\/uploads\/2018\/03\/14524434_1106112876131411_958039263622046936_o.jpg?resize=525%2C300 1.5x, https:\/\/i0.wp.com\/www.grieta.org.mx\/wp-content\/uploads\/2018\/03\/14524434_1106112876131411_958039263622046936_o.jpg?resize=700%2C400 2x"},"classes":[]},{"id":6117,"url":"http:\/\/www.grieta.org.mx\/index.php\/2016\/01\/29\/ipe-entrega-cheques-sin-fondo-a-pensionados-y-nuevamente-salen-a-las-calles-del-puerto-de-veracruz\/","url_meta":{"origin":16674,"position":2},"title":"IPE entrega cheques sin fondo a pensionados y nuevamente salen a las calles del Puerto de Veracruz","author":"Admin","date":"29 enero, 2016","format":false,"excerpt":"Por Daniela J\u00e1come H\/ Veracruz, Ver. De nueva cuenta jubilados y pensionados bloquearon la avenida Independencia y Benito Ju\u00e1rez pues no llegaron los dep\u00f3sitos correspondientes a la pensi\u00f3n de enero, siendo hoy el \u00faltimo d\u00eda h\u00e1bil del a\u00f1o. Los profesores retirados llegaron hasta la ya conocida esquina de los bancos\u2026","rel":"","context":"En &quot;CINTILLO&quot;","block_context":{"text":"CINTILLO","link":"http:\/\/www.grieta.org.mx\/index.php\/category\/cintillo\/"},"img":{"alt_text":"","src":"https:\/\/i0.wp.com\/www.grieta.org.mx\/wp-content\/uploads\/2018\/03\/14524434_1106112876131411_958039263622046936_o.jpg?resize=350%2C200","width":350,"height":200,"srcset":"https:\/\/i0.wp.com\/www.grieta.org.mx\/wp-content\/uploads\/2018\/03\/14524434_1106112876131411_958039263622046936_o.jpg?resize=350%2C200 1x, https:\/\/i0.wp.com\/www.grieta.org.mx\/wp-content\/uploads\/2018\/03\/14524434_1106112876131411_958039263622046936_o.jpg?resize=525%2C300 1.5x, https:\/\/i0.wp.com\/www.grieta.org.mx\/wp-content\/uploads\/2018\/03\/14524434_1106112876131411_958039263622046936_o.jpg?resize=700%2C400 2x"},"classes":[]},{"id":13716,"url":"http:\/\/www.grieta.org.mx\/index.php\/2016\/06\/03\/jubilados-del-puerto-se-suman-a-rechazo-de-pago-de-deuda-con-inmuebles\/","url_meta":{"origin":16674,"position":3},"title":"Jubilados del puerto se suman a rechazo de pago de deuda con inmuebles","author":"grieta","date":"3 junio, 2016","format":false,"excerpt":"\"Calculamos que a la reserva t\u00e9cnica le deben 14 mil millones de pesos\u201d, indicaron. Veracruz, Ver.- Maestros jubilados y pensionados se manifestaron en el Palacio Municipal de Veracruz para exigir a las autoridades estatales el pago en efectivo del adeudo que tienen con el Instituto de Pensiones del Estado, y\u2026","rel":"","context":"En &quot;CINTILLO&quot;","block_context":{"text":"CINTILLO","link":"http:\/\/www.grieta.org.mx\/index.php\/category\/cintillo\/"},"img":{"alt_text":"","src":"https:\/\/i0.wp.com\/www.grieta.org.mx\/wp-content\/uploads\/2018\/03\/14524434_1106112876131411_958039263622046936_o.jpg?resize=350%2C200","width":350,"height":200,"srcset":"https:\/\/i0.wp.com\/www.grieta.org.mx\/wp-content\/uploads\/2018\/03\/14524434_1106112876131411_958039263622046936_o.jpg?resize=350%2C200 1x, https:\/\/i0.wp.com\/www.grieta.org.mx\/wp-content\/uploads\/2018\/03\/14524434_1106112876131411_958039263622046936_o.jpg?resize=525%2C300 1.5x, https:\/\/i0.wp.com\/www.grieta.org.mx\/wp-content\/uploads\/2018\/03\/14524434_1106112876131411_958039263622046936_o.jpg?resize=700%2C400 2x"},"classes":[]},{"id":6119,"url":"http:\/\/www.grieta.org.mx\/index.php\/2016\/01\/06\/no-falta-dinero-sobran-ladrones-cientos-de-pensionados-en-veracruz-vuelven-a-salir-a-la-calle\/","url_meta":{"origin":16674,"position":4},"title":"\u201cNo falta dinero. \u00a1Sobran ladrones!\u201d, cientos de pensionados en Veracruz vuelven a salir a la calle","author":"Admin","date":"6 enero, 2016","format":false,"excerpt":"Vuelven a salir a las calles cientos de pensionados en Coatzacoalcos, Minatitl\u00e1n y en Xalapa para exigir la deuda de hace meses, denunciar el desalojo violento el pasado 23 de diciembre y marchar bajo la consigna \u201cNo falta dinero. \u00a1Sobran ladrones!\u201d. En la protesta los diferentes l\u00edderes exigieron a la\u2026","rel":"","context":"En &quot;CINTILLO&quot;","block_context":{"text":"CINTILLO","link":"http:\/\/www.grieta.org.mx\/index.php\/category\/cintillo\/"},"img":{"alt_text":"","src":"https:\/\/i0.wp.com\/www.grieta.org.mx\/wp-content\/uploads\/2018\/03\/14524434_1106112876131411_958039263622046936_o.jpg?resize=350%2C200","width":350,"height":200,"srcset":"https:\/\/i0.wp.com\/www.grieta.org.mx\/wp-content\/uploads\/2018\/03\/14524434_1106112876131411_958039263622046936_o.jpg?resize=350%2C200 1x, https:\/\/i0.wp.com\/www.grieta.org.mx\/wp-content\/uploads\/2018\/03\/14524434_1106112876131411_958039263622046936_o.jpg?resize=525%2C300 1.5x, https:\/\/i0.wp.com\/www.grieta.org.mx\/wp-content\/uploads\/2018\/03\/14524434_1106112876131411_958039263622046936_o.jpg?resize=700%2C400 2x"},"classes":[]},{"id":27480,"url":"http:\/\/www.grieta.org.mx\/index.php\/2018\/11\/04\/continua-paro-laboral-de-maestros-este-lunes-5-de-noviembre-baja-california\/","url_meta":{"origin":16674,"position":5},"title":"Contin\u00faa paro laboral de maestros este lunes 5 de noviembre (Baja California)","author":"grieta","date":"4 noviembre, 2018","format":false,"excerpt":"La lideresa llam\u00f3 a los integrantes de su gremio a estar presentes en los edificios de gobierno de los cinco municipios de Baja California. Foto Luis Arellano Sarmiento Por Luis Arellano Sarmiento Mexicali, 4 de noviembre.- Este lunes 5 de noviembre continuar\u00e1 el paro laboral de los profesores del Sindicato\u2026","rel":"","context":"En &quot;Baja California&quot;","block_context":{"text":"Baja California","link":"http:\/\/www.grieta.org.mx\/index.php\/category\/noticias-nacionales\/baja-california\/"},"img":{"alt_text":"","src":"https:\/\/i0.wp.com\/www.grieta.org.mx\/wp-content\/uploads\/2018\/11\/captura_de_pantalla_2018-11-04_a_las_12.46.38.png?resize=350%2C200","width":350,"height":200,"srcset":"https:\/\/i0.wp.com\/www.grieta.org.mx\/wp-content\/uploads\/2018\/11\/captura_de_pantalla_2018-11-04_a_las_12.46.38.png?resize=350%2C200 1x, https:\/\/i0.wp.com\/www.grieta.org.mx\/wp-content\/uploads\/2018\/11\/captura_de_pantalla_2018-11-04_a_las_12.46.38.png?resize=525%2C300 1.5x"},"classes":[]}],"_links":{"self":[{"href":"http:\/\/www.grieta.org.mx\/index.php\/wp-json\/wp\/v2\/posts\/16674","targetHints":{"allow":["GET"]}}],"collection":[{"href":"http:\/\/www.grieta.org.mx\/index.php\/wp-json\/wp\/v2\/posts"}],"about":[{"href":"http:\/\/www.grieta.org.mx\/index.php\/wp-json\/wp\/v2\/types\/post"}],"author":[{"embeddable":true,"href":"http:\/\/www.grieta.org.mx\/index.php\/wp-json\/wp\/v2\/users\/2"}],"replies":[{"embeddable":true,"href":"http:\/\/www.grieta.org.mx\/index.php\/wp-json\/wp\/v2\/comments?post=16674"}],"version-history":[{"count":1,"href":"http:\/\/www.grieta.org.mx\/index.php\/wp-json\/wp\/v2\/posts\/16674\/revisions"}],"predecessor-version":[{"id":16676,"href":"http:\/\/www.grieta.org.mx\/index.php\/wp-json\/wp\/v2\/posts\/16674\/revisions\/16676"}],"wp:featuredmedia":[{"embeddable":true,"href":"http:\/\/www.grieta.org.mx\/index.php\/wp-json\/wp\/v2\/media\/21928"}],"wp:attachment":[{"href":"http:\/\/www.grieta.org.mx\/index.php\/wp-json\/wp\/v2\/media?parent=16674"}],"wp:term":[{"taxonomy":"category","embeddable":true,"href":"http:\/\/www.grieta.org.mx\/index.php\/wp-json\/wp\/v2\/categories?post=16674"},{"taxonomy":"post_tag","embeddable":true,"href":"http:\/\/www.grieta.org.mx\/index.php\/wp-json\/wp\/v2\/tags?post=16674"}],"curies":[{"name":"wp","href":"https:\/\/api.w.org\/{rel}","templated":true}]}}