{"id":16639,"date":"2016-07-09T16:18:37","date_gmt":"2016-07-09T21:18:37","guid":{"rendered":"http:\/\/www.grieta.org.mx\/?p=16639"},"modified":"2016-07-13T16:37:04","modified_gmt":"2016-07-13T21:37:04","slug":"investigan-a-policias-de-tekax-yucatan-que-torturaron-a-dos-sujetos","status":"publish","type":"post","link":"http:\/\/www.grieta.org.mx\/index.php\/2016\/07\/09\/investigan-a-policias-de-tekax-yucatan-que-torturaron-a-dos-sujetos\/","title":{"rendered":"Investigan a polic\u00edas de Tekax (Yucat\u00e1n) que torturaron a dos sujetos"},"content":{"rendered":"<p><img loading=\"lazy\" decoding=\"async\" data-attachment-id=\"16641\" data-permalink=\"http:\/\/www.grieta.org.mx\/index.php\/2016\/07\/09\/investigan-a-policias-de-tekax-yucatan-que-torturaron-a-dos-sujetos\/image-65\/\" data-orig-file=\"http:\/\/www.grieta.org.mx\/wp-content\/uploads\/2016\/07\/image-65.jpeg\" data-orig-size=\"1216,659\" data-comments-opened=\"0\" data-image-meta=\"{&quot;aperture&quot;:&quot;0&quot;,&quot;credit&quot;:&quot;&quot;,&quot;camera&quot;:&quot;&quot;,&quot;caption&quot;:&quot;&quot;,&quot;created_timestamp&quot;:&quot;0&quot;,&quot;copyright&quot;:&quot;&quot;,&quot;focal_length&quot;:&quot;0&quot;,&quot;iso&quot;:&quot;0&quot;,&quot;shutter_speed&quot;:&quot;0&quot;,&quot;title&quot;:&quot;&quot;,&quot;orientation&quot;:&quot;0&quot;}\" data-image-title=\"image-65\" data-image-description=\"\" data-image-caption=\"\" data-medium-file=\"http:\/\/www.grieta.org.mx\/wp-content\/uploads\/2016\/07\/image-65-300x163.jpeg\" data-large-file=\"http:\/\/www.grieta.org.mx\/wp-content\/uploads\/2016\/07\/image-65-1024x555.jpeg\" src=\"http:\/\/www.grieta.org.mx\/wp-content\/uploads\/2016\/07\/image-65-300x163.jpeg\" alt=\"image-65\" width=\"300\" height=\"163\" class=\"aligncenter size-medium wp-image-16641\" srcset=\"http:\/\/www.grieta.org.mx\/wp-content\/uploads\/2016\/07\/image-65-300x163.jpeg 300w, http:\/\/www.grieta.org.mx\/wp-content\/uploads\/2016\/07\/image-65-768x416.jpeg 768w, http:\/\/www.grieta.org.mx\/wp-content\/uploads\/2016\/07\/image-65-1024x555.jpeg 1024w, http:\/\/www.grieta.org.mx\/wp-content\/uploads\/2016\/07\/image-65.jpeg 1216w\" sizes=\"auto, (max-width: 300px) 100vw, 300px\" \/><\/p>\n<p>En redes sociales circula un v\u00eddeo en donde los municipales cometen actos violentos en contra de un sujeto, para que declare sobre robo de ganado<\/p>\n<p>(Herbeth Escalante)<br \/>\nM\u00e9rida, Yucat\u00e1n, 09 de julio de 2016.- La Fiscal\u00eda General del Estado (FGE) inform\u00f3 que investiga hechos posiblemente delictuosos cometidos presuntamente por polic\u00edas municipales de Tekax en contra de dos ciudadanos.<\/p>\n<p>Esa dependencia ha abierto la carpeta de investigaci\u00f3n 858\/2016 para esclarecer un supuesto caso de tortura cometido en contra de dos personas detenidas en ese municipio.<\/p>\n<p>En un comunicado, la Fiscal\u00eda explic\u00f3 que de acuerdo con los hechos que constan en dicho documento, elementos de la Polic\u00eda Municipal del ayuntamiento de Tekax cometieron presuntas irregularidades en contra de Francisco Javier A. G. y Francis Andrey A. B., a quienes se les detuvo por un presunto robo en un rancho de esa localidad.<\/p>\n<p>Se han iniciado las averiguaciones correspondientes para el deslinde de responsabilidades y actuar en consecuencia de lo que arrojen las indagatorias del caso.<\/p>\n<p>En un video que circula en las redes sociales, se observa que al menos cuatro uniformados torturan a una persona para que confiese qui\u00e9n roba ganado en Tekax y en d\u00f3nde esconde los animales.<\/p>\n<p>Los polic\u00edas tienen sujetado de las manos a dicho sujeto, a quien le pisan los pies, y le tapan el rostro con una especie de bolsa, provoc\u00e1ndole asfixia, mientras lo interrogan y lo graban con sus celulares.<\/p>\n<p>En el video se ve c\u00f3mo uno de los elementos policiacos se le acerca con una cubeta de agua que le tira en la cara, para provocar mayor sufrimiento al detenido, quien en todo momento suplica que paren las agresiones.<\/p>\n<p>Sobre este caso, el regidor del PRD en Tekax, Bayardo Ojeda Marrufo, critic\u00f3 que se sigan cometiendo estos actos en las investigaciones y persecuci\u00f3n de delitos, \u201cy que a\u00fan estemos en manos de operadores de la justicia que no cuentan con la m\u00ednima preparaci\u00f3n sobre el nuevo Sistema de Justicia Penal en un \u00e1mbito de protecci\u00f3n a los derechos humanos\u201d.<\/p>\n<p>\u201cEl PRD no est\u00e1 en contra de que, si estamos en presencia de un delito, se investigue y se sancione a quien resulte culpable\u2026 pero en dicho video se puede concluir que si en realidad se cometi\u00f3 un delito \u00e9ste corre el riesgo de que quede impune por resultado de los actos de tortura cometidos por los elementos de seguridad p\u00fablica del municipio de Tekax, quienes ya pusieron en riesgo la investigaci\u00f3n y el procedimiento judicial. Pero sobre todo estamos en contra de todo acto que vulnere la dignidad humana de la que tenemos derecho todas las personas\u201d se\u00f1al\u00f3.<\/p>\n<p>El edil lament\u00f3 que los elementos no cuentan con conocimiento alguno del protocolo y el procedimiento en toda investigaci\u00f3n criminal, y cuestion\u00f3 en d\u00f3nde qued\u00f3 toda la inversi\u00f3n que realiz\u00f3 el ayuntamiento en capacitar a sus polic\u00edas. <\/p>\n<p><a href=\"http:\/\/www.desdeelbalcon.com\/investigan-a-policias-de-tekax-que-torturaron-a-dos-sujetos\/#.V4ayb44c-26\" target=\"_blank\">http:\/\/www.desdeelbalcon.com\/investigan-a-policias-de-tekax-que-torturaron-a-dos-sujetos\/#.V4ayb44c-26<\/a><\/p>\n","protected":false},"excerpt":{"rendered":"<p>En redes sociales circula un v\u00eddeo en donde los municipales cometen actos violentos en contra de un sujeto, para que declare sobre robo de ganado (Herbeth Escalante) M\u00e9rida, Yucat\u00e1n, 09 &hellip; <a href=\"http:\/\/www.grieta.org.mx\/index.php\/2016\/07\/09\/investigan-a-policias-de-tekax-yucatan-que-torturaron-a-dos-sujetos\/\" class=\"more-link\">Leer m\u00e1s<\/a><\/p>\n","protected":false},"author":2,"featured_media":21928,"comment_status":"closed","ping_status":"closed","sticky":false,"template":"","format":"standard","meta":{"ngg_post_thumbnail":0,"_jetpack_newsletter_access":"","_jetpack_dont_email_post_to_subs":false,"_jetpack_newsletter_tier_id":0,"_jetpack_memberships_contains_paywalled_content":false,"_jetpack_memberships_contains_paid_content":false,"footnotes":""},"categories":[80,153],"tags":[199,325],"class_list":["post-16639","post","type-post","status-publish","format-standard","has-post-thumbnail","hentry","category-cintillo","category-yucatan","tag-abuso-policiaco","tag-tortura","entry"],"jetpack_featured_media_url":"http:\/\/www.grieta.org.mx\/wp-content\/uploads\/2018\/03\/14524434_1106112876131411_958039263622046936_o.jpg","jetpack_sharing_enabled":true,"jetpack_shortlink":"https:\/\/wp.me\/p7ZJR4-4kn","jetpack_likes_enabled":false,"jetpack-related-posts":[{"id":5747,"url":"http:\/\/www.grieta.org.mx\/index.php\/2016\/07\/12\/ongs-denuncian-tortura-policiaca-en-yucatan\/","url_meta":{"origin":16639,"position":0},"title":"Protestas contra la tortura policiaca en Yucat\u00e1n","author":"grieta","date":"12 julio, 2016","format":false,"excerpt":"12\/07\/16. Tortura en Yucat\u00e1n: encubrir a toda costaLectorMx 11\/07\/16. Un grito contra la impunidad en Tekax (Yucat\u00e1n)LectorMx 09\/07\/16. Investigan a polic\u00edas de Tekax (Yucat\u00e1n) que torturaron a dos sujetosDesde el Balc\u00f3n 15\/08\/15. En Yucat\u00e1n bajo el argumento de mantener el orden, impera la tortura perpetrada por las Polic\u00edasRevoluci\u00f3n 3.0","rel":"","context":"En &quot;NOTICIAS NACIONALES&quot;","block_context":{"text":"NOTICIAS NACIONALES","link":"http:\/\/www.grieta.org.mx\/index.php\/category\/noticias-nacionales\/"},"img":{"alt_text":"","src":"https:\/\/i0.wp.com\/www.grieta.org.mx\/wp-content\/uploads\/2018\/03\/14524434_1106112876131411_958039263622046936_o.jpg?resize=350%2C200","width":350,"height":200,"srcset":"https:\/\/i0.wp.com\/www.grieta.org.mx\/wp-content\/uploads\/2018\/03\/14524434_1106112876131411_958039263622046936_o.jpg?resize=350%2C200 1x, https:\/\/i0.wp.com\/www.grieta.org.mx\/wp-content\/uploads\/2018\/03\/14524434_1106112876131411_958039263622046936_o.jpg?resize=525%2C300 1.5x, https:\/\/i0.wp.com\/www.grieta.org.mx\/wp-content\/uploads\/2018\/03\/14524434_1106112876131411_958039263622046936_o.jpg?resize=700%2C400 2x"},"classes":[]},{"id":16630,"url":"http:\/\/www.grieta.org.mx\/index.php\/2016\/07\/11\/un-grito-contra-la-impunidad-en-tekax-yucatan\/","url_meta":{"origin":16639,"position":1},"title":"Un grito contra la impunidad en Tekax (Yucat\u00e1n)","author":"grieta","date":"11 julio, 2016","format":false,"excerpt":"Tekax, Yucat\u00e1n.- Unas 400 personas salieron a las calles a protestar por la violencia que ejercen polic\u00edas municipales que forman parte de la Polic\u00eda Estatal Coordinada. Desde las 16:00 horas comenzaron a concentrarse en el campo deportivo de la colonia L\u00e1zaro, y de ah\u00ed partieron a la plaza principal de\u2026","rel":"","context":"En &quot;CINTILLO&quot;","block_context":{"text":"CINTILLO","link":"http:\/\/www.grieta.org.mx\/index.php\/category\/cintillo\/"},"img":{"alt_text":"","src":"https:\/\/i0.wp.com\/www.grieta.org.mx\/wp-content\/uploads\/2018\/03\/14524434_1106112876131411_958039263622046936_o.jpg?resize=350%2C200","width":350,"height":200,"srcset":"https:\/\/i0.wp.com\/www.grieta.org.mx\/wp-content\/uploads\/2018\/03\/14524434_1106112876131411_958039263622046936_o.jpg?resize=350%2C200 1x, https:\/\/i0.wp.com\/www.grieta.org.mx\/wp-content\/uploads\/2018\/03\/14524434_1106112876131411_958039263622046936_o.jpg?resize=525%2C300 1.5x, https:\/\/i0.wp.com\/www.grieta.org.mx\/wp-content\/uploads\/2018\/03\/14524434_1106112876131411_958039263622046936_o.jpg?resize=700%2C400 2x"},"classes":[]},{"id":16635,"url":"http:\/\/www.grieta.org.mx\/index.php\/2016\/07\/12\/tortura-en-yucatan-encubrir-a-toda-costa\/","url_meta":{"origin":16639,"position":2},"title":"Tortura en Yucat\u00e1n: encubrir a toda costa","author":"grieta","date":"12 julio, 2016","format":false,"excerpt":"Equipo Indignaci\u00f3n Yucat\u00e1n.- Ante la evidencia de tortura cometida por Polic\u00edas Municipales de Tekax (y probablemente un integrante de la Polic\u00eda Estatal, al menos con camiseta de esa corporaci\u00f3n), el Gobierno de Yucat\u00e1n admite, sin llamarle por su nombre, \u201chechos lamentables\u201d y condena esa y \u201ccualquier pr\u00e1ctica que atente contra\u2026","rel":"","context":"En &quot;CINTILLO&quot;","block_context":{"text":"CINTILLO","link":"http:\/\/www.grieta.org.mx\/index.php\/category\/cintillo\/"},"img":{"alt_text":"","src":"https:\/\/i0.wp.com\/www.grieta.org.mx\/wp-content\/uploads\/2018\/03\/14524434_1106112876131411_958039263622046936_o.jpg?resize=350%2C200","width":350,"height":200,"srcset":"https:\/\/i0.wp.com\/www.grieta.org.mx\/wp-content\/uploads\/2018\/03\/14524434_1106112876131411_958039263622046936_o.jpg?resize=350%2C200 1x, https:\/\/i0.wp.com\/www.grieta.org.mx\/wp-content\/uploads\/2018\/03\/14524434_1106112876131411_958039263622046936_o.jpg?resize=525%2C300 1.5x, https:\/\/i0.wp.com\/www.grieta.org.mx\/wp-content\/uploads\/2018\/03\/14524434_1106112876131411_958039263622046936_o.jpg?resize=700%2C400 2x"},"classes":[]},{"id":61177,"url":"http:\/\/www.grieta.org.mx\/index.php\/2021\/08\/17\/en-ano-y-medio-se-registraron-315-denuncias-por-tortura-en-yucatan\/","url_meta":{"origin":16639,"position":3},"title":"En a\u00f1o y medio se registraron 315 denuncias por tortura en Yucat\u00e1n","author":"grieta","date":"17 agosto, 2021","format":false,"excerpt":"Herbeth Escalante \/ Foto de Lorenzo Hern\u00e1ndez \/ Haz Ruido A pesar de que las v\u00edctimas interpusieron sus denuncias en la Fiscal\u00eda, ning\u00fan caso fue judicializado y no hubo personas castigadas. M\u00e9rida, Yucat\u00e1n, 17 de agosto de 2021.- De acuerdo con una solicitud de transparencia a la Fiscal\u00eda General del\u2026","rel":"","context":"En &quot;Abuso Autoridades en Yucat\u00e1n&quot;","block_context":{"text":"Abuso Autoridades en Yucat\u00e1n","link":"http:\/\/www.grieta.org.mx\/index.php\/category\/noticias-nacionales\/yucatan\/abuso-autoridades-en-yucatan\/"},"img":{"alt_text":"","src":"https:\/\/i0.wp.com\/www.grieta.org.mx\/wp-content\/uploads\/2021\/08\/Tortura315casos-e1629304000341.png?resize=350%2C200","width":350,"height":200,"srcset":"https:\/\/i0.wp.com\/www.grieta.org.mx\/wp-content\/uploads\/2021\/08\/Tortura315casos-e1629304000341.png?resize=350%2C200 1x, https:\/\/i0.wp.com\/www.grieta.org.mx\/wp-content\/uploads\/2021\/08\/Tortura315casos-e1629304000341.png?resize=525%2C300 1.5x, https:\/\/i0.wp.com\/www.grieta.org.mx\/wp-content\/uploads\/2021\/08\/Tortura315casos-e1629304000341.png?resize=700%2C400 2x"},"classes":[]},{"id":56720,"url":"http:\/\/www.grieta.org.mx\/index.php\/2021\/01\/27\/pese-a-denuncias-de-torturas-de-policias-de-yucatan-uno-se-toma-la-libertad-de-presumir-fotografias-de-ciudadano-semidesnudo\/","url_meta":{"origin":16639,"position":4},"title":"Pese a denuncias de torturas de polic\u00edas de Yucat\u00e1n, uno se toma la libertad de presumir fotograf\u00edas de ciudadano semidesnudo","author":"grieta","date":"27 enero, 2021","format":false,"excerpt":"Itzel Chan \/ Noticaribe M\u00c9RIDA, MX.- A pesar de que no es la primera vez que la Secretar\u00eda de Seguridad P\u00fablica (SSP) de Yucat\u00e1n es denunciada porque sus elementos torturan a ciudadanos, un polic\u00eda del municipio de Tekax se tom\u00f3 la libertad de exhibir en redes sociales a un hombre\u2026","rel":"","context":"En &quot;Abuso Autoridades en Yucat\u00e1n&quot;","block_context":{"text":"Abuso Autoridades en Yucat\u00e1n","link":"http:\/\/www.grieta.org.mx\/index.php\/category\/noticias-nacionales\/yucatan\/abuso-autoridades-en-yucatan\/"},"img":{"alt_text":"","src":"https:\/\/i0.wp.com\/www.grieta.org.mx\/wp-content\/uploads\/2021\/02\/TorturaPoliciaYucatan.png?resize=350%2C200","width":350,"height":200,"srcset":"https:\/\/i0.wp.com\/www.grieta.org.mx\/wp-content\/uploads\/2021\/02\/TorturaPoliciaYucatan.png?resize=350%2C200 1x, https:\/\/i0.wp.com\/www.grieta.org.mx\/wp-content\/uploads\/2021\/02\/TorturaPoliciaYucatan.png?resize=525%2C300 1.5x"},"classes":[]},{"id":63026,"url":"http:\/\/www.grieta.org.mx\/index.php\/2022\/01\/08\/la-cndh-determina-que-jose-eduardo-ravelo-si-sufrio-tortura-y-abuso-sexual-yucatan\/","url_meta":{"origin":16639,"position":5},"title":"La CNDH determina que Jos\u00e9 Eduardo Ravelo s\u00ed sufri\u00f3 tortura y abuso sexual (Yucat\u00e1n)","author":"grieta","date":"8 enero, 2022","format":false,"excerpt":"Gloria Leticia D\u00edaz \/ Proceso CIUDAD DE M\u00c9XICO (proceso.com.mx).\u2013 La Comisi\u00f3n Nacional de los Derechos Humanos (CNDH) emiti\u00f3 una recomendaci\u00f3n por los supuestos actos de tortura y violaci\u00f3n sexual cometidos por polic\u00edas municipales de M\u00e9rida, Yucat\u00e1n, en contra del joven Jos\u00e9 Eduardo Ravelo, mismos que le habr\u00edan causado la muerte,\u2026","rel":"","context":"En &quot;Abuso Autoridades en Yucat\u00e1n&quot;","block_context":{"text":"Abuso Autoridades en Yucat\u00e1n","link":"http:\/\/www.grieta.org.mx\/index.php\/category\/noticias-nacionales\/yucatan\/abuso-autoridades-en-yucatan\/"},"img":{"alt_text":"","src":"https:\/\/i0.wp.com\/www.grieta.org.mx\/wp-content\/uploads\/2022\/01\/JoseEduardo-e1641839292804.png?resize=350%2C200","width":350,"height":200,"srcset":"https:\/\/i0.wp.com\/www.grieta.org.mx\/wp-content\/uploads\/2022\/01\/JoseEduardo-e1641839292804.png?resize=350%2C200 1x, https:\/\/i0.wp.com\/www.grieta.org.mx\/wp-content\/uploads\/2022\/01\/JoseEduardo-e1641839292804.png?resize=525%2C300 1.5x, https:\/\/i0.wp.com\/www.grieta.org.mx\/wp-content\/uploads\/2022\/01\/JoseEduardo-e1641839292804.png?resize=700%2C400 2x"},"classes":[]}],"_links":{"self":[{"href":"http:\/\/www.grieta.org.mx\/index.php\/wp-json\/wp\/v2\/posts\/16639","targetHints":{"allow":["GET"]}}],"collection":[{"href":"http:\/\/www.grieta.org.mx\/index.php\/wp-json\/wp\/v2\/posts"}],"about":[{"href":"http:\/\/www.grieta.org.mx\/index.php\/wp-json\/wp\/v2\/types\/post"}],"author":[{"embeddable":true,"href":"http:\/\/www.grieta.org.mx\/index.php\/wp-json\/wp\/v2\/users\/2"}],"replies":[{"embeddable":true,"href":"http:\/\/www.grieta.org.mx\/index.php\/wp-json\/wp\/v2\/comments?post=16639"}],"version-history":[{"count":1,"href":"http:\/\/www.grieta.org.mx\/index.php\/wp-json\/wp\/v2\/posts\/16639\/revisions"}],"predecessor-version":[{"id":16642,"href":"http:\/\/www.grieta.org.mx\/index.php\/wp-json\/wp\/v2\/posts\/16639\/revisions\/16642"}],"wp:featuredmedia":[{"embeddable":true,"href":"http:\/\/www.grieta.org.mx\/index.php\/wp-json\/wp\/v2\/media\/21928"}],"wp:attachment":[{"href":"http:\/\/www.grieta.org.mx\/index.php\/wp-json\/wp\/v2\/media?parent=16639"}],"wp:term":[{"taxonomy":"category","embeddable":true,"href":"http:\/\/www.grieta.org.mx\/index.php\/wp-json\/wp\/v2\/categories?post=16639"},{"taxonomy":"post_tag","embeddable":true,"href":"http:\/\/www.grieta.org.mx\/index.php\/wp-json\/wp\/v2\/tags?post=16639"}],"curies":[{"name":"wp","href":"https:\/\/api.w.org\/{rel}","templated":true}]}}