{"id":16630,"date":"2016-07-11T15:54:10","date_gmt":"2016-07-11T20:54:10","guid":{"rendered":"http:\/\/www.grieta.org.mx\/?p=16630"},"modified":"2016-07-13T16:03:49","modified_gmt":"2016-07-13T21:03:49","slug":"un-grito-contra-la-impunidad-en-tekax-yucatan","status":"publish","type":"post","link":"http:\/\/www.grieta.org.mx\/index.php\/2016\/07\/11\/un-grito-contra-la-impunidad-en-tekax-yucatan\/","title":{"rendered":"Un grito contra la impunidad en Tekax (Yucat\u00e1n)"},"content":{"rendered":"<p><img loading=\"lazy\" decoding=\"async\" data-attachment-id=\"16631\" data-permalink=\"http:\/\/www.grieta.org.mx\/index.php\/2016\/07\/11\/un-grito-contra-la-impunidad-en-tekax-yucatan\/protesta_tekax1-831x392\/\" data-orig-file=\"http:\/\/www.grieta.org.mx\/wp-content\/uploads\/2016\/07\/protesta_tekax1-831x392.jpeg\" data-orig-size=\"831,392\" data-comments-opened=\"0\" data-image-meta=\"{&quot;aperture&quot;:&quot;0&quot;,&quot;credit&quot;:&quot;&quot;,&quot;camera&quot;:&quot;&quot;,&quot;caption&quot;:&quot;&quot;,&quot;created_timestamp&quot;:&quot;0&quot;,&quot;copyright&quot;:&quot;&quot;,&quot;focal_length&quot;:&quot;0&quot;,&quot;iso&quot;:&quot;0&quot;,&quot;shutter_speed&quot;:&quot;0&quot;,&quot;title&quot;:&quot;&quot;,&quot;orientation&quot;:&quot;0&quot;}\" data-image-title=\"protesta_tekax1-831&amp;#215;392\" data-image-description=\"\" data-image-caption=\"\" data-medium-file=\"http:\/\/www.grieta.org.mx\/wp-content\/uploads\/2016\/07\/protesta_tekax1-831x392-300x142.jpeg\" data-large-file=\"http:\/\/www.grieta.org.mx\/wp-content\/uploads\/2016\/07\/protesta_tekax1-831x392.jpeg\" src=\"http:\/\/www.grieta.org.mx\/wp-content\/uploads\/2016\/07\/protesta_tekax1-831x392.jpeg\" alt=\"protesta_tekax1-831x392\" width=\"831\" height=\"392\" class=\"aligncenter size-full wp-image-16631\" srcset=\"http:\/\/www.grieta.org.mx\/wp-content\/uploads\/2016\/07\/protesta_tekax1-831x392.jpeg 831w, http:\/\/www.grieta.org.mx\/wp-content\/uploads\/2016\/07\/protesta_tekax1-831x392-300x142.jpeg 300w, http:\/\/www.grieta.org.mx\/wp-content\/uploads\/2016\/07\/protesta_tekax1-831x392-768x362.jpeg 768w\" sizes=\"auto, (max-width: 831px) 100vw, 831px\" \/><\/p>\n<p>Tekax, Yucat\u00e1n.- Unas 400 personas salieron a las calles a protestar por la violencia que ejercen polic\u00edas municipales que forman parte de la Polic\u00eda Estatal Coordinada.<\/p>\n<p>Desde las 16:00 horas comenzaron a concentrarse en el campo deportivo de la colonia L\u00e1zaro, y de ah\u00ed partieron a la plaza principal de la ciudad.<\/p>\n<p>Con pancartas en manos, los participantes condenaron la tortura denunciada por Francis Andrey A.B., en hechos ocurridos el pasado fin de semana en Tekax.<\/p>\n<p>\u201cDestituci\u00f3n del director y del subdirector de la polic\u00eda municipal\u201d, se le\u00eda en una cartulina al frente del contingente.<\/p>\n<p>Los manifestantes consideraron insuficientes las medidas tomadas por la Fiscal\u00eda General del Estado (FGE) y tard\u00edo el pronunciamiento del Ejecutivo estatal.<\/p>\n<p>Tambi\u00e9n acusaron casos de extorsi\u00f3n como parte de la pr\u00e1ctica rutinaria de los elementos locales.<\/p>\n<p>La FGE inform\u00f3 cerca de las 17:00 horas de este lunes haber imputado a los involucrados: J.B.T.E., J.M.P.U., R.E.M.V., R.H.N.T. y M.A. B.K su presunta participaci\u00f3n en delito de tortura<\/p>\n<p>El Juez de Control del Tercer Distrito Judicial, con sede en Tekax, escuch\u00f3 los datos de prueba presentados por la corporaci\u00f3n y estableci\u00f3 la medida cautelar de prisi\u00f3n preventiva a los cinco indiciados hasta la audiencia de vinculaci\u00f3n a proceso que qued\u00f3 programada para el pr\u00f3ximo viernes 15 de julio.<\/p>\n<p>De acuerdo a informaci\u00f3n reunida en la carpeta de investigaci\u00f3n correspondiente a la causa penal 06\/2016, el afectado se encontraba a bordo de una motocicleta en la calle 57 por 20 de Tekax, cuando dos patrullas de la Polic\u00eda Municipal se acercaron y lo esposaron sin explicaci\u00f3n alguna.<\/p>\n<p>Los golpes en diversas partes del cuerpo y otras vejaciones fueron exhibidos en redes sociales.<\/p>\n<p>Tras los hechos, el querellante fue trasladado por sus familiares  a una cl\u00ednica en el vecino municipio de Oxkutzcab y despu\u00e9s de  ser valorado por un m\u00e9dico acudi\u00f3 a interponer su denuncia para aclarar lo ocurrido y se castigue a quien resulte responsable de lo ocurrido.<\/p>\n<p>El 26 de marzo 2013, durante la presentaci\u00f3n de la Polic\u00eda Estatal Coordinada, el titular de la Secretar\u00eda Estatal de Seguridad P\u00fablica (SSP), Luis Felipe Said\u00e9n Ojeda, presumi\u00f3 que este sistema \u00fanico policial de los municipios estar\u00eda al mando de esta dependencia.<\/p>\n<p>Al reprobar el suceso, la Oficina de Comunicaci\u00f3n Social del Gobierno del Estado emiti\u00f3 un comunicado sin firma, en el que reitera su \u201ccompromiso de respeto a los derechos humanos de todos quienes habitan en nuestra entidad, y de castigar con todo el peso de la ley a quienes infrinjan las normas que nos rigen\u201d.<\/p>\n<p>El regidor perredista en el Ayuntamiento de Tekax, Bayardo Ojeda Marrufo, asegur\u00f3 que este tipo de agresiones no son nuevas, pues hace seis meses estuvo detenido un menor de edad por casi 48 horas.<\/p>\n<p>Coment\u00f3 desde la administraci\u00f3n municipal pasada se han registrado irregularidades y mal desempe\u00f1o, pero ninguna autoridad se ha tomado la molestia de intervenir.<\/p>\n<p>Critic\u00f3 que hasta ahora no se haya escuchado una disculpa o desaprobaci\u00f3n del alcalde Josu\u00e9 Couoh Tzec, quien, seg\u00fan Ojeda Marrufo, utiliza a la Polic\u00eda Municipal a su antojo y para lo que quiera.<\/p>\n<p>Confirm\u00f3 que el pr\u00f3ximo viernes se interpondr\u00e1 solicitud de juicio pol\u00edtico contra el edil priista en el Congreso del Estado.<\/p>\n<p><a href=\"http:\/\/lectormx.com\/2016\/07\/11\/un-grito-contra-la-impunidad-en-tekax\/\" target=\"_blank\">http:\/\/lectormx.com\/2016\/07\/11\/un-grito-contra-la-impunidad-en-tekax\/<\/a><\/p>\n","protected":false},"excerpt":{"rendered":"<p>Tekax, Yucat\u00e1n.- Unas 400 personas salieron a las calles a protestar por la violencia que ejercen polic\u00edas municipales que forman parte de la Polic\u00eda Estatal Coordinada. Desde las 16:00 horas &hellip; <a href=\"http:\/\/www.grieta.org.mx\/index.php\/2016\/07\/11\/un-grito-contra-la-impunidad-en-tekax-yucatan\/\" class=\"more-link\">Leer m\u00e1s<\/a><\/p>\n","protected":false},"author":2,"featured_media":21928,"comment_status":"closed","ping_status":"closed","sticky":false,"template":"","format":"standard","meta":{"ngg_post_thumbnail":0,"_jetpack_newsletter_access":"","_jetpack_dont_email_post_to_subs":false,"_jetpack_newsletter_tier_id":0,"_jetpack_memberships_contains_paywalled_content":false,"_jetpack_memberships_contains_paid_content":false,"footnotes":""},"categories":[80,153],"tags":[199,325],"class_list":["post-16630","post","type-post","status-publish","format-standard","has-post-thumbnail","hentry","category-cintillo","category-yucatan","tag-abuso-policiaco","tag-tortura","entry"],"jetpack_featured_media_url":"http:\/\/www.grieta.org.mx\/wp-content\/uploads\/2018\/03\/14524434_1106112876131411_958039263622046936_o.jpg","jetpack_sharing_enabled":true,"jetpack_shortlink":"https:\/\/wp.me\/p7ZJR4-4ke","jetpack_likes_enabled":false,"jetpack-related-posts":[{"id":5747,"url":"http:\/\/www.grieta.org.mx\/index.php\/2016\/07\/12\/ongs-denuncian-tortura-policiaca-en-yucatan\/","url_meta":{"origin":16630,"position":0},"title":"Protestas contra la tortura policiaca en Yucat\u00e1n","author":"grieta","date":"12 julio, 2016","format":false,"excerpt":"12\/07\/16. Tortura en Yucat\u00e1n: encubrir a toda costaLectorMx 11\/07\/16. Un grito contra la impunidad en Tekax (Yucat\u00e1n)LectorMx 09\/07\/16. Investigan a polic\u00edas de Tekax (Yucat\u00e1n) que torturaron a dos sujetosDesde el Balc\u00f3n 15\/08\/15. En Yucat\u00e1n bajo el argumento de mantener el orden, impera la tortura perpetrada por las Polic\u00edasRevoluci\u00f3n 3.0","rel":"","context":"En &quot;NOTICIAS NACIONALES&quot;","block_context":{"text":"NOTICIAS NACIONALES","link":"http:\/\/www.grieta.org.mx\/index.php\/category\/noticias-nacionales\/"},"img":{"alt_text":"","src":"https:\/\/i0.wp.com\/www.grieta.org.mx\/wp-content\/uploads\/2018\/03\/14524434_1106112876131411_958039263622046936_o.jpg?resize=350%2C200","width":350,"height":200,"srcset":"https:\/\/i0.wp.com\/www.grieta.org.mx\/wp-content\/uploads\/2018\/03\/14524434_1106112876131411_958039263622046936_o.jpg?resize=350%2C200 1x, https:\/\/i0.wp.com\/www.grieta.org.mx\/wp-content\/uploads\/2018\/03\/14524434_1106112876131411_958039263622046936_o.jpg?resize=525%2C300 1.5x, https:\/\/i0.wp.com\/www.grieta.org.mx\/wp-content\/uploads\/2018\/03\/14524434_1106112876131411_958039263622046936_o.jpg?resize=700%2C400 2x"},"classes":[]},{"id":16639,"url":"http:\/\/www.grieta.org.mx\/index.php\/2016\/07\/09\/investigan-a-policias-de-tekax-yucatan-que-torturaron-a-dos-sujetos\/","url_meta":{"origin":16630,"position":1},"title":"Investigan a polic\u00edas de Tekax (Yucat\u00e1n) que torturaron a dos sujetos","author":"grieta","date":"9 julio, 2016","format":false,"excerpt":"En redes sociales circula un v\u00eddeo en donde los municipales cometen actos violentos en contra de un sujeto, para que declare sobre robo de ganado (Herbeth Escalante) M\u00e9rida, Yucat\u00e1n, 09 de julio de 2016.- La Fiscal\u00eda General del Estado (FGE) inform\u00f3 que investiga hechos posiblemente delictuosos cometidos presuntamente por polic\u00edas\u2026","rel":"","context":"En &quot;CINTILLO&quot;","block_context":{"text":"CINTILLO","link":"http:\/\/www.grieta.org.mx\/index.php\/category\/cintillo\/"},"img":{"alt_text":"","src":"https:\/\/i0.wp.com\/www.grieta.org.mx\/wp-content\/uploads\/2018\/03\/14524434_1106112876131411_958039263622046936_o.jpg?resize=350%2C200","width":350,"height":200,"srcset":"https:\/\/i0.wp.com\/www.grieta.org.mx\/wp-content\/uploads\/2018\/03\/14524434_1106112876131411_958039263622046936_o.jpg?resize=350%2C200 1x, https:\/\/i0.wp.com\/www.grieta.org.mx\/wp-content\/uploads\/2018\/03\/14524434_1106112876131411_958039263622046936_o.jpg?resize=525%2C300 1.5x, https:\/\/i0.wp.com\/www.grieta.org.mx\/wp-content\/uploads\/2018\/03\/14524434_1106112876131411_958039263622046936_o.jpg?resize=700%2C400 2x"},"classes":[]},{"id":56720,"url":"http:\/\/www.grieta.org.mx\/index.php\/2021\/01\/27\/pese-a-denuncias-de-torturas-de-policias-de-yucatan-uno-se-toma-la-libertad-de-presumir-fotografias-de-ciudadano-semidesnudo\/","url_meta":{"origin":16630,"position":2},"title":"Pese a denuncias de torturas de polic\u00edas de Yucat\u00e1n, uno se toma la libertad de presumir fotograf\u00edas de ciudadano semidesnudo","author":"grieta","date":"27 enero, 2021","format":false,"excerpt":"Itzel Chan \/ Noticaribe M\u00c9RIDA, MX.- A pesar de que no es la primera vez que la Secretar\u00eda de Seguridad P\u00fablica (SSP) de Yucat\u00e1n es denunciada porque sus elementos torturan a ciudadanos, un polic\u00eda del municipio de Tekax se tom\u00f3 la libertad de exhibir en redes sociales a un hombre\u2026","rel":"","context":"En &quot;Abuso Autoridades en Yucat\u00e1n&quot;","block_context":{"text":"Abuso Autoridades en Yucat\u00e1n","link":"http:\/\/www.grieta.org.mx\/index.php\/category\/noticias-nacionales\/yucatan\/abuso-autoridades-en-yucatan\/"},"img":{"alt_text":"","src":"https:\/\/i0.wp.com\/www.grieta.org.mx\/wp-content\/uploads\/2021\/02\/TorturaPoliciaYucatan.png?resize=350%2C200","width":350,"height":200,"srcset":"https:\/\/i0.wp.com\/www.grieta.org.mx\/wp-content\/uploads\/2021\/02\/TorturaPoliciaYucatan.png?resize=350%2C200 1x, https:\/\/i0.wp.com\/www.grieta.org.mx\/wp-content\/uploads\/2021\/02\/TorturaPoliciaYucatan.png?resize=525%2C300 1.5x"},"classes":[]},{"id":66061,"url":"http:\/\/www.grieta.org.mx\/index.php\/2023\/01\/09\/acusan-al-alcalde-de-tekax-de-abuso-de-poder-por-cortarles-la-electricidad-a-tianguis-municipal-para-obligarlos-a-cerrar-yucatan\/","url_meta":{"origin":16630,"position":3},"title":"Acusan al alcalde de Tekax de abuso de poder por cortarles la electricidad a tianguis municipal para obligarlos a cerrar (Yucat\u00e1n)","author":"grieta","date":"9 enero, 2023","format":false,"excerpt":"Itzel Chan \/ Noticaribe M\u00c9RIDA, MX.- Trabajadoras del tianguis con m\u00e1s de 35 a\u00f1os de antig\u00fcedad del municipio de Tekax, acudieron al Palacio de Gobierno de Yucat\u00e1n para denunciar al alcalde Diego \u00c1vila Romero de abuso de poder, ya que les ha interrumpido el servicio de energ\u00eda el\u00e9ctrica, entre otras\u2026","rel":"","context":"En &quot;Abuso Autoridades en Yucat\u00e1n&quot;","block_context":{"text":"Abuso Autoridades en Yucat\u00e1n","link":"http:\/\/www.grieta.org.mx\/index.php\/category\/noticias-nacionales\/yucatan\/abuso-autoridades-en-yucatan\/"},"img":{"alt_text":"","src":"https:\/\/i0.wp.com\/www.grieta.org.mx\/wp-content\/uploads\/2023\/01\/Tianguis-e1673731316303.jpg?resize=350%2C200","width":350,"height":200,"srcset":"https:\/\/i0.wp.com\/www.grieta.org.mx\/wp-content\/uploads\/2023\/01\/Tianguis-e1673731316303.jpg?resize=350%2C200 1x, https:\/\/i0.wp.com\/www.grieta.org.mx\/wp-content\/uploads\/2023\/01\/Tianguis-e1673731316303.jpg?resize=525%2C300 1.5x, https:\/\/i0.wp.com\/www.grieta.org.mx\/wp-content\/uploads\/2023\/01\/Tianguis-e1673731316303.jpg?resize=700%2C400 2x"},"classes":[]},{"id":16635,"url":"http:\/\/www.grieta.org.mx\/index.php\/2016\/07\/12\/tortura-en-yucatan-encubrir-a-toda-costa\/","url_meta":{"origin":16630,"position":4},"title":"Tortura en Yucat\u00e1n: encubrir a toda costa","author":"grieta","date":"12 julio, 2016","format":false,"excerpt":"Equipo Indignaci\u00f3n Yucat\u00e1n.- Ante la evidencia de tortura cometida por Polic\u00edas Municipales de Tekax (y probablemente un integrante de la Polic\u00eda Estatal, al menos con camiseta de esa corporaci\u00f3n), el Gobierno de Yucat\u00e1n admite, sin llamarle por su nombre, \u201chechos lamentables\u201d y condena esa y \u201ccualquier pr\u00e1ctica que atente contra\u2026","rel":"","context":"En &quot;CINTILLO&quot;","block_context":{"text":"CINTILLO","link":"http:\/\/www.grieta.org.mx\/index.php\/category\/cintillo\/"},"img":{"alt_text":"","src":"https:\/\/i0.wp.com\/www.grieta.org.mx\/wp-content\/uploads\/2018\/03\/14524434_1106112876131411_958039263622046936_o.jpg?resize=350%2C200","width":350,"height":200,"srcset":"https:\/\/i0.wp.com\/www.grieta.org.mx\/wp-content\/uploads\/2018\/03\/14524434_1106112876131411_958039263622046936_o.jpg?resize=350%2C200 1x, https:\/\/i0.wp.com\/www.grieta.org.mx\/wp-content\/uploads\/2018\/03\/14524434_1106112876131411_958039263622046936_o.jpg?resize=525%2C300 1.5x, https:\/\/i0.wp.com\/www.grieta.org.mx\/wp-content\/uploads\/2018\/03\/14524434_1106112876131411_958039263622046936_o.jpg?resize=700%2C400 2x"},"classes":[]},{"id":72195,"url":"http:\/\/www.grieta.org.mx\/index.php\/2025\/07\/22\/agroindustria-deforestacion-y-las-abejas-que-mueren-en-tekax-yucatan\/","url_meta":{"origin":16630,"position":5},"title":"Agroindustria, deforestaci\u00f3n y las abejas que mueren en Tekax (Yucat\u00e1n)","author":"grieta","date":"22 julio, 2025","format":false,"excerpt":"Alejandro Ruiz \/ Jalt\u00fan En Tekax, al sur del estado de Yucat\u00e1n, la expansi\u00f3n agroindustrial arrasa con la selva, extermina abejas y fractura comunidades mayas. Este modelo est\u00e1 impulsado por grandes corporaciones, empresarios, menonitas y pol\u00edticas p\u00fablicas que convierten al monte en extensos campos de lim\u00f3n y soya, dejando a\u2026","rel":"","context":"En &quot;Agroindustria&quot;","block_context":{"text":"Agroindustria","link":"http:\/\/www.grieta.org.mx\/index.php\/category\/megaproyectos\/agroindustria\/"},"img":{"alt_text":"","src":"https:\/\/i0.wp.com\/www.grieta.org.mx\/wp-content\/uploads\/2025\/08\/Tekax-e1755638687124.jpg?resize=350%2C200","width":350,"height":200,"srcset":"https:\/\/i0.wp.com\/www.grieta.org.mx\/wp-content\/uploads\/2025\/08\/Tekax-e1755638687124.jpg?resize=350%2C200 1x, https:\/\/i0.wp.com\/www.grieta.org.mx\/wp-content\/uploads\/2025\/08\/Tekax-e1755638687124.jpg?resize=525%2C300 1.5x, https:\/\/i0.wp.com\/www.grieta.org.mx\/wp-content\/uploads\/2025\/08\/Tekax-e1755638687124.jpg?resize=700%2C400 2x"},"classes":[]}],"_links":{"self":[{"href":"http:\/\/www.grieta.org.mx\/index.php\/wp-json\/wp\/v2\/posts\/16630","targetHints":{"allow":["GET"]}}],"collection":[{"href":"http:\/\/www.grieta.org.mx\/index.php\/wp-json\/wp\/v2\/posts"}],"about":[{"href":"http:\/\/www.grieta.org.mx\/index.php\/wp-json\/wp\/v2\/types\/post"}],"author":[{"embeddable":true,"href":"http:\/\/www.grieta.org.mx\/index.php\/wp-json\/wp\/v2\/users\/2"}],"replies":[{"embeddable":true,"href":"http:\/\/www.grieta.org.mx\/index.php\/wp-json\/wp\/v2\/comments?post=16630"}],"version-history":[{"count":1,"href":"http:\/\/www.grieta.org.mx\/index.php\/wp-json\/wp\/v2\/posts\/16630\/revisions"}],"predecessor-version":[{"id":16632,"href":"http:\/\/www.grieta.org.mx\/index.php\/wp-json\/wp\/v2\/posts\/16630\/revisions\/16632"}],"wp:featuredmedia":[{"embeddable":true,"href":"http:\/\/www.grieta.org.mx\/index.php\/wp-json\/wp\/v2\/media\/21928"}],"wp:attachment":[{"href":"http:\/\/www.grieta.org.mx\/index.php\/wp-json\/wp\/v2\/media?parent=16630"}],"wp:term":[{"taxonomy":"category","embeddable":true,"href":"http:\/\/www.grieta.org.mx\/index.php\/wp-json\/wp\/v2\/categories?post=16630"},{"taxonomy":"post_tag","embeddable":true,"href":"http:\/\/www.grieta.org.mx\/index.php\/wp-json\/wp\/v2\/tags?post=16630"}],"curies":[{"name":"wp","href":"https:\/\/api.w.org\/{rel}","templated":true}]}}