{"id":1658,"date":"2015-07-08T05:11:04","date_gmt":"2015-07-08T05:11:04","guid":{"rendered":"http:\/\/50.22.11.12\/~grietaor\/?p=1658"},"modified":"2016-03-09T05:23:51","modified_gmt":"2016-03-09T05:23:51","slug":"continua-la-ola-de-feminicidios-en-edomex-dos-jovenes-son-arrojadas-a-la-carretera","status":"publish","type":"post","link":"http:\/\/www.grieta.org.mx\/index.php\/2015\/07\/08\/continua-la-ola-de-feminicidios-en-edomex-dos-jovenes-son-arrojadas-a-la-carretera\/","title":{"rendered":"Contin\u00faa la ola de feminicidios en Edomex; dos j\u00f3venes son arrojadas a la carretera"},"content":{"rendered":"<p>La ma\u00f1ana del pasado lunes 6 del presente mes, fueron encontrados sin vida dos cuerpos de sexo femeninos en la carretera M\u00e9xico-Puebla en el municipio de La Paz, al margen del municipio de Ixtapaluca. Se presume que hayan sufrido de violencia f\u00edsica.<\/p>\n<p>Pobladores de la colonia Loma Encantada, fueron quienes dieron aviso a las autoridades de las dos j\u00f3venes encontradas en el kil\u00f3metro 21+500. Las v\u00edctimas rondan las edades de entre 20 y 25 a\u00f1os de edad.<\/p>\n<p>De acuerdo a un lugare\u00f1o las mujeres viajaban a bordo de una camioneta colectiva de donde fueron arrojadas hacia la orilla de la carretera por dos sujetos; posteriormente arrancaron con rumbo desconocido. Hasta el momento no han sido identificados dichos sujetos.<\/p>\n<p>Agentes ministeriales que acudieron a la zona de los hechos determinaron que las v\u00edctimas no presentan heridas de armas punzocortantes ni de fuego, pero que presentan moretones en la piel, indicio de golpes.<\/p>\n<p>Recordar tambi\u00e9n que hace algunos meses el diario estadounidense, The Guardian public\u00f3 un reportaje donde se muestra la \u201cepidemia\u201d de feminicidios en el estado mexiquense.<\/p>\n<p>Y es que entre 2011 y 2012, un total de mil 258 ni\u00f1as y mujeres fueron reportadas como desaparecidas en el Estado de M\u00e9xico, de acuerdo con el Observatorio Nacional Ciudadano de Feminicidios. De ese total, recuerda el diario ingl\u00e9s, 53 por ciento ten\u00eda entre 10 y 17 a\u00f1os de edad<\/p>\n<p>The Guardian recuerda que, entre 2005 y 2011, cuando el actual presidente de M\u00e9xico Enrique Pe\u00f1a Nieto, fue gobernador del estado, fueron asesinadas mil 200 mujeres.<\/p>\n<p>S\u00f3lo un 5 por ciento de los casos de feminicidio son resueltos con \u00e9xito por las autoridades, mientras que el resto permanece impune.<\/p>\n<p><a href=\"http:\/\/revoluciontrespuntocero.com\/continua-la-ola-de-feminicidios-en-edomex-dos-jovenes-son-arrojadas-a-la-carretera\/\" target=\"_blank\">revoluciontrespuntocero.com\/continua-la-ola-de-feminicidios-en-edomex-dos-jovenes-son-arrojadas-a-la-carretera\/<\/a><\/p>\n","protected":false},"excerpt":{"rendered":"<p>La ma\u00f1ana del pasado lunes 6 del presente mes, fueron encontrados sin vida dos cuerpos de sexo femeninos en la carretera M\u00e9xico-Puebla en el municipio de La Paz, al margen &hellip; <a href=\"http:\/\/www.grieta.org.mx\/index.php\/2015\/07\/08\/continua-la-ola-de-feminicidios-en-edomex-dos-jovenes-son-arrojadas-a-la-carretera\/\" class=\"more-link\">Leer m\u00e1s<\/a><\/p>\n","protected":false},"author":2,"featured_media":21928,"comment_status":"closed","ping_status":"open","sticky":false,"template":"","format":"standard","meta":{"ngg_post_thumbnail":0,"_jetpack_newsletter_access":"","_jetpack_dont_email_post_to_subs":false,"_jetpack_newsletter_tier_id":0,"_jetpack_memberships_contains_paywalled_content":false,"_jetpack_memberships_contains_paid_content":false,"footnotes":""},"categories":[80],"tags":[92,81],"class_list":["post-1658","post","type-post","status-publish","format-standard","has-post-thumbnail","hentry","category-cintillo","tag-estado-de-mexico","tag-feminicidios","entry"],"jetpack_featured_media_url":"http:\/\/www.grieta.org.mx\/wp-content\/uploads\/2018\/03\/14524434_1106112876131411_958039263622046936_o.jpg","jetpack_sharing_enabled":true,"jetpack_shortlink":"https:\/\/wp.me\/p7ZJR4-qK","jetpack_likes_enabled":false,"jetpack-related-posts":[{"id":5834,"url":"http:\/\/www.grieta.org.mx\/index.php\/2016\/02\/02\/militares-presuntos-responsables-del-asesinato-de-dos-jovenes-en-tepatitlan\/","url_meta":{"origin":1658,"position":0},"title":"Militares, presuntos responsables del asesinato de dos j\u00f3venes en Tepatitl\u00e1n","author":"grieta","date":"2 febrero, 2016","format":false,"excerpt":"Redacci\u00f3n Proceso CIUDAD DE M\u00c9XICO (apro).- Luego del hallazgo de los cad\u00e1veres de Luis Enrique Machuca Mart\u00edn, de 19 a\u00f1os, y Abraham Rodr\u00edguez Mart\u00edn, de 20, quienes presuntamente fueron detenidos y asesinados por elementos del Ej\u00e9rcito, ayer se localizaron dos mantas relacionadas con ese hecho en distintos puntos del municipio\u2026","rel":"","context":"En &quot;CINTILLO&quot;","block_context":{"text":"CINTILLO","link":"http:\/\/www.grieta.org.mx\/index.php\/category\/cintillo\/"},"img":{"alt_text":"","src":"https:\/\/i0.wp.com\/www.grieta.org.mx\/wp-content\/uploads\/2018\/03\/14524434_1106112876131411_958039263622046936_o.jpg?resize=350%2C200","width":350,"height":200,"srcset":"https:\/\/i0.wp.com\/www.grieta.org.mx\/wp-content\/uploads\/2018\/03\/14524434_1106112876131411_958039263622046936_o.jpg?resize=350%2C200 1x, https:\/\/i0.wp.com\/www.grieta.org.mx\/wp-content\/uploads\/2018\/03\/14524434_1106112876131411_958039263622046936_o.jpg?resize=525%2C300 1.5x, https:\/\/i0.wp.com\/www.grieta.org.mx\/wp-content\/uploads\/2018\/03\/14524434_1106112876131411_958039263622046936_o.jpg?resize=700%2C400 2x"},"classes":[]},{"id":43038,"url":"http:\/\/www.grieta.org.mx\/index.php\/2020\/01\/01\/san-luis-potosi-reporto-el-primer-feminicidio-de-2020\/","url_meta":{"origin":1658,"position":1},"title":"San Luis Potos\u00ed report\u00f3 el primer feminicidio de 2020","author":"grieta","date":"1 enero, 2020","format":false,"excerpt":"Redacci\u00f3n\/Infobae 1 enero 2020 Una mujer de 42 a\u00f1os presuntamente fue apu\u00f1alada por su pareja sentimental En el municipio de Aquism\u00f3n, San Luis Potos\u00ed, se registr\u00f3 lo que podr\u00eda ser el primer feminicidio de este 2020. Una mujer fue apu\u00f1alada en el pecho y muri\u00f3 en el Hospital General de\u2026","rel":"","context":"En &quot;CINTILLO&quot;","block_context":{"text":"CINTILLO","link":"http:\/\/www.grieta.org.mx\/index.php\/category\/cintillo\/"},"img":{"alt_text":"","src":"https:\/\/i0.wp.com\/www.grieta.org.mx\/wp-content\/uploads\/2020\/01\/feminicido.png?resize=350%2C200","width":350,"height":200,"srcset":"https:\/\/i0.wp.com\/www.grieta.org.mx\/wp-content\/uploads\/2020\/01\/feminicido.png?resize=350%2C200 1x, https:\/\/i0.wp.com\/www.grieta.org.mx\/wp-content\/uploads\/2020\/01\/feminicido.png?resize=525%2C300 1.5x"},"classes":[]},{"id":34636,"url":"http:\/\/www.grieta.org.mx\/index.php\/2019\/05\/19\/exigen-justicia-y-seguridad-tras-asesinato-de-dos-hermanos-en-el-seco-puebla\/","url_meta":{"origin":1658,"position":2},"title":"Exigen justicia y seguridad tras asesinato de dos hermanos en El Seco, Puebla","author":"Admin","date":"19 mayo, 2019","format":false,"excerpt":"Antonio Rivas \/ Tribuna Noticias PUEBLA, M\u00e9xico.- Amigos, familiares y vecinos de Carlos N y Marco N, de 18 y 21 a\u00f1os, los hermanos que fueron asesinados a disparos la semana pasada en el municipio de San Salvador El Seco, realizaron una marcha pac\u00edfica, para exigir a la autoridad local\u2026","rel":"","context":"En &quot;CINTILLO&quot;","block_context":{"text":"CINTILLO","link":"http:\/\/www.grieta.org.mx\/index.php\/category\/cintillo\/"},"img":{"alt_text":"","src":"https:\/\/i0.wp.com\/www.grieta.org.mx\/wp-content\/uploads\/2019\/06\/marcha-1.jpg?resize=350%2C200","width":350,"height":200,"srcset":"https:\/\/i0.wp.com\/www.grieta.org.mx\/wp-content\/uploads\/2019\/06\/marcha-1.jpg?resize=350%2C200 1x, https:\/\/i0.wp.com\/www.grieta.org.mx\/wp-content\/uploads\/2019\/06\/marcha-1.jpg?resize=525%2C300 1.5x"},"classes":[]},{"id":54867,"url":"http:\/\/www.grieta.org.mx\/index.php\/2020\/11\/06\/con-gas-y-a-golpes-policia-de-cuautitlan-dispersa-manifestacion-para-exigir-justicia-por-feminicidio-de-ambar-estado-de-mexico\/","url_meta":{"origin":1658,"position":3},"title":"Con gas y a golpes, polic\u00eda de Cuautitl\u00e1n dispersa manifestaci\u00f3n para exigir justicia por feminicidio de \u00c1mbar (Estado de M\u00e9xico)","author":"grieta","date":"6 noviembre, 2020","format":false,"excerpt":"Isaac Ram\u00edrez y Osvaldo M\u00fcller \/ HoyEstado Con gas lacrim\u00f3geno, la polic\u00eda municipal de Cuautitl\u00e1n M\u00e9xico desaloj\u00f3 la tarde de este s\u00e1bado a colectivos feministas que manten\u00edan cerrada la carretera Cuautitl\u00e1n-Melchor Ocampo, para exigir justicia por el feminicidio de la joven \u00c1mbar Viridiana, de tan solo 17 a\u00f1os de edad\u2026","rel":"","context":"En &quot;Abuso policiaco y tortura en el Estado de M\u00e9xico&quot;","block_context":{"text":"Abuso policiaco y tortura en el Estado de M\u00e9xico","link":"http:\/\/www.grieta.org.mx\/index.php\/category\/noticias-nacionales\/estado-de-mexico\/abuso-policiaco-y-tortura-en-el-estado-de-mexico\/"},"img":{"alt_text":"","src":"https:\/\/i0.wp.com\/www.grieta.org.mx\/wp-content\/uploads\/2020\/11\/Con-gas-y-a-golpes-policia-de-Cuautitlan-dispersa-manifestacion-para-exigir-justicia-por-feminicidio-de-Ambar-edomex-nov.jpg?resize=350%2C200","width":350,"height":200,"srcset":"https:\/\/i0.wp.com\/www.grieta.org.mx\/wp-content\/uploads\/2020\/11\/Con-gas-y-a-golpes-policia-de-Cuautitlan-dispersa-manifestacion-para-exigir-justicia-por-feminicidio-de-Ambar-edomex-nov.jpg?resize=350%2C200 1x, https:\/\/i0.wp.com\/www.grieta.org.mx\/wp-content\/uploads\/2020\/11\/Con-gas-y-a-golpes-policia-de-Cuautitlan-dispersa-manifestacion-para-exigir-justicia-por-feminicidio-de-Ambar-edomex-nov.jpg?resize=525%2C300 1.5x, https:\/\/i0.wp.com\/www.grieta.org.mx\/wp-content\/uploads\/2020\/11\/Con-gas-y-a-golpes-policia-de-Cuautitlan-dispersa-manifestacion-para-exigir-justicia-por-feminicidio-de-Ambar-edomex-nov.jpg?resize=700%2C400 2x"},"classes":[]},{"id":1622,"url":"http:\/\/www.grieta.org.mx\/index.php\/2015\/10\/13\/flores-rostro-y-esperanza-a-las-victimas-de-feminicidios-en-el-rio-de-los-remedios\/","url_meta":{"origin":1658,"position":4},"title":"Flores, rostro y esperanza a las victimas de feminicidios en el R\u00edo de los Remedios","author":"grieta","date":"13 octubre, 2015","format":false,"excerpt":"Paco Dorado Ecatepec, Estado de M\u00e9xico, 13 de octubre 2015.- Monse canta \u201cantes de que nos olviden\u2026\u201d, \u201charemos historia\u2026\u201d, se escucha a la voz de Bety. O\u00edmos\u201cel canto de las sirenas\u201d todas a un mismo tiempo, son 16 voces de j\u00f3venes del Estado de M\u00e9xico cantando mensajes en canci\u00f3n, protestando\u2026","rel":"","context":"En &quot;CINTILLO&quot;","block_context":{"text":"CINTILLO","link":"http:\/\/www.grieta.org.mx\/index.php\/category\/cintillo\/"},"img":{"alt_text":"","src":"https:\/\/i0.wp.com\/www.grieta.org.mx\/wp-content\/uploads\/2018\/03\/14524434_1106112876131411_958039263622046936_o.jpg?resize=350%2C200","width":350,"height":200,"srcset":"https:\/\/i0.wp.com\/www.grieta.org.mx\/wp-content\/uploads\/2018\/03\/14524434_1106112876131411_958039263622046936_o.jpg?resize=350%2C200 1x, https:\/\/i0.wp.com\/www.grieta.org.mx\/wp-content\/uploads\/2018\/03\/14524434_1106112876131411_958039263622046936_o.jpg?resize=525%2C300 1.5x, https:\/\/i0.wp.com\/www.grieta.org.mx\/wp-content\/uploads\/2018\/03\/14524434_1106112876131411_958039263622046936_o.jpg?resize=700%2C400 2x"},"classes":[]},{"id":1581,"url":"http:\/\/www.grieta.org.mx\/index.php\/2016\/01\/27\/pese-a-la-alerta-de-genero-en-edomex-feminicidos-siguen-incontenibles-en-lo-que-va-del-ano-12-asesinatos-y-ni-un-sospechoso\/","url_meta":{"origin":1658,"position":5},"title":"Pese a la alerta de g\u00e9nero en Edomex feminicidos siguen incontenibles; en lo que va del a\u00f1o 12 asesinatos y ni un sospechoso","author":"grieta","date":"27 enero, 2016","format":false,"excerpt":"La violencia contra las mujeres que se vive en el Estado de M\u00e9xico es desbordante ya que pese a haber emitido la alerta de g\u00e9nero por la que activistas y organizaciones no gubernamentales pidieron por largo tiempo, los feminicidios nos cesan, apenas en lo que va del primigenio 2016 ya\u2026","rel":"","context":"En &quot;CINTILLO&quot;","block_context":{"text":"CINTILLO","link":"http:\/\/www.grieta.org.mx\/index.php\/category\/cintillo\/"},"img":{"alt_text":"","src":"https:\/\/i0.wp.com\/www.grieta.org.mx\/wp-content\/uploads\/2018\/03\/14524434_1106112876131411_958039263622046936_o.jpg?resize=350%2C200","width":350,"height":200,"srcset":"https:\/\/i0.wp.com\/www.grieta.org.mx\/wp-content\/uploads\/2018\/03\/14524434_1106112876131411_958039263622046936_o.jpg?resize=350%2C200 1x, https:\/\/i0.wp.com\/www.grieta.org.mx\/wp-content\/uploads\/2018\/03\/14524434_1106112876131411_958039263622046936_o.jpg?resize=525%2C300 1.5x, https:\/\/i0.wp.com\/www.grieta.org.mx\/wp-content\/uploads\/2018\/03\/14524434_1106112876131411_958039263622046936_o.jpg?resize=700%2C400 2x"},"classes":[]}],"_links":{"self":[{"href":"http:\/\/www.grieta.org.mx\/index.php\/wp-json\/wp\/v2\/posts\/1658","targetHints":{"allow":["GET"]}}],"collection":[{"href":"http:\/\/www.grieta.org.mx\/index.php\/wp-json\/wp\/v2\/posts"}],"about":[{"href":"http:\/\/www.grieta.org.mx\/index.php\/wp-json\/wp\/v2\/types\/post"}],"author":[{"embeddable":true,"href":"http:\/\/www.grieta.org.mx\/index.php\/wp-json\/wp\/v2\/users\/2"}],"replies":[{"embeddable":true,"href":"http:\/\/www.grieta.org.mx\/index.php\/wp-json\/wp\/v2\/comments?post=1658"}],"version-history":[{"count":1,"href":"http:\/\/www.grieta.org.mx\/index.php\/wp-json\/wp\/v2\/posts\/1658\/revisions"}],"predecessor-version":[{"id":1667,"href":"http:\/\/www.grieta.org.mx\/index.php\/wp-json\/wp\/v2\/posts\/1658\/revisions\/1667"}],"wp:featuredmedia":[{"embeddable":true,"href":"http:\/\/www.grieta.org.mx\/index.php\/wp-json\/wp\/v2\/media\/21928"}],"wp:attachment":[{"href":"http:\/\/www.grieta.org.mx\/index.php\/wp-json\/wp\/v2\/media?parent=1658"}],"wp:term":[{"taxonomy":"category","embeddable":true,"href":"http:\/\/www.grieta.org.mx\/index.php\/wp-json\/wp\/v2\/categories?post=1658"},{"taxonomy":"post_tag","embeddable":true,"href":"http:\/\/www.grieta.org.mx\/index.php\/wp-json\/wp\/v2\/tags?post=1658"}],"curies":[{"name":"wp","href":"https:\/\/api.w.org\/{rel}","templated":true}]}}