{"id":1655,"date":"2015-07-16T05:10:45","date_gmt":"2015-07-16T05:10:45","guid":{"rendered":"http:\/\/50.22.11.12\/~grietaor\/?p=1655"},"modified":"2016-03-09T05:13:08","modified_gmt":"2016-03-09T05:13:08","slug":"alerta-de-genero-debe-darse-a-todo-el-edomex-ongs","status":"publish","type":"post","link":"http:\/\/www.grieta.org.mx\/index.php\/2015\/07\/16\/alerta-de-genero-debe-darse-a-todo-el-edomex-ongs\/","title":{"rendered":"Alerta de g\u00e9nero debe darse a todo el Edomex: ONGs"},"content":{"rendered":"<p>Sergio Rinc\u00f3n<\/p>\n<p>Ciudad de M\u00e9xico, 16 de julio (SinEmbargo).\u2013 Organizaciones civiles que luchan contra la violencia hacia la mujer aseguraron que es insuficiente la solicitud de alerta de g\u00e9nero para 11 municipios del Estado de M\u00e9xico, realizada por el Gobernador Eruviel \u00c1vila Villegas, pues sostuvieron que la ola de feminicidios prevalece en las 125 cabeceras municipales de la entidad.<\/p>\n<p>Desde el municipio de Chalco, en el marco del Foro sobre Violencia contra las Mujeres y el Feminicidio en el Estado de M\u00e9xico, las manifestantes adelantaron que luchar\u00e1n para la medida se extienda, y urgieron al Gobierno federal y al Edomex a que sean transparentes con los recursos que, ante un escenario electoral se podr\u00eda desatar una \u201cfiebre de despensas\u201d compradas con dinero p\u00fablico.<\/p>\n<p>\u201cNo s\u00f3lo es una tarea del Gobernador, queremos que el Gobierno federal no se sienta deslindado de su responsabilidad, pero las organizaci\u00f3n tambi\u00e9n pedimos que nos expliquen c\u00f3mo van a llegar esos dineros para la alerta de g\u00e9nero. No queremos simulaci\u00f3n, lo que buscamos es que haya justicia, y que haya espacio para la creaci\u00f3n de un observatorio ciudadano\u201d, declar\u00f3 Yuritzi Hern\u00e1ndez de la Rosa de Alianza por los Derechos de la Mujer.<\/p>\n<p>Las activistas expresaron su preocupaci\u00f3n por la poca transparencia en el Estado de M\u00e9xico y sobre el escenario electoral de 2016.<\/p>\n<p>\u201cA m\u00ed no me queda claro qu\u00e9 es lo que trama Eruviel \u00c1vila Villegas, si nada m\u00e1s lo hizo para que se crea que se est\u00e1 haciendo algo\u2026 Ahora, vamos a pensar que realmente se decreta la alerta en esos 11 municipios, pero hay que ver que ellos est\u00e1n con miras a la efervescencia electoral que viene, \u00bfrealmente van a ocupar el dinero para capacitar a los ministerios p\u00fablicos, para instruir a los funcionarios con perspectiva de g\u00e9nero o van a ocupar ese dinero para seguir dando sus despensas para los regalos? Eso a m\u00ed no me queda claro\u201d, expres\u00f3 Irinea Buend\u00eda, madre de Mariana Lima Buend\u00eda, abogada asesinada en Chimalhuac\u00e1n en 2010, sea cuyo caso fue investigado como suicidio, y hasta hace unos meses la Suprema Corte de Justicia de la Naci\u00f3n (SCJN) pidi\u00f3 al Edomex retomar el caso como feminicidio.<\/p>\n<p>El pasado 9 de julio el Gobernador mexiquense Eruviel \u00c1vila Villegas solicit\u00f3 al Gobierno federal se declare alerta de g\u00e9nero para prevenir y erradicar la violencia contra la mujer en los municipios de: Ecatepec, Nezahualc\u00f3yotl, Valle de Chalco, Toluca, Tlalnepantla, Naucalpan, Chimalhuac\u00e1n, Tultitl\u00e1n, Ixtapaluca, Cuautitl\u00e1n Izcalli y Chalco.<\/p>\n<p>\u201cLa alerta de g\u00e9nero nos permitir\u00e1 fortalecer nuestras pol\u00edticas p\u00fablicas a favor de las mujeres, lo vemos como un \u00e1rea de oportunidad, incluso podremos obtener recursos adicionales para canalizarlos a este sector\u201d, dijo el mandatario mexiquense en el marco de la firma de un convenio entre la Administraci\u00f3n estatal y el Instituto Nacional de la Mujer.<\/p>\n<p>\u00c1vila Villegas coment\u00f3 que \u201ca\u00fan cuando la tendencia nos dice que no somos la entidad con el mayor \u00edndice de delitos contra las mujeres, nuestro compromiso con ellas es tan fuerte, que con un solo caso que existiera deber\u00edamos estar en alerta\u201d.<\/p>\n<p>Sin embargo, durante el Foro sobre Violencia contra las Mujeres y el Feminicidio en el Estado de M\u00e9xico, el cual tuvo un formato abierto, las asistentes compartieron caso y preguntas, entre qu\u00e9 ser\u00e1 de los casos que ocurran en Cocotitl\u00e1n o Amecameca, que est\u00e1n a minutos de Chalco, pero donde no se pidi\u00f3 la alerta.<\/p>\n<p>\u201cEs un punto a favor la petici\u00f3n de la alerta, pero todav\u00eda falta mucho por hacer. Falta, por ejemplo, que la ciudadan\u00eda el gobierno se sienten a trabajar en unidad. Porque la alerta en 11 municipios no es suficiente. Ahora falta que el trabajo que se haga a nivel de los municipios sea congruente y est\u00e9 a la altura de una alerta de g\u00e9nero\u201d, refiri\u00f3 Roxana Andrade Salazar, integrante de la asociaci\u00f3n Renovando la Sociedad.<\/p>\n<p>OLA DE CR\u00cdMENES<\/p>\n<p>El Observatorio Ciudadano Nacional de Feminicidios asegura que existen al menos mil 258 ni\u00f1as y mujeres fueron reportadas como desaparecidas en el Estado de M\u00e9xico de 2011 a 2012; el 53 por ciento de ellas ten\u00eda entre 10 y 17 a\u00f1os.<\/p>\n<p>En la entidad se han registrado 922 homicidios entre 2005 y 2011. El municipio de Ecatepec ocupa el quinto lugar de feminicidios a nivel nacional, seguido por Chimalhuac\u00e1n, Cuautitl\u00e1n y Nezahualc\u00f3yotl.<\/p>\n<p>Desde 2010, el Observatorio \u2013una coalici\u00f3n de 43 grupos que documentan graves cr\u00edmenes contra las mujeres\u2013 ha solicitado una alerta por la violencia basada en el g\u00e9nero para que se active en el Estado de M\u00e9xico.<\/p>\n<p>Integrantes de organizaciones y pobladoras de Chalco y de otras regiones del Edomex aseguraron que su lucha seguir\u00e1, para que esta alerta de g\u00e9nero se replique en otras entidades, como es el caso de Morelos.<\/p>\n<p>Durante a\u00f1os ya, organizaciones civiles nacionales e internacionales han lanzado la advertencia de que el Estado de M\u00e9xico vive una ola incontenible de asesinatos de mujeres. Estas peticiones fueron ignoradas.<\/p>\n<p>Habitantes del municipio de Chalco aseguraron que las autoridades en esa localidad, es omisa y para que sean atendidas deben ir a denunciar \u201ccasi muertas, para que nos hagan caso\u201d, denunciaron.<\/p>\n<p>Por su parte, Irinea Buend\u00eda, madre de Mariana Lima, inform\u00f3 que a cuatro meses que la SCJN pidi\u00f3 al Estado de M\u00e9xico investigar nuevamente el caso \u201clas autoridades no est\u00e1n cumpliendo, siguen cometiendo las misma negligencia, la misma impunidad\u201d, dijo.<\/p>\n<p>Adelant\u00f3 que nuevamente acudi\u00f3 a la Suprema Corte para que haga un llamado o de lo contrario castigue a los que no quieren que se haga justicia.<\/p>\n<p><a href=\"http:\/\/www.sinembargo.mx\/16-07-2015\/1415807\" target=\"_blank\">www.sinembargo.mx\/16-07-2015\/1415807<\/a><\/p>\n","protected":false},"excerpt":{"rendered":"<p>Sergio Rinc\u00f3n Ciudad de M\u00e9xico, 16 de julio (SinEmbargo).\u2013 Organizaciones civiles que luchan contra la violencia hacia la mujer aseguraron que es insuficiente la solicitud de alerta de g\u00e9nero para &hellip; <a href=\"http:\/\/www.grieta.org.mx\/index.php\/2015\/07\/16\/alerta-de-genero-debe-darse-a-todo-el-edomex-ongs\/\" class=\"more-link\">Leer m\u00e1s<\/a><\/p>\n","protected":false},"author":2,"featured_media":21928,"comment_status":"closed","ping_status":"open","sticky":false,"template":"","format":"standard","meta":{"ngg_post_thumbnail":0,"_jetpack_newsletter_access":"","_jetpack_dont_email_post_to_subs":false,"_jetpack_newsletter_tier_id":0,"_jetpack_memberships_contains_paywalled_content":false,"_jetpack_memberships_contains_paid_content":false,"footnotes":""},"categories":[80],"tags":[92,81],"class_list":["post-1655","post","type-post","status-publish","format-standard","has-post-thumbnail","hentry","category-cintillo","tag-estado-de-mexico","tag-feminicidios","entry"],"jetpack_featured_media_url":"http:\/\/www.grieta.org.mx\/wp-content\/uploads\/2018\/03\/14524434_1106112876131411_958039263622046936_o.jpg","jetpack_sharing_enabled":true,"jetpack_shortlink":"https:\/\/wp.me\/p7ZJR4-qH","jetpack_likes_enabled":false,"jetpack-related-posts":[{"id":42606,"url":"http:\/\/www.grieta.org.mx\/index.php\/2019\/12\/26\/402-mujeres-asesinadas-en-once-meses-en-edomex\/","url_meta":{"origin":1655,"position":0},"title":"402 mujeres asesinadas en once meses en Edomex","author":"grieta","date":"26 diciembre, 2019","format":false,"excerpt":"\u00a0 Iv\u00e1n Ju\u00e1rez \/ Quadratin Edomex TOLUCA, Edomex.-26 diciembre 2019.-De enero a noviembre, 402 mujeres fueron asesinadas intencionalmente en el Estado de M\u00e9xico, es decir, un promedio de 1.2 casos diarios para convertirse en la entidad m\u00e1s peligrosa para las personas del sexo femenino. Sin embargo, \u00fanicamente 108 eventos son\u2026","rel":"","context":"En &quot;CINTILLO&quot;","block_context":{"text":"CINTILLO","link":"http:\/\/www.grieta.org.mx\/index.php\/category\/cintillo\/"},"img":{"alt_text":"","src":"https:\/\/i0.wp.com\/www.grieta.org.mx\/wp-content\/uploads\/2019\/12\/meses-ano-suman-mexico-feminicidios_0_0_958_596.jpg?resize=350%2C200","width":350,"height":200,"srcset":"https:\/\/i0.wp.com\/www.grieta.org.mx\/wp-content\/uploads\/2019\/12\/meses-ano-suman-mexico-feminicidios_0_0_958_596.jpg?resize=350%2C200 1x, https:\/\/i0.wp.com\/www.grieta.org.mx\/wp-content\/uploads\/2019\/12\/meses-ano-suman-mexico-feminicidios_0_0_958_596.jpg?resize=525%2C300 1.5x, https:\/\/i0.wp.com\/www.grieta.org.mx\/wp-content\/uploads\/2019\/12\/meses-ano-suman-mexico-feminicidios_0_0_958_596.jpg?resize=700%2C400 2x"},"classes":[]},{"id":2498,"url":"http:\/\/www.grieta.org.mx\/index.php\/2016\/08\/22\/feminicidios-en-el-estado-de-mexico\/","url_meta":{"origin":1655,"position":1},"title":"Feminicidios en el Estado de M\u00e9xico","author":"grieta","date":"22 agosto, 2016","format":false,"excerpt":"22\/08\/16. Crecen violencia machista y n\u00famero de mujeres desaparecidasTres PM 10\/08\/16. Once feminicidios violentos en una semana en Edo. de M\u00e9xicoDiario Cambio 02\/08\/16. AVG Edomex, un a\u00f1o de omisi\u00f3n y discurso medi\u00e1ticoSomos el Medio 26\/07\/16. La Alerta de G\u00e9nero cumple 1 a\u00f1o, y nada: Edomex no mueve un dedo contra\u2026","rel":"","context":"En &quot;Estado de M\u00e9xico&quot;","block_context":{"text":"Estado de M\u00e9xico","link":"http:\/\/www.grieta.org.mx\/index.php\/category\/noticias-nacionales\/estado-de-mexico\/"},"img":{"alt_text":"","src":"https:\/\/i0.wp.com\/www.grieta.org.mx\/wp-content\/uploads\/2018\/03\/14524434_1106112876131411_958039263622046936_o.jpg?resize=350%2C200","width":350,"height":200,"srcset":"https:\/\/i0.wp.com\/www.grieta.org.mx\/wp-content\/uploads\/2018\/03\/14524434_1106112876131411_958039263622046936_o.jpg?resize=350%2C200 1x, https:\/\/i0.wp.com\/www.grieta.org.mx\/wp-content\/uploads\/2018\/03\/14524434_1106112876131411_958039263622046936_o.jpg?resize=525%2C300 1.5x, https:\/\/i0.wp.com\/www.grieta.org.mx\/wp-content\/uploads\/2018\/03\/14524434_1106112876131411_958039263622046936_o.jpg?resize=700%2C400 2x"},"classes":[]},{"id":1581,"url":"http:\/\/www.grieta.org.mx\/index.php\/2016\/01\/27\/pese-a-la-alerta-de-genero-en-edomex-feminicidos-siguen-incontenibles-en-lo-que-va-del-ano-12-asesinatos-y-ni-un-sospechoso\/","url_meta":{"origin":1655,"position":2},"title":"Pese a la alerta de g\u00e9nero en Edomex feminicidos siguen incontenibles; en lo que va del a\u00f1o 12 asesinatos y ni un sospechoso","author":"grieta","date":"27 enero, 2016","format":false,"excerpt":"La violencia contra las mujeres que se vive en el Estado de M\u00e9xico es desbordante ya que pese a haber emitido la alerta de g\u00e9nero por la que activistas y organizaciones no gubernamentales pidieron por largo tiempo, los feminicidios nos cesan, apenas en lo que va del primigenio 2016 ya\u2026","rel":"","context":"En &quot;CINTILLO&quot;","block_context":{"text":"CINTILLO","link":"http:\/\/www.grieta.org.mx\/index.php\/category\/cintillo\/"},"img":{"alt_text":"","src":"https:\/\/i0.wp.com\/www.grieta.org.mx\/wp-content\/uploads\/2018\/03\/14524434_1106112876131411_958039263622046936_o.jpg?resize=350%2C200","width":350,"height":200,"srcset":"https:\/\/i0.wp.com\/www.grieta.org.mx\/wp-content\/uploads\/2018\/03\/14524434_1106112876131411_958039263622046936_o.jpg?resize=350%2C200 1x, https:\/\/i0.wp.com\/www.grieta.org.mx\/wp-content\/uploads\/2018\/03\/14524434_1106112876131411_958039263622046936_o.jpg?resize=525%2C300 1.5x, https:\/\/i0.wp.com\/www.grieta.org.mx\/wp-content\/uploads\/2018\/03\/14524434_1106112876131411_958039263622046936_o.jpg?resize=700%2C400 2x"},"classes":[]},{"id":1593,"url":"http:\/\/www.grieta.org.mx\/index.php\/2015\/12\/02\/edomex-debera-emitir-disculpa-publica-por-su-tardia-atencion-a-feminicidios\/","url_meta":{"origin":1655,"position":3},"title":"Edomex deber\u00e1 emitir disculpa p\u00fablica por su tard\u00eda atenci\u00f3n a feminicidios","author":"grieta","date":"2 diciembre, 2015","format":false,"excerpt":"Paula Mar\u00eda Garc\u00eda Villegas S\u00e1nchez Cordero, jueza Segunda de Distrito en Materia Administrativa del Distrito Federal, emiti\u00f3 una sentencia el pasado 25 de noviembre donde determin\u00f3 amparar a la Comisi\u00f3n Mexicana de Defensa y Promoci\u00f3n de los Derechos Humanos A.C. (CMDPDH) debido al retardo injustificado en la emisi\u00f3n de la\u2026","rel":"","context":"En &quot;CINTILLO&quot;","block_context":{"text":"CINTILLO","link":"http:\/\/www.grieta.org.mx\/index.php\/category\/cintillo\/"},"img":{"alt_text":"","src":"https:\/\/i0.wp.com\/www.grieta.org.mx\/wp-content\/uploads\/2018\/03\/14524434_1106112876131411_958039263622046936_o.jpg?resize=350%2C200","width":350,"height":200,"srcset":"https:\/\/i0.wp.com\/www.grieta.org.mx\/wp-content\/uploads\/2018\/03\/14524434_1106112876131411_958039263622046936_o.jpg?resize=350%2C200 1x, https:\/\/i0.wp.com\/www.grieta.org.mx\/wp-content\/uploads\/2018\/03\/14524434_1106112876131411_958039263622046936_o.jpg?resize=525%2C300 1.5x, https:\/\/i0.wp.com\/www.grieta.org.mx\/wp-content\/uploads\/2018\/03\/14524434_1106112876131411_958039263622046936_o.jpg?resize=700%2C400 2x"},"classes":[]},{"id":38445,"url":"http:\/\/www.grieta.org.mx\/index.php\/2019\/08\/19\/veracruz-y-estado-de-mexico-es-donde-mas-se-mata-a-las-ninas\/","url_meta":{"origin":1655,"position":4},"title":"Veracruz y Estado de M\u00e9xico es donde m\u00e1s se mata a las ni\u00f1as","author":"grieta","date":"19 agosto, 2019","format":false,"excerpt":"Angeles Pillado \/ SDP Veracruz y el Edomex son las entidades donde se perpetra m\u00e1s el feminicidio infantil; en lo que va de 2019, 54 ni\u00f1as fueron asesinadas. M\u00e9xico.- Los estados de Veracruz y M\u00e9xico encabezan en cifras el feminicidio infantil pese a que ambas entidades tienen activas Alertas de\u2026","rel":"","context":"En &quot;CINTILLO&quot;","block_context":{"text":"CINTILLO","link":"http:\/\/www.grieta.org.mx\/index.php\/category\/cintillo\/"},"img":{"alt_text":"","src":"https:\/\/i0.wp.com\/www.grieta.org.mx\/wp-content\/uploads\/2019\/08\/5d5b169fcd9a9.jpeg?resize=350%2C200","width":350,"height":200,"srcset":"https:\/\/i0.wp.com\/www.grieta.org.mx\/wp-content\/uploads\/2019\/08\/5d5b169fcd9a9.jpeg?resize=350%2C200 1x, https:\/\/i0.wp.com\/www.grieta.org.mx\/wp-content\/uploads\/2019\/08\/5d5b169fcd9a9.jpeg?resize=525%2C300 1.5x, https:\/\/i0.wp.com\/www.grieta.org.mx\/wp-content\/uploads\/2019\/08\/5d5b169fcd9a9.jpeg?resize=700%2C400 2x"},"classes":[]},{"id":1597,"url":"http:\/\/www.grieta.org.mx\/index.php\/2015\/11\/25\/feminicidios-en-edomex-se-han-incrementado-en-4-meses-pese-a-alerta-de-genero\/","url_meta":{"origin":1655,"position":5},"title":"Feminicidios en Edomex se han incrementado en 4 meses, pese a Alerta de G\u00e9nero","author":"grieta","date":"25 noviembre, 2015","format":false,"excerpt":"Principales v\u00edctimas son mujeres en edad productiva entre 20 y 35 a\u00f1os. M\u00e9xico.- En los \u00faltimos cuatro meses, el Estado de M\u00e9xico registr\u00f3 21 nuevos casos de feminicidios e increment\u00f3 en 13 por ciento su incidencia, pese a la emisi\u00f3n de la Alerta de G\u00e9nero en 11 municipios de la\u2026","rel":"","context":"En &quot;CINTILLO&quot;","block_context":{"text":"CINTILLO","link":"http:\/\/www.grieta.org.mx\/index.php\/category\/cintillo\/"},"img":{"alt_text":"","src":"https:\/\/i0.wp.com\/www.grieta.org.mx\/wp-content\/uploads\/2018\/03\/14524434_1106112876131411_958039263622046936_o.jpg?resize=350%2C200","width":350,"height":200,"srcset":"https:\/\/i0.wp.com\/www.grieta.org.mx\/wp-content\/uploads\/2018\/03\/14524434_1106112876131411_958039263622046936_o.jpg?resize=350%2C200 1x, https:\/\/i0.wp.com\/www.grieta.org.mx\/wp-content\/uploads\/2018\/03\/14524434_1106112876131411_958039263622046936_o.jpg?resize=525%2C300 1.5x, https:\/\/i0.wp.com\/www.grieta.org.mx\/wp-content\/uploads\/2018\/03\/14524434_1106112876131411_958039263622046936_o.jpg?resize=700%2C400 2x"},"classes":[]}],"_links":{"self":[{"href":"http:\/\/www.grieta.org.mx\/index.php\/wp-json\/wp\/v2\/posts\/1655","targetHints":{"allow":["GET"]}}],"collection":[{"href":"http:\/\/www.grieta.org.mx\/index.php\/wp-json\/wp\/v2\/posts"}],"about":[{"href":"http:\/\/www.grieta.org.mx\/index.php\/wp-json\/wp\/v2\/types\/post"}],"author":[{"embeddable":true,"href":"http:\/\/www.grieta.org.mx\/index.php\/wp-json\/wp\/v2\/users\/2"}],"replies":[{"embeddable":true,"href":"http:\/\/www.grieta.org.mx\/index.php\/wp-json\/wp\/v2\/comments?post=1655"}],"version-history":[{"count":1,"href":"http:\/\/www.grieta.org.mx\/index.php\/wp-json\/wp\/v2\/posts\/1655\/revisions"}],"predecessor-version":[{"id":1661,"href":"http:\/\/www.grieta.org.mx\/index.php\/wp-json\/wp\/v2\/posts\/1655\/revisions\/1661"}],"wp:featuredmedia":[{"embeddable":true,"href":"http:\/\/www.grieta.org.mx\/index.php\/wp-json\/wp\/v2\/media\/21928"}],"wp:attachment":[{"href":"http:\/\/www.grieta.org.mx\/index.php\/wp-json\/wp\/v2\/media?parent=1655"}],"wp:term":[{"taxonomy":"category","embeddable":true,"href":"http:\/\/www.grieta.org.mx\/index.php\/wp-json\/wp\/v2\/categories?post=1655"},{"taxonomy":"post_tag","embeddable":true,"href":"http:\/\/www.grieta.org.mx\/index.php\/wp-json\/wp\/v2\/tags?post=1655"}],"curies":[{"name":"wp","href":"https:\/\/api.w.org\/{rel}","templated":true}]}}