{"id":165,"date":"2015-02-23T00:13:53","date_gmt":"2015-02-23T00:13:53","guid":{"rendered":"http:\/\/50.22.11.12\/~grietaor\/?p=165"},"modified":"2016-03-01T01:39:29","modified_gmt":"2016-03-01T01:39:29","slug":"de-quien-es-el-cch-naucalpan-estudiantes-del-cch-naucalpan","status":"publish","type":"post","link":"http:\/\/www.grieta.org.mx\/index.php\/2015\/02\/23\/de-quien-es-el-cch-naucalpan-estudiantes-del-cch-naucalpan\/","title":{"rendered":"\u00bfDe qui\u00e9n es el CCH Naucalpan? \/ Estudiantes del CCH Naucalpan"},"content":{"rendered":"<p>\u00bfDE QUI\u00c9N ES EL CCH NAUCALPAN?<\/p>\n<p>A las autoridades del CCH Naucalpan<\/p>\n<p>A l@s profesoras y trabajador@s del plantel.<\/p>\n<p>Presentes<\/p>\n<p>Salvo a algunas excepciones de profesor@s y trabajador@s conscientes, los estudiantes del CCH Naucalpan les recordamos que: sin nosotros no habr\u00eda escuela ni materia laboral para Ustedes.<\/p>\n<p>Les recordamos tambi\u00e9n que una escuela debe EDUCAR y que ello implica valores y\/o principios y no mentiras, verdades a medias, rumores y manipulaci\u00f3n como la registrada en este plantel el pasado jueves 19 de febrero cuando las autoridades desalojaron la escuela a las 10 horas, infundiendo miedo con rumores para evitar la asamblea estudiantil que estaba siendo convocada a las 13 horas en la explanada principal.<\/p>\n<p>Mientras los profesores se re\u00fanen en sus \u00e1reas, los trabajadores en sus sindicatos, las autoridades en su edificio, as\u00ed como todos ellos con el director: espacios donde no tenemos cabida los estudiantes; a nosotros, adem\u00e1s de que no se nos informa de manera completa y veraz, se nos impidi\u00f3 reunirnos en asamblea, tal cual es nuestro derecho de acuerdo al art\u00edculo 9\u00ba. de la Constituci\u00f3n Pol\u00edtica de los Estados Unidos Mexicanos i, para escuchar de viva voz a los alumnos que fueron agredidos la tarde anterior por un funcionario del plantel- del cual no se ha informado ni su nombre-.<\/p>\n<p>Nosotros, nuestros padres, madres y tutores, tenemos presente que en este plantel aplican leyes que nos protegen a los alumnos del abuso de poder en el aula, en toda la escuela y hasta en el per\u00edmetro, m\u00ednimamente, de 50 a 100 metros alrededor del plantel, independientemente de nuestra ideolog\u00eda y de nuestra forma de vestir. Ni en los Jardines de ni\u00f1os se debe golpear a un alumno y la tarde del mi\u00e9rcoles 18 de febrero vari@s alumn@s resultaron herid@s y una est\u00e1 en estado de coma porque fue golpeada en la cabeza, con una piedra, por parte del grupo porril FEN (Federaci\u00f3n de Estudiantes de Naucalpan).<\/p>\n<p>Es inaceptable que, haciendo caso omiso de distintas normas, lo cual es violencia, en esta escuela se nos despoje de nuestras pertenencias en la entrada principal y en los pasillos, bien sean pasteles, bocinas, dulces, patinetas, pelotas, etc. y que es un insulto que la abogada del plantel nos exija la factura de los mismos para poder regres\u00e1rnoslos, tal como lo hizo a los compa\u00f1eros agredidos la tarde del mi\u00e9rcoles 18.<\/p>\n<p>No entendemos el di\u00e1logo \u201cpara dirimir las diferencias y resolver cualquier tipo de conflicto\u201d que enarbolan las autoridades en sus escritos porque, en los hechos, los estudiantes tenemos prohibida la entrada al edificio de la Direcci\u00f3n, cuya puerta est\u00e1 siempre cerrada y resguardada por m\u00e1s de cinco personas y a veces, hasta por contenedores de basura que nos impiden el acceso. Esta es una discriminaci\u00f3n y si insistimos en querer hablar con el director o el secretario general, se nos impide el paso y se nos amenaza con llevarnos al Jur\u00eddico como si exigir hablar con una autoridad superior fuera un delito.<\/p>\n<p>Es inaceptable que la \u201cComisi\u00f3n Universitaria\u201d sea tan rigurosa con los alumnos a la entrada del plantel y que, en cambio, sea tan condescendiente con el grupo porril FEN que recluta descaradamente, con enga\u00f1os y con presi\u00f3n, a estudiantes de segundo y cuarto semestres para engrosar sus filas. \u00bfPor qu\u00e9 agredi\u00f3 la FEN a los estudiantes que reclamaban sus derechos?\u2026 \u00bfPor qu\u00e9 la Comisi\u00f3n Universitaria permiti\u00f3 a la FEN agredir con piedras a la comunidad, dejando varios heridos y a una compa\u00f1era en estado de coma la tarde del mi\u00e9rcoles citada?.. \u00bfPor qu\u00e9 la mencionada Comisi\u00f3n no detuvo a los porros y los envi\u00f3 a la c\u00e1rcel (tal como hizo, tan arbitrariamente en 2012, con el nombre de \u201cComisi\u00f3n de Seguridad\u201d, a los alumnos que se opusieron al maltrato que nos daban en esta escuela)?..<\/p>\n<p>Pedimos que sean congruentes porque, por un lado, cuando los estudiantes acordamos un Paro \u2013 como por los 43 desaparecidos de Ayotzinapa-, se quejan de que \u201cperdemos clase\u201d; por otro lado, cuando Ustedes imponen un paro de dos d\u00edas, como el jueves para evitar que nos reuni\u00e9ramos y el viernes para un \u201cBalance<\/p>\n<p>Acad\u00e9mico\u201d (simulado pues muchos de nosotros no tenemos tutores y otros los vemos una vez al semestre), no se quejan de perder clase.<\/p>\n<p>Por \u00faltimo, les pedimos que no hablen a nombre de toda la comunidad porque los estudiantes, parte principal y mayoritaria de esta comunidad, no necesitamos voceros ni los hemos elegido como nuestros representantes.<\/p>\n<p>Ser joven no significa ser falto de inteligencia, de pensamiento propio, de valent\u00eda o de derechos.<\/p>\n<p>\u00a1\u00a1\u00a1\u00a1 EXIGIMOS RESPETO !!!!<\/p>\n<p>Atentamente:<\/p>\n<p>Naucalpan, M\u00e9x., viernes 20 de febrero de 2015.<\/p>\n<p>Estudiantes despiertos de todos los semestres de CCH Naucalpan<\/p>\n<p>____________________________<\/p>\n<p>i \u201cNo se podr\u00e1 coartar el derecho de asociarse o reunirse pac\u00edficamente con cualquier objeto l\u00edcito, pero solamente los ciudadanos de la Rep\u00fablica podr\u00e1n hacerlo para tomar parte en los asuntos pol\u00edticos del pa\u00eds. Ninguna reuni\u00f3n armada tiene derecho a deliberar. No se considerar\u00e1 ilegal y no podr\u00e1 ser disuelta una asamblea o reuni\u00f3n que tenga por objeto hacer una petici\u00f3n, o presentar una protesta por alg\u00fan acto a una autoridad, si no se profieren injurias contra \u00e9sta, ni se hiciere uso de violencias o amenazas para intimidar u obligarla a resolver en el sentido que se desee\u201d. Legislaci\u00f3n Universitaria, Normas Fundamentales. UNAM, M\u00e9xico, p. 13.<\/p>\n<p>Tomado del sitio: informacioncchera.wix.com\/visioncchera#!en-blanco\/cgbr<br \/>\n<a href=\"https:\/\/trabajadoresyrevolucion.wordpress.com\/2015\/02\/23\/mexico-de-quien-es-el-cch-naucalpan-estudiantes-del-cch-naucalpan\/\" target=\"_blank\">https:\/\/trabajadoresyrevolucion.wordpress.com\/2015\/02\/23\/mexico-de-quien-es-el-cch-naucalpan-estudiantes-del-cch-naucalpan\/<\/a><\/p>\n","protected":false},"excerpt":{"rendered":"<p>\u00bfDE QUI\u00c9N ES EL CCH NAUCALPAN? A las autoridades del CCH Naucalpan A l@s profesoras y trabajador@s del plantel. Presentes Salvo a algunas excepciones de profesor@s y trabajador@s conscientes, los &hellip; <a href=\"http:\/\/www.grieta.org.mx\/index.php\/2015\/02\/23\/de-quien-es-el-cch-naucalpan-estudiantes-del-cch-naucalpan\/\" class=\"more-link\">Leer m\u00e1s<\/a><\/p>\n","protected":false},"author":2,"featured_media":21928,"comment_status":"closed","ping_status":"open","sticky":false,"template":"","format":"standard","meta":{"ngg_post_thumbnail":0,"_jetpack_newsletter_access":"","_jetpack_dont_email_post_to_subs":false,"_jetpack_newsletter_tier_id":0,"_jetpack_memberships_contains_paywalled_content":false,"_jetpack_memberships_contains_paid_content":false,"footnotes":""},"categories":[80],"tags":[107,92],"class_list":["post-165","post","type-post","status-publish","format-standard","has-post-thumbnail","hentry","category-cintillo","tag-educacion","tag-estado-de-mexico","entry"],"jetpack_featured_media_url":"http:\/\/www.grieta.org.mx\/wp-content\/uploads\/2018\/03\/14524434_1106112876131411_958039263622046936_o.jpg","jetpack_sharing_enabled":true,"jetpack_shortlink":"https:\/\/wp.me\/p7ZJR4-2F","jetpack_likes_enabled":false,"jetpack-related-posts":[{"id":166,"url":"http:\/\/www.grieta.org.mx\/index.php\/2015\/02\/20\/agresion-de-autoridades-y-porros-contra-estudiantes-y-activistas-en-cch-naucalpan\/","url_meta":{"origin":165,"position":0},"title":"Agresi\u00f3n de autoridades y porros contra estudiantes y activistas en CCH-Naucalpan","author":"grieta","date":"20 febrero, 2015","format":false,"excerpt":"M\u00e9xico: Agresi\u00f3n de autoridades y porros contra estudiantes y activistas en CCH-Naucalpan Nos informan este momento que las \u201cAutoridades\u201d del CCH Naucalpan y Principalmente el Director del Plantel (Benjam\u00edn Barajas) est\u00e1 Reprimiendo (Golpeando y desalojando del plantel) a los Compa\u00f1eros activistas (Anarquistas) que el d\u00eda de ayer defendieron su integridad\u2026","rel":"","context":"En &quot;CINTILLO&quot;","block_context":{"text":"CINTILLO","link":"http:\/\/www.grieta.org.mx\/index.php\/category\/cintillo\/"},"img":{"alt_text":"","src":"https:\/\/i0.wp.com\/www.grieta.org.mx\/wp-content\/uploads\/2018\/03\/14524434_1106112876131411_958039263622046936_o.jpg?resize=350%2C200","width":350,"height":200,"srcset":"https:\/\/i0.wp.com\/www.grieta.org.mx\/wp-content\/uploads\/2018\/03\/14524434_1106112876131411_958039263622046936_o.jpg?resize=350%2C200 1x, https:\/\/i0.wp.com\/www.grieta.org.mx\/wp-content\/uploads\/2018\/03\/14524434_1106112876131411_958039263622046936_o.jpg?resize=525%2C300 1.5x, https:\/\/i0.wp.com\/www.grieta.org.mx\/wp-content\/uploads\/2018\/03\/14524434_1106112876131411_958039263622046936_o.jpg?resize=700%2C400 2x"},"classes":[]},{"id":41204,"url":"http:\/\/www.grieta.org.mx\/index.php\/2019\/11\/15\/autoridades-de-cch-naucalpan-hostigan-y-amenazan-a-estudiante-organizado-estado-de-mexico\/","url_meta":{"origin":165,"position":1},"title":"Autoridades de CCH Naucalpan hostigan y amenazan a estudiante organizado (Estado de M\u00e9xico)","author":"grieta","date":"15 noviembre, 2019","format":false,"excerpt":"Agrupaci\u00f3n Juvenil Anticapitalista \/ La Izquierda Diario \u00a0 Estudiantes organizados en la Agrupaci\u00f3n Juvenil Anticapitalista denuncian hostigamiento y represi\u00f3n por parte de las autoridades y grupos afines a ellas en contra de estudiantes cr\u00edticos. Luego de la asamblea general resolutiva del 11\/Nov en las canchas del CCH Naucalpan, donde un\u2026","rel":"","context":"En &quot;CINTILLO&quot;","block_context":{"text":"CINTILLO","link":"http:\/\/www.grieta.org.mx\/index.php\/category\/cintillo\/"},"img":{"alt_text":"","src":"https:\/\/i0.wp.com\/www.grieta.org.mx\/wp-content\/uploads\/2018\/03\/14524434_1106112876131411_958039263622046936_o.jpg?resize=350%2C200","width":350,"height":200,"srcset":"https:\/\/i0.wp.com\/www.grieta.org.mx\/wp-content\/uploads\/2018\/03\/14524434_1106112876131411_958039263622046936_o.jpg?resize=350%2C200 1x, https:\/\/i0.wp.com\/www.grieta.org.mx\/wp-content\/uploads\/2018\/03\/14524434_1106112876131411_958039263622046936_o.jpg?resize=525%2C300 1.5x, https:\/\/i0.wp.com\/www.grieta.org.mx\/wp-content\/uploads\/2018\/03\/14524434_1106112876131411_958039263622046936_o.jpg?resize=700%2C400 2x"},"classes":[]},{"id":169,"url":"http:\/\/www.grieta.org.mx\/index.php\/2015\/02\/23\/represion-en-cch-naucalpan\/","url_meta":{"origin":165,"position":2},"title":"Represi\u00f3n en CCH Naucalpan","author":"grieta","date":"23 febrero, 2015","format":false,"excerpt":"23\/02\/15. Comunicado sobre los hechos violentos del Mi\u00e9rcoles 18 de Febrero.\u00a0CCH-NaucalpanTrabajadores y revoluci\u00f3n 23\/02\/15. \u00bfDe qui\u00e9n es el CCH Naucalpan? \/ Estudiantes del CCH\u00a0NaucalpanTrabajadores y revoluci\u00f3n 20\/02\/15. Agresi\u00f3n de autoridades y porros contra estudiantes y activistas en\u00a0CCH-NaucalpanTrabajadores y revoluci\u00f3n","rel":"","context":"En &quot;Estado de M\u00e9xico&quot;","block_context":{"text":"Estado de M\u00e9xico","link":"http:\/\/www.grieta.org.mx\/index.php\/category\/noticias-nacionales\/estado-de-mexico\/"},"img":{"alt_text":"","src":"https:\/\/i0.wp.com\/www.grieta.org.mx\/wp-content\/uploads\/2018\/03\/14524434_1106112876131411_958039263622046936_o.jpg?resize=350%2C200","width":350,"height":200,"srcset":"https:\/\/i0.wp.com\/www.grieta.org.mx\/wp-content\/uploads\/2018\/03\/14524434_1106112876131411_958039263622046936_o.jpg?resize=350%2C200 1x, https:\/\/i0.wp.com\/www.grieta.org.mx\/wp-content\/uploads\/2018\/03\/14524434_1106112876131411_958039263622046936_o.jpg?resize=525%2C300 1.5x, https:\/\/i0.wp.com\/www.grieta.org.mx\/wp-content\/uploads\/2018\/03\/14524434_1106112876131411_958039263622046936_o.jpg?resize=700%2C400 2x"},"classes":[]},{"id":44006,"url":"http:\/\/www.grieta.org.mx\/index.php\/2020\/02\/06\/suman-16-escuelas-de-la-unam-en-paro-ciudad-de-mexico\/","url_meta":{"origin":165,"position":3},"title":"Suman 16 escuelas de la UNAM en paro (Ciudad de M\u00e9xico)","author":"grieta","date":"6 febrero, 2020","format":false,"excerpt":"Foto: Archivo El Universal Teresa Moreno \/ El Universal Hoy se entreg\u00f3 CCH Vallejo, pero el plantel Oriente va a paro de 72 horas; mientras en Prepa 9, paristas nuevamente impidieron el paso de la directora Gabriela Mart\u00ednez, quien llevaba la respuesta a su pliego petitorio que envi\u00f3 el rector\u2026","rel":"","context":"En &quot;CINTILLO&quot;","block_context":{"text":"CINTILLO","link":"http:\/\/www.grieta.org.mx\/index.php\/category\/cintillo\/"},"img":{"alt_text":"","src":"https:\/\/i0.wp.com\/www.grieta.org.mx\/wp-content\/uploads\/2020\/02\/UNAM_-suman-16-escuelas-en-paro-cdmx-feb.jpg?resize=350%2C200","width":350,"height":200},"classes":[]},{"id":162,"url":"http:\/\/www.grieta.org.mx\/index.php\/2015\/02\/23\/comunicado-sobre-los-hechos-violentos-del-miercoles-18-de-febrero-cch-naucalpan\/","url_meta":{"origin":165,"position":4},"title":"Comunicado sobre los hechos violentos del Mi\u00e9rcoles 18 de Febrero. CCH-Naucalpan","author":"grieta","date":"23 febrero, 2015","format":false,"excerpt":"M\u00e9xico: Comunicado sobre los hechos violentos del Mi\u00e9rcoles 18 de Febrero. CCH-Naucalpan Comunicado sobre los hechos violentos del Mi\u00e9rcoles 18 de Febrero. A todxs los estudiantes, activistas y dem\u00e1s personas de la instituci\u00f3n ajenas a los directivos. Desde el 2012 el puesto de secretario general de cch plantel Naucalpan queda\u2026","rel":"","context":"En &quot;CINTILLO&quot;","block_context":{"text":"CINTILLO","link":"http:\/\/www.grieta.org.mx\/index.php\/category\/cintillo\/"},"img":{"alt_text":"","src":"https:\/\/i0.wp.com\/www.grieta.org.mx\/wp-content\/uploads\/2018\/03\/14524434_1106112876131411_958039263622046936_o.jpg?resize=350%2C200","width":350,"height":200,"srcset":"https:\/\/i0.wp.com\/www.grieta.org.mx\/wp-content\/uploads\/2018\/03\/14524434_1106112876131411_958039263622046936_o.jpg?resize=350%2C200 1x, https:\/\/i0.wp.com\/www.grieta.org.mx\/wp-content\/uploads\/2018\/03\/14524434_1106112876131411_958039263622046936_o.jpg?resize=525%2C300 1.5x, https:\/\/i0.wp.com\/www.grieta.org.mx\/wp-content\/uploads\/2018\/03\/14524434_1106112876131411_958039263622046936_o.jpg?resize=700%2C400 2x"},"classes":[]},{"id":44852,"url":"http:\/\/www.grieta.org.mx\/index.php\/2020\/02\/21\/atacan-a-alumna-del-cch-azcapotzalco-en-un-bano-de-la-escuela-ciudad-de-mexico\/","url_meta":{"origin":165,"position":5},"title":"Atacan a alumna del CCH Azcapotzalco en un ba\u00f1o de la escuela (Ciudad de M\u00e9xico)","author":"grieta","date":"21 febrero, 2020","format":false,"excerpt":"Dos hombres con el rostro cubierto entraron al ba\u00f1o y atacaron a la estudiante, quien se reporta fuera de peligro. ANIMAL POL\u00cdTICO Una alumna del Colegio de Ciencias y Humanidades (CCH) Azcapotzalco fue atacada en uno de los ba\u00f1os del plantel por dos sujetos con el rostro cubierto. En un\u2026","rel":"","context":"En &quot;CINTILLO&quot;","block_context":{"text":"CINTILLO","link":"http:\/\/www.grieta.org.mx\/index.php\/category\/cintillo\/"},"img":{"alt_text":"","src":"https:\/\/i0.wp.com\/www.grieta.org.mx\/wp-content\/uploads\/2020\/02\/azcapo.png?resize=350%2C200","width":350,"height":200,"srcset":"https:\/\/i0.wp.com\/www.grieta.org.mx\/wp-content\/uploads\/2020\/02\/azcapo.png?resize=350%2C200 1x, https:\/\/i0.wp.com\/www.grieta.org.mx\/wp-content\/uploads\/2020\/02\/azcapo.png?resize=525%2C300 1.5x, https:\/\/i0.wp.com\/www.grieta.org.mx\/wp-content\/uploads\/2020\/02\/azcapo.png?resize=700%2C400 2x, https:\/\/i0.wp.com\/www.grieta.org.mx\/wp-content\/uploads\/2020\/02\/azcapo.png?resize=1050%2C600 3x"},"classes":[]}],"_links":{"self":[{"href":"http:\/\/www.grieta.org.mx\/index.php\/wp-json\/wp\/v2\/posts\/165","targetHints":{"allow":["GET"]}}],"collection":[{"href":"http:\/\/www.grieta.org.mx\/index.php\/wp-json\/wp\/v2\/posts"}],"about":[{"href":"http:\/\/www.grieta.org.mx\/index.php\/wp-json\/wp\/v2\/types\/post"}],"author":[{"embeddable":true,"href":"http:\/\/www.grieta.org.mx\/index.php\/wp-json\/wp\/v2\/users\/2"}],"replies":[{"embeddable":true,"href":"http:\/\/www.grieta.org.mx\/index.php\/wp-json\/wp\/v2\/comments?post=165"}],"version-history":[{"count":1,"href":"http:\/\/www.grieta.org.mx\/index.php\/wp-json\/wp\/v2\/posts\/165\/revisions"}],"predecessor-version":[{"id":173,"href":"http:\/\/www.grieta.org.mx\/index.php\/wp-json\/wp\/v2\/posts\/165\/revisions\/173"}],"wp:featuredmedia":[{"embeddable":true,"href":"http:\/\/www.grieta.org.mx\/index.php\/wp-json\/wp\/v2\/media\/21928"}],"wp:attachment":[{"href":"http:\/\/www.grieta.org.mx\/index.php\/wp-json\/wp\/v2\/media?parent=165"}],"wp:term":[{"taxonomy":"category","embeddable":true,"href":"http:\/\/www.grieta.org.mx\/index.php\/wp-json\/wp\/v2\/categories?post=165"},{"taxonomy":"post_tag","embeddable":true,"href":"http:\/\/www.grieta.org.mx\/index.php\/wp-json\/wp\/v2\/tags?post=165"}],"curies":[{"name":"wp","href":"https:\/\/api.w.org\/{rel}","templated":true}]}}