{"id":16407,"date":"2016-07-10T22:12:24","date_gmt":"2016-07-11T03:12:24","guid":{"rendered":"http:\/\/www.grieta.org.mx\/?p=16407"},"modified":"2018-06-14T01:06:48","modified_gmt":"2018-06-14T06:06:48","slug":"maestros-de-oaxaca-mantienen-seis-bloqueos-carreteros-este-domingo","status":"publish","type":"post","link":"http:\/\/www.grieta.org.mx\/index.php\/2016\/07\/10\/maestros-de-oaxaca-mantienen-seis-bloqueos-carreteros-este-domingo\/","title":{"rendered":"Maestros de Oaxaca mantienen seis bloqueos carreteros este domingo"},"content":{"rendered":"<p>El Financiero.<\/p>\n<p>Evlin Arag\u00f3n,<\/p>\n<p>Oaxaca.- Con menor participaci\u00f3n que en anteriores d\u00edas, este fin de semana integrantes de la Secci\u00f3n 22 adherida a la Coordinadora Nacional de Trabajadores de la Educaci\u00f3n (CNTE), mantuvieron algunos bloqueos al interior del estado e impidieron el acceso en las oficinas principales del Instituto Estatal de Educaci\u00f3n P\u00fablica de Oaxaca (IEEPO).<\/p>\n<p>Desde temprana hora las corporaciones de seguridad p\u00fablica y protecci\u00f3n civil, reportaron seis puntos bloqueados particularmente en las regiones de la Mixteca, Istmo de Tehuantepec y Costa, que han sido las m\u00e1s afectadas durante las \u00faltimas semanas de actividades de protesta. <\/p>\n<p>En el caso de la Mixteca el municipio de Asunci\u00f3n Nochixtl\u00e1n mantiene el bloqueo sobre la carretera federal 135D, pese a que hoy es d\u00eda de plaza en la comunidad y pobladores de otras comunidades cercanas se concentran para la venta de sus productos.<\/p>\n<p>De igual forma, en la regi\u00f3n del Istmo de Tehuantepec se reporta un corte carretero en Juchit\u00e1n de Zaragoza, mientras que en la Costa son los municipios de Santa Catarina Juquila y Pinotepa Nacional los que presentan afectaciones en sus vialidades.<\/p>\n<p>Las y los docentes tambi\u00e9n mantuvieron bloqueados los accesos del IEEPO desde temprana hora, en cuyas puertas colocaron una serie de cartulinas y lonas en las que manifestaron su inconformidad con las reformas estructurales y los gobiernos estatal y federal. As\u00ed mismo mantienen el plant\u00f3n en el Z\u00f3calo de la ciudad que est\u00e1 por cumplir dos meses. <\/p>\n<p>Cabe se\u00f1alar que la Secci\u00f3n 22 determin\u00f3 mantener sus acciones de protesta, pese a que este lunes integrantes de la CNTE sostendr\u00e1 otra reuni\u00f3n con autoridades de la Secretaria de Gobernaci\u00f3n (SEGOB), as\u00ed mismo la Asamblea Nacional Representativa determin\u00f3 accionar en la capital del pa\u00eds durante los pr\u00f3ximos d\u00edas. <\/p>\n<p><a href=\"http:\/\/www.elfinanciero.com.mx\/nacional\/maestros-de-oaxaca-mantienen-seis-bloqueos-carreteros-este-domingo.html\" target=\"_blank\">http:\/\/www.elfinanciero.com.mx\/nacional\/maestros-de-oaxaca-mantienen-seis-bloqueos-carreteros-este-domingo.html<\/a><\/p>\n","protected":false},"excerpt":{"rendered":"<p>El Financiero. Evlin Arag\u00f3n, Oaxaca.- Con menor participaci\u00f3n que en anteriores d\u00edas, este fin de semana integrantes de la Secci\u00f3n 22 adherida a la Coordinadora Nacional de Trabajadores de la &hellip; <a href=\"http:\/\/www.grieta.org.mx\/index.php\/2016\/07\/10\/maestros-de-oaxaca-mantienen-seis-bloqueos-carreteros-este-domingo\/\" class=\"more-link\">Leer m\u00e1s<\/a><\/p>\n","protected":false},"author":2,"featured_media":21928,"comment_status":"closed","ping_status":"closed","sticky":false,"template":"","format":"standard","meta":{"ngg_post_thumbnail":0,"_jetpack_newsletter_access":"","_jetpack_dont_email_post_to_subs":false,"_jetpack_newsletter_tier_id":0,"_jetpack_memberships_contains_paywalled_content":false,"_jetpack_memberships_contains_paid_content":false,"footnotes":""},"categories":[80,1341,2,25],"tags":[133,93,180,135],"class_list":["post-16407","post","type-post","status-publish","format-standard","has-post-thumbnail","hentry","category-cintillo","category-movilizaciones-contra-la-reforma-educativa-y-evaluacion-magisterial-en-oaxaca","category-noticias-nacionales","category-oaxaca","tag-maestros","tag-oaxaca","tag-protesta","tag-reforma-educativa","entry"],"jetpack_featured_media_url":"http:\/\/www.grieta.org.mx\/wp-content\/uploads\/2018\/03\/14524434_1106112876131411_958039263622046936_o.jpg","jetpack_sharing_enabled":true,"jetpack_shortlink":"https:\/\/wp.me\/p7ZJR4-4gD","jetpack_likes_enabled":false,"jetpack-related-posts":[{"id":15178,"url":"http:\/\/www.grieta.org.mx\/index.php\/2016\/06\/20\/participan-80-docentes-de-puebla-en-bloqueos-magisteriales-en-oaxaca\/","url_meta":{"origin":16407,"position":0},"title":"Participan 80 docentes de Puebla en bloqueos magisteriales en Oaxaca","author":"grieta","date":"20 junio, 2016","format":false,"excerpt":"Por Miguel Ambrosio Acatl\u00e1n de Osorio, Pue.- Aproximadamente 80 maestros de la Mixteca de Puebla acudieron al bloqueo en Oaxaca de integrantes del Sindicato Nacional de Trabajadores de la Educaci\u00f3n (SNTE) en Oaxaca, ya que laboran en el estado vecino y por ello decidieron sumarse a las acciones de protesta.\u2026","rel":"","context":"En &quot;CINTILLO&quot;","block_context":{"text":"CINTILLO","link":"http:\/\/www.grieta.org.mx\/index.php\/category\/cintillo\/"},"img":{"alt_text":"","src":"https:\/\/i0.wp.com\/www.grieta.org.mx\/wp-content\/uploads\/2016\/06\/img-20160620-wa0004.jpg?resize=350%2C200","width":350,"height":200,"srcset":"https:\/\/i0.wp.com\/www.grieta.org.mx\/wp-content\/uploads\/2016\/06\/img-20160620-wa0004.jpg?resize=350%2C200 1x, https:\/\/i0.wp.com\/www.grieta.org.mx\/wp-content\/uploads\/2016\/06\/img-20160620-wa0004.jpg?resize=525%2C300 1.5x"},"classes":[]},{"id":18699,"url":"http:\/\/www.grieta.org.mx\/index.php\/2016\/08\/02\/maestros-de-la-cnte-oaxaca-realizan-bloqueo-en-hacienda-blanca\/","url_meta":{"origin":16407,"position":1},"title":"Maestros de la CNTE Oaxaca realizan bloqueo en Hacienda Blanca","author":"grieta","date":"2 agosto, 2016","format":false,"excerpt":"Redacci\u00f3n e-Oaxaca Oaxaca.- Maestros de la secci\u00f3n 22 de la CNTE de Oaxaca, de nueva cuenta salen a las calles de protestar. Este d\u00eda, los maestros de la regi\u00f3n de la Cuenca, Istmo, Ca\u00f1ada y Sierra, tomaron la sede el Instituto Estatal de Educaci\u00f3n P\u00fablica de Oaxaca (IEEPO). En tanto,\u2026","rel":"","context":"En &quot;CINTILLO&quot;","block_context":{"text":"CINTILLO","link":"http:\/\/www.grieta.org.mx\/index.php\/category\/cintillo\/"},"img":{"alt_text":"","src":"https:\/\/i0.wp.com\/www.grieta.org.mx\/wp-content\/uploads\/2018\/03\/14524434_1106112876131411_958039263622046936_o.jpg?resize=350%2C200","width":350,"height":200,"srcset":"https:\/\/i0.wp.com\/www.grieta.org.mx\/wp-content\/uploads\/2018\/03\/14524434_1106112876131411_958039263622046936_o.jpg?resize=350%2C200 1x, https:\/\/i0.wp.com\/www.grieta.org.mx\/wp-content\/uploads\/2018\/03\/14524434_1106112876131411_958039263622046936_o.jpg?resize=525%2C300 1.5x, https:\/\/i0.wp.com\/www.grieta.org.mx\/wp-content\/uploads\/2018\/03\/14524434_1106112876131411_958039263622046936_o.jpg?resize=700%2C400 2x"},"classes":[]},{"id":19715,"url":"http:\/\/www.grieta.org.mx\/index.php\/2016\/08\/16\/pese-a-amenazas-de-pena-nieto-s-22-continua-con-bloqueos-tomas-de-oficinas-y-plazas-comerciales-oaxaca\/","url_meta":{"origin":16407,"position":2},"title":"Pese a amenazas de Pe\u00f1a Nieto, S-22 contin\u00faa con bloqueos, tomas de oficinas y plazas comerciales (Oaxaca)","author":"grieta","date":"16 agosto, 2016","format":false,"excerpt":"Pagina 3. Pedro Mat\u00edas, Oaxaca.- Pese a la amenaza del Presidente Enrique Pe\u00f1a Nieto de que \u201cel gobierno de la Rep\u00fablica no tendr\u00e1 reparo alguno en aplicar el uso de la fuerza\u201d cuando la v\u00eda del di\u00e1logo se haya agotado con la Coordinadora Nacional de Trabajadores de la Educaci\u00f3n (CNTE),\u2026","rel":"","context":"En &quot;CINTILLO&quot;","block_context":{"text":"CINTILLO","link":"http:\/\/www.grieta.org.mx\/index.php\/category\/cintillo\/"},"img":{"alt_text":"","src":"https:\/\/i0.wp.com\/www.grieta.org.mx\/wp-content\/uploads\/2018\/03\/14524434_1106112876131411_958039263622046936_o.jpg?resize=350%2C200","width":350,"height":200,"srcset":"https:\/\/i0.wp.com\/www.grieta.org.mx\/wp-content\/uploads\/2018\/03\/14524434_1106112876131411_958039263622046936_o.jpg?resize=350%2C200 1x, https:\/\/i0.wp.com\/www.grieta.org.mx\/wp-content\/uploads\/2018\/03\/14524434_1106112876131411_958039263622046936_o.jpg?resize=525%2C300 1.5x, https:\/\/i0.wp.com\/www.grieta.org.mx\/wp-content\/uploads\/2018\/03\/14524434_1106112876131411_958039263622046936_o.jpg?resize=700%2C400 2x"},"classes":[]},{"id":20512,"url":"http:\/\/www.grieta.org.mx\/index.php\/2016\/08\/29\/acordonan-normalistas-oficinas-del-ieepo-oaxaca\/","url_meta":{"origin":16407,"position":3},"title":"Acordonan normalistas oficinas del IEEPO  (Oaxaca)","author":"grieta","date":"29 agosto, 2016","format":false,"excerpt":"Quadrat\u00edn. Luis Jer\u00f3nimo, Oaxaca.- Normalistas que apoyan las protestas magisteriales realizaron el acordonamiento de las oficinas centrales del Instituto Estatal de Educaci\u00f3n P\u00fablica de Oaxaca. Unos cien normalistas bloquearon los accesos principales al IEEPO, as\u00ed como la puerta de Banjercito y del estacinamiento. Los normalistas colocaron mantas en las que\u2026","rel":"","context":"En &quot;CINTILLO&quot;","block_context":{"text":"CINTILLO","link":"http:\/\/www.grieta.org.mx\/index.php\/category\/cintillo\/"},"img":{"alt_text":"","src":"https:\/\/i0.wp.com\/www.grieta.org.mx\/wp-content\/uploads\/2018\/03\/14524434_1106112876131411_958039263622046936_o.jpg?resize=350%2C200","width":350,"height":200,"srcset":"https:\/\/i0.wp.com\/www.grieta.org.mx\/wp-content\/uploads\/2018\/03\/14524434_1106112876131411_958039263622046936_o.jpg?resize=350%2C200 1x, https:\/\/i0.wp.com\/www.grieta.org.mx\/wp-content\/uploads\/2018\/03\/14524434_1106112876131411_958039263622046936_o.jpg?resize=525%2C300 1.5x, https:\/\/i0.wp.com\/www.grieta.org.mx\/wp-content\/uploads\/2018\/03\/14524434_1106112876131411_958039263622046936_o.jpg?resize=700%2C400 2x"},"classes":[]},{"id":16165,"url":"http:\/\/www.grieta.org.mx\/index.php\/2016\/07\/06\/por-tercer-dia-consecutivo-maestros-bloquean-plazas-comerciales\/","url_meta":{"origin":16407,"position":4},"title":"Por tercer d\u00eda consecutivo, maestros bloquean plazas comerciales (Oaxaca)","author":"grieta","date":"6 julio, 2016","format":false,"excerpt":"P\u00e1gina 3. Arturo Rodr\u00edguez\/Pedro Mat\u00edas, Oaxaca.- Por tercer d\u00eda consecutivo, maestros de la Secci\u00f3n 22 del Sindicato Nacional de Trabajadores de la Educaci\u00f3n (SNTE) realizaron por lo menos 13 bloqueos carreteros y la toma de centros comerciales como parte del plan de acci\u00f3n de 72 horas que acord\u00f3 la CNTE.La\u2026","rel":"","context":"En &quot;CINTILLO&quot;","block_context":{"text":"CINTILLO","link":"http:\/\/www.grieta.org.mx\/index.php\/category\/cintillo\/"},"img":{"alt_text":"","src":"https:\/\/i0.wp.com\/www.grieta.org.mx\/wp-content\/uploads\/2018\/03\/14524434_1106112876131411_958039263622046936_o.jpg?resize=350%2C200","width":350,"height":200,"srcset":"https:\/\/i0.wp.com\/www.grieta.org.mx\/wp-content\/uploads\/2018\/03\/14524434_1106112876131411_958039263622046936_o.jpg?resize=350%2C200 1x, https:\/\/i0.wp.com\/www.grieta.org.mx\/wp-content\/uploads\/2018\/03\/14524434_1106112876131411_958039263622046936_o.jpg?resize=525%2C300 1.5x, https:\/\/i0.wp.com\/www.grieta.org.mx\/wp-content\/uploads\/2018\/03\/14524434_1106112876131411_958039263622046936_o.jpg?resize=700%2C400 2x"},"classes":[]},{"id":1946,"url":"http:\/\/www.grieta.org.mx\/index.php\/2015\/12\/11\/alumnos-toman-tres-normales-en-la-mixteca\/","url_meta":{"origin":16407,"position":5},"title":"Alumnos toman tres Normales en la Mixteca","author":"grieta","date":"11 diciembre, 2015","format":false,"excerpt":"Lesli Aguilar, Huajuapan de Le\u00f3n, Oaxaca.- M\u00e1s de 600 alumnos de la regi\u00f3n Mixteca tomaron las Escuelas Normales, para exigir al Instituto Estatal de Educaci\u00f3n P\u00fablica de Oaxaca (IEEPO) la asignaci\u00f3n de plazas de manera autom\u00e1tica, sin presentar ninguna evaluaci\u00f3n y violar la Reforma Educativa en Oaxaca. Desde este jueves,\u2026","rel":"","context":"En &quot;CINTILLO&quot;","block_context":{"text":"CINTILLO","link":"http:\/\/www.grieta.org.mx\/index.php\/category\/cintillo\/"},"img":{"alt_text":"","src":"https:\/\/i0.wp.com\/www.grieta.org.mx\/wp-content\/uploads\/2018\/03\/14524434_1106112876131411_958039263622046936_o.jpg?resize=350%2C200","width":350,"height":200,"srcset":"https:\/\/i0.wp.com\/www.grieta.org.mx\/wp-content\/uploads\/2018\/03\/14524434_1106112876131411_958039263622046936_o.jpg?resize=350%2C200 1x, https:\/\/i0.wp.com\/www.grieta.org.mx\/wp-content\/uploads\/2018\/03\/14524434_1106112876131411_958039263622046936_o.jpg?resize=525%2C300 1.5x, https:\/\/i0.wp.com\/www.grieta.org.mx\/wp-content\/uploads\/2018\/03\/14524434_1106112876131411_958039263622046936_o.jpg?resize=700%2C400 2x"},"classes":[]}],"_links":{"self":[{"href":"http:\/\/www.grieta.org.mx\/index.php\/wp-json\/wp\/v2\/posts\/16407","targetHints":{"allow":["GET"]}}],"collection":[{"href":"http:\/\/www.grieta.org.mx\/index.php\/wp-json\/wp\/v2\/posts"}],"about":[{"href":"http:\/\/www.grieta.org.mx\/index.php\/wp-json\/wp\/v2\/types\/post"}],"author":[{"embeddable":true,"href":"http:\/\/www.grieta.org.mx\/index.php\/wp-json\/wp\/v2\/users\/2"}],"replies":[{"embeddable":true,"href":"http:\/\/www.grieta.org.mx\/index.php\/wp-json\/wp\/v2\/comments?post=16407"}],"version-history":[{"count":1,"href":"http:\/\/www.grieta.org.mx\/index.php\/wp-json\/wp\/v2\/posts\/16407\/revisions"}],"predecessor-version":[{"id":23697,"href":"http:\/\/www.grieta.org.mx\/index.php\/wp-json\/wp\/v2\/posts\/16407\/revisions\/23697"}],"wp:featuredmedia":[{"embeddable":true,"href":"http:\/\/www.grieta.org.mx\/index.php\/wp-json\/wp\/v2\/media\/21928"}],"wp:attachment":[{"href":"http:\/\/www.grieta.org.mx\/index.php\/wp-json\/wp\/v2\/media?parent=16407"}],"wp:term":[{"taxonomy":"category","embeddable":true,"href":"http:\/\/www.grieta.org.mx\/index.php\/wp-json\/wp\/v2\/categories?post=16407"},{"taxonomy":"post_tag","embeddable":true,"href":"http:\/\/www.grieta.org.mx\/index.php\/wp-json\/wp\/v2\/tags?post=16407"}],"curies":[{"name":"wp","href":"https:\/\/api.w.org\/{rel}","templated":true}]}}