{"id":16394,"date":"2015-08-25T16:10:06","date_gmt":"2015-08-25T21:10:06","guid":{"rendered":"http:\/\/www.grieta.org.mx\/?p=16394"},"modified":"2016-07-10T16:13:41","modified_gmt":"2016-07-10T21:13:41","slug":"presa-el-realito-jamas-fue-un-proyecto-viable-de-la-rosa","status":"publish","type":"post","link":"http:\/\/www.grieta.org.mx\/index.php\/2015\/08\/25\/presa-el-realito-jamas-fue-un-proyecto-viable-de-la-rosa\/","title":{"rendered":"Presa El Realito jam\u00e1s fue un proyecto viable: De la Rosa"},"content":{"rendered":"<p>La Jornada<br \/>\n\u201cA simple vista y por el olor que presenta el agua que se suministra de la presa El Realito, se puede afirmar que esa agua no es apta para el consumo humano\u201d, se\u00f1al\u00f3 Agustin de la Rosa Charcas, especialista en temas del agua.<\/p>\n<p>Quiero pensar, agreg\u00f3, que los t\u00e9cnicos de Interapas tienen los ex\u00e1menes de calidad del agua que se est\u00e1 suministrando y en base en ellos est\u00e1 fijando su postura de no aceptarla. Esa es una postura correcta, ya que la empresa encargada se comprometi\u00f3 a entregar agua potable apta para el consumo humano.<\/p>\n<p>Afirm\u00f3 que la empresa Aguas El Realito, SA de CV deber\u00e1 responder ante la falta de cumplimiento del contrato, pues al respecto la Comisi\u00f3n del Agua del Congreso local ya ha hecho sus pronunciamientos al respecto. \u201cLas medidas de sanci\u00f3n se deben aplicar en autom\u00e1tico cuando no se cumplen los t\u00e9rminos del contrato, pero lo que el Congreso debe exigir a la CEA es que se aplique en su responsabilidad de exigir que esa empresa concesionaria entregue agua que cumpla con las normas vigentes\u201d.<\/p>\n<p>Afirm\u00f3 que \u201cese proyecto simplemente no debi\u00f3 hacerse. La Comisi\u00f3n Nacional del Agua hace varios a\u00f1os realizaron uno aguas arriba de donde se construy\u00f3 la presa El Realito; en ese proyecto se consider\u00f3 que no era viable desde el punto de vista costo-beneficio, por lo que nunca se impuls\u00f3 la construcci\u00f3n de la obra. A\u00f1os despu\u00e9s con el gobierno de Vicente Fox y Marcelo de los Santos, se retom\u00f3 el proyecto con un acuerdo leonino para el Estado de San Luis Potos\u00ed, ya que el proyecto lo hicieron los t\u00e9cnicos del agua de Guanajuato y se acord\u00f3 que el agua que se captara en la presa se distribuir\u00eda la mitad del volumen para cada Estado. Esto es, el \u00e1rea de influencia que abarca la cuenca de captaci\u00f3n del agua fluvial es en m\u00e1s de un 80% territorio potosino\u201d.<\/p>\n<p>Tambi\u00e9n asever\u00f3 que el poco volumen que se estar\u00e1 trayendo de la presa El Realito es muy costoso, adem\u00e1s de ser agua contaminada. Por otro lado, asegur\u00f3 que \u201ces una pol\u00edtica irracional hacer una inversi\u00f3n de varios miles de millones de pesos en esa obra y su proyecto, para traer agua e inyectarla a una red que se encuentra da\u00f1ada y que por esta raz\u00f3n genera un desperdicio de agua de un 50 por ciento\u201d.<\/p>\n<blockquote class=\"wp-embedded-content\" data-secret=\"j6iQjN5fDw\"><p><a href=\"https:\/\/lajornadasanluis.com.mx\/politica-y-sociedad\/presa-el-realito-jamas-fue-un-proyecto-viable-de-la-rosa\/\">Presa El Realito jam\u00e1s fue un proyecto viable: De la Rosa<\/a><\/p><\/blockquote>\n<p><iframe loading=\"lazy\" class=\"wp-embedded-content\" sandbox=\"allow-scripts\" security=\"restricted\" style=\"position: absolute; clip: rect(1px, 1px, 1px, 1px);\" title=\"\u00abPresa El Realito jam\u00e1s fue un proyecto viable: De la Rosa\u00bb \u2014 La Jornada de San Luis\" src=\"https:\/\/lajornadasanluis.com.mx\/politica-y-sociedad\/presa-el-realito-jamas-fue-un-proyecto-viable-de-la-rosa\/embed\/#?secret=j6iQjN5fDw\" data-secret=\"j6iQjN5fDw\" width=\"600\" height=\"338\" frameborder=\"0\" marginwidth=\"0\" marginheight=\"0\" scrolling=\"no\"><\/iframe><\/p>\n","protected":false},"excerpt":{"rendered":"<p>La Jornada \u201cA simple vista y por el olor que presenta el agua que se suministra de la presa El Realito, se puede afirmar que esa agua no es apta &hellip; <a href=\"http:\/\/www.grieta.org.mx\/index.php\/2015\/08\/25\/presa-el-realito-jamas-fue-un-proyecto-viable-de-la-rosa\/\" class=\"more-link\">Leer m\u00e1s<\/a><\/p>\n","protected":false},"author":2,"featured_media":21928,"comment_status":"closed","ping_status":"closed","sticky":false,"template":"","format":"standard","meta":{"ngg_post_thumbnail":0,"_jetpack_newsletter_access":"","_jetpack_dont_email_post_to_subs":false,"_jetpack_newsletter_tier_id":0,"_jetpack_memberships_contains_paywalled_content":false,"_jetpack_memberships_contains_paid_content":false,"footnotes":""},"categories":[80,141],"tags":[425],"class_list":["post-16394","post","type-post","status-publish","format-standard","has-post-thumbnail","hentry","category-cintillo","category-san-luis-potosi","tag-contaminacion-agua","entry"],"jetpack_featured_media_url":"http:\/\/www.grieta.org.mx\/wp-content\/uploads\/2018\/03\/14524434_1106112876131411_958039263622046936_o.jpg","jetpack_sharing_enabled":true,"jetpack_shortlink":"https:\/\/wp.me\/p7ZJR4-4gq","jetpack_likes_enabled":false,"jetpack-related-posts":[{"id":10632,"url":"http:\/\/www.grieta.org.mx\/index.php\/2015\/10\/20\/agua-de-presa-el-realito-rechazada-para-uso-y-consumo-humano\/","url_meta":{"origin":16394,"position":0},"title":"Agua de presa El Realito rechazada para uso y consumo humano","author":"grieta","date":"20 octubre, 2015","format":false,"excerpt":"25\/08\/15. Presa El Realito jam\u00e1s fue un proyecto viable: De la RosaLa Jornada","rel":"","context":"En &quot;San Luis Potos\u00ed&quot;","block_context":{"text":"San Luis Potos\u00ed","link":"http:\/\/www.grieta.org.mx\/index.php\/category\/noticias-nacionales\/san-luis-potosi\/"},"img":{"alt_text":"","src":"https:\/\/i0.wp.com\/www.grieta.org.mx\/wp-content\/uploads\/2018\/03\/14524434_1106112876131411_958039263622046936_o.jpg?resize=350%2C200","width":350,"height":200,"srcset":"https:\/\/i0.wp.com\/www.grieta.org.mx\/wp-content\/uploads\/2018\/03\/14524434_1106112876131411_958039263622046936_o.jpg?resize=350%2C200 1x, https:\/\/i0.wp.com\/www.grieta.org.mx\/wp-content\/uploads\/2018\/03\/14524434_1106112876131411_958039263622046936_o.jpg?resize=525%2C300 1.5x, https:\/\/i0.wp.com\/www.grieta.org.mx\/wp-content\/uploads\/2018\/03\/14524434_1106112876131411_958039263622046936_o.jpg?resize=700%2C400 2x"},"classes":[]},{"id":61125,"url":"http:\/\/www.grieta.org.mx\/index.php\/2021\/08\/02\/colonos-bloquean-vialidades-en-capital-de-slp-exigen-agua-potable\/","url_meta":{"origin":16394,"position":1},"title":"Colonos bloquean vialidades en capital de SLP; exigen agua potable","author":"grieta","date":"2 agosto, 2021","format":false,"excerpt":"Xochiquetzal Rangel\/El Universal SLP 2 agosto 2021 Solicitan abastecimiento de agua a trav\u00e9s de pozos derivado de fallas en El Realito Vecinos de colonias como Balcones del Valle, Himno Nacional, San Juan de Guadalupe e Independencia bloquearon diferentes calles en exigencia al Interapas y la Comisi\u00f3n Estatal del Agua (CEA)\u2026","rel":"","context":"En &quot;CINTILLO&quot;","block_context":{"text":"CINTILLO","link":"http:\/\/www.grieta.org.mx\/index.php\/category\/cintillo\/"},"img":{"alt_text":"","src":"https:\/\/i0.wp.com\/www.grieta.org.mx\/wp-content\/uploads\/2021\/08\/falta-de-agua.png?resize=350%2C200","width":350,"height":200,"srcset":"https:\/\/i0.wp.com\/www.grieta.org.mx\/wp-content\/uploads\/2021\/08\/falta-de-agua.png?resize=350%2C200 1x, https:\/\/i0.wp.com\/www.grieta.org.mx\/wp-content\/uploads\/2021\/08\/falta-de-agua.png?resize=525%2C300 1.5x, https:\/\/i0.wp.com\/www.grieta.org.mx\/wp-content\/uploads\/2021\/08\/falta-de-agua.png?resize=700%2C400 2x, https:\/\/i0.wp.com\/www.grieta.org.mx\/wp-content\/uploads\/2021\/08\/falta-de-agua.png?resize=1050%2C600 3x"},"classes":[]},{"id":44402,"url":"http:\/\/www.grieta.org.mx\/index.php\/2020\/02\/06\/declaratoria-de-sequia-extrema-emite-conagua-para-san-luis-potosi\/","url_meta":{"origin":16394,"position":2},"title":"Declaratoria de Sequ\u00eda Extrema emite CONAGUA para San Luis Potos\u00ed","author":"grieta","date":"6 febrero, 2020","format":false,"excerpt":"Redacci\u00f3n\/C\u00f3digo San Luis 6 febrero 2020 CONAGUA pide a alcaldes racionar el agua a la poblaci\u00f3n En la huasteca 4 municipios tienen declaratoria de sequ\u00eda severa y 16 se sequ\u00eda extrema No habr\u00e1 lluvias para la huasteca hasta el mes de abril Ciudad Valles, S.L.P.- Declaratoria de Sequ\u00eda Extrema emite\u2026","rel":"","context":"En &quot;CINTILLO&quot;","block_context":{"text":"CINTILLO","link":"http:\/\/www.grieta.org.mx\/index.php\/category\/cintillo\/"},"img":{"alt_text":"","src":"https:\/\/i0.wp.com\/www.grieta.org.mx\/wp-content\/uploads\/2020\/02\/sequias.png?resize=350%2C200","width":350,"height":200,"srcset":"https:\/\/i0.wp.com\/www.grieta.org.mx\/wp-content\/uploads\/2020\/02\/sequias.png?resize=350%2C200 1x, https:\/\/i0.wp.com\/www.grieta.org.mx\/wp-content\/uploads\/2020\/02\/sequias.png?resize=525%2C300 1.5x, https:\/\/i0.wp.com\/www.grieta.org.mx\/wp-content\/uploads\/2020\/02\/sequias.png?resize=700%2C400 2x"},"classes":[]},{"id":5398,"url":"http:\/\/www.grieta.org.mx\/index.php\/2015\/05\/26\/jalisco-se-seca-advierten-9-organizaciones-que-piden-frenar-trasvase-a-leon\/","url_meta":{"origin":16394,"position":3},"title":"Jalisco se seca, advierten 9 organizaciones que piden frenar trasvase a Le\u00f3n","author":"grieta","date":"26 mayo, 2015","format":false,"excerpt":"Por: Sergio Hern\u00e1ndez M\u00e1rquez Opositores a la presa El Zapotillo y el trasvase a Le\u00f3n presentan la campa\u00f1a \u201cJalisco se seca\u201d. 26 de mayo de 2015.- Este martes un grupo de 9 organizaciones dio a conocer la campa\u00f1a #JaliscoSeSeca en la que pretenden incentivar la toma de conciencia ciudadana de\u2026","rel":"","context":"En &quot;CINTILLO&quot;","block_context":{"text":"CINTILLO","link":"http:\/\/www.grieta.org.mx\/index.php\/category\/cintillo\/"},"img":{"alt_text":"","src":"https:\/\/i0.wp.com\/www.grieta.org.mx\/wp-content\/uploads\/2018\/03\/14524434_1106112876131411_958039263622046936_o.jpg?resize=350%2C200","width":350,"height":200,"srcset":"https:\/\/i0.wp.com\/www.grieta.org.mx\/wp-content\/uploads\/2018\/03\/14524434_1106112876131411_958039263622046936_o.jpg?resize=350%2C200 1x, https:\/\/i0.wp.com\/www.grieta.org.mx\/wp-content\/uploads\/2018\/03\/14524434_1106112876131411_958039263622046936_o.jpg?resize=525%2C300 1.5x, https:\/\/i0.wp.com\/www.grieta.org.mx\/wp-content\/uploads\/2018\/03\/14524434_1106112876131411_958039263622046936_o.jpg?resize=700%2C400 2x"},"classes":[]},{"id":43977,"url":"http:\/\/www.grieta.org.mx\/index.php\/2020\/01\/17\/diputado-tala-y-fracciona-el-pulmon-de-guanajuato\/","url_meta":{"origin":16394,"position":4},"title":"Diputado tala y fracciona el \u201cpulm\u00f3n\u201d de Guanajuato","author":"grieta","date":"17 enero, 2020","format":false,"excerpt":"\u00a0 El diputado panista Fernando Ascencio Barba fraccion\u00f3 sin los permisos correspondientes la Sierra de Santa Rosa, considerado el pulm\u00f3n en Guanajuato. Sin contar con las autorizaciones, las residencias ya est\u00e1n a la venta en internet \u00a0 Carmen Pizano \/ PopLab,17 de enero de 2020 GUANAJUATO.- Bajo el amparo del\u2026","rel":"","context":"En &quot;CINTILLO&quot;","block_context":{"text":"CINTILLO","link":"http:\/\/www.grieta.org.mx\/index.php\/category\/cintillo\/"},"img":{"alt_text":"","src":"https:\/\/i0.wp.com\/www.grieta.org.mx\/wp-content\/uploads\/2020\/02\/Sierra_1.jpeg?resize=350%2C200","width":350,"height":200,"srcset":"https:\/\/i0.wp.com\/www.grieta.org.mx\/wp-content\/uploads\/2020\/02\/Sierra_1.jpeg?resize=350%2C200 1x, https:\/\/i0.wp.com\/www.grieta.org.mx\/wp-content\/uploads\/2020\/02\/Sierra_1.jpeg?resize=525%2C300 1.5x, https:\/\/i0.wp.com\/www.grieta.org.mx\/wp-content\/uploads\/2020\/02\/Sierra_1.jpeg?resize=700%2C400 2x, https:\/\/i0.wp.com\/www.grieta.org.mx\/wp-content\/uploads\/2020\/02\/Sierra_1.jpeg?resize=1050%2C600 3x, https:\/\/i0.wp.com\/www.grieta.org.mx\/wp-content\/uploads\/2020\/02\/Sierra_1.jpeg?resize=1400%2C800 4x"},"classes":[]},{"id":36681,"url":"http:\/\/www.grieta.org.mx\/index.php\/2019\/07\/18\/contaminacion-afecta-salud-en-michicayucan-puebla\/","url_meta":{"origin":16394,"position":5},"title":"Contaminaci\u00f3n afecta salud en Michicayucan (Puebla)","author":"Admin","date":"18 julio, 2019","format":false,"excerpt":"Juan Ascencio \/ El Popular Habitantes de la comunidad de Michicayucan, perteneciente al municipio de Tlatlauquitepec, denunciaron la contaminaci\u00f3n que sufre el r\u00edo que atraviesa por esta zona. Se\u00f1alaron que los desechos provienen de Zaragoza, pues descarga en este afluente aguas negras e infecta el caudal. Los vecinos de la\u2026","rel":"","context":"En &quot;CINTILLO&quot;","block_context":{"text":"CINTILLO","link":"http:\/\/www.grieta.org.mx\/index.php\/category\/cintillo\/"},"img":{"alt_text":"","src":"https:\/\/i0.wp.com\/www.grieta.org.mx\/wp-content\/uploads\/2019\/07\/contaminacion-afecta-salud-en-michicayucan-78e55a536a8f5f882f768a6c2ade7cd1.png?resize=350%2C200","width":350,"height":200,"srcset":"https:\/\/i0.wp.com\/www.grieta.org.mx\/wp-content\/uploads\/2019\/07\/contaminacion-afecta-salud-en-michicayucan-78e55a536a8f5f882f768a6c2ade7cd1.png?resize=350%2C200 1x, https:\/\/i0.wp.com\/www.grieta.org.mx\/wp-content\/uploads\/2019\/07\/contaminacion-afecta-salud-en-michicayucan-78e55a536a8f5f882f768a6c2ade7cd1.png?resize=525%2C300 1.5x, https:\/\/i0.wp.com\/www.grieta.org.mx\/wp-content\/uploads\/2019\/07\/contaminacion-afecta-salud-en-michicayucan-78e55a536a8f5f882f768a6c2ade7cd1.png?resize=700%2C400 2x"},"classes":[]}],"_links":{"self":[{"href":"http:\/\/www.grieta.org.mx\/index.php\/wp-json\/wp\/v2\/posts\/16394","targetHints":{"allow":["GET"]}}],"collection":[{"href":"http:\/\/www.grieta.org.mx\/index.php\/wp-json\/wp\/v2\/posts"}],"about":[{"href":"http:\/\/www.grieta.org.mx\/index.php\/wp-json\/wp\/v2\/types\/post"}],"author":[{"embeddable":true,"href":"http:\/\/www.grieta.org.mx\/index.php\/wp-json\/wp\/v2\/users\/2"}],"replies":[{"embeddable":true,"href":"http:\/\/www.grieta.org.mx\/index.php\/wp-json\/wp\/v2\/comments?post=16394"}],"version-history":[{"count":1,"href":"http:\/\/www.grieta.org.mx\/index.php\/wp-json\/wp\/v2\/posts\/16394\/revisions"}],"predecessor-version":[{"id":16395,"href":"http:\/\/www.grieta.org.mx\/index.php\/wp-json\/wp\/v2\/posts\/16394\/revisions\/16395"}],"wp:featuredmedia":[{"embeddable":true,"href":"http:\/\/www.grieta.org.mx\/index.php\/wp-json\/wp\/v2\/media\/21928"}],"wp:attachment":[{"href":"http:\/\/www.grieta.org.mx\/index.php\/wp-json\/wp\/v2\/media?parent=16394"}],"wp:term":[{"taxonomy":"category","embeddable":true,"href":"http:\/\/www.grieta.org.mx\/index.php\/wp-json\/wp\/v2\/categories?post=16394"},{"taxonomy":"post_tag","embeddable":true,"href":"http:\/\/www.grieta.org.mx\/index.php\/wp-json\/wp\/v2\/tags?post=16394"}],"curies":[{"name":"wp","href":"https:\/\/api.w.org\/{rel}","templated":true}]}}