{"id":1635,"date":"2015-08-27T04:50:24","date_gmt":"2015-08-27T04:50:24","guid":{"rendered":"http:\/\/50.22.11.12\/~grietaor\/?p=1635"},"modified":"2016-03-09T05:01:54","modified_gmt":"2016-03-09T05:01:54","slug":"ola-de-feminicidos-en-edomex","status":"publish","type":"post","link":"http:\/\/www.grieta.org.mx\/index.php\/2015\/08\/27\/ola-de-feminicidos-en-edomex\/","title":{"rendered":"Ola de feminicidos en Edomex"},"content":{"rendered":"<p>Crhistian De Jes\u00fas<\/p>\n<p>Cinco mujeres han sido asesinadas en el Estado de M\u00e9xico durante los \u00faltimos cuatro d\u00edas, la \u00faltima agresi\u00f3n se registr\u00f3 esta ma\u00f1ana en Ecatepec, segundo caso en la semana, en los municipios de Tenancingo, Atlauta y Naucalpan tambi\u00e9n hubo muertes violentas.<\/p>\n<p>La entidad ocupa los primeros lugares en feminicidios a nivel nacional, de acuerdo con las cifras oficiales y de organizaciones no gubernamentales como el Comit\u00e9 de las Naciones Unidades para la Eliminaci\u00f3n de la discriminaci\u00f3n contra las Mujeres y el Observatorio del Feminicidio.<\/p>\n<p>Este jueves, el cuerpo sin vida de una menor de edad con visibles huellas de violencia f\u00edsica y sexual fue encontrado en calles de la colonia Central Michoacana del municipio de Ecatepec, para sumar el quinto homicidio contra este sector en lo que de esta semana en suelo<br \/>\nmexiquense.<\/p>\n<p>Marley de 17 a\u00f1os de edad, se suma a los casos de Gladis de 24 a\u00f1os registrado el lunes en el municipio sure\u00f1o de Tenancingo, Ana Luisa en Atlautla y dos casos m\u00e1s ocurridos en Ecatepec y Naucalpan donde las v\u00edctimas no hab\u00edan sido identificadas por las autoridades estatales.<\/p>\n<p>En por lo menos cuatro casos, las f\u00e9minas se encontraban desaparecidas, horas o d\u00edas despu\u00e9s fueron encontradas y todas presentaban signos de violencia por su condici\u00f3n del sexo, por lo que deben ser es catalogados como un feminicidio, en Naucalpan fue asesinada una m\u00e1s por robo.<\/p>\n<p>Este viernes se cumplir\u00e1 un mes que la Secretar\u00eda de Gobernaci\u00f3n federal autoriz\u00f3 emitir la Alerta de G\u00e9nero para 11 municipios del Estado de M\u00e9xico, mismos que concentran el mayor n\u00famero de hechos de agresiones y muertes contra este sector durante los \u00faltimos a\u00f1os.<\/p>\n<p><a href=\"http:\/\/fuerza.com.mx\/2015\/08\/27\/ola-de-feminicidios-en-edomex\/\" target=\"_blank\">fuerza.com.mx\/2015\/08\/27\/ola-de-feminicidios-en-edomex\/<\/a><\/p>\n","protected":false},"excerpt":{"rendered":"<p>Crhistian De Jes\u00fas Cinco mujeres han sido asesinadas en el Estado de M\u00e9xico durante los \u00faltimos cuatro d\u00edas, la \u00faltima agresi\u00f3n se registr\u00f3 esta ma\u00f1ana en Ecatepec, segundo caso en &hellip; <a href=\"http:\/\/www.grieta.org.mx\/index.php\/2015\/08\/27\/ola-de-feminicidos-en-edomex\/\" class=\"more-link\">Leer m\u00e1s<\/a><\/p>\n","protected":false},"author":2,"featured_media":21928,"comment_status":"closed","ping_status":"open","sticky":false,"template":"","format":"standard","meta":{"ngg_post_thumbnail":0,"_jetpack_newsletter_access":"","_jetpack_dont_email_post_to_subs":false,"_jetpack_newsletter_tier_id":0,"_jetpack_memberships_contains_paywalled_content":false,"_jetpack_memberships_contains_paid_content":false,"footnotes":""},"categories":[80],"tags":[92,81],"class_list":["post-1635","post","type-post","status-publish","format-standard","has-post-thumbnail","hentry","category-cintillo","tag-estado-de-mexico","tag-feminicidios","entry"],"jetpack_featured_media_url":"http:\/\/www.grieta.org.mx\/wp-content\/uploads\/2018\/03\/14524434_1106112876131411_958039263622046936_o.jpg","jetpack_sharing_enabled":true,"jetpack_shortlink":"https:\/\/wp.me\/p7ZJR4-qn","jetpack_likes_enabled":false,"jetpack-related-posts":[{"id":45793,"url":"http:\/\/www.grieta.org.mx\/index.php\/2020\/03\/06\/con-cacerolazo-protestan-contra-los-feminicidios-en-ecatepec-estado-de-mexico\/","url_meta":{"origin":1635,"position":0},"title":"Con cacerolazo, protestan contra los feminicidios en Ecatepec (Estado de M\u00e9xico)","author":"grieta","date":"6 marzo, 2020","format":false,"excerpt":"Foto: Cortes\u00eda de @abismada_ Karina Almaraz T\u00e9llez \/ La Raz\u00f3n de M\u00e9xico Colectivos feministas protestaron en las afueras del metro R\u00edo de los Remedios, punto emblem\u00e1tico de la violencia que padecen las mujeres en ese municipio. Colectivos feministas protestaron con un cacerolazo en las afueras del metro R\u00edo de los\u2026","rel":"","context":"En &quot;CINTILLO&quot;","block_context":{"text":"CINTILLO","link":"http:\/\/www.grieta.org.mx\/index.php\/category\/cintillo\/"},"img":{"alt_text":"","src":"https:\/\/i0.wp.com\/www.grieta.org.mx\/wp-content\/uploads\/2020\/03\/Con-cacerolazo-protestan-contra-los-feminicidios-en-Ecatepec-edomex-mzo.jpeg?resize=350%2C200","width":350,"height":200,"srcset":"https:\/\/i0.wp.com\/www.grieta.org.mx\/wp-content\/uploads\/2020\/03\/Con-cacerolazo-protestan-contra-los-feminicidios-en-Ecatepec-edomex-mzo.jpeg?resize=350%2C200 1x, https:\/\/i0.wp.com\/www.grieta.org.mx\/wp-content\/uploads\/2020\/03\/Con-cacerolazo-protestan-contra-los-feminicidios-en-Ecatepec-edomex-mzo.jpeg?resize=525%2C300 1.5x"},"classes":[]},{"id":55449,"url":"http:\/\/www.grieta.org.mx\/index.php\/2020\/11\/21\/feministas-toman-simbolicamente-puentes-peatonales-en-ecatepec-y-coacalco-estado-de-mexico\/","url_meta":{"origin":1635,"position":1},"title":"Feministas toman simb\u00f3licamente puentes peatonales en Ecatepec y Coacalco (Estado de M\u00e9xico)","author":"grieta","date":"21 noviembre, 2020","format":false,"excerpt":"Fotos: cortes\u00eda Antonio M. Fernando Sol\u00eds \/ El Sol de Toluca Colgaron mantas alusivas a los feminicidios en estos municipios y en la entidad La tarde de este s\u00e1bado, grupos de colectivos feministas tomaron puentes peatonales en los municipios de Ecatepec y Coacalco donde colgaron mantas alusivas a losfeminicidios en\u2026","rel":"","context":"En &quot;CINTILLO&quot;","block_context":{"text":"CINTILLO","link":"http:\/\/www.grieta.org.mx\/index.php\/category\/cintillo\/"},"img":{"alt_text":"","src":"https:\/\/i0.wp.com\/www.grieta.org.mx\/wp-content\/uploads\/2020\/11\/Feministas-toman-simbolicamente-puentes-peatonales-en-Ecatepec-y-Coacalco-edomex-nov.jpeg?resize=350%2C200","width":350,"height":200,"srcset":"https:\/\/i0.wp.com\/www.grieta.org.mx\/wp-content\/uploads\/2020\/11\/Feministas-toman-simbolicamente-puentes-peatonales-en-Ecatepec-y-Coacalco-edomex-nov.jpeg?resize=350%2C200 1x, https:\/\/i0.wp.com\/www.grieta.org.mx\/wp-content\/uploads\/2020\/11\/Feministas-toman-simbolicamente-puentes-peatonales-en-Ecatepec-y-Coacalco-edomex-nov.jpeg?resize=525%2C300 1.5x, https:\/\/i0.wp.com\/www.grieta.org.mx\/wp-content\/uploads\/2020\/11\/Feministas-toman-simbolicamente-puentes-peatonales-en-Ecatepec-y-Coacalco-edomex-nov.jpeg?resize=700%2C400 2x"},"classes":[]},{"id":16555,"url":"http:\/\/www.grieta.org.mx\/index.php\/2016\/07\/12\/alarman-feminicidios-en-ecatepec-y-neza\/","url_meta":{"origin":1635,"position":2},"title":"Alarman feminicidios en Ecatepec y Neza","author":"grieta","date":"12 julio, 2016","format":false,"excerpt":"Guadalupe Fern\u00e1ndez Estado de M\u00e9xico, M\u00e9xico (12 julio 2016).- Nezahualc\u00f3yotl y Ecatepec son los municipios de mayor riesgo para las mujeres en el Estado de M\u00e9xico, de acuerdo con el Observatorio Ciudadano Nacional de Feminicidios. Emiten protocolo para feminicidios La zona oriente del Edomex, y municipios como Tlalnepantla y Cuautitl\u00e1n\u2026","rel":"","context":"En &quot;CINTILLO&quot;","block_context":{"text":"CINTILLO","link":"http:\/\/www.grieta.org.mx\/index.php\/category\/cintillo\/"},"img":{"alt_text":"","src":"https:\/\/i0.wp.com\/www.grieta.org.mx\/wp-content\/uploads\/2018\/03\/14524434_1106112876131411_958039263622046936_o.jpg?resize=350%2C200","width":350,"height":200,"srcset":"https:\/\/i0.wp.com\/www.grieta.org.mx\/wp-content\/uploads\/2018\/03\/14524434_1106112876131411_958039263622046936_o.jpg?resize=350%2C200 1x, https:\/\/i0.wp.com\/www.grieta.org.mx\/wp-content\/uploads\/2018\/03\/14524434_1106112876131411_958039263622046936_o.jpg?resize=525%2C300 1.5x, https:\/\/i0.wp.com\/www.grieta.org.mx\/wp-content\/uploads\/2018\/03\/14524434_1106112876131411_958039263622046936_o.jpg?resize=700%2C400 2x"},"classes":[]},{"id":25292,"url":"http:\/\/www.grieta.org.mx\/index.php\/2018\/08\/01\/hallan-a-mujer-estrangulada-en-ecatepec-van-100-feminicidios-en-edomex-en-los-ultimos-2-anos\/","url_meta":{"origin":1635,"position":3},"title":"Hallan a mujer estrangulada en Ecatepec; van 100 feminicidios en Edomex en los \u00faltimos 2 a\u00f1os","author":"grieta","date":"1 agosto, 2018","format":false,"excerpt":"Animal Pol\u00edtico La madrugada de este mi\u00e9rcoles, el cuerpo de una mujer fue hallado en la v\u00eda p\u00fablica, en la colonia Solidaridad del municipio de Ecatepec, Estado de M\u00e9xico. De acuerdo con reportes del diario Reforma, vecinos de la colonia reportaron el hallazgo del cuerpo \u2013 que ten\u00eda un cable\u2026","rel":"","context":"En &quot;CINTILLO&quot;","block_context":{"text":"CINTILLO","link":"http:\/\/www.grieta.org.mx\/index.php\/category\/cintillo\/"},"img":{"alt_text":"","src":"https:\/\/i0.wp.com\/www.grieta.org.mx\/wp-content\/uploads\/2018\/08\/Puebla_Marcha_Feminicidios-1-e1533144300176-960x500.jpg?resize=350%2C200","width":350,"height":200,"srcset":"https:\/\/i0.wp.com\/www.grieta.org.mx\/wp-content\/uploads\/2018\/08\/Puebla_Marcha_Feminicidios-1-e1533144300176-960x500.jpg?resize=350%2C200 1x, https:\/\/i0.wp.com\/www.grieta.org.mx\/wp-content\/uploads\/2018\/08\/Puebla_Marcha_Feminicidios-1-e1533144300176-960x500.jpg?resize=525%2C300 1.5x, https:\/\/i0.wp.com\/www.grieta.org.mx\/wp-content\/uploads\/2018\/08\/Puebla_Marcha_Feminicidios-1-e1533144300176-960x500.jpg?resize=700%2C400 2x"},"classes":[]},{"id":53727,"url":"http:\/\/www.grieta.org.mx\/index.php\/2020\/09\/11\/incendian-sede-de-codhem-en-ecatepec-tras-detencion-de-feministas-estado-de-mexico\/","url_meta":{"origin":1635,"position":4},"title":"Incendian sede de CODHEM en Ecatepec tras detenci\u00f3n de feministas (Estado de M\u00e9xico)","author":"grieta","date":"11 septiembre, 2020","format":false,"excerpt":"Foto: Twiter \/ @Andalalucha Carlos Guevara \/ El Sol de M\u00e9xico Un grupo de aproximadamente 50 mujeres llegaron al recinto ubicado en o en la Avenida Morelos para manifestarse en contra de la violencia policial y feminicidios Mujeres feministas incendiaron este viernes las instalaciones de la visitadur\u00eda general de la\u2026","rel":"","context":"En &quot;Abuso policiaco y tortura en el Estado de M\u00e9xico&quot;","block_context":{"text":"Abuso policiaco y tortura en el Estado de M\u00e9xico","link":"http:\/\/www.grieta.org.mx\/index.php\/category\/noticias-nacionales\/estado-de-mexico\/abuso-policiaco-y-tortura-en-el-estado-de-mexico\/"},"img":{"alt_text":"","src":"https:\/\/i0.wp.com\/www.grieta.org.mx\/wp-content\/uploads\/2020\/09\/Incendian-sede-de-CODHEM-en-Ecatepec-tras-detencion-de-feministas-edomex-sept.jpg?resize=350%2C200","width":350,"height":200,"srcset":"https:\/\/i0.wp.com\/www.grieta.org.mx\/wp-content\/uploads\/2020\/09\/Incendian-sede-de-CODHEM-en-Ecatepec-tras-detencion-de-feministas-edomex-sept.jpg?resize=350%2C200 1x, https:\/\/i0.wp.com\/www.grieta.org.mx\/wp-content\/uploads\/2020\/09\/Incendian-sede-de-CODHEM-en-Ecatepec-tras-detencion-de-feministas-edomex-sept.jpg?resize=525%2C300 1.5x, https:\/\/i0.wp.com\/www.grieta.org.mx\/wp-content\/uploads\/2020\/09\/Incendian-sede-de-CODHEM-en-Ecatepec-tras-detencion-de-feministas-edomex-sept.jpg?resize=700%2C400 2x"},"classes":[]},{"id":30458,"url":"http:\/\/www.grieta.org.mx\/index.php\/2019\/03\/09\/mujeres-de-ecatepec-se-manifiestan-contra-la-violencia-feminicida-estado-de-mexico\/","url_meta":{"origin":1635,"position":5},"title":"Mujeres de Ecatepec se manifiestan contra la violencia feminicida (Estado de M\u00e9xico)","author":"grieta","date":"9 marzo, 2019","format":false,"excerpt":"Elisa Mart\u00ednez\/somoselmedio Este 8 de marzo, feministas del Estado de M\u00e9xico marcharon del puente de fierro al Palacio Municipal en Ecatepec para exigir un alto a los feminicidios, desapariciones y a la violencia contra las mujeres. Para dar comienzo a la marcha se realiz\u00f3 un ritual prehisp\u00e1nico a los dioses\u2026","rel":"","context":"En &quot;CINTILLO&quot;","block_context":{"text":"CINTILLO","link":"http:\/\/www.grieta.org.mx\/index.php\/category\/cintillo\/"},"img":{"alt_text":"","src":"https:\/\/i0.wp.com\/www.grieta.org.mx\/wp-content\/uploads\/2019\/03\/WhatsApp-Image-2019-03-09-at-00.19.21-696x464.jpeg?resize=350%2C200","width":350,"height":200,"srcset":"https:\/\/i0.wp.com\/www.grieta.org.mx\/wp-content\/uploads\/2019\/03\/WhatsApp-Image-2019-03-09-at-00.19.21-696x464.jpeg?resize=350%2C200 1x, https:\/\/i0.wp.com\/www.grieta.org.mx\/wp-content\/uploads\/2019\/03\/WhatsApp-Image-2019-03-09-at-00.19.21-696x464.jpeg?resize=525%2C300 1.5x"},"classes":[]}],"_links":{"self":[{"href":"http:\/\/www.grieta.org.mx\/index.php\/wp-json\/wp\/v2\/posts\/1635","targetHints":{"allow":["GET"]}}],"collection":[{"href":"http:\/\/www.grieta.org.mx\/index.php\/wp-json\/wp\/v2\/posts"}],"about":[{"href":"http:\/\/www.grieta.org.mx\/index.php\/wp-json\/wp\/v2\/types\/post"}],"author":[{"embeddable":true,"href":"http:\/\/www.grieta.org.mx\/index.php\/wp-json\/wp\/v2\/users\/2"}],"replies":[{"embeddable":true,"href":"http:\/\/www.grieta.org.mx\/index.php\/wp-json\/wp\/v2\/comments?post=1635"}],"version-history":[{"count":1,"href":"http:\/\/www.grieta.org.mx\/index.php\/wp-json\/wp\/v2\/posts\/1635\/revisions"}],"predecessor-version":[{"id":1642,"href":"http:\/\/www.grieta.org.mx\/index.php\/wp-json\/wp\/v2\/posts\/1635\/revisions\/1642"}],"wp:featuredmedia":[{"embeddable":true,"href":"http:\/\/www.grieta.org.mx\/index.php\/wp-json\/wp\/v2\/media\/21928"}],"wp:attachment":[{"href":"http:\/\/www.grieta.org.mx\/index.php\/wp-json\/wp\/v2\/media?parent=1635"}],"wp:term":[{"taxonomy":"category","embeddable":true,"href":"http:\/\/www.grieta.org.mx\/index.php\/wp-json\/wp\/v2\/categories?post=1635"},{"taxonomy":"post_tag","embeddable":true,"href":"http:\/\/www.grieta.org.mx\/index.php\/wp-json\/wp\/v2\/tags?post=1635"}],"curies":[{"name":"wp","href":"https:\/\/api.w.org\/{rel}","templated":true}]}}