{"id":16348,"date":"2016-07-09T16:39:13","date_gmt":"2016-07-09T21:39:13","guid":{"rendered":"http:\/\/www.grieta.org.mx\/?p=16348"},"modified":"2016-07-09T16:39:13","modified_gmt":"2016-07-09T21:39:13","slug":"fallecen-reos-en-el-creset-por-negligencia-medica","status":"publish","type":"post","link":"http:\/\/www.grieta.org.mx\/index.php\/2016\/07\/09\/fallecen-reos-en-el-creset-por-negligencia-medica\/","title":{"rendered":"Fallecen reos en el Creset por negligencia m\u00e9dica"},"content":{"rendered":"<p>Durante los primeros siete meses del 2016, un total de seis internos han fallecido, principalmente por tuberculosis.<\/p>\n<p>Jos\u00e9 Angel Castro <\/p>\n<p>La negligencia m\u00e9dica y condiciones infrahumanas en las que viven los internos del CRESET, han originado en este 2016 el fallecimiento de seis reos por diversas causas; en menos de una semana dos reos perecieron al no recibir los tratamientos adecuados para la tuberculosis.<\/p>\n<p>En el \u00e1rea de cl\u00ednica no existe el aislamiento de los enfermos con padecimientos cr\u00f3nicos y degenerativas, adem\u00e1s que los tratamientos m\u00e9dicos son literalmente vendidos a los propios reclusos, quienes se ven obligado a pagar su traslado a esta \u00e1rea, revelaron familiares de los mismos.<\/p>\n<p>El pasado fin de semana, falleci\u00f3 Emmanuel Cupil Cupil, quien padec\u00eda de un avanzado cuadro de tuberculosis, motivo por lo que fue llevado al Hospital Juan Graham Casas\u00fas, donde minutos despu\u00e9s fue reportada su muerte.<\/p>\n<p>Ayer por la ma\u00f1ana, personal de custodia y administrativos del CRESET, reportaron a la Fiscal\u00eda General, el deceso del interno Antonio Hern\u00e1ndez L\u00e1zaro, quien purgaba una condena por el delito de abuso sexual, y que estaba en el m\u00f3dulo 6, a pesar de su avanzado estado de tuberculosis.<\/p>\n<p>Otros de los reos que han fallecido dentro del penal es Domingo Reyes M\u00e9ndez de paro respiratorio el pasado 29 de mayo; Cristian Humberto Hern\u00e1ndez de la Parra igual de paro respiratorio; Santana Ovando Torres, el 26 de febrero y Leoncio Lorenzo G\u00f3mez, quien sufri\u00f3 insuficiencia renal el pasado 19 de enero.<\/p>\n<p>No existe condiciones para tratar enfermos: Codehutab Ante la crisis que existe en el penal villahermosino, el Comit\u00e9 de Derechos Humanos de Tabasco (Codehutab), a trav\u00e9s de su asesor jur\u00eddico, Efra\u00edn Rodr\u00edguez Le\u00f3n, se\u00f1al\u00f3 que la corrupci\u00f3n y el negocio que tienen las autoridades, ha generado consecuencia como la muerte de internos, a los que no se les est\u00e1 tratando conforme a los Derechos Humanos.<\/p>\n<p>&#8220;No existe un \u00e1rea especial para tener aislado a personas que tengan tuberculosis o enfermedad contagiosas, los tienen a todos juntos, pues la cl\u00ednica s\u00f3lo sirve para atender cuestiones menores, incluso funciona de las 9:00 horas a las 3 de la tarde&#8221;, se\u00f1al\u00f3.<\/p>\n<p>En el Creset hay 33 internos con tuberculosis, de los cuales 24 est\u00e1n dentro del m\u00f3dulo 6 junto con el resto de la poblaci\u00f3n, en la cl\u00ednica s\u00f3lo hay 8, y uno m\u00e1s que se encuentra trabajando en las divisiones conocidas como hornos.<\/p>\n<p><a href=\"http:\/\/tabascohoy.com\/nota\/322126\/fallecen-reos-en-el-creset-por-negligencia-medica\" target=\"_blank\">http:\/\/tabascohoy.com\/nota\/322126\/fallecen-reos-en-el-creset-por-negligencia-medica<\/a><\/p>\n","protected":false},"excerpt":{"rendered":"<p>Durante los primeros siete meses del 2016, un total de seis internos han fallecido, principalmente por tuberculosis. Jos\u00e9 Angel Castro La negligencia m\u00e9dica y condiciones infrahumanas en las que viven &hellip; <a href=\"http:\/\/www.grieta.org.mx\/index.php\/2016\/07\/09\/fallecen-reos-en-el-creset-por-negligencia-medica\/\" class=\"more-link\">Leer m\u00e1s<\/a><\/p>\n","protected":false},"author":2,"featured_media":21928,"comment_status":"closed","ping_status":"closed","sticky":false,"template":"","format":"standard","meta":{"ngg_post_thumbnail":0,"_jetpack_newsletter_access":"","_jetpack_dont_email_post_to_subs":false,"_jetpack_newsletter_tier_id":0,"_jetpack_memberships_contains_paywalled_content":false,"_jetpack_memberships_contains_paid_content":false,"footnotes":""},"categories":[80,415],"tags":[],"class_list":["post-16348","post","type-post","status-publish","format-standard","has-post-thumbnail","hentry","category-cintillo","category-tabasco","entry"],"jetpack_featured_media_url":"http:\/\/www.grieta.org.mx\/wp-content\/uploads\/2018\/03\/14524434_1106112876131411_958039263622046936_o.jpg","jetpack_sharing_enabled":true,"jetpack_shortlink":"https:\/\/wp.me\/p7ZJR4-4fG","jetpack_likes_enabled":false,"jetpack-related-posts":[{"id":7096,"url":"http:\/\/www.grieta.org.mx\/index.php\/2016\/07\/09\/cndh-afirma-que-tabasco-tiene-algunas-de-las-peores-carceles-del-pais\/","url_meta":{"origin":16348,"position":0},"title":"Fallecen reos por negligencia m\u00e9dica y condiciones inhumanas en c\u00e1rcel de Tabasco","author":"grieta","date":"9 julio, 2016","format":false,"excerpt":"09\/07\/16. Fallecen reos en el Creset por negligencia m\u00e9dicaTabasco Hoy 11\/09\/15. Tabasco tiene las peores c\u00e1rceles en el pa\u00eds, seg\u00fan estudio de la CNDHEl Financiero 11\/09\/15. C\u00e1rceles de Tabasco, entre las peores del pa\u00edsBajo Palabra","rel":"","context":"En &quot;NOTICIAS NACIONALES&quot;","block_context":{"text":"NOTICIAS NACIONALES","link":"http:\/\/www.grieta.org.mx\/index.php\/category\/noticias-nacionales\/"},"img":{"alt_text":"","src":"https:\/\/i0.wp.com\/www.grieta.org.mx\/wp-content\/uploads\/2018\/03\/14524434_1106112876131411_958039263622046936_o.jpg?resize=350%2C200","width":350,"height":200,"srcset":"https:\/\/i0.wp.com\/www.grieta.org.mx\/wp-content\/uploads\/2018\/03\/14524434_1106112876131411_958039263622046936_o.jpg?resize=350%2C200 1x, https:\/\/i0.wp.com\/www.grieta.org.mx\/wp-content\/uploads\/2018\/03\/14524434_1106112876131411_958039263622046936_o.jpg?resize=525%2C300 1.5x, https:\/\/i0.wp.com\/www.grieta.org.mx\/wp-content\/uploads\/2018\/03\/14524434_1106112876131411_958039263622046936_o.jpg?resize=700%2C400 2x"},"classes":[]},{"id":3355,"url":"http:\/\/www.grieta.org.mx\/index.php\/2016\/02\/08\/con-huelga-de-hambre-reos-de-chiconautla-denuncian-trato-inhumano\/","url_meta":{"origin":16348,"position":1},"title":"Con huelga de hambre, reos de Chiconautla denuncian trato inhumano","author":"grieta","date":"8 febrero, 2016","format":false,"excerpt":"Veneranda Mendoza ECATEPEC, Edomex (apro).- Internos del penal de Chiconautla y sus familiares iniciaron este lunes una huelga de hambre para denunciar la corrupci\u00f3n en el sistema de justicia oral, el trato inhumano a los presos y el fracaso en el sistema de readaptaci\u00f3n social. Jos\u00e9 Humbertus P\u00e9rez Espinosa, presidente\u2026","rel":"","context":"En &quot;CINTILLO&quot;","block_context":{"text":"CINTILLO","link":"http:\/\/www.grieta.org.mx\/index.php\/category\/cintillo\/"},"img":{"alt_text":"","src":"https:\/\/i0.wp.com\/www.grieta.org.mx\/wp-content\/uploads\/2018\/03\/14524434_1106112876131411_958039263622046936_o.jpg?resize=350%2C200","width":350,"height":200,"srcset":"https:\/\/i0.wp.com\/www.grieta.org.mx\/wp-content\/uploads\/2018\/03\/14524434_1106112876131411_958039263622046936_o.jpg?resize=350%2C200 1x, https:\/\/i0.wp.com\/www.grieta.org.mx\/wp-content\/uploads\/2018\/03\/14524434_1106112876131411_958039263622046936_o.jpg?resize=525%2C300 1.5x, https:\/\/i0.wp.com\/www.grieta.org.mx\/wp-content\/uploads\/2018\/03\/14524434_1106112876131411_958039263622046936_o.jpg?resize=700%2C400 2x"},"classes":[]},{"id":47828,"url":"http:\/\/www.grieta.org.mx\/index.php\/2020\/04\/14\/familiares-de-internos-del-penal-de-cuautitlan-estado-de-mexico-enfrentan-a-policias\/","url_meta":{"origin":16348,"position":2},"title":"Familiares de internos del penal de Cuautitl\u00e1n Estado de M\u00e9xico enfrentan a polic\u00edas","author":"grieta","date":"14 abril, 2020","format":false,"excerpt":"Familiares de internos del penal Cautitl\u00e1n exigen conocer el estado de salud de los reos (Foto: Cuartoscuro) Infobae Esto despu\u00e9s de que fueran confirmados cinco casos positivos de coronavirus al interior del centro Preventivo y de Readaptaci\u00f3n Social Familiares de internos, inconformes por casos de COVID-19, enfrentaron a polic\u00edas tras\u2026","rel":"","context":"En &quot;Abuso policiaco y tortura en el Estado de M\u00e9xico&quot;","block_context":{"text":"Abuso policiaco y tortura en el Estado de M\u00e9xico","link":"http:\/\/www.grieta.org.mx\/index.php\/category\/noticias-nacionales\/estado-de-mexico\/abuso-policiaco-y-tortura-en-el-estado-de-mexico\/"},"img":{"alt_text":"","src":"https:\/\/i0.wp.com\/www.grieta.org.mx\/wp-content\/uploads\/2020\/04\/cuauti.jpg?resize=350%2C200","width":350,"height":200},"classes":[]},{"id":29775,"url":"http:\/\/www.grieta.org.mx\/index.php\/2019\/02\/25\/se-enfrentan-familiares-de-reos-con-policias-antimotines-afuera-del-penal-en-acapulco\/","url_meta":{"origin":16348,"position":3},"title":"Se enfrentan familiares de reos con polic\u00edas antimotines afuera del penal en Acapulco","author":"grieta","date":"25 febrero, 2019","format":false,"excerpt":"Los hechos se registraron poco despu\u00e9s del mediod\u00eda de este lunes, a pesar de que los inconformes arribaron tres horas antes para protestar contra los malos tratos que reciben sus familiares que est\u00e1n internos en ese penal, as\u00ed como tambi\u00e9n para exigir el traslado de un reo identificado como \u201cIrving\u201d\u2026","rel":"","context":"En &quot;CINTILLO&quot;","block_context":{"text":"CINTILLO","link":"http:\/\/www.grieta.org.mx\/index.php\/category\/cintillo\/"},"img":{"alt_text":"","src":"https:\/\/i0.wp.com\/www.grieta.org.mx\/wp-content\/uploads\/2019\/02\/direct-9.jpg?resize=350%2C200","width":350,"height":200,"srcset":"https:\/\/i0.wp.com\/www.grieta.org.mx\/wp-content\/uploads\/2019\/02\/direct-9.jpg?resize=350%2C200 1x, https:\/\/i0.wp.com\/www.grieta.org.mx\/wp-content\/uploads\/2019\/02\/direct-9.jpg?resize=525%2C300 1.5x, https:\/\/i0.wp.com\/www.grieta.org.mx\/wp-content\/uploads\/2019\/02\/direct-9.jpg?resize=700%2C400 2x"},"classes":[]},{"id":7107,"url":"http:\/\/www.grieta.org.mx\/index.php\/2015\/09\/11\/carceles-de-tabasco-entre-las-peores-del-pais\/","url_meta":{"origin":16348,"position":4},"title":"C\u00e1rceles de Tabasco, entre las peores del pa\u00eds","author":"grieta","date":"11 septiembre, 2015","format":false,"excerpt":"Por Francisco Cubas Mala higiene, prostituci\u00f3n, cobro de cuotas por los custodios e internos, mala atenci\u00f3n m\u00e9dica, sobrepoblaci\u00f3n, son algunos de los problemas que arrastran las c\u00e1rceles, seg\u00fan el diagn\u00f3stico de la CNDH El Diagn\u00f3stico Nacional de Supervisi\u00f3n Penitenciaria (DNSP), de la Comisi\u00f3n Nacional de Derechos Humanos (CNDH), califica a\u2026","rel":"","context":"En &quot;CINTILLO&quot;","block_context":{"text":"CINTILLO","link":"http:\/\/www.grieta.org.mx\/index.php\/category\/cintillo\/"},"img":{"alt_text":"","src":"https:\/\/i0.wp.com\/www.grieta.org.mx\/wp-content\/uploads\/2018\/03\/14524434_1106112876131411_958039263622046936_o.jpg?resize=350%2C200","width":350,"height":200,"srcset":"https:\/\/i0.wp.com\/www.grieta.org.mx\/wp-content\/uploads\/2018\/03\/14524434_1106112876131411_958039263622046936_o.jpg?resize=350%2C200 1x, https:\/\/i0.wp.com\/www.grieta.org.mx\/wp-content\/uploads\/2018\/03\/14524434_1106112876131411_958039263622046936_o.jpg?resize=525%2C300 1.5x, https:\/\/i0.wp.com\/www.grieta.org.mx\/wp-content\/uploads\/2018\/03\/14524434_1106112876131411_958039263622046936_o.jpg?resize=700%2C400 2x"},"classes":[]},{"id":5145,"url":"http:\/\/www.grieta.org.mx\/index.php\/2016\/07\/01\/protesta-de-familiares-de-reos-en-penal-de-topo-chico-nuevo-leon\/","url_meta":{"origin":16348,"position":5},"title":"Protesta de familiares de reos en penal de Topo Chico  Nuevo Le\u00f3n y an\u00e1lisis de la situaci\u00f3n","author":"grieta","date":"1 julio, 2016","format":false,"excerpt":"16\/06\/16. \u00bfQui\u00e9n est\u00e1 detr\u00e1s de la violencia en el penal de Topo Chico? Subversiones 13\/02\/16. Familiares hacen fila por informaci\u00f3n en el Penal del Topo Chico. Listas de fallecidos y trasladados Centro de Medios Libres 13\/02\/16. Tercer d\u00eda desde el Penal del Topo Chico: La inquietud despu\u00e9s de la Masacre.\u2026","rel":"","context":"En &quot;NOTICIAS NACIONALES&quot;","block_context":{"text":"NOTICIAS NACIONALES","link":"http:\/\/www.grieta.org.mx\/index.php\/category\/noticias-nacionales\/"},"img":{"alt_text":"","src":"https:\/\/i0.wp.com\/www.grieta.org.mx\/wp-content\/uploads\/2018\/03\/14524434_1106112876131411_958039263622046936_o.jpg?resize=350%2C200","width":350,"height":200,"srcset":"https:\/\/i0.wp.com\/www.grieta.org.mx\/wp-content\/uploads\/2018\/03\/14524434_1106112876131411_958039263622046936_o.jpg?resize=350%2C200 1x, https:\/\/i0.wp.com\/www.grieta.org.mx\/wp-content\/uploads\/2018\/03\/14524434_1106112876131411_958039263622046936_o.jpg?resize=525%2C300 1.5x, https:\/\/i0.wp.com\/www.grieta.org.mx\/wp-content\/uploads\/2018\/03\/14524434_1106112876131411_958039263622046936_o.jpg?resize=700%2C400 2x"},"classes":[]}],"_links":{"self":[{"href":"http:\/\/www.grieta.org.mx\/index.php\/wp-json\/wp\/v2\/posts\/16348","targetHints":{"allow":["GET"]}}],"collection":[{"href":"http:\/\/www.grieta.org.mx\/index.php\/wp-json\/wp\/v2\/posts"}],"about":[{"href":"http:\/\/www.grieta.org.mx\/index.php\/wp-json\/wp\/v2\/types\/post"}],"author":[{"embeddable":true,"href":"http:\/\/www.grieta.org.mx\/index.php\/wp-json\/wp\/v2\/users\/2"}],"replies":[{"embeddable":true,"href":"http:\/\/www.grieta.org.mx\/index.php\/wp-json\/wp\/v2\/comments?post=16348"}],"version-history":[{"count":1,"href":"http:\/\/www.grieta.org.mx\/index.php\/wp-json\/wp\/v2\/posts\/16348\/revisions"}],"predecessor-version":[{"id":16352,"href":"http:\/\/www.grieta.org.mx\/index.php\/wp-json\/wp\/v2\/posts\/16348\/revisions\/16352"}],"wp:featuredmedia":[{"embeddable":true,"href":"http:\/\/www.grieta.org.mx\/index.php\/wp-json\/wp\/v2\/media\/21928"}],"wp:attachment":[{"href":"http:\/\/www.grieta.org.mx\/index.php\/wp-json\/wp\/v2\/media?parent=16348"}],"wp:term":[{"taxonomy":"category","embeddable":true,"href":"http:\/\/www.grieta.org.mx\/index.php\/wp-json\/wp\/v2\/categories?post=16348"},{"taxonomy":"post_tag","embeddable":true,"href":"http:\/\/www.grieta.org.mx\/index.php\/wp-json\/wp\/v2\/tags?post=16348"}],"curies":[{"name":"wp","href":"https:\/\/api.w.org\/{rel}","templated":true}]}}