{"id":1634,"date":"2015-09-03T04:50:22","date_gmt":"2015-09-03T04:50:22","guid":{"rendered":"http:\/\/50.22.11.12\/~grietaor\/?p=1634"},"modified":"2016-03-09T05:01:11","modified_gmt":"2016-03-09T05:01:11","slug":"en-edomex-36-feminicidios-en-2015-procurador","status":"publish","type":"post","link":"http:\/\/www.grieta.org.mx\/index.php\/2015\/09\/03\/en-edomex-36-feminicidios-en-2015-procurador\/","title":{"rendered":"En Edomex 36 feminicidios en 2015: Procurador"},"content":{"rendered":"<p>Eduardo Alonso<br \/>\nTOLUCA, Edomex<\/p>\n<p>Del primero de enero al 28 de agosto del presente a\u00f1o se han registrado en todo el territorio mexiquense 36 feminicidios, es decir 4.5 casos al mes en promedio, inform\u00f3 la Procuradur\u00eda General de Justicia del Estado de M\u00e9xico (PGJEM).<\/p>\n<p>Tras sostener que s\u00ed se est\u00e1n realizando diversas acciones (administrativas) para poner en marcha el mecanismo de Alerta de G\u00e9nero en los municipios de Ecatepec, Nezahualc\u00f3yotl, Tlalnepantla, Toluca, Chimalhuac\u00e1n, Naucalpan de Ju\u00e1rez, Tultitl\u00e1n, Ixtapaluca, Valle de Chalco Solidaridad, Cuautitl\u00e1n Izcalli y Chalco, el procurador Alejandro G\u00f3mez S\u00e1nchez esgrimi\u00f3 que no hay un plazo espec\u00edfico para que las medidas (15) decretadas por la Secretar\u00eda de Gobernaci\u00f3n a trav\u00e9s del Sistema Nacional para Prevenir, Atender Sancionar y Erradicar la Violencia contra las Mujeres (SNPASEVM), se puedan concretar.<\/p>\n<p>\u201cNo hay un plazo espec\u00edfico. Ni la Ley General para la Atenci\u00f3n y Erradicaci\u00f3n de la Violencia entre las Mujeres, ni la Ley del Estado de M\u00e9xico y sus reglamentos, establecen un plazo; el caso de la Alerta de G\u00e9nero es el primer caso que se da, de tal suerte que todas las instancias estamos realmente experimentando, abriendo camino en como se debe llevar acabo las acciones propias de la Alerta de G\u00e9nero\u201d, puntualiz\u00f3.<\/p>\n<p>El titular de la Procuradur\u00eda mexiquense, G\u00f3mez S\u00e1nchez, detall\u00f3 el trabajo de dise\u00f1o administrativo que ya se realiza para poder implementar cada una de las acciones contempladas en la Alerta.<\/p>\n<p>\u201cHemos llevado acabo variadas reuniones de trabajo con todos los presidentes municipales (donde se decret\u00f3 la Alerta de G\u00e9nero), ya se firm\u00f3 un convenio con los municipios que comprenden la Alerta de G\u00e9nero\u201d, dijo.<\/p>\n<p>A\u00f1adi\u00f3 que hay reuniones con la Comisi\u00f3n Estatal de Seguridad (CES) del Gobierno del Estado de M\u00e9xico (GEM), para poder instalar las \u201cc\u00e9lulas \u2013polic\u00edacas\u2013 de reacci\u00f3n inmediata\u201d contempladas en uno de los 15 puntos de la Alerta de G\u00e9nero.<\/p>\n<p>Otra de las acciones que de acuerdo a G\u00f3mez S\u00e1nchez est\u00e1n en proceso para poder implementarse son los dise\u00f1os de 15 protocolos de actuaci\u00f3n.<\/p>\n<p>\u201cAyer en la noche, yo personalmente se\u00f1ale observaciones al documento, estos protocolos no solamente son de la Procuradur\u00eda, hay igualmente tomar las observaciones de la polic\u00eda y la parte del Consejo Estatal de la Mujer y Bienestar Social, con el objeto de incorporar todas las aristas que se puedan tener\u201d, dijo.<\/p>\n<p>Sobre dicho punto a\u00f1adi\u00f3 que a la brevedad se expedir\u00e1n los protocolos y se estar\u00e1 recabando la observaci\u00f3n que ofrezcan sobre dicho tema las organizaciones no gubernamentales.<\/p>\n<p>\u201cEstamos por instalar tambi\u00e9n nuestra unidad de an\u00e1lisis de las carpetas de investigaci\u00f3n o de averiguaciones previas que estuviesen todav\u00eda en reserva con objeto de que se nos den las observaciones a que haya lugar y en su caso se reabran las investigaciones de esos casos en concreto.<\/p>\n<p>Ya se instal\u00f3 la Unidad de Contexto, de hecho es una unidad con la que ya ven\u00edamos trabajando que es la que nos est\u00e1 apoyando para analizar las causas sociales que puedan dar lugar a este fen\u00f3meno de feminicidios y homicidios dolosos de mujer\u201d, coment\u00f3.<\/p>\n<p>Datos ofrecidos por el Observatorio Ciudadano Nacional del Feminicidio con base en reportes de la PGJEM, indicaron que los principales hechos que generaron la Alerta de G\u00e9nero en el territorio mexiquense, se verificaron de 2011 a 2013, cuando se registraron 840 asesinatos de mujeres en la entidad, de los cuales solo 145 fueron investigados como feminicidios.<\/p>\n<p>Es decir los integrantes de la Unidad de An\u00e1lisis de Carpetas de Investigaci\u00f3n que se est\u00e1 conformando, tendr\u00edan como universo de estudio alrededor de 695 averiguaciones previas que de estar vigentes u observadas, podr\u00edan ser reabiertas, entre otros aspectos, para poder determinar si el tipo de delito se catalog\u00f3 e investigo de forma correcta.<\/p>\n<p>G\u00f3mez S\u00e1nchez tambi\u00e9n precis\u00f3 que personalmente ha realizado visitas de supervisi\u00f3n a los Centros de Justicia para la mujer de Toluca, Cuautitl\u00e1n Izcalli y Tlalnepatla. Asimismo adelant\u00f3 que en los pr\u00f3ximos d\u00edas expedir\u00e1 los acuerdos a trav\u00e9s de los cuales se reforzar\u00e1n las \u00e1reas de la Subprocuradur\u00eda de delitos asociados o vinculados a la violencia de g\u00e9nero. Acci\u00f3n que tendr\u00e1 como objeto reasignar a agentes del Ministerio P\u00fablico de las Fiscal\u00edas regionales a dichas unidades; tambi\u00e9n se abrir\u00e1n mesas de trabajo especializadas en las Fiscal\u00edas regionales para el apoyo respectivo, mencion\u00f3.<\/p>\n<p>Aqu\u00ed te recordamos las 15 acciones contempladas en la Alerta de G\u00e9nero para el Estado de M\u00e9xico:<\/p>\n<p>Divulgaci\u00f3n de la Alerta de G\u00e9nero<\/p>\n<p>Definir una estrategia de prevenci\u00f3n, vigilancia y seguridad p\u00fablica.<\/p>\n<p>Acciones inmediatas y exhaustivas para tramitar diligentemente \u00f3rdenes de protecci\u00f3n, y para gestionar la b\u00fasqueda y localizaci\u00f3n de ni\u00f1as y mujeres desaparecidas.<\/p>\n<p>Elaboraci\u00f3n de Protocolos de Actuaci\u00f3n y Reacci\u00f3n Policial.<\/p>\n<p>Creaci\u00f3n de agrupaciones especializadas en g\u00e9nero y de reacci\u00f3n inmediata. Recuperaci\u00f3n de espacios p\u00fablicos.<\/p>\n<p>Creaci\u00f3n de un programa de cultura institucional para la igualdad y de unidades de g\u00e9nero.<\/p>\n<p>Integraci\u00f3n de un banco de datos de violencia contra la mujer para la correcta generaci\u00f3n de pol\u00edticas p\u00fablicas de prevenci\u00f3n y atenci\u00f3n a mujeres y ni\u00f1as.<\/p>\n<p>Generaci\u00f3n de redes ciudadanas e interinstitucionales de prevenci\u00f3n y atenci\u00f3n a la violencia contra las mujeres y ni\u00f1as.<\/p>\n<p>Capacitaci\u00f3n y profesionalizaci\u00f3n del servicio p\u00fablico en perspectiva de g\u00e9nero y de derechos humanos de las mujeres.<\/p>\n<p>Realizar campa\u00f1as de prevenci\u00f3n en escuelas, para la sociedad en general y de los espacios de atenci\u00f3n a las diversas problem\u00e1ticas.<\/p>\n<p>Creaci\u00f3n de un grupo especializado para el avance en la investigaci\u00f3n de los casos de violencia de g\u00e9nero.<\/p>\n<p>Medidas para garantizar el efectivo acceso a la justicia y la reparaci\u00f3n integral del da\u00f1o.<\/p>\n<p>Creaci\u00f3n de un grupo especializado en an\u00e1lisis de contextos de violencia.<\/p>\n<p>Armonizaci\u00f3n legislativa.<\/p>\n<p><a href=\"http:\/\/edomex.quadratin.com.mx\/En-Edomex-36-feminicidios-en-2015-Procurador\/\" target=\"_blank\">edomex.quadratin.com.mx\/En-Edomex-36-feminicidios-en-2015-Procurador\/<\/a><\/p>\n","protected":false},"excerpt":{"rendered":"<p>Eduardo Alonso TOLUCA, Edomex Del primero de enero al 28 de agosto del presente a\u00f1o se han registrado en todo el territorio mexiquense 36 feminicidios, es decir 4.5 casos al &hellip; <a href=\"http:\/\/www.grieta.org.mx\/index.php\/2015\/09\/03\/en-edomex-36-feminicidios-en-2015-procurador\/\" class=\"more-link\">Leer m\u00e1s<\/a><\/p>\n","protected":false},"author":2,"featured_media":21928,"comment_status":"closed","ping_status":"open","sticky":false,"template":"","format":"standard","meta":{"ngg_post_thumbnail":0,"_jetpack_newsletter_access":"","_jetpack_dont_email_post_to_subs":false,"_jetpack_newsletter_tier_id":0,"_jetpack_memberships_contains_paywalled_content":false,"_jetpack_memberships_contains_paid_content":false,"footnotes":""},"categories":[80],"tags":[92,81],"class_list":["post-1634","post","type-post","status-publish","format-standard","has-post-thumbnail","hentry","category-cintillo","tag-estado-de-mexico","tag-feminicidios","entry"],"jetpack_featured_media_url":"http:\/\/www.grieta.org.mx\/wp-content\/uploads\/2018\/03\/14524434_1106112876131411_958039263622046936_o.jpg","jetpack_sharing_enabled":true,"jetpack_shortlink":"https:\/\/wp.me\/p7ZJR4-qm","jetpack_likes_enabled":false,"jetpack-related-posts":[{"id":1585,"url":"http:\/\/www.grieta.org.mx\/index.php\/2016\/01\/13\/a-una-semana-de-iniciar-el-2016-se-reportan-3-feminicidios-en-municipios-del-edomex-donde-se-activo-la-avg\/","url_meta":{"origin":1634,"position":0},"title":"A una semana de iniciar el 2016 se reportan 3 feminicidios en municipios del Edomex donde se activ\u00f3 la AVG","author":"grieta","date":"13 enero, 2016","format":false,"excerpt":"En el Estado de M\u00e9xico (Edomex) debido al elevado n\u00famero de femicidios, mayor a los cometidos en Ciudad Ju\u00e1rez, se activ\u00f3 en julio pasado la Alerta de Violencia de G\u00e9nero (AVG) en 11 municipios, pese a esta medida en tan s\u00f3lo 7 d\u00edas del 2016 se han registrado 3 feminicidios\u2026","rel":"","context":"En &quot;CINTILLO&quot;","block_context":{"text":"CINTILLO","link":"http:\/\/www.grieta.org.mx\/index.php\/category\/cintillo\/"},"img":{"alt_text":"","src":"https:\/\/i0.wp.com\/www.grieta.org.mx\/wp-content\/uploads\/2018\/03\/14524434_1106112876131411_958039263622046936_o.jpg?resize=350%2C200","width":350,"height":200,"srcset":"https:\/\/i0.wp.com\/www.grieta.org.mx\/wp-content\/uploads\/2018\/03\/14524434_1106112876131411_958039263622046936_o.jpg?resize=350%2C200 1x, https:\/\/i0.wp.com\/www.grieta.org.mx\/wp-content\/uploads\/2018\/03\/14524434_1106112876131411_958039263622046936_o.jpg?resize=525%2C300 1.5x, https:\/\/i0.wp.com\/www.grieta.org.mx\/wp-content\/uploads\/2018\/03\/14524434_1106112876131411_958039263622046936_o.jpg?resize=700%2C400 2x"},"classes":[]},{"id":37340,"url":"http:\/\/www.grieta.org.mx\/index.php\/2019\/07\/31\/reportan-un-feminicidio-por-dia-en-el-estado-de-mexico\/","url_meta":{"origin":1634,"position":1},"title":"Reportan un feminicidio por d\u00eda en el Estado de M\u00e9xico","author":"grieta","date":"31 julio, 2019","format":false,"excerpt":"Alma R\u00edos\/El Universal. Con 222 casos en el Estado de M\u00e9xico, en promedio, se registra la muerte violenta de una mujer al d\u00eda. De enero a junio se han iniciado 42 carpetas de investigaci\u00f3n por feminicidio y 180 homicidios dolosos, de acuerdo con el Secretariado Ejecutivo del Sistema Nacional de\u2026","rel":"","context":"En &quot;CINTILLO&quot;","block_context":{"text":"CINTILLO","link":"http:\/\/www.grieta.org.mx\/index.php\/category\/cintillo\/"},"img":{"alt_text":"","src":"https:\/\/i0.wp.com\/www.grieta.org.mx\/wp-content\/uploads\/2019\/08\/feminicidios_edomex.jpg?resize=350%2C200","width":350,"height":200,"srcset":"https:\/\/i0.wp.com\/www.grieta.org.mx\/wp-content\/uploads\/2019\/08\/feminicidios_edomex.jpg?resize=350%2C200 1x, https:\/\/i0.wp.com\/www.grieta.org.mx\/wp-content\/uploads\/2019\/08\/feminicidios_edomex.jpg?resize=525%2C300 1.5x"},"classes":[]},{"id":32597,"url":"http:\/\/www.grieta.org.mx\/index.php\/2019\/04\/23\/chimalhuacan-y-ecatepec-encabezan-la-lista-en-numero-de-feminicidios-en-edomex\/","url_meta":{"origin":1634,"position":2},"title":"Chimalhuac\u00e1n y Ecatepec encabezan la lista en n\u00famero de feminicidios en Edomex","author":"grieta","date":"23 abril, 2019","format":false,"excerpt":"Mariana Cervantes\/Grupo F\u00f3rmula Las cifras aumentaron entre 2017 y 2018 Desde hace cuatro a\u00f1os el municipio de Chimalhuac\u00e1n lidera la lista de los municipios del Estado de M\u00e9xico con el n\u00famero m\u00e1s alto de feminicidios, con 2.4 casos por cada cien mil habitantes, seg\u00fan cifras oficiales. A partir del asesinato\u2026","rel":"","context":"En &quot;CINTILLO&quot;","block_context":{"text":"CINTILLO","link":"http:\/\/www.grieta.org.mx\/index.php\/category\/cintillo\/"},"img":{"alt_text":"","src":"https:\/\/i0.wp.com\/www.grieta.org.mx\/wp-content\/uploads\/2018\/03\/14524434_1106112876131411_958039263622046936_o.jpg?resize=350%2C200","width":350,"height":200,"srcset":"https:\/\/i0.wp.com\/www.grieta.org.mx\/wp-content\/uploads\/2018\/03\/14524434_1106112876131411_958039263622046936_o.jpg?resize=350%2C200 1x, https:\/\/i0.wp.com\/www.grieta.org.mx\/wp-content\/uploads\/2018\/03\/14524434_1106112876131411_958039263622046936_o.jpg?resize=525%2C300 1.5x, https:\/\/i0.wp.com\/www.grieta.org.mx\/wp-content\/uploads\/2018\/03\/14524434_1106112876131411_958039263622046936_o.jpg?resize=700%2C400 2x"},"classes":[]},{"id":40762,"url":"http:\/\/www.grieta.org.mx\/index.php\/2019\/10\/25\/toluca-se-convierte-en-la-capital-del-feminicidio-en-edomex\/","url_meta":{"origin":1634,"position":3},"title":"Toluca se convierte en la capital del feminicidio en Edomex","author":"grieta","date":"25 octubre, 2019","format":false,"excerpt":"Crhistian de Jes\u00fas \/ A Fondo Estado de M\u00e9xico Toluca es oficialmente, el municipio con mayor n\u00famero de feminicidios en el estado de M\u00e9xico junto con Ixtapaluca, al contabilizar seis casos cada uno durante los primeros nueve meses del a\u00f1o, advierten cifras oficiales, ambos cuenta con una doble alerta de\u2026","rel":"","context":"En &quot;CINTILLO&quot;","block_context":{"text":"CINTILLO","link":"http:\/\/www.grieta.org.mx\/index.php\/category\/cintillo\/"},"img":{"alt_text":"","src":"https:\/\/i0.wp.com\/www.grieta.org.mx\/wp-content\/uploads\/2019\/11\/Toluca-se-convierte-en-la-capital-del-feminicidio-en-Edomex-nov.jpeg?resize=350%2C200","width":350,"height":200,"srcset":"https:\/\/i0.wp.com\/www.grieta.org.mx\/wp-content\/uploads\/2019\/11\/Toluca-se-convierte-en-la-capital-del-feminicidio-en-Edomex-nov.jpeg?resize=350%2C200 1x, https:\/\/i0.wp.com\/www.grieta.org.mx\/wp-content\/uploads\/2019\/11\/Toluca-se-convierte-en-la-capital-del-feminicidio-en-Edomex-nov.jpeg?resize=525%2C300 1.5x, https:\/\/i0.wp.com\/www.grieta.org.mx\/wp-content\/uploads\/2019\/11\/Toluca-se-convierte-en-la-capital-del-feminicidio-en-Edomex-nov.jpeg?resize=700%2C400 2x"},"classes":[]},{"id":1631,"url":"http:\/\/www.grieta.org.mx\/index.php\/2015\/09\/19\/registra-edomex-223-feminicidios-desde-2011-resuelven-solo-30\/","url_meta":{"origin":1634,"position":4},"title":"Registra Edomex 223 feminicidios desde 2011; resuelven s\u00f3lo 30%","author":"grieta","date":"19 septiembre, 2015","format":false,"excerpt":"VENERANDA MENDOZA NAUCALPAN, Edomex.- S\u00f3lo 30 por ciento de los casos de feminicidio que se registraron en el Estado de M\u00e9xico entre 2011 y 2015 ha recibido sentencia condenatoria, reconoci\u00f3 Dileya Samantha Espinoza de los Monteros, subprocuradora de Delitos Vinculados a la Violencia de G\u00e9nero de la Procuradur\u00eda General de\u2026","rel":"","context":"En &quot;CINTILLO&quot;","block_context":{"text":"CINTILLO","link":"http:\/\/www.grieta.org.mx\/index.php\/category\/cintillo\/"},"img":{"alt_text":"","src":"https:\/\/i0.wp.com\/www.grieta.org.mx\/wp-content\/uploads\/2018\/03\/14524434_1106112876131411_958039263622046936_o.jpg?resize=350%2C200","width":350,"height":200,"srcset":"https:\/\/i0.wp.com\/www.grieta.org.mx\/wp-content\/uploads\/2018\/03\/14524434_1106112876131411_958039263622046936_o.jpg?resize=350%2C200 1x, https:\/\/i0.wp.com\/www.grieta.org.mx\/wp-content\/uploads\/2018\/03\/14524434_1106112876131411_958039263622046936_o.jpg?resize=525%2C300 1.5x, https:\/\/i0.wp.com\/www.grieta.org.mx\/wp-content\/uploads\/2018\/03\/14524434_1106112876131411_958039263622046936_o.jpg?resize=700%2C400 2x"},"classes":[]},{"id":42606,"url":"http:\/\/www.grieta.org.mx\/index.php\/2019\/12\/26\/402-mujeres-asesinadas-en-once-meses-en-edomex\/","url_meta":{"origin":1634,"position":5},"title":"402 mujeres asesinadas en once meses en Edomex","author":"grieta","date":"26 diciembre, 2019","format":false,"excerpt":"\u00a0 Iv\u00e1n Ju\u00e1rez \/ Quadratin Edomex TOLUCA, Edomex.-26 diciembre 2019.-De enero a noviembre, 402 mujeres fueron asesinadas intencionalmente en el Estado de M\u00e9xico, es decir, un promedio de 1.2 casos diarios para convertirse en la entidad m\u00e1s peligrosa para las personas del sexo femenino. Sin embargo, \u00fanicamente 108 eventos son\u2026","rel":"","context":"En &quot;CINTILLO&quot;","block_context":{"text":"CINTILLO","link":"http:\/\/www.grieta.org.mx\/index.php\/category\/cintillo\/"},"img":{"alt_text":"","src":"https:\/\/i0.wp.com\/www.grieta.org.mx\/wp-content\/uploads\/2019\/12\/meses-ano-suman-mexico-feminicidios_0_0_958_596.jpg?resize=350%2C200","width":350,"height":200,"srcset":"https:\/\/i0.wp.com\/www.grieta.org.mx\/wp-content\/uploads\/2019\/12\/meses-ano-suman-mexico-feminicidios_0_0_958_596.jpg?resize=350%2C200 1x, https:\/\/i0.wp.com\/www.grieta.org.mx\/wp-content\/uploads\/2019\/12\/meses-ano-suman-mexico-feminicidios_0_0_958_596.jpg?resize=525%2C300 1.5x, https:\/\/i0.wp.com\/www.grieta.org.mx\/wp-content\/uploads\/2019\/12\/meses-ano-suman-mexico-feminicidios_0_0_958_596.jpg?resize=700%2C400 2x"},"classes":[]}],"_links":{"self":[{"href":"http:\/\/www.grieta.org.mx\/index.php\/wp-json\/wp\/v2\/posts\/1634","targetHints":{"allow":["GET"]}}],"collection":[{"href":"http:\/\/www.grieta.org.mx\/index.php\/wp-json\/wp\/v2\/posts"}],"about":[{"href":"http:\/\/www.grieta.org.mx\/index.php\/wp-json\/wp\/v2\/types\/post"}],"author":[{"embeddable":true,"href":"http:\/\/www.grieta.org.mx\/index.php\/wp-json\/wp\/v2\/users\/2"}],"replies":[{"embeddable":true,"href":"http:\/\/www.grieta.org.mx\/index.php\/wp-json\/wp\/v2\/comments?post=1634"}],"version-history":[{"count":1,"href":"http:\/\/www.grieta.org.mx\/index.php\/wp-json\/wp\/v2\/posts\/1634\/revisions"}],"predecessor-version":[{"id":1641,"href":"http:\/\/www.grieta.org.mx\/index.php\/wp-json\/wp\/v2\/posts\/1634\/revisions\/1641"}],"wp:featuredmedia":[{"embeddable":true,"href":"http:\/\/www.grieta.org.mx\/index.php\/wp-json\/wp\/v2\/media\/21928"}],"wp:attachment":[{"href":"http:\/\/www.grieta.org.mx\/index.php\/wp-json\/wp\/v2\/media?parent=1634"}],"wp:term":[{"taxonomy":"category","embeddable":true,"href":"http:\/\/www.grieta.org.mx\/index.php\/wp-json\/wp\/v2\/categories?post=1634"},{"taxonomy":"post_tag","embeddable":true,"href":"http:\/\/www.grieta.org.mx\/index.php\/wp-json\/wp\/v2\/tags?post=1634"}],"curies":[{"name":"wp","href":"https:\/\/api.w.org\/{rel}","templated":true}]}}