{"id":1633,"date":"2015-09-08T04:50:20","date_gmt":"2015-09-08T04:50:20","guid":{"rendered":"http:\/\/50.22.11.12\/~grietaor\/?p=1633"},"modified":"2016-03-09T04:57:47","modified_gmt":"2016-03-09T04:57:47","slug":"asesinan-a-10-mujeres-a-pesar-de-alerta-de-genero-en-edomex","status":"publish","type":"post","link":"http:\/\/www.grieta.org.mx\/index.php\/2015\/09\/08\/asesinan-a-10-mujeres-a-pesar-de-alerta-de-genero-en-edomex\/","title":{"rendered":"Asesinan a 10 mujeres a pesar de alerta de g\u00e9nero en Edomex"},"content":{"rendered":"<p>Crhistian de Jes\u00fas<\/p>\n<p>TOLUCA, M\u00e9x.-08 SEPTIEMBRE 2015.-Por lo menos 10 mujeres han sido asesinadas en el Estado de M\u00e9xico en menos de dos semanas, despu\u00e9s de que entr\u00f3 en vigor la alerta de g\u00e9nero en 11 municipios de la entidad.<\/p>\n<p>El lunes primero de septiembre, una mujer fue encontrada muerta al interior de su hogar cubierta de cemento a un costado de su dormitorio, presumiblemente su pareja sentimental la priv\u00f3 de la vida y despu\u00e9s cubri\u00f3 con el material s\u00f3lido para despu\u00e9s huir en compa\u00f1\u00eda de sus dos hijos en Chimalhuac\u00e1n.<\/p>\n<p>Alejandrina de 26 a\u00f1os de edad, se suma a los casos de Marley, una jovencita de 17 a\u00f1os que fue encontrada muerta el pasado 27 de agosto en calles de la colonia Central Michoacana en Ecatepec, con visibles huellas de violencia f\u00edsica y sexual, por vecinos que caminaban por la zona.<\/p>\n<p>Adem\u00e1s, al de Gladis, de 24 a\u00f1os, registrado hace 10 d\u00edas en el municipio sure\u00f1o de Tenancingo, quien fue enterrada entre las milpas, adem\u00e1s, de haber sido quemada, minutos despu\u00e9s de haber desaparecido tras salir por la ma\u00f1ana de su domicilio a comprar pan ya no regres\u00f3.<\/p>\n<p>El martes 25 de agosto, Ana Luisa fue encontrada en el fondo de un pozo de agua en Atlautla. Ese mismo d\u00eda en Ecatepec, fue hallada una maleta con restos humanos presumiblemente de una persona del sexo femenino, adem\u00e1s, en Naucalpan una m\u00e1s fue asesinada en un robo por desconocidos.<\/p>\n<p>En algunos de los casos, las mujeres se encontraban desaparecidas, hasta que fueron encontradas sin signos vitales y con violencia.<\/p>\n<p>La noche del 7 de septiembre, una mujer fue asesinada a balazos al salir de una tienda en Ecatepec.<\/p>\n<p>Ese mismo d\u00eda por la ma\u00f1ana, fue encontrado el cuerpo de otra f\u00e9mina en un lote de Melchor Ocampo con visibles signos de violencia.<\/p>\n<p>La noche del 5 de septiembre, dos mujeres fueron asesinadas en el interior de un domicilio en la colonia Ampliaci\u00f3n Tulpetlac en un aparente robo.<\/p>\n<p>La noche del 12 de agosto, el cuerpo de una joven fue encontrado a un costado de la carretera federal M\u00e9xico \u2013 Cuautla.<\/p>\n<p>En los \u00faltimos cuatro a\u00f1os, las autoridades \u00fanicamente han reconocido 213 casos de faminicidio en la entidad.<\/p>\n<p>El pasado viernes 28 de agosto se cumpli\u00f3 un mes que la Secretar\u00eda de Gobernaci\u00f3n federal autoriz\u00f3 emitir ese mecanismo para 11 municipios del Estado de M\u00e9xico, mismos que concentran el mayor n\u00famero de hechos de agresiones y muertes violentas contra ese sector en los \u00faltimos a\u00f1os.<\/p>\n<p>La entidad ocupa los primeros lugares a nivel pa\u00eds en materia de feminicidios de acuerdo con las cifras oficiales as\u00ed como organizaciones no gubernamentales, por ello, se solicit\u00f3 emitir la Alerta que le permitir\u00e1 acceder a recursos para prevenir, atender y erradicar el fen\u00f3meno.<\/p>\n<p>Sin embargo, la ola de muertes violentas contra este sector siguen vigentes, incluso en las demarcaciones arropadas en esta condici\u00f3n desde el pasado 28 de julio como el caso de Ecatepec \u2013dos-, adem\u00e1s, uno en Naucalpan, Chimalhuac\u00e1n, as\u00ed como en Tenancingo y Atlautla.<\/p>\n<p><a href=\"http:\/\/afondoedomex.com\/asesinan-a-10-mujeres-a-pesar-de-alerta-de-genero-en-edomex\/\" target=\"_blank\">afondoedomex.com\/asesinan-a-10-mujeres-a-pesar-de-alerta-de-genero-en-edomex\/<\/a><\/p>\n","protected":false},"excerpt":{"rendered":"<p>Crhistian de Jes\u00fas TOLUCA, M\u00e9x.-08 SEPTIEMBRE 2015.-Por lo menos 10 mujeres han sido asesinadas en el Estado de M\u00e9xico en menos de dos semanas, despu\u00e9s de que entr\u00f3 en vigor &hellip; <a href=\"http:\/\/www.grieta.org.mx\/index.php\/2015\/09\/08\/asesinan-a-10-mujeres-a-pesar-de-alerta-de-genero-en-edomex\/\" class=\"more-link\">Leer m\u00e1s<\/a><\/p>\n","protected":false},"author":2,"featured_media":21928,"comment_status":"closed","ping_status":"open","sticky":false,"template":"","format":"standard","meta":{"ngg_post_thumbnail":0,"_jetpack_newsletter_access":"","_jetpack_dont_email_post_to_subs":false,"_jetpack_newsletter_tier_id":0,"_jetpack_memberships_contains_paywalled_content":false,"_jetpack_memberships_contains_paid_content":false,"footnotes":""},"categories":[80],"tags":[92,81],"class_list":["post-1633","post","type-post","status-publish","format-standard","has-post-thumbnail","hentry","category-cintillo","tag-estado-de-mexico","tag-feminicidios","entry"],"jetpack_featured_media_url":"http:\/\/www.grieta.org.mx\/wp-content\/uploads\/2018\/03\/14524434_1106112876131411_958039263622046936_o.jpg","jetpack_sharing_enabled":true,"jetpack_shortlink":"https:\/\/wp.me\/p7ZJR4-ql","jetpack_likes_enabled":false,"jetpack-related-posts":[{"id":3521,"url":"http:\/\/www.grieta.org.mx\/index.php\/2015\/08\/11\/ahora-piden-alerta-de-genero-para-zacatecas\/","url_meta":{"origin":1633,"position":0},"title":"Ahora piden alerta de g\u00e9nero para Zacatecas","author":"grieta","date":"11 agosto, 2015","format":false,"excerpt":"Redacci\u00f3n SDPnoticias.com 11 ago 2015 La directora del Centro de Justicia para las Mujeres de la entidad asegur\u00f3 que la violencia de g\u00e9nero es algo de todos los d\u00edas en el estado. M\u00e9xico.- Debido al alto n\u00famero de mujeres asesinadas en la entidad, que se eleva al menos a 20\u2026","rel":"","context":"En &quot;CINTILLO&quot;","block_context":{"text":"CINTILLO","link":"http:\/\/www.grieta.org.mx\/index.php\/category\/cintillo\/"},"img":{"alt_text":"","src":"https:\/\/i0.wp.com\/www.grieta.org.mx\/wp-content\/uploads\/2018\/03\/14524434_1106112876131411_958039263622046936_o.jpg?resize=350%2C200","width":350,"height":200,"srcset":"https:\/\/i0.wp.com\/www.grieta.org.mx\/wp-content\/uploads\/2018\/03\/14524434_1106112876131411_958039263622046936_o.jpg?resize=350%2C200 1x, https:\/\/i0.wp.com\/www.grieta.org.mx\/wp-content\/uploads\/2018\/03\/14524434_1106112876131411_958039263622046936_o.jpg?resize=525%2C300 1.5x, https:\/\/i0.wp.com\/www.grieta.org.mx\/wp-content\/uploads\/2018\/03\/14524434_1106112876131411_958039263622046936_o.jpg?resize=700%2C400 2x"},"classes":[]},{"id":38793,"url":"http:\/\/www.grieta.org.mx\/index.php\/2019\/08\/31\/marchan-para-exigir-cese-de-violencia-contra-mujeres-en-tizayuca-hidalgo\/","url_meta":{"origin":1633,"position":1},"title":"Marchan para exigir cese de violencia contra mujeres en Tizayuca, Hidalgo","author":"Admin","date":"31 agosto, 2019","format":false,"excerpt":"Dinorath Mota \/ El Universal Habitantes pidieron justicia para las v\u00edctimas de feminicidio y solicitaron al gobierno seguridad para los ciudadanos; se\u00f1alaron la necesidad de declarar la alerta de g\u00e9nero Pachuca.- Vecinos de Tizayuca realizaron una manifestaci\u00f3n en calles de este municipio para exigir el cese de la violencia contra\u2026","rel":"","context":"En &quot;CINTILLO&quot;","block_context":{"text":"CINTILLO","link":"http:\/\/www.grieta.org.mx\/index.php\/category\/cintillo\/"},"img":{"alt_text":"","src":"https:\/\/i0.wp.com\/www.grieta.org.mx\/wp-content\/uploads\/2019\/09\/110._hidalgo.jpg?resize=350%2C200","width":350,"height":200,"srcset":"https:\/\/i0.wp.com\/www.grieta.org.mx\/wp-content\/uploads\/2019\/09\/110._hidalgo.jpg?resize=350%2C200 1x, https:\/\/i0.wp.com\/www.grieta.org.mx\/wp-content\/uploads\/2019\/09\/110._hidalgo.jpg?resize=525%2C300 1.5x"},"classes":[]},{"id":17805,"url":"http:\/\/www.grieta.org.mx\/index.php\/2016\/07\/25\/en-edomex-y-morelos-la-alerta-de-genero-nacio-muerta-hacen-pasar-feminicidios-como-suicidios-activista\/","url_meta":{"origin":1633,"position":2},"title":"En Edomex y Morelos: \u201cla alerta de g\u00e9nero naci\u00f3 muerta\u201d; \u201chacen pasar feminicidios como suicidios\u201d: activista","author":"grieta","date":"25 julio, 2016","format":false,"excerpt":"Redacci\u00f3n Revoluci\u00f3n 3.0 (25 de julio, 2016. Revoluci\u00f3n TRESPUNTOCERO).- Un d\u00eda cualquiera del mes de junio, Karen (*) una joven mujer, es encontrada muerta colgando de una viga en el cuarto que rentaba para vivir con su hija de once a\u00f1os. La humilde vivienda se ubica cerca de la Sierra\u2026","rel":"","context":"En &quot;CINTILLO&quot;","block_context":{"text":"CINTILLO","link":"http:\/\/www.grieta.org.mx\/index.php\/category\/cintillo\/"},"img":{"alt_text":"","src":"https:\/\/i0.wp.com\/www.grieta.org.mx\/wp-content\/uploads\/2018\/03\/14524434_1106112876131411_958039263622046936_o.jpg?resize=350%2C200","width":350,"height":200,"srcset":"https:\/\/i0.wp.com\/www.grieta.org.mx\/wp-content\/uploads\/2018\/03\/14524434_1106112876131411_958039263622046936_o.jpg?resize=350%2C200 1x, https:\/\/i0.wp.com\/www.grieta.org.mx\/wp-content\/uploads\/2018\/03\/14524434_1106112876131411_958039263622046936_o.jpg?resize=525%2C300 1.5x, https:\/\/i0.wp.com\/www.grieta.org.mx\/wp-content\/uploads\/2018\/03\/14524434_1106112876131411_958039263622046936_o.jpg?resize=700%2C400 2x"},"classes":[]},{"id":25305,"url":"http:\/\/www.grieta.org.mx\/index.php\/2018\/07\/23\/nancy-estudiante-de-la-uacm-desaparecio-el-viernes-en-el-edomex-hoy-la-hallaron-muerta\/","url_meta":{"origin":1633,"position":3},"title":"Nancy, estudiante de la UACM, desapareci\u00f3 el viernes en el Edomex. Hoy la hallaron muerta","author":"grieta","date":"23 julio, 2018","format":false,"excerpt":"SinEmbargo Viernes 20 de julio, Estado de M\u00e9xico. Nancy Lara, estudiante de la Universidad Aut\u00f3noma de la Ciudad de M\u00e9xico (UACM), es vista por \u00faltima vez en una base de taxis. Menos de tres d\u00edas despu\u00e9s, la madrugada de este lunes, la joven de 25 a\u00f1os fue hallada muerta. A\u00fan\u2026","rel":"","context":"En &quot;CINTILLO&quot;","block_context":{"text":"CINTILLO","link":"http:\/\/www.grieta.org.mx\/index.php\/category\/cintillo\/"},"img":{"alt_text":"","src":"https:\/\/i0.wp.com\/www.grieta.org.mx\/wp-content\/uploads\/2018\/08\/37671767_10156462141753744_8297234593707196416_n.jpg?resize=350%2C200","width":350,"height":200,"srcset":"https:\/\/i0.wp.com\/www.grieta.org.mx\/wp-content\/uploads\/2018\/08\/37671767_10156462141753744_8297234593707196416_n.jpg?resize=350%2C200 1x, https:\/\/i0.wp.com\/www.grieta.org.mx\/wp-content\/uploads\/2018\/08\/37671767_10156462141753744_8297234593707196416_n.jpg?resize=525%2C300 1.5x, https:\/\/i0.wp.com\/www.grieta.org.mx\/wp-content\/uploads\/2018\/08\/37671767_10156462141753744_8297234593707196416_n.jpg?resize=700%2C400 2x, https:\/\/i0.wp.com\/www.grieta.org.mx\/wp-content\/uploads\/2018\/08\/37671767_10156462141753744_8297234593707196416_n.jpg?resize=1050%2C600 3x"},"classes":[]},{"id":5724,"url":"http:\/\/www.grieta.org.mx\/index.php\/2015\/11\/02\/miles-marchan-en-cancun-contra-feminicidios-y-horas-despues-asesinan-a-otra-mujer\/","url_meta":{"origin":1633,"position":4},"title":"Miles marchan en Canc\u00fan contra feminicidios y horas despu\u00e9s asesinan a otra mujer","author":"grieta","date":"2 noviembre, 2015","format":false,"excerpt":"Ciudad de M\u00e9xico, 2 de noviembre (SinEmbargo).- Unas cuantas horas despu\u00e9s de que aproximadamente 5 mil personas marcharon contra los feminicidios en Canc\u00fan, Quintana Roo, una joven fue encontrada apu\u00f1alada hoy por la ma\u00f1ana, con lo que ya suman tres homicidios de mujeres en menos de un mes. Ayer, la\u2026","rel":"","context":"En &quot;CINTILLO&quot;","block_context":{"text":"CINTILLO","link":"http:\/\/www.grieta.org.mx\/index.php\/category\/cintillo\/"},"img":{"alt_text":"","src":"https:\/\/i0.wp.com\/www.grieta.org.mx\/wp-content\/uploads\/2018\/03\/14524434_1106112876131411_958039263622046936_o.jpg?resize=350%2C200","width":350,"height":200,"srcset":"https:\/\/i0.wp.com\/www.grieta.org.mx\/wp-content\/uploads\/2018\/03\/14524434_1106112876131411_958039263622046936_o.jpg?resize=350%2C200 1x, https:\/\/i0.wp.com\/www.grieta.org.mx\/wp-content\/uploads\/2018\/03\/14524434_1106112876131411_958039263622046936_o.jpg?resize=525%2C300 1.5x, https:\/\/i0.wp.com\/www.grieta.org.mx\/wp-content\/uploads\/2018\/03\/14524434_1106112876131411_958039263622046936_o.jpg?resize=700%2C400 2x"},"classes":[]},{"id":1588,"url":"http:\/\/www.grieta.org.mx\/index.php\/2015\/12\/05\/ineficaz-la-alerta-de-genero-en-edomex-se-acumulan-13-feminicidios-en-menos-de-un-mes\/","url_meta":{"origin":1633,"position":5},"title":"Ineficaz la Alerta de G\u00e9nero en Edom\u00e9x, se acumulan 13 feminicidios en menos de un mes","author":"grieta","date":"5 diciembre, 2015","format":false,"excerpt":"Filiberto Ramos Los actos violentos en contra de mujeres en el Estado de M\u00e9xico, han dejado al menos 13 asesinatos en menos de un mes en 12 municipios distintos, incluidos cuatro donde se decret\u00f3 la Alerta de G\u00e9nero. Del 9 de noviembre al 5 de diciembre los cad\u00e1veres femeninos, en\u2026","rel":"","context":"En &quot;CINTILLO&quot;","block_context":{"text":"CINTILLO","link":"http:\/\/www.grieta.org.mx\/index.php\/category\/cintillo\/"},"img":{"alt_text":"","src":"https:\/\/i0.wp.com\/www.grieta.org.mx\/wp-content\/uploads\/2018\/03\/14524434_1106112876131411_958039263622046936_o.jpg?resize=350%2C200","width":350,"height":200,"srcset":"https:\/\/i0.wp.com\/www.grieta.org.mx\/wp-content\/uploads\/2018\/03\/14524434_1106112876131411_958039263622046936_o.jpg?resize=350%2C200 1x, https:\/\/i0.wp.com\/www.grieta.org.mx\/wp-content\/uploads\/2018\/03\/14524434_1106112876131411_958039263622046936_o.jpg?resize=525%2C300 1.5x, https:\/\/i0.wp.com\/www.grieta.org.mx\/wp-content\/uploads\/2018\/03\/14524434_1106112876131411_958039263622046936_o.jpg?resize=700%2C400 2x"},"classes":[]}],"_links":{"self":[{"href":"http:\/\/www.grieta.org.mx\/index.php\/wp-json\/wp\/v2\/posts\/1633","targetHints":{"allow":["GET"]}}],"collection":[{"href":"http:\/\/www.grieta.org.mx\/index.php\/wp-json\/wp\/v2\/posts"}],"about":[{"href":"http:\/\/www.grieta.org.mx\/index.php\/wp-json\/wp\/v2\/types\/post"}],"author":[{"embeddable":true,"href":"http:\/\/www.grieta.org.mx\/index.php\/wp-json\/wp\/v2\/users\/2"}],"replies":[{"embeddable":true,"href":"http:\/\/www.grieta.org.mx\/index.php\/wp-json\/wp\/v2\/comments?post=1633"}],"version-history":[{"count":1,"href":"http:\/\/www.grieta.org.mx\/index.php\/wp-json\/wp\/v2\/posts\/1633\/revisions"}],"predecessor-version":[{"id":1640,"href":"http:\/\/www.grieta.org.mx\/index.php\/wp-json\/wp\/v2\/posts\/1633\/revisions\/1640"}],"wp:featuredmedia":[{"embeddable":true,"href":"http:\/\/www.grieta.org.mx\/index.php\/wp-json\/wp\/v2\/media\/21928"}],"wp:attachment":[{"href":"http:\/\/www.grieta.org.mx\/index.php\/wp-json\/wp\/v2\/media?parent=1633"}],"wp:term":[{"taxonomy":"category","embeddable":true,"href":"http:\/\/www.grieta.org.mx\/index.php\/wp-json\/wp\/v2\/categories?post=1633"},{"taxonomy":"post_tag","embeddable":true,"href":"http:\/\/www.grieta.org.mx\/index.php\/wp-json\/wp\/v2\/tags?post=1633"}],"curies":[{"name":"wp","href":"https:\/\/api.w.org\/{rel}","templated":true}]}}