{"id":1632,"date":"2015-09-21T04:50:16","date_gmt":"2015-09-21T04:50:16","guid":{"rendered":"http:\/\/50.22.11.12\/~grietaor\/?p=1632"},"modified":"2016-03-09T04:55:15","modified_gmt":"2016-03-09T04:55:15","slug":"ecatepec-como-es-vivir-en-el-peor-lugar-para-ser-mujer-de-todo-mexico","status":"publish","type":"post","link":"http:\/\/www.grieta.org.mx\/index.php\/2015\/09\/21\/ecatepec-como-es-vivir-en-el-peor-lugar-para-ser-mujer-de-todo-mexico\/","title":{"rendered":"Ecatepec: c\u00f3mo es vivir en el peor lugar para ser mujer de todo M\u00e9xico"},"content":{"rendered":"<p>Alberto N\u00e1jar y Juan Paullier<\/p>\n<p>El gobierno mexicano declar\u00f3 por primera vez la alerta de g\u00e9nero para el estado de M\u00e9xico a fines de julio.<\/p>\n<p>A Dulce Cristina Pay\u00e1n Urvano se la llevaron de la puerta de su casa el domingo 15 de enero de 2012.<\/p>\n<p>Su hermana Abigail vend\u00eda discos detr\u00e1s de la entrada del hogar y escuch\u00f3 c\u00f3mo Dulce se re\u00eda con su novio.<\/p>\n<p>A las 8.30 de la noche una furgoneta se detuvo y ambos desaparecieron. Al novio lo soltaron al rato, pero ella apareci\u00f3 muerta horas despu\u00e9s. Ten\u00eda 17 a\u00f1os.<\/p>\n<p>En la sala de la casa de los Pay\u00e1n, la recuerdan con un altar en un rinc\u00f3n, decenas de osos de peluche e im\u00e1genes suyas. \u201cDescanse en paz\u201d, dicen algunas, y est\u00e1n decoradas con dos lazos negros.<\/p>\n<p>Su padre, Pedro, no disimula la indignaci\u00f3n que le produce lo que le sucedi\u00f3 a su hija y lo que sigue ocurriendo en la zona donde vive.<\/p>\n<p>Lea tambi\u00e9n: El infierno de la trata de mujeres en M\u00e9xico<\/p>\n<p>La colonia Hank Gonz\u00e1lez es de las m\u00e1s vulnerables del municipio donde m\u00e1s feminicidios (asesinatos de mujeres por razones de g\u00e9nero) han ocurrido en M\u00e9xico en el \u00faltimo tiempo.<\/p>\n<p>En todo el pa\u00eds no hay peor lugar para ser mujer que Ecatepec.<\/p>\n<p>Si M\u00e9xico es un pa\u00eds que se ha ido acostumbrando a convivir con la idea de que la vida no vale, lo que ocurre con las mujeres en esta zona del estado de M\u00e9xico, apenas al norte del Distrito Federal, raya lo absurdo.<\/p>\n<p>Es un lugar donde se combina el horror de la muerte f\u00e1cil, el desprecio hacia la mujer, la inseguridad generalizada y la impunidad.<\/p>\n<p>Lo llegu\u00e9 a golpear, lo quer\u00eda asesinar, desaparecerlo, colgarlo en el parque, todo eso se me vino a la mente pero varia gente me dijo que no haga tonter\u00edas\u201d<\/p>\n<p>La noche que su hija muri\u00f3 asesinada Pedro quiso salir a buscarla en la patrulla y los polic\u00edas aceptaron para que vieran que estaban haciendo su trabajo.<\/p>\n<p>Despu\u00e9s de unas vueltas por el barrio le dijeron que se fuera para su casa, que seguramente era un secuestro y que lo iban a llamar para pedir un rescate.<\/p>\n<p>Horas despu\u00e9s un familiar divis\u00f3 el veh\u00edculo y alertaron a los polic\u00edas. Y aunque fueron hasta el lugar y encontraron a uno de los presuntos responsables en la furgoneta, las autoridades le dijeron a Pedro que se fuera a dormir y que se presentara en la comisar\u00eda a las 8:00 am del d\u00eda siguiente.<\/p>\n<p>Horas despu\u00e9s supo que el detenido hab\u00eda confesado d\u00f3nde estaba Dulce. Pero cuando lleg\u00f3 la polic\u00edala joven ya estaba muerta.<\/p>\n<p>\u201cNada m\u00e1s lo tuvieron encerrado, y como no ten\u00edan m\u00e1s personal no pod\u00edan hacer nada. No hab\u00eda secretarias, no hab\u00eda nadie de guardia. Por eso digo, para m\u00ed les falta mucha preparaci\u00f3n,\u201d, se lamenta Pedro.<\/p>\n<p>Pedro no dejaba de ir a menudo a la fiscal\u00eda para conocer los avances de la investigaci\u00f3n porque quer\u00eda ver al responsable de la muerte de su hija tras las rejas.<\/p>\n<p>Un d\u00eda de marzo, el novio de Dulce reconoci\u00f3 al asesino en la calle, le avis\u00f3 a Pedro y pensaron en hacer justicia por mano propia.<\/p>\n<p>\u201cUna rabia, una desesperaci\u00f3n de que todo lo que le\u00ed en el expediente: como hab\u00eda tratado a mi hija esta persona, como la hab\u00eda golpeado, la golpe\u00f3 con un autoest\u00e9reo en su rostro, me la apu\u00f1al\u00f3 varias veces, si fue algo\u2026\u201d, recuerda.<\/p>\n<p>\u201c\u00bfC\u00f3mo le puedo explicar? Cuando lo vi, quer\u00eda hacerle lo mismo, pero como que algo me dec\u00eda no. S\u00ed lo llegu\u00e9 a golpear, s\u00ed lleg\u00f3 un momento en que lo quer\u00eda asesinar, desaparecerlo, colgarlo en el parque, todo eso se me vino a la mente, pero varia gente me dijo que no haga tonter\u00edas, deja que venga la patrulla y hagan su trabajo\u201d.<\/p>\n<p>\u201cS\u00ed, fui yo, \u00bfy qu\u00e9?\u201d, les dijo el asesino.<\/p>\n<p>Hoy est\u00e1 preso y todav\u00eda no ha sido sentenciado. En la familia Pay\u00e1n el dolor y el miedo no se van, y hablan del hueco que dejo Dulce.<\/p>\n<p>\u201cVivo en una sociedad enferma, hay mucho odio, pero tengo la esperanza de que esto cambie, de que mi hija no viva en una sociedad as\u00ed\u201d, dice Abigail.<\/p>\n<p>\u201cUno se pregunta c\u00f3mo a la gente buena le pasa esto\u201d, dice su hermana Abigail, de 25 a\u00f1os.<\/p>\n<p>Por precauci\u00f3n cada vez sale menos de su casa, y a su hija, de 5 a\u00f1os, casi no la saca, asegura que no hay c\u00f3mo protegerse, que le gustar\u00eda mudarse y llevarse a su hija, pero que es complicado.<\/p>\n<p>\u201cLas autoridades no hacen nada, quieren tapar. No hay seguridad, no te sirve de nada\u201d, se queja.<\/p>\n<p>Las mujeres aqu\u00ed cambian sus rutinas, vuelven a casa m\u00e1s temprano, intentan no salir solas. Y se aprende a convivir con el temor y la desconfianza.<\/p>\n<p>\u201cEs eso de no saber qu\u00e9 es lo les pasa a los hombres por su cabeza para hacer tanto da\u00f1o\u2026 se les hace f\u00e1cil, no les tiembla el coraz\u00f3n, asesinar a una mujer, qu\u00e9 poco hombre. Es de no tener amor hacia la mujer\u201d, lamenta Abigail.<\/p>\n<p>\u201cVivo en una sociedad enferma, hay mucho odio. Pero tengo la esperanza de que esto cambie, de que mi hija no viva en una sociedad as\u00ed. Tenemos que inculcarles valores a nuestros hijos, educarlos, eso empieza desde chiquitos. Las personas que hacen esto, que no les importa asesinar a su mujer, \u00bfc\u00f3mo los educaron? \u201c, le dice a BBC Mundo.<\/p>\n<p>\u201cPinches putas, p\u00f3nganse a trabajar\u201d<\/p>\n<p>A unas cuadras de distancia, con 18 a\u00f1os, Tere busca educar y crear consciencia sobre la situaci\u00f3n en Ecatepec.<br \/>\nPara llegar a su casa se pasa junto a un cami\u00f3n de basura donde dejaron abandonado el cuerpo de una mujer, y en la puerta del hogar, su madre Alicia, se\u00f1ala hacia la esquina: \u201cAqu\u00ed nom\u00e1s se las llevan, de ah\u00ed\u201d.<\/p>\n<p>Recordatorios de la cotidianidad de lo atroz.<\/p>\n<p>Tere es Teresa Mart\u00ednez Velasco, una chica de Ecatepec que en julio termin\u00f3 la preparatoria y piensa estudiar psicolog\u00eda social y criminolog\u00eda.<\/p>\n<p>Hay que acabar con esto, muchas veces he pensado en mudarme. Esos hombres no tienen nada en la cabeza, hay misoginia y quieren que sigamos calladas\u201d<\/p>\n<p>\u201cPinches putas, p\u00f3nganse a trabajar\u201d, eso tuvo que escuchar de la boca de unos hombres tiempo atr\u00e1s cuando junto a un grupo de mujeres realizaban una representaci\u00f3n en el municipio.<\/p>\n<p>Rescataron sus vestidos de fiesta de 15, se maquillaron como si hubieran sido golpeadas y salieron a las calles para alertar sobre la violencia contra la mujer.<\/p>\n<p>Les tiraron agua caliente. Las insultaron. Las denigraron.<\/p>\n<p>\u201cEs muy precario ser mujer en esta zona, somos el blanco m\u00e1s f\u00e1cil para la violencia, somos una presa f\u00e1cil\u201d, le dice a BBC Mundo.<\/p>\n<p>Un grupo de activistas ha realizado manifestaciones en Ecatepec para condenar la violencia contra la mujer.<br \/>\nTere teme que la ataquen fuera de la puerta de su casa, intenta no salir mucho de noche e ir acompa\u00f1ada, y cuando lo hace siempre est\u00e1 enviando mensajes a su madre para reportarse.<\/p>\n<p>\u201cHay que acabar con esto, muchas veces he pensado en mudarme. Esos hombres no tienen nada en la cabeza, hay misoginia y quieren que sigamos calladas\u201d.<\/p>\n<p>\u201cDesde chicos tienen esa idea de que la mujer no es nada, incluso que desde ni\u00f1os les dicen no llores porque es de ni\u00f1a, acaso ser ni\u00f1a es malo? Desde ah\u00ed empieza el odio\u201d.<\/p>\n<p>Las preocupaciones de los adolescentes<\/p>\n<p>Tere se empez\u00f3 a involucrar en el activismo cuando conoci\u00f3 a Manuel Amador, un soci\u00f3logo profesor de la Escuela Preparatoria Oficial General Francisco Villa 128.<\/p>\n<p>Adem\u00e1s de dirigir el Taller Mujeres, Arte y Pol\u00edtica, donde conoci\u00f3 a Tere, Amador dicta la materia M\u00e9todos y Pensamiento Cr\u00edtico.<\/p>\n<p>El d\u00eda que BBC Mundo visit\u00f3 Ecatepec, Amador reci\u00e9n terminaba de dictar clases y de recoger la tarea que le hab\u00eda encomendado a sus alumnos de entre 14 y 15 a\u00f1os.<\/p>\n<p>Manuel Amador es un soci\u00f3logo profesor de la Escuela Preparatoria Oficial General Francisco Villa 128 y tambi\u00e9n dicta el Taller Mujeres, Arte y Pol\u00edtica.<\/p>\n<p>La consigna: \u201cEscribe al menos tres problemas que en lo personal y\/o social a ti te preocupan de los cuales es importante discernir sobre ellos\u201d.<\/p>\n<p>De un total de 50, solo un pu\u00f1ado no menciona la violencia o la inseguridad:<\/p>\n<p>\u201cLa delincuencia, maltrato f\u00edsico o verbal hacia la mujer\u201d.<br \/>\n\u201cLa violencia: porque ahora en estos tiempos ya no puedes confiar en salir a la calle porque asaltan o golpean\u201d.<br \/>\n\u201cLa delincuencia es preocupante porque no puedo estar segura sabiendo que no puedo salir a la calle tranquila\u201d.<br \/>\n\u201cA m\u00ed me preocupa la inseguridad ya que por esa raz\u00f3n mi mam\u00e1 casi no me deja salir a fiestas y tampoco me deja andar sola en la calle\u201d.<\/p>\n<p>Amador busca que sus alumnos piensen de manera diferente, generar una esperanza de que se puede cambiar ese destino que parece trazado para muchas mujeres aqu\u00ed, pero es consciente de que es necesario que su esfuerzo se multiplique.<br \/>\n\u201cQuiero que las chicas aprendar a denunciar, a saber que como mujeres importan, porque la sociedad construye esa idea: \u2018T\u00fa no importas, t\u00fa debes quedarte callada\u2019. Eso influye mucho en que esto siga sucediendo\u201d, le explica a BBC Mundo.<\/p>\n<p>Y el maestro repasa algunos casos: las chicas que sacaron de un bar, las violaron, las mataron, y las tiraron en la acera de enfrente; la mujer que iba con su beb\u00e9 y vio c\u00f3mo asesinaban a otra y entonces tambi\u00e9n la mataron; la chica que a las siete y media de la ma\u00f1ana sali\u00f3 a comprar leche y ya no volvi\u00f3.<\/p>\n<p>Y podr\u00eda seguir.<\/p>\n<p>Amador busca que sus alumnos piensen de manera diferente, generar una esperanza de que se puede cambiar ese destino que parece trazado para muchas mujeres de Ecatepec.<\/p>\n<p>Las historias son conocidas, pero no siempre hay denuncias. La gente, dice, ya tiene miedo hasta de denunciar, temor de enfrentar a las autoridades.<\/p>\n<p>Les piden plata para mostrar un expediente, para hacer unas copias, dinero hasta para mantener el caso abierto, que investiguen el homicidio puede costar 2.000 pesos (US$120): la justicia tiene su precio.<\/p>\n<p>Para Amador hay una clara intenci\u00f3n de parte de las autoridades de \u201csilenciar o de obstaculizar. No se visibilizan los casos porque tambi\u00e9n las autoridades dicen: \u2018No denuncies porque si t\u00fa denuncias puedes entorpecer todo esto&#8217;\u201d.<\/p>\n<p>Desconfianza<\/p>\n<p>Algo similar ha experimentado Guadalupe Reyes Mart\u00ednez, de 43 a\u00f1os, en los \u00faltimos meses.<\/p>\n<p>Su hija Mariana estaba finalizando los tr\u00e1mites para solicitar una beca para estudiar ingenier\u00eda y en la noche del 14 de septiembre pasado sali\u00f3 a hacer unas copias.<\/p>\n<p>Fue sola porque su padre se hab\u00eda roto el pie y no la pod\u00eda acompa\u00f1ar. Mariana nunca regres\u00f3.<\/p>\n<p>Desde entonces sus padres viven una pesadilla.<\/p>\n<p>Un mes despu\u00e9s les dijeron que hab\u00edan encontrado restos en el R\u00edo de los Remedios, una corriente que se ha convertido en fosa com\u00fan de las v\u00edctimas de feminicidio.<\/p>\n<p>El a\u00f1o pasado se report\u00f3 el hallazgo de hasta 40 cuerpos desmembrados.<\/p>\n<p>Mariana Y\u00e1\u00f1ez Reyes, hija de Guadalupe, desapareci\u00f3 el 14 de septiembre del a\u00f1o pasado.<\/p>\n<p>Cuatro meses despu\u00e9s de la desaparici\u00f3n de Mariana les entregaron los resultados de un estudio de ADN donde dec\u00edan que algunos de los restos hallados eran 99,9% compatibles con ella.<\/p>\n<p>Las autoridades daban por cerrado el caso. Reyes desconfiaba.<\/p>\n<p>Les dec\u00edan que los restos estaban demasiado descompuestos, que su estado an\u00edmico no era el mejor para ver las fotograf\u00edas de su hija, que no pod\u00edan ver el expediente por la delicadez del caso.<\/p>\n<p>Pero \u00e9l y su esposa dudaban y decidieron pedir una segunda opini\u00f3n, consultaron con un investigador privado que termin\u00f3 fug\u00e1ndose, contrataron a peritos forenses independientes y dos meses atr\u00e1s se realiz\u00f3 una exhumaci\u00f3n.<\/p>\n<p>Todav\u00eda esperan por los resultados.<\/p>\n<p>A casi un a\u00f1o de la desaparici\u00f3n de Mariana y pese a que las autoridades aseguran que falleci\u00f3, su madre cree que est\u00e1 viva.<\/p>\n<p>\u201cTal vez hasta las mismas autoridades est\u00e9n coludidas con esta situaci\u00f3n, porque hemos visto, y no s\u00f3lo en mi caso, que para sacar unas copias (del expediente) te piden dinero, en el caso m\u00edo no nos permiten verlo\u201d, cuenta Guadalupe.<\/p>\n<p>\u201cSi quieres hacer una b\u00fasqueda, alg\u00fan movimiento, te piden dinero. Todo movimiento es mediante una cantidad. Si tienes el dinero, vas a poder mover el expediente, si no, no\u201d, agrega.<\/p>\n<p>A casi un a\u00f1o de la desaparici\u00f3n de Mariana y pese a que las autoridades aseguran que falleci\u00f3, su madre cree que est\u00e1 viva.<\/p>\n<p>\u201cTenemos la idea de que sigue viva, sabemos de que sigue vive, as\u00ed lo queremos ver nosotros. Hasta el momento que no nos entreguen la certeza de que es Mariana, nosotros la seguimos buscando viva. Sigue vive porque as\u00ed como me lo hicieron ver de que esto era mi hija, perd\u00f3n, estos son papeles. Nosotros seguimos buscando a Mariana. Mariana vive\u201d.<\/p>\n<p>Hasta 40 cuerpos han sido encontrados en el R\u00edo de los Remedios.<\/p>\n<p>Reyes asegura que los ataques contra las mujeres son frecuentes porque hay un m\u00ednimo esfuerzo de las autoridades en buscarlas y en resolver los casos.<\/p>\n<p>Lo primero que le dicen a los padres, explica, es que no se haga ruido con la desaparici\u00f3n de una persona porque la \u201cponen en riesgo\u201d, y desalientan que hagan b\u00fasquedas por su cuenta, coloquen carteles en las calles o hasta hagan campa\u00f1as en redes sociales.<\/p>\n<p>\u201cM\u00e9xico est\u00e1 en riesgo. Las autoridades nos est\u00e1n dando omisiones, negligencia en su trabajo, no hay b\u00fasqueda, no saben c\u00f3mo buscar las personas, no saben c\u00f3mo encontrarlas\u2026 no hacen su trabajo\u201d.<\/p>\n<p>Batalla por las cifras<\/p>\n<p>Tampoco parece haber inter\u00e9s de las autoridades en que se conozcan las cifras que dimensionan la magnitud del horror que vive Ecatepec.<\/p>\n<p>Mar\u00eda de la Luz Estrada preside el Observatorio Ciudadano Nacional del Feminicidio, una entidad no gubernamental que agrupa a 49 organizaciones de derechos humanos y de mujeres.<\/p>\n<p>En conversaci\u00f3n con BBC Mundo explica que desde fines de 2010 le han pedido a la Procuradur\u00eda General de Justicia del Estado de M\u00e9xico (PGJEM) que revele los datos sobre feminicidios.<\/p>\n<p>El Observatorio Ciudadano Nacional del Feminicidio asegura que en los \u00faltimos a\u00f1os se cometieron 1.003 feminicidios en el estado de M\u00e9xico.<\/p>\n<p>Necesitaron casi cuatro a\u00f1os y ganar amparos judiciales.<\/p>\n<p>Son cifras pero alcanzan para helar la sangre: 1.554 mujeres desaparecidas en el estado, 400 en Ecatepec, la mayor\u00eda de entre 15 y 17 a\u00f1os.<\/p>\n<p>El Observatorio dice que se han cometido 1.003 feminicidios en todo el estado, que comprende 125 municipios, entre 2012 y 2015, y 183 de ellos ocurrieron en Ecatepec.<\/p>\n<p>Sin embargo, la PGJEM asegura que s\u00f3lo tiene el registro de 160 feminicidios, de los cuales el 60% se han resuelto.<\/p>\n<p>Cuando la magnitud de feminicidios en Ciudad Ju\u00e1rez fue tal que el esc\u00e1ndalo lleg\u00f3 al resto del mundo, se calcula que ocurrieron casi medio millar de asesinatos de este tipo entre 1993 y 2010.<\/p>\n<p>Pero la situaci\u00f3n en el Estado de M\u00e9xico, con incluso peores cifras, no ha tenido el mismo impacto.<\/p>\n<p>\u201cEl Estado de M\u00e9xico es un corredor de trata de mujeres y Ecatepec es un foco rojo\u201d, se\u00f1ala Estrada.<\/p>\n<p>\u201cEs uno de varios municipios en los que, aparte de operar la delincuencia com\u00fan y organizada, creemos que est\u00e1n implicados agentes del Estado en este problema, polic\u00edas municipales y estatales, eso es s\u00faper complejo\u201d, le dice a BBC Mundo.<\/p>\n<p>Lugar de entierro de una v\u00edctima de feminicidio en Ecatepec con un balde que el PRI reparti\u00f3 en la campa\u00f1a electoral.<\/p>\n<p>Con 1,7 millones, es el municipio con m\u00e1s poblaci\u00f3n del pa\u00eds, pero Estrada hace hincapi\u00e9 en la debilidad del argumento de quienes dicen que la violencia es mayor en Ecatepec por la sencilla raz\u00f3n de que hay m\u00e1s gente.<\/p>\n<p>La pobreza estructural, el r\u00e9gimen de impunidad y la discriminaci\u00f3n contra la mujer explican, seg\u00fan Estrada, la situaci\u00f3n: \u201cNo valemos nada, en un contexto tan negativo, pues mueres en el intento\u201d.<\/p>\n<p>El Observatorio lleva desde 2010 solicit\u00e1ndole al gobierno que declare la Alerta de Violencia de G\u00e9nero contra las Mujeres (AVGM) en el Estado de M\u00e9xico, algo que las autoridades apenas hicieron a fines de julio.<\/p>\n<p>La alerta, que como instrumento fue aprobado ocho a\u00f1os atr\u00e1s, aplica a 11 municipios de la entidad, entre ellos Ecatepec, e implica un conjunto de acciones gubernamentales para hacerle frente a la situaci\u00f3n de violencia y erradicarla.<\/p>\n<p>Tras la declaratoria para el Estado de M\u00e9xico, hubo otra para Morelos, en el centro del pa\u00eds, y hay otros siete casos bajo estudio.<\/p>\n<p>El gobierno hizo mea culpa por la lentitud para declarar las alertas y la titular de la Comisi\u00f3n Nacional para Prevenir y Erradicar la Violencia (Conavim), Alejandra Negrete, asegur\u00f3 que estas \u201cya no se politizar\u00e1n\u201d.<\/p>\n<p>De hecho, el Sistema Nacional para Prevenir, Atender, Sancionar y Erradicar la Violencia contra las Mujeres (Snpasevm) rechaz\u00f3 la declaratoria de alerta de g\u00e9nero en el Estado de M\u00e9xico en enero de 2011, cuando la entidad todav\u00eda estaba gobernada por el ahora presidente Enrique Pe\u00f1a Nieto.<\/p>\n<p>Amador recuerda cuando un par de a\u00f1os atr\u00e1s acompa\u00f1\u00f3 a un grupo de periodistas para mostrarles tumbas de v\u00edctimas de feminicidios y una de ellas estaba hecha con un bote rojo del Partido de la Revoluci\u00f3n Institucional (PRI) con la cara de Pe\u00f1a Nieto.<\/p>\n<p>\u201cLos regalaron en la campa\u00f1a, muy simb\u00f3lico, me pareci\u00f3 interesante ver esa imagen porque retrata mucho lo que pasa, es decir, lo qu\u00e9 le ofrece el sistema a las mujeres en el Estado de M\u00e9xico, este gobierno: un bote que despu\u00e9s sirva para poner flores en su cruz porque fue asesinada\u201d, se lamenta.<\/p>\n<p>La epidemia<\/p>\n<p>Seis de cada diez mexicanas mayores de 15 a\u00f1os han sufrido alg\u00fan incidente de violencia, de parte de su pareja u otras personas, de acuerdo a cifras oficiales.<\/p>\n<p>Los estudios del gobierno dan cuenta de una situaci\u00f3n cr\u00edtica:<\/p>\n<p>17,7% est\u00e1 de acuerdo en que \u201cuna esposa debe obedecer a su esposo o pareja en todo lo que \u00e9l ordene\u201d.<\/p>\n<p>15,4% cree que \u201ces obligaci\u00f3n de la mujer tener relaciones sexuales con su esposo o pareja\u201d.<\/p>\n<p>29.3% considera que \u201csi hay golpes o maltratos en la casa es un asunto de familia y ah\u00ed debe quedar\u201d.<\/p>\n<p>\u201cT\u00fa como mujer no podr\u00e1s sacar una carrera. Termina tu prepa y j\u00fantate. Si yo como hombre no lo logr\u00e9, menos t\u00fa que eres mujer: eso me lo dicen en la propia familia, imag\u00ednate en la calle. As\u00ed te acostumbras y piensas que es as\u00ed. Lo m\u00e1s que puede aspirar una mujer es a embarazarse\u201d.<\/p>\n<p>Pese al horror que enfrentan las mujeres a manos de hombres deshumanizados, su sufrimiento parece cada vez m\u00e1s invisible.<\/p>\n<p>El relato de Dulce, de la colonia Santa Clara en Ecatepec, forma parte de la investigaci\u00f3n que Amador y H\u00e9ctor Dom\u00ednguez Ruvalcaba, de la Universidad de Texas en Austin, realizaron sobre la violencia en el estado de M\u00e9xico para la obra Di\u00e1logos Interdisciplinarios sobre Violencia Sexual.<\/p>\n<p>Las mujeres, dice Amador, ocupan el lugar menos privilegiado y predomina la idea de que ellas no necesitan una formaci\u00f3n profesional y el hombre suele pensar que se debe reproducir ese modelo.<\/p>\n<p>\u201cEl femenicidio\u201d, aseguran los autores, \u201cpareciera expresar la necesidad de eliminar la capacidad de las mujeres de convertirse en sujetos. De ah\u00ed la objetivaci\u00f3n radical que el hecho de matar y arrojar sus cuerpos encarna\u201d.<br \/>\nPese al horror que enfrentan las mujeres a manos de hombres deshumanizados, su sufrimiento parece cada vez m\u00e1s invisible.<\/p>\n<p>Es el triunfo de la misoginia y la indiferencia.<\/p>\n<p><a href=\"http:\/\/www.bbc.com\/mundo\/noticias\/2015\/09\/150831_mexico_feminicidios_ecatepec_violencia_mujeres_jp\" target=\"_blank\">www.bbc.com\/mundo\/noticias\/2015\/09\/150831_mexico_feminicidios_ecatepec_violencia_mujeres_jp<\/a><\/p>\n","protected":false},"excerpt":{"rendered":"<p>Alberto N\u00e1jar y Juan Paullier El gobierno mexicano declar\u00f3 por primera vez la alerta de g\u00e9nero para el estado de M\u00e9xico a fines de julio. A Dulce Cristina Pay\u00e1n Urvano &hellip; <a href=\"http:\/\/www.grieta.org.mx\/index.php\/2015\/09\/21\/ecatepec-como-es-vivir-en-el-peor-lugar-para-ser-mujer-de-todo-mexico\/\" class=\"more-link\">Leer m\u00e1s<\/a><\/p>\n","protected":false},"author":2,"featured_media":21928,"comment_status":"closed","ping_status":"open","sticky":false,"template":"","format":"standard","meta":{"ngg_post_thumbnail":0,"_jetpack_newsletter_access":"","_jetpack_dont_email_post_to_subs":false,"_jetpack_newsletter_tier_id":0,"_jetpack_memberships_contains_paywalled_content":false,"_jetpack_memberships_contains_paid_content":false,"footnotes":""},"categories":[80],"tags":[92,81],"class_list":["post-1632","post","type-post","status-publish","format-standard","has-post-thumbnail","hentry","category-cintillo","tag-estado-de-mexico","tag-feminicidios","entry"],"jetpack_featured_media_url":"http:\/\/www.grieta.org.mx\/wp-content\/uploads\/2018\/03\/14524434_1106112876131411_958039263622046936_o.jpg","jetpack_sharing_enabled":true,"jetpack_shortlink":"https:\/\/wp.me\/p7ZJR4-qk","jetpack_likes_enabled":false,"jetpack-related-posts":[{"id":11891,"url":"http:\/\/www.grieta.org.mx\/index.php\/2016\/05\/03\/con-ataudes-de-ejecutados-protestan-en-guachochi\/","url_meta":{"origin":1632,"position":0},"title":"Con ata\u00fades de ejecutados protestan en Guachochi","author":"grieta","date":"3 mayo, 2016","format":false,"excerpt":"Familiares de las cinco personas asesinadas en Guachochi el pasado fin de semana, organizaron este martes un recorrido por las principales calles de la ciudad, en reclamo por la indetenible ola de violencia que se presenta y exigiendo a las autoridades un alto inmediato a esta nueva racha de terror,\u2026","rel":"","context":"En &quot;chihuahua&quot;","block_context":{"text":"chihuahua","link":"http:\/\/www.grieta.org.mx\/index.php\/category\/chihuahua\/"},"img":{"alt_text":"","src":"https:\/\/i0.wp.com\/www.grieta.org.mx\/wp-content\/uploads\/2018\/03\/14524434_1106112876131411_958039263622046936_o.jpg?resize=350%2C200","width":350,"height":200,"srcset":"https:\/\/i0.wp.com\/www.grieta.org.mx\/wp-content\/uploads\/2018\/03\/14524434_1106112876131411_958039263622046936_o.jpg?resize=350%2C200 1x, https:\/\/i0.wp.com\/www.grieta.org.mx\/wp-content\/uploads\/2018\/03\/14524434_1106112876131411_958039263622046936_o.jpg?resize=525%2C300 1.5x, https:\/\/i0.wp.com\/www.grieta.org.mx\/wp-content\/uploads\/2018\/03\/14524434_1106112876131411_958039263622046936_o.jpg?resize=700%2C400 2x"},"classes":[]},{"id":11894,"url":"http:\/\/www.grieta.org.mx\/index.php\/2016\/05\/02\/asesinan-a-cinco-personas-en-chihuahua\/","url_meta":{"origin":1632,"position":1},"title":"Asesinan a cinco personas en Chihuahua","author":"grieta","date":"2 mayo, 2016","format":false,"excerpt":"Patricia Mayorga Proceso Por lo menos siete personas fueron privadas de su libertad el jueves pasado y cinco de ellas fueron localizadas sin vida ayer en el municipio de Guachochi. El pasado jueves fueron privadas de su libertad varias personas cerca del ejido de T\u00f3nachi, localizado a unos 40 minutos\u2026","rel":"","context":"En &quot;chihuahua&quot;","block_context":{"text":"chihuahua","link":"http:\/\/www.grieta.org.mx\/index.php\/category\/chihuahua\/"},"img":{"alt_text":"","src":"https:\/\/i0.wp.com\/www.grieta.org.mx\/wp-content\/uploads\/2018\/03\/14524434_1106112876131411_958039263622046936_o.jpg?resize=350%2C200","width":350,"height":200,"srcset":"https:\/\/i0.wp.com\/www.grieta.org.mx\/wp-content\/uploads\/2018\/03\/14524434_1106112876131411_958039263622046936_o.jpg?resize=350%2C200 1x, https:\/\/i0.wp.com\/www.grieta.org.mx\/wp-content\/uploads\/2018\/03\/14524434_1106112876131411_958039263622046936_o.jpg?resize=525%2C300 1.5x, https:\/\/i0.wp.com\/www.grieta.org.mx\/wp-content\/uploads\/2018\/03\/14524434_1106112876131411_958039263622046936_o.jpg?resize=700%2C400 2x"},"classes":[]},{"id":11885,"url":"http:\/\/www.grieta.org.mx\/index.php\/2016\/05\/03\/aqui-si-pasa-nada-protestan-en-guachochi-con-ataudes-de-ejecutados\/","url_meta":{"origin":1632,"position":2},"title":"Aqu\u00ed s\u00ed pasa nada: protestan en Guachochi con ata\u00fades de ejecutados","author":"grieta","date":"3 mayo, 2016","format":false,"excerpt":"**Familiares y amigos de las v\u00edctimas aseguran que las autoridades estatales y federales act\u00faan con total opacidad e indiferencia en este tipo de casos y exigieron resultados inmediatos. Familiares de las cinco personas asesinadas en Guachochi el pasado fin de semana, organizaron este martes una manifestaci\u00f3n por las principales calles\u2026","rel":"","context":"En &quot;chihuahua&quot;","block_context":{"text":"chihuahua","link":"http:\/\/www.grieta.org.mx\/index.php\/category\/chihuahua\/"},"img":{"alt_text":"","src":"https:\/\/i0.wp.com\/www.grieta.org.mx\/wp-content\/uploads\/2018\/03\/14524434_1106112876131411_958039263622046936_o.jpg?resize=350%2C200","width":350,"height":200,"srcset":"https:\/\/i0.wp.com\/www.grieta.org.mx\/wp-content\/uploads\/2018\/03\/14524434_1106112876131411_958039263622046936_o.jpg?resize=350%2C200 1x, https:\/\/i0.wp.com\/www.grieta.org.mx\/wp-content\/uploads\/2018\/03\/14524434_1106112876131411_958039263622046936_o.jpg?resize=525%2C300 1.5x, https:\/\/i0.wp.com\/www.grieta.org.mx\/wp-content\/uploads\/2018\/03\/14524434_1106112876131411_958039263622046936_o.jpg?resize=700%2C400 2x"},"classes":[]},{"id":37097,"url":"http:\/\/www.grieta.org.mx\/index.php\/2019\/07\/25\/el-estado-de-mexico-y-sus-mujeres-desaparecidas-los-casos-van-en-aumento\/","url_meta":{"origin":1632,"position":3},"title":"El Estado de M\u00e9xico y sus mujeres desaparecidas: los casos van en aumento","author":"grieta","date":"25 julio, 2019","format":false,"excerpt":"Lau Almaraz\/CC News Brenda y Alexandra son los casos m\u00e1s recientes en el Edomex. El 55 por ciento de las desapariciones corresponden a menores de edad. Brenda Cruz Garc\u00eda desapareci\u00f3 el pasado 14 de julio, cuando tom\u00f3 un taxi que la llevar\u00eda a la terminal de autobuses en Amanalco, en\u2026","rel":"","context":"En &quot;CINTILLO&quot;","block_context":{"text":"CINTILLO","link":"http:\/\/www.grieta.org.mx\/index.php\/category\/cintillo\/"},"img":{"alt_text":"","src":"https:\/\/i0.wp.com\/www.grieta.org.mx\/wp-content\/uploads\/2019\/07\/desaparecidas-en-el-edomex-high.png?resize=350%2C200","width":350,"height":200,"srcset":"https:\/\/i0.wp.com\/www.grieta.org.mx\/wp-content\/uploads\/2019\/07\/desaparecidas-en-el-edomex-high.png?resize=350%2C200 1x, https:\/\/i0.wp.com\/www.grieta.org.mx\/wp-content\/uploads\/2019\/07\/desaparecidas-en-el-edomex-high.png?resize=525%2C300 1.5x, https:\/\/i0.wp.com\/www.grieta.org.mx\/wp-content\/uploads\/2019\/07\/desaparecidas-en-el-edomex-high.png?resize=700%2C400 2x"},"classes":[]},{"id":51632,"url":"http:\/\/www.grieta.org.mx\/index.php\/2020\/07\/02\/familiares-marchan-en-chimalhuacan-a-3-anos-del-feminicidio-de-diana-estado-de-mexico\/","url_meta":{"origin":1632,"position":4},"title":"Familiares marchan en Chimalhuac\u00e1n a 3 a\u00f1os del feminicidio de Diana (Estado de M\u00e9xico)","author":"grieta","date":"2 julio, 2020","format":false,"excerpt":"Foto: Emilio Fern\u00e1ndez Emilio Fern\u00e1ndez \/ El Universal Avanzan desde el Palacio Municipal hasta el Centro de Justicia local para exigir el esclarecimiento del crimen, ocurrido en 2017 La madre de Diana, una joven de 24 a\u00f1os que fue asesinada en Chimalhuac\u00e1n en el 2017, acompa\u00f1ada de familiares de otras\u2026","rel":"","context":"En &quot;CINTILLO&quot;","block_context":{"text":"CINTILLO","link":"http:\/\/www.grieta.org.mx\/index.php\/category\/cintillo\/"},"img":{"alt_text":"","src":"https:\/\/i0.wp.com\/www.grieta.org.mx\/wp-content\/uploads\/2020\/07\/Familiares-marchan-en-Chimalhuac%C3%A1n-a-3-a%C3%B1os-del-feminicidio-de-Diana-edomex-jul.jpg?resize=350%2C200","width":350,"height":200},"classes":[]},{"id":1619,"url":"http:\/\/www.grieta.org.mx\/index.php\/2015\/11\/16\/feminicidios-rostros-desdibujados-cuerpos-que-no-importan\/","url_meta":{"origin":1632,"position":5},"title":"Feminicidios: rostros desdibujados cuerpos que no importan","author":"grieta","date":"16 noviembre, 2015","format":false,"excerpt":"Manuel Amador Vel\u00e1squez De los rostros que tiene el Estado de M\u00e9xico \u2014pobreza, robo, desempleo, criminalidad, narcotr\u00e1fico, migraci\u00f3n, ausencia de poder\u2014, el de los feminicidios es el m\u00e1s difuso. Desde hace por lo menos dos lustros, la violencia de g\u00e9nero en territorio mexiquense ha sido una constante. Los cad\u00e1veres aparecen\u2026","rel":"","context":"En &quot;CINTILLO&quot;","block_context":{"text":"CINTILLO","link":"http:\/\/www.grieta.org.mx\/index.php\/category\/cintillo\/"},"img":{"alt_text":"","src":"https:\/\/i0.wp.com\/www.grieta.org.mx\/wp-content\/uploads\/2018\/03\/14524434_1106112876131411_958039263622046936_o.jpg?resize=350%2C200","width":350,"height":200,"srcset":"https:\/\/i0.wp.com\/www.grieta.org.mx\/wp-content\/uploads\/2018\/03\/14524434_1106112876131411_958039263622046936_o.jpg?resize=350%2C200 1x, https:\/\/i0.wp.com\/www.grieta.org.mx\/wp-content\/uploads\/2018\/03\/14524434_1106112876131411_958039263622046936_o.jpg?resize=525%2C300 1.5x, https:\/\/i0.wp.com\/www.grieta.org.mx\/wp-content\/uploads\/2018\/03\/14524434_1106112876131411_958039263622046936_o.jpg?resize=700%2C400 2x"},"classes":[]}],"_links":{"self":[{"href":"http:\/\/www.grieta.org.mx\/index.php\/wp-json\/wp\/v2\/posts\/1632","targetHints":{"allow":["GET"]}}],"collection":[{"href":"http:\/\/www.grieta.org.mx\/index.php\/wp-json\/wp\/v2\/posts"}],"about":[{"href":"http:\/\/www.grieta.org.mx\/index.php\/wp-json\/wp\/v2\/types\/post"}],"author":[{"embeddable":true,"href":"http:\/\/www.grieta.org.mx\/index.php\/wp-json\/wp\/v2\/users\/2"}],"replies":[{"embeddable":true,"href":"http:\/\/www.grieta.org.mx\/index.php\/wp-json\/wp\/v2\/comments?post=1632"}],"version-history":[{"count":1,"href":"http:\/\/www.grieta.org.mx\/index.php\/wp-json\/wp\/v2\/posts\/1632\/revisions"}],"predecessor-version":[{"id":1638,"href":"http:\/\/www.grieta.org.mx\/index.php\/wp-json\/wp\/v2\/posts\/1632\/revisions\/1638"}],"wp:featuredmedia":[{"embeddable":true,"href":"http:\/\/www.grieta.org.mx\/index.php\/wp-json\/wp\/v2\/media\/21928"}],"wp:attachment":[{"href":"http:\/\/www.grieta.org.mx\/index.php\/wp-json\/wp\/v2\/media?parent=1632"}],"wp:term":[{"taxonomy":"category","embeddable":true,"href":"http:\/\/www.grieta.org.mx\/index.php\/wp-json\/wp\/v2\/categories?post=1632"},{"taxonomy":"post_tag","embeddable":true,"href":"http:\/\/www.grieta.org.mx\/index.php\/wp-json\/wp\/v2\/tags?post=1632"}],"curies":[{"name":"wp","href":"https:\/\/api.w.org\/{rel}","templated":true}]}}