{"id":1631,"date":"2015-09-19T04:50:15","date_gmt":"2015-09-19T04:50:15","guid":{"rendered":"http:\/\/50.22.11.12\/~grietaor\/?p=1631"},"modified":"2016-03-09T04:53:21","modified_gmt":"2016-03-09T04:53:21","slug":"registra-edomex-223-feminicidios-desde-2011-resuelven-solo-30","status":"publish","type":"post","link":"http:\/\/www.grieta.org.mx\/index.php\/2015\/09\/19\/registra-edomex-223-feminicidios-desde-2011-resuelven-solo-30\/","title":{"rendered":"Registra Edomex 223 feminicidios desde 2011; resuelven s\u00f3lo 30%"},"content":{"rendered":"<p>VENERANDA MENDOZA<\/p>\n<p>NAUCALPAN, Edomex.- S\u00f3lo 30 por ciento de los casos de feminicidio que se registraron en el Estado de M\u00e9xico entre 2011 y 2015 ha recibido sentencia condenatoria, reconoci\u00f3 Dileya Samantha Espinoza de los Monteros, subprocuradora de Delitos Vinculados a la Violencia de G\u00e9nero de la Procuradur\u00eda General de Justicia del Estado de M\u00e9xico (PGJEM).<\/p>\n<p>La funcionaria estatal detall\u00f3 que desde marzo de 2011, cuando se tipific\u00f3 en territorio mexiquense el feminicidio como delito, se han abierto 223 expedientes ministeriales, pero apenas en 68 casos se han obtenido sentencias condenatorias con penas que van de 40 a 70 a\u00f1os de prisi\u00f3n, en virtud de que es considerado grave.<\/p>\n<p>No obstante, precis\u00f3 que 138 expedientes a\u00fan se encuentran abiertos, con detenidos sujetos a proceso penal; lo que se traduce en 17 investigaciones en los que el acusado result\u00f3 absuelto.<\/p>\n<p>Los agresores, en 90 por ciento de los casos, precis\u00f3, eran las parejas, exparejas o personas dentro del c\u00edrculo m\u00e1s cercano de la v\u00edctima.<\/p>\n<p>\u201cEsperamos que en cada uno de los casos haya justicia para la v\u00edctimas, que son mujeres y ni\u00f1as y que murieron por cr\u00edmenes de odio\u201d, confi\u00f3.<\/p>\n<p>Espinoza de los Monteros consider\u00f3 fundamental que en los 11 municipios donde la Secretar\u00eda de Gobernaci\u00f3n declar\u00f3 la alerta de g\u00e9nero el pasado 31 de julio, los ayuntamientos apliquen medidas de protecci\u00f3n a las mujeres.<br \/>\nEntre \u00e9stas, destac\u00f3, es importante que dispongan de un equipo de polic\u00edas municipales capacitado y especializado en atender a v\u00edctimas por violencia de g\u00e9nero.<\/p>\n<p>La Alerta por Violencia de G\u00e9nero (AVG) en el Estado de M\u00e9xico incluye los municipios de Ecatepec, Nezahualc\u00f3yotl, Tlalnepantla, Toluca, Chimalhuac\u00e1n, Naucalpan, Tultitl\u00e1n, Ixtapaluca, Chalco, Valle de Chalco y Cuautitl\u00e1n Izcalli, donde se cometen m\u00e1s de 50 por ciento de los asesinatos de mujeres en la entidad.<\/p>\n<p><a href=\"http:\/\/www.proceso.com.mx\/?p=415848\" target=\"_blank\">www.proceso.com.mx\/?p=415848<\/a><\/p>\n","protected":false},"excerpt":{"rendered":"<p>VENERANDA MENDOZA NAUCALPAN, Edomex.- S\u00f3lo 30 por ciento de los casos de feminicidio que se registraron en el Estado de M\u00e9xico entre 2011 y 2015 ha recibido sentencia condenatoria, reconoci\u00f3 &hellip; <a href=\"http:\/\/www.grieta.org.mx\/index.php\/2015\/09\/19\/registra-edomex-223-feminicidios-desde-2011-resuelven-solo-30\/\" class=\"more-link\">Leer m\u00e1s<\/a><\/p>\n","protected":false},"author":2,"featured_media":21928,"comment_status":"closed","ping_status":"open","sticky":false,"template":"","format":"standard","meta":{"ngg_post_thumbnail":0,"_jetpack_newsletter_access":"","_jetpack_dont_email_post_to_subs":false,"_jetpack_newsletter_tier_id":0,"_jetpack_memberships_contains_paywalled_content":false,"_jetpack_memberships_contains_paid_content":false,"footnotes":""},"categories":[80],"tags":[92,81],"class_list":["post-1631","post","type-post","status-publish","format-standard","has-post-thumbnail","hentry","category-cintillo","tag-estado-de-mexico","tag-feminicidios","entry"],"jetpack_featured_media_url":"http:\/\/www.grieta.org.mx\/wp-content\/uploads\/2018\/03\/14524434_1106112876131411_958039263622046936_o.jpg","jetpack_sharing_enabled":true,"jetpack_shortlink":"https:\/\/wp.me\/p7ZJR4-qj","jetpack_likes_enabled":false,"jetpack-related-posts":[{"id":40762,"url":"http:\/\/www.grieta.org.mx\/index.php\/2019\/10\/25\/toluca-se-convierte-en-la-capital-del-feminicidio-en-edomex\/","url_meta":{"origin":1631,"position":0},"title":"Toluca se convierte en la capital del feminicidio en Edomex","author":"grieta","date":"25 octubre, 2019","format":false,"excerpt":"Crhistian de Jes\u00fas \/ A Fondo Estado de M\u00e9xico Toluca es oficialmente, el municipio con mayor n\u00famero de feminicidios en el estado de M\u00e9xico junto con Ixtapaluca, al contabilizar seis casos cada uno durante los primeros nueve meses del a\u00f1o, advierten cifras oficiales, ambos cuenta con una doble alerta de\u2026","rel":"","context":"En &quot;CINTILLO&quot;","block_context":{"text":"CINTILLO","link":"http:\/\/www.grieta.org.mx\/index.php\/category\/cintillo\/"},"img":{"alt_text":"","src":"https:\/\/i0.wp.com\/www.grieta.org.mx\/wp-content\/uploads\/2019\/11\/Toluca-se-convierte-en-la-capital-del-feminicidio-en-Edomex-nov.jpeg?resize=350%2C200","width":350,"height":200,"srcset":"https:\/\/i0.wp.com\/www.grieta.org.mx\/wp-content\/uploads\/2019\/11\/Toluca-se-convierte-en-la-capital-del-feminicidio-en-Edomex-nov.jpeg?resize=350%2C200 1x, https:\/\/i0.wp.com\/www.grieta.org.mx\/wp-content\/uploads\/2019\/11\/Toluca-se-convierte-en-la-capital-del-feminicidio-en-Edomex-nov.jpeg?resize=525%2C300 1.5x, https:\/\/i0.wp.com\/www.grieta.org.mx\/wp-content\/uploads\/2019\/11\/Toluca-se-convierte-en-la-capital-del-feminicidio-en-Edomex-nov.jpeg?resize=700%2C400 2x"},"classes":[]},{"id":2498,"url":"http:\/\/www.grieta.org.mx\/index.php\/2016\/08\/22\/feminicidios-en-el-estado-de-mexico\/","url_meta":{"origin":1631,"position":1},"title":"Feminicidios en el Estado de M\u00e9xico","author":"grieta","date":"22 agosto, 2016","format":false,"excerpt":"22\/08\/16. Crecen violencia machista y n\u00famero de mujeres desaparecidasTres PM 10\/08\/16. Once feminicidios violentos en una semana en Edo. de M\u00e9xicoDiario Cambio 02\/08\/16. AVG Edomex, un a\u00f1o de omisi\u00f3n y discurso medi\u00e1ticoSomos el Medio 26\/07\/16. La Alerta de G\u00e9nero cumple 1 a\u00f1o, y nada: Edomex no mueve un dedo contra\u2026","rel":"","context":"En &quot;Estado de M\u00e9xico&quot;","block_context":{"text":"Estado de M\u00e9xico","link":"http:\/\/www.grieta.org.mx\/index.php\/category\/noticias-nacionales\/estado-de-mexico\/"},"img":{"alt_text":"","src":"https:\/\/i0.wp.com\/www.grieta.org.mx\/wp-content\/uploads\/2018\/03\/14524434_1106112876131411_958039263622046936_o.jpg?resize=350%2C200","width":350,"height":200,"srcset":"https:\/\/i0.wp.com\/www.grieta.org.mx\/wp-content\/uploads\/2018\/03\/14524434_1106112876131411_958039263622046936_o.jpg?resize=350%2C200 1x, https:\/\/i0.wp.com\/www.grieta.org.mx\/wp-content\/uploads\/2018\/03\/14524434_1106112876131411_958039263622046936_o.jpg?resize=525%2C300 1.5x, https:\/\/i0.wp.com\/www.grieta.org.mx\/wp-content\/uploads\/2018\/03\/14524434_1106112876131411_958039263622046936_o.jpg?resize=700%2C400 2x"},"classes":[]},{"id":36856,"url":"http:\/\/www.grieta.org.mx\/index.php\/2019\/07\/21\/edomex-segunda-entidad-con-mas-feminicidios-en-2019\/","url_meta":{"origin":1631,"position":2},"title":"Edomex, segunda entidad con m\u00e1s feminicidios en 2019","author":"grieta","date":"21 julio, 2019","format":false,"excerpt":"Sonia Vilchis\/As\u00ed sucede En M\u00e9xico, en los primeros seis meses del a\u00f1o se han dado 448 incidentes, de los cu\u00e1les el 10 por ciento se dieron en territorio estatal. Al respecto, Luz Estrada Mendoza, representante de Cat\u00f3licas por el Derecho a Decidir e integrante del Observatorio Ciudadano del Feminicidio, inform\u00f3\u2026","rel":"","context":"En &quot;CINTILLO&quot;","block_context":{"text":"CINTILLO","link":"http:\/\/www.grieta.org.mx\/index.php\/category\/cintillo\/"},"img":{"alt_text":"","src":"https:\/\/i0.wp.com\/www.grieta.org.mx\/wp-content\/uploads\/2019\/07\/feminicidio-610x389.jpg?resize=350%2C200","width":350,"height":200},"classes":[]},{"id":13457,"url":"http:\/\/www.grieta.org.mx\/index.php\/2016\/05\/29\/mujeres-se-organizan-y-protestan-en-chimalhuacan-edomex-contra-ola-de-feminicidios\/","url_meta":{"origin":1631,"position":3},"title":"Mujeres se organizan y protestan en Chimalhuac\u00e1n, Edomex, contra ola de feminicidios","author":"grieta","date":"29 mayo, 2016","format":false,"excerpt":"El municipio de Ecatepec ocupa el quinto lugar de feminicidios a nivel nacional, seguido por Chimalhuac\u00e1n, Cuautitl\u00e1n y Nezahualc\u00f3yotl. Foto: Cuartoscuro Ciudad de M\u00e9xico, 29 mayo (SinEmbargo).- La ma\u00f1ana de este domingo habitantes del municipio de Chimalhuac\u00e1n marcharon en las calles para exigir justicia por los feminicidios registrados en este\u2026","rel":"","context":"En &quot;CINTILLO&quot;","block_context":{"text":"CINTILLO","link":"http:\/\/www.grieta.org.mx\/index.php\/category\/cintillo\/"},"img":{"alt_text":"","src":"https:\/\/i0.wp.com\/www.grieta.org.mx\/wp-content\/uploads\/2018\/03\/14524434_1106112876131411_958039263622046936_o.jpg?resize=350%2C200","width":350,"height":200,"srcset":"https:\/\/i0.wp.com\/www.grieta.org.mx\/wp-content\/uploads\/2018\/03\/14524434_1106112876131411_958039263622046936_o.jpg?resize=350%2C200 1x, https:\/\/i0.wp.com\/www.grieta.org.mx\/wp-content\/uploads\/2018\/03\/14524434_1106112876131411_958039263622046936_o.jpg?resize=525%2C300 1.5x, https:\/\/i0.wp.com\/www.grieta.org.mx\/wp-content\/uploads\/2018\/03\/14524434_1106112876131411_958039263622046936_o.jpg?resize=700%2C400 2x"},"classes":[]},{"id":46902,"url":"http:\/\/www.grieta.org.mx\/index.php\/2020\/03\/28\/guanajuato-edomex-y-puebla-a-la-cabeza-en-casos-de-feminicidio-en-mexico-segun-las-cifras-oficiales\/","url_meta":{"origin":1631,"position":4},"title":"Guanajuato, Edomex y Puebla, a la cabeza en casos de feminicidio en M\u00e9xico, seg\u00fan las cifras oficiales","author":"grieta","date":"28 marzo, 2020","format":false,"excerpt":"En las entidades con m\u00e1s casos las v\u00edctimas pertenecen principalmente al grupo de mujeres de m\u00e1s de 18 a\u00f1os, mientras que 12 eran menores de edad. Los feminicidios se concentraron en 164 municipios del pa\u00eds, precis\u00f3 la dependencia. Por Redacci\u00f3n \/ Sin Embargo 27 de marzo de 2020 Ciudad de\u2026","rel":"","context":"En &quot;CINTILLO&quot;","block_context":{"text":"CINTILLO","link":"http:\/\/www.grieta.org.mx\/index.php\/category\/cintillo\/"},"img":{"alt_text":"","src":"https:\/\/i0.wp.com\/www.grieta.org.mx\/wp-content\/uploads\/2020\/03\/basta-edomex.jpg?resize=350%2C200","width":350,"height":200,"srcset":"https:\/\/i0.wp.com\/www.grieta.org.mx\/wp-content\/uploads\/2020\/03\/basta-edomex.jpg?resize=350%2C200 1x, https:\/\/i0.wp.com\/www.grieta.org.mx\/wp-content\/uploads\/2020\/03\/basta-edomex.jpg?resize=525%2C300 1.5x, https:\/\/i0.wp.com\/www.grieta.org.mx\/wp-content\/uploads\/2020\/03\/basta-edomex.jpg?resize=700%2C400 2x, https:\/\/i0.wp.com\/www.grieta.org.mx\/wp-content\/uploads\/2020\/03\/basta-edomex.jpg?resize=1050%2C600 3x"},"classes":[]},{"id":1658,"url":"http:\/\/www.grieta.org.mx\/index.php\/2015\/07\/08\/continua-la-ola-de-feminicidios-en-edomex-dos-jovenes-son-arrojadas-a-la-carretera\/","url_meta":{"origin":1631,"position":5},"title":"Contin\u00faa la ola de feminicidios en Edomex; dos j\u00f3venes son arrojadas a la carretera","author":"grieta","date":"8 julio, 2015","format":false,"excerpt":"La ma\u00f1ana del pasado lunes 6 del presente mes, fueron encontrados sin vida dos cuerpos de sexo femeninos en la carretera M\u00e9xico-Puebla en el municipio de La Paz, al margen del municipio de Ixtapaluca. Se presume que hayan sufrido de violencia f\u00edsica. Pobladores de la colonia Loma Encantada, fueron quienes\u2026","rel":"","context":"En &quot;CINTILLO&quot;","block_context":{"text":"CINTILLO","link":"http:\/\/www.grieta.org.mx\/index.php\/category\/cintillo\/"},"img":{"alt_text":"","src":"https:\/\/i0.wp.com\/www.grieta.org.mx\/wp-content\/uploads\/2018\/03\/14524434_1106112876131411_958039263622046936_o.jpg?resize=350%2C200","width":350,"height":200,"srcset":"https:\/\/i0.wp.com\/www.grieta.org.mx\/wp-content\/uploads\/2018\/03\/14524434_1106112876131411_958039263622046936_o.jpg?resize=350%2C200 1x, https:\/\/i0.wp.com\/www.grieta.org.mx\/wp-content\/uploads\/2018\/03\/14524434_1106112876131411_958039263622046936_o.jpg?resize=525%2C300 1.5x, https:\/\/i0.wp.com\/www.grieta.org.mx\/wp-content\/uploads\/2018\/03\/14524434_1106112876131411_958039263622046936_o.jpg?resize=700%2C400 2x"},"classes":[]}],"_links":{"self":[{"href":"http:\/\/www.grieta.org.mx\/index.php\/wp-json\/wp\/v2\/posts\/1631","targetHints":{"allow":["GET"]}}],"collection":[{"href":"http:\/\/www.grieta.org.mx\/index.php\/wp-json\/wp\/v2\/posts"}],"about":[{"href":"http:\/\/www.grieta.org.mx\/index.php\/wp-json\/wp\/v2\/types\/post"}],"author":[{"embeddable":true,"href":"http:\/\/www.grieta.org.mx\/index.php\/wp-json\/wp\/v2\/users\/2"}],"replies":[{"embeddable":true,"href":"http:\/\/www.grieta.org.mx\/index.php\/wp-json\/wp\/v2\/comments?post=1631"}],"version-history":[{"count":1,"href":"http:\/\/www.grieta.org.mx\/index.php\/wp-json\/wp\/v2\/posts\/1631\/revisions"}],"predecessor-version":[{"id":1637,"href":"http:\/\/www.grieta.org.mx\/index.php\/wp-json\/wp\/v2\/posts\/1631\/revisions\/1637"}],"wp:featuredmedia":[{"embeddable":true,"href":"http:\/\/www.grieta.org.mx\/index.php\/wp-json\/wp\/v2\/media\/21928"}],"wp:attachment":[{"href":"http:\/\/www.grieta.org.mx\/index.php\/wp-json\/wp\/v2\/media?parent=1631"}],"wp:term":[{"taxonomy":"category","embeddable":true,"href":"http:\/\/www.grieta.org.mx\/index.php\/wp-json\/wp\/v2\/categories?post=1631"},{"taxonomy":"post_tag","embeddable":true,"href":"http:\/\/www.grieta.org.mx\/index.php\/wp-json\/wp\/v2\/tags?post=1631"}],"curies":[{"name":"wp","href":"https:\/\/api.w.org\/{rel}","templated":true}]}}