{"id":16245,"date":"2016-05-12T01:54:22","date_gmt":"2016-05-12T06:54:22","guid":{"rendered":"http:\/\/www.grieta.org.mx\/?p=16245"},"modified":"2016-07-09T01:57:22","modified_gmt":"2016-07-09T06:57:22","slug":"indolentes-las-autoridades-del-ayuntamiento-sindicato","status":"publish","type":"post","link":"http:\/\/www.grieta.org.mx\/index.php\/2016\/05\/12\/indolentes-las-autoridades-del-ayuntamiento-sindicato\/","title":{"rendered":"Indolentes las autoridades  del ayuntamiento: Sindicato"},"content":{"rendered":"<p>Erik Huerta<\/p>\n<p>Las autoridades municipales se han mostrado indolentes, al no escuchar los reclamos del grupo de sindicalizados que permanecen ya por 12 d\u00edas plantados en las afueras del Palacio Municipal.<\/p>\n<p>La Secretaria General del Sindicato Liberal al servicio de la comuna maderense, Rosario C\u00e1rdenas Herrera mencion\u00f3 que existe malestar entre las y los adheridos, pues la Secretar\u00eda del Ayuntamiento s\u00f3lo les dan como respuesta, que sigan plantados el tiempo que lo deseen.<\/p>\n<p>&#8220;Nos han dicho los funcionarios que si queremos permanecer en el plant\u00f3n, que lo hagamos, son indolentes. No les interesamos&#8221;, dijo la l\u00edder.<\/p>\n<p>Mencion\u00f3 que la autoridad los ha ignorado por m\u00e1s de 14 a\u00f1os, pues no han sido reconocidos como agrupaci\u00f3n, pese a que la Secretar\u00eda del Trabajo les dio el aval.<\/p>\n<p>Y es que al no reconocerlos como sindicato legalmente establecido, el ayuntamiento omite la firma de un contrato colectivo, \u201cno ha sido posible, s\u00f3lo pedimos ser favorecidos con mejores percepciones basadas en la ley. No estamos pidiendo caprichos, s\u00f3lo lo necesario para la clase trabajadora&#8221;.<\/p>\n<p>Indic\u00f3 que el Ayuntamiento s\u00f3lo reconoce al Sindicato \u00danico de Trabajadores al Servicio del H. Ayuntamiento de Ciudad Madero, a pesar de que la Secretar\u00eda del Trabajo aprob\u00f3 la formaci\u00f3n de un segundo sindicato.<\/p>\n<p>&#8220;Son argumentos de que no pueden firmar contrato por que ya se tiene con otra organizaci\u00f3n sindical, la ley no lo prev\u00e9&#8221;.<\/p>\n<p>Indic\u00f3 C\u00e1rdenas Herrera que son 80 personas adheridas al sindicato liberal, mismos que hacen guardias en las afueras del palacio, sin perder sus horarios de trabajo.<\/p>\n<p>Precis\u00f3 que la pr\u00f3xima semana podr\u00edan viajar a la Capital del Estado, en donde buscar\u00edan entrevistarse con el titular Herminio Garza Palacios.<\/p>\n<p><a href=\"http:\/\/inforedtamaulipas.mx\/indolentes-las-autoridades-del-ayuntamiento-sindicato\/\" target=\"_blank\">http:\/\/inforedtamaulipas.mx\/indolentes-las-autoridades-del-ayuntamiento-sindicato\/<\/a><\/p>\n","protected":false},"excerpt":{"rendered":"<p>Erik Huerta Las autoridades municipales se han mostrado indolentes, al no escuchar los reclamos del grupo de sindicalizados que permanecen ya por 12 d\u00edas plantados en las afueras del Palacio &hellip; <a href=\"http:\/\/www.grieta.org.mx\/index.php\/2016\/05\/12\/indolentes-las-autoridades-del-ayuntamiento-sindicato\/\" class=\"more-link\">Leer m\u00e1s<\/a><\/p>\n","protected":false},"author":2,"featured_media":21928,"comment_status":"closed","ping_status":"closed","sticky":false,"template":"","format":"standard","meta":{"ngg_post_thumbnail":0,"_jetpack_newsletter_access":"","_jetpack_dont_email_post_to_subs":false,"_jetpack_newsletter_tier_id":0,"_jetpack_memberships_contains_paywalled_content":false,"_jetpack_memberships_contains_paid_content":false,"footnotes":""},"categories":[80,259],"tags":[777,634,778,779,147],"class_list":["post-16245","post","type-post","status-publish","format-standard","has-post-thumbnail","hentry","category-cintillo","category-tamaulipas","tag-ciudad-madero","tag-condiciones-laborales","tag-sindicato","tag-sutsha","tag-trabajo","entry"],"jetpack_featured_media_url":"http:\/\/www.grieta.org.mx\/wp-content\/uploads\/2018\/03\/14524434_1106112876131411_958039263622046936_o.jpg","jetpack_sharing_enabled":true,"jetpack_shortlink":"https:\/\/wp.me\/p7ZJR4-4e1","jetpack_likes_enabled":false,"jetpack-related-posts":[{"id":16227,"url":"http:\/\/www.grieta.org.mx\/index.php\/2016\/07\/09\/planton-de-trabajadores-del-ayuntamiento-de-ciudad-madero-exigiendo-firma-de-su-contrato-colectivo\/","url_meta":{"origin":16245,"position":0},"title":"Plant\u00f3n de trabajadores del Ayuntamiento de Ciudad Madero exigiendo firma de su contrato colectivo","author":"grieta","date":"9 julio, 2016","format":false,"excerpt":"01\/07\/16. Llevan 62 d\u00edas en huelga (Tamps)Expreso.press 15\/06\/16. Sin avance conflicto entre sindicato liberal -vs-ayuntamiento de MaderoNoticias Tampico 02\/06\/16. Sin resolverse peticiones de Sindicato en Ciudad MaderoHoy Tamaulipas 12\/05\/16. Indolentes las autoridades del ayuntamiento: SindicatoInfo Red Tamaulipas 03\/05\/16. Sindicato Liberal se manifiesta en contra del Ayuntamiento de MaderoAvances 11\/07\/15. Busca\u2026","rel":"","context":"En &quot;NOTICIAS NACIONALES&quot;","block_context":{"text":"NOTICIAS NACIONALES","link":"http:\/\/www.grieta.org.mx\/index.php\/category\/noticias-nacionales\/"},"img":{"alt_text":"","src":"https:\/\/i0.wp.com\/www.grieta.org.mx\/wp-content\/uploads\/2018\/03\/14524434_1106112876131411_958039263622046936_o.jpg?resize=350%2C200","width":350,"height":200,"srcset":"https:\/\/i0.wp.com\/www.grieta.org.mx\/wp-content\/uploads\/2018\/03\/14524434_1106112876131411_958039263622046936_o.jpg?resize=350%2C200 1x, https:\/\/i0.wp.com\/www.grieta.org.mx\/wp-content\/uploads\/2018\/03\/14524434_1106112876131411_958039263622046936_o.jpg?resize=525%2C300 1.5x, https:\/\/i0.wp.com\/www.grieta.org.mx\/wp-content\/uploads\/2018\/03\/14524434_1106112876131411_958039263622046936_o.jpg?resize=700%2C400 2x"},"classes":[]},{"id":16249,"url":"http:\/\/www.grieta.org.mx\/index.php\/2016\/06\/02\/sin-resolverse-peticiones-de-sindicato-en-ciudad-madero\/","url_meta":{"origin":16245,"position":1},"title":"Sin resolverse peticiones de Sindicato en Ciudad Madero","author":"grieta","date":"2 junio, 2016","format":false,"excerpt":"Por: Carlos Ju\u00e1rez A pesar de que ya llevan un mes de plant\u00f3n en la explanada del Ayuntamiento maderense, indic\u00f3 la secretaria del Sindicato Liberal, Rosario C\u00e1rdenas El plant\u00f3n por parte de los sindicalizados en Madero sigue sin soluci\u00f3n, expres\u00f3 la secretaria del Sindicato Liberal, Rosario C\u00e1rdenas Herrera Ciudad Madero,\u2026","rel":"","context":"En &quot;CINTILLO&quot;","block_context":{"text":"CINTILLO","link":"http:\/\/www.grieta.org.mx\/index.php\/category\/cintillo\/"},"img":{"alt_text":"","src":"https:\/\/i0.wp.com\/www.grieta.org.mx\/wp-content\/uploads\/2018\/03\/14524434_1106112876131411_958039263622046936_o.jpg?resize=350%2C200","width":350,"height":200,"srcset":"https:\/\/i0.wp.com\/www.grieta.org.mx\/wp-content\/uploads\/2018\/03\/14524434_1106112876131411_958039263622046936_o.jpg?resize=350%2C200 1x, https:\/\/i0.wp.com\/www.grieta.org.mx\/wp-content\/uploads\/2018\/03\/14524434_1106112876131411_958039263622046936_o.jpg?resize=525%2C300 1.5x, https:\/\/i0.wp.com\/www.grieta.org.mx\/wp-content\/uploads\/2018\/03\/14524434_1106112876131411_958039263622046936_o.jpg?resize=700%2C400 2x"},"classes":[]},{"id":16240,"url":"http:\/\/www.grieta.org.mx\/index.php\/2016\/06\/15\/sin-avance-conflicto-entre-sindicato-liberal-vs-ayuntamiento-de-madero\/","url_meta":{"origin":16245,"position":2},"title":"Sin avance conflicto entre sindicato liberal -vs-ayuntamiento de Madero","author":"grieta","date":"15 junio, 2016","format":false,"excerpt":"Omar Lara Mart\u00ednez Madero, Tamaulipas.- A 45 d\u00edas del inicio del plant\u00f3n de trabajadores integrantes del sindicato liberal democr\u00e1tico al servicio del ayuntamiento de Ciudad Madero, siguen sin resolverse esta problem\u00e1tica, por lo que los empleados est\u00e1n dispuestos a continuar en la explanada del ayuntamiento hasta que llegue la siguiente\u2026","rel":"","context":"En &quot;CINTILLO&quot;","block_context":{"text":"CINTILLO","link":"http:\/\/www.grieta.org.mx\/index.php\/category\/cintillo\/"},"img":{"alt_text":"","src":"https:\/\/i0.wp.com\/www.grieta.org.mx\/wp-content\/uploads\/2018\/03\/14524434_1106112876131411_958039263622046936_o.jpg?resize=350%2C200","width":350,"height":200,"srcset":"https:\/\/i0.wp.com\/www.grieta.org.mx\/wp-content\/uploads\/2018\/03\/14524434_1106112876131411_958039263622046936_o.jpg?resize=350%2C200 1x, https:\/\/i0.wp.com\/www.grieta.org.mx\/wp-content\/uploads\/2018\/03\/14524434_1106112876131411_958039263622046936_o.jpg?resize=525%2C300 1.5x, https:\/\/i0.wp.com\/www.grieta.org.mx\/wp-content\/uploads\/2018\/03\/14524434_1106112876131411_958039263622046936_o.jpg?resize=700%2C400 2x"},"classes":[]},{"id":16232,"url":"http:\/\/www.grieta.org.mx\/index.php\/2016\/05\/02\/sindicato-liberal-se-manifiesta-en-contra-del-ayuntamiento-de-madero\/","url_meta":{"origin":16245,"position":3},"title":"Sindicato Liberal se manifiesta en contra del Ayuntamiento de Madero","author":"grieta","date":"2 mayo, 2016","format":false,"excerpt":"Isaac Molina Zapata Con plant\u00f3n indefinido, trabajadores exigen la firma del contrato colectivo de trabajo Desde hace un a\u00f1o les prometieron prestaciones a todos los integrantes del gremio, y no les han cumplido Ciudad Madero, Tam.- Exactamente un a\u00f1o despu\u00e9s que se registr\u00f3 un plant\u00f3n que dur\u00f3 40 d\u00edas en\u2026","rel":"","context":"En &quot;CINTILLO&quot;","block_context":{"text":"CINTILLO","link":"http:\/\/www.grieta.org.mx\/index.php\/category\/cintillo\/"},"img":{"alt_text":"","src":"https:\/\/i0.wp.com\/www.grieta.org.mx\/wp-content\/uploads\/2018\/03\/14524434_1106112876131411_958039263622046936_o.jpg?resize=350%2C200","width":350,"height":200,"srcset":"https:\/\/i0.wp.com\/www.grieta.org.mx\/wp-content\/uploads\/2018\/03\/14524434_1106112876131411_958039263622046936_o.jpg?resize=350%2C200 1x, https:\/\/i0.wp.com\/www.grieta.org.mx\/wp-content\/uploads\/2018\/03\/14524434_1106112876131411_958039263622046936_o.jpg?resize=525%2C300 1.5x, https:\/\/i0.wp.com\/www.grieta.org.mx\/wp-content\/uploads\/2018\/03\/14524434_1106112876131411_958039263622046936_o.jpg?resize=700%2C400 2x"},"classes":[]},{"id":10087,"url":"http:\/\/www.grieta.org.mx\/index.php\/2016\/03\/29\/sindicato-del-ayuntamiento-a-huelga\/","url_meta":{"origin":16245,"position":4},"title":"Sindicato del Ayuntamiento, a huelga","author":"grieta","date":"29 marzo, 2016","format":false,"excerpt":"Guasave, Sinaloa.- El sindicato del Ayuntamiento ha determinado estallar la huelga este jueves 31 a las 8:00 de la ma\u00f1ana ante el incumplimiento de pago de cuotas obrero patronales y prestaciones como Seguro Social. Alejandro Pimentel Medina, l\u00edder del sindicato al servicio de los trabajadores del Ayuntamiento, dijo que este\u2026","rel":"","context":"En &quot;CINTILLO&quot;","block_context":{"text":"CINTILLO","link":"http:\/\/www.grieta.org.mx\/index.php\/category\/cintillo\/"},"img":{"alt_text":"","src":"https:\/\/i0.wp.com\/www.grieta.org.mx\/wp-content\/uploads\/2018\/03\/14524434_1106112876131411_958039263622046936_o.jpg?resize=350%2C200","width":350,"height":200,"srcset":"https:\/\/i0.wp.com\/www.grieta.org.mx\/wp-content\/uploads\/2018\/03\/14524434_1106112876131411_958039263622046936_o.jpg?resize=350%2C200 1x, https:\/\/i0.wp.com\/www.grieta.org.mx\/wp-content\/uploads\/2018\/03\/14524434_1106112876131411_958039263622046936_o.jpg?resize=525%2C300 1.5x, https:\/\/i0.wp.com\/www.grieta.org.mx\/wp-content\/uploads\/2018\/03\/14524434_1106112876131411_958039263622046936_o.jpg?resize=700%2C400 2x"},"classes":[]},{"id":18028,"url":"http:\/\/www.grieta.org.mx\/index.php\/2016\/07\/27\/ex-trabajadores-cierran-instalaciones-de-evya-en-paraiso\/","url_meta":{"origin":16245,"position":5},"title":"Ex trabajadores cierran instalaciones de EVYA en Para\u00edso","author":"grieta","date":"27 julio, 2016","format":false,"excerpt":"Mario Le\u00f3n M\u00e1s de 100 ex trabajadores de la empresa Especialistas en Vidrios y aluminios (EVYA) decidieron cerrarles las instalaciones tanto en las oficinas centrales de la cabecera municipal como el acceso en la terminal de Administraci\u00f3n Portuaria Integral de Dos Bocas, desde hace tres meses los viene enga\u00f1ando, el\u2026","rel":"","context":"En &quot;CINTILLO&quot;","block_context":{"text":"CINTILLO","link":"http:\/\/www.grieta.org.mx\/index.php\/category\/cintillo\/"},"img":{"alt_text":"","src":"https:\/\/i0.wp.com\/www.grieta.org.mx\/wp-content\/uploads\/2018\/03\/14524434_1106112876131411_958039263622046936_o.jpg?resize=350%2C200","width":350,"height":200,"srcset":"https:\/\/i0.wp.com\/www.grieta.org.mx\/wp-content\/uploads\/2018\/03\/14524434_1106112876131411_958039263622046936_o.jpg?resize=350%2C200 1x, https:\/\/i0.wp.com\/www.grieta.org.mx\/wp-content\/uploads\/2018\/03\/14524434_1106112876131411_958039263622046936_o.jpg?resize=525%2C300 1.5x, https:\/\/i0.wp.com\/www.grieta.org.mx\/wp-content\/uploads\/2018\/03\/14524434_1106112876131411_958039263622046936_o.jpg?resize=700%2C400 2x"},"classes":[]}],"_links":{"self":[{"href":"http:\/\/www.grieta.org.mx\/index.php\/wp-json\/wp\/v2\/posts\/16245","targetHints":{"allow":["GET"]}}],"collection":[{"href":"http:\/\/www.grieta.org.mx\/index.php\/wp-json\/wp\/v2\/posts"}],"about":[{"href":"http:\/\/www.grieta.org.mx\/index.php\/wp-json\/wp\/v2\/types\/post"}],"author":[{"embeddable":true,"href":"http:\/\/www.grieta.org.mx\/index.php\/wp-json\/wp\/v2\/users\/2"}],"replies":[{"embeddable":true,"href":"http:\/\/www.grieta.org.mx\/index.php\/wp-json\/wp\/v2\/comments?post=16245"}],"version-history":[{"count":1,"href":"http:\/\/www.grieta.org.mx\/index.php\/wp-json\/wp\/v2\/posts\/16245\/revisions"}],"predecessor-version":[{"id":16247,"href":"http:\/\/www.grieta.org.mx\/index.php\/wp-json\/wp\/v2\/posts\/16245\/revisions\/16247"}],"wp:featuredmedia":[{"embeddable":true,"href":"http:\/\/www.grieta.org.mx\/index.php\/wp-json\/wp\/v2\/media\/21928"}],"wp:attachment":[{"href":"http:\/\/www.grieta.org.mx\/index.php\/wp-json\/wp\/v2\/media?parent=16245"}],"wp:term":[{"taxonomy":"category","embeddable":true,"href":"http:\/\/www.grieta.org.mx\/index.php\/wp-json\/wp\/v2\/categories?post=16245"},{"taxonomy":"post_tag","embeddable":true,"href":"http:\/\/www.grieta.org.mx\/index.php\/wp-json\/wp\/v2\/tags?post=16245"}],"curies":[{"name":"wp","href":"https:\/\/api.w.org\/{rel}","templated":true}]}}