{"id":16232,"date":"2016-05-02T01:26:28","date_gmt":"2016-05-02T06:26:28","guid":{"rendered":"http:\/\/www.grieta.org.mx\/?p=16232"},"modified":"2016-07-09T01:45:11","modified_gmt":"2016-07-09T06:45:11","slug":"sindicato-liberal-se-manifiesta-en-contra-del-ayuntamiento-de-madero","status":"publish","type":"post","link":"http:\/\/www.grieta.org.mx\/index.php\/2016\/05\/02\/sindicato-liberal-se-manifiesta-en-contra-del-ayuntamiento-de-madero\/","title":{"rendered":"Sindicato Liberal se manifiesta en contra del Ayuntamiento de Madero"},"content":{"rendered":"<p>Isaac Molina Zapata<\/p>\n<p><img decoding=\"async\" data-attachment-id=\"16235\" data-permalink=\"http:\/\/www.grieta.org.mx\/index.php\/2016\/05\/02\/sindicato-liberal-se-manifiesta-en-contra-del-ayuntamiento-de-madero\/sindicato\/\" data-orig-file=\"http:\/\/www.grieta.org.mx\/wp-content\/uploads\/2016\/07\/sindicato.jpg\" data-orig-size=\"518,370\" data-comments-opened=\"0\" data-image-meta=\"{&quot;aperture&quot;:&quot;0&quot;,&quot;credit&quot;:&quot;&quot;,&quot;camera&quot;:&quot;&quot;,&quot;caption&quot;:&quot;&quot;,&quot;created_timestamp&quot;:&quot;0&quot;,&quot;copyright&quot;:&quot;&quot;,&quot;focal_length&quot;:&quot;0&quot;,&quot;iso&quot;:&quot;0&quot;,&quot;shutter_speed&quot;:&quot;0&quot;,&quot;title&quot;:&quot;&quot;,&quot;orientation&quot;:&quot;0&quot;}\" data-image-title=\"sindicato\" data-image-description=\"\" data-image-caption=\"\" data-medium-file=\"http:\/\/www.grieta.org.mx\/wp-content\/uploads\/2016\/07\/sindicato-300x214.jpg\" data-large-file=\"http:\/\/www.grieta.org.mx\/wp-content\/uploads\/2016\/07\/sindicato.jpg\" src=\"http:\/\/www.grieta.org.mx\/wp-content\/uploads\/2016\/07\/sindicato.jpg\" alt=\"sindicato\" width=\"100%\" class=\"aligncenter size-full wp-image-16235\" srcset=\"http:\/\/www.grieta.org.mx\/wp-content\/uploads\/2016\/07\/sindicato.jpg 518w, http:\/\/www.grieta.org.mx\/wp-content\/uploads\/2016\/07\/sindicato-300x214.jpg 300w\" sizes=\"(max-width: 518px) 100vw, 518px\" \/><\/p>\n<p>Con plant\u00f3n indefinido, trabajadores exigen la firma del contrato colectivo de trabajo<\/p>\n<p>Desde hace un a\u00f1o les prometieron prestaciones a todos los integrantes del gremio, y no les han cumplido<\/p>\n<p>Ciudad Madero, Tam.- Exactamente un a\u00f1o despu\u00e9s que se registr\u00f3 un plant\u00f3n que dur\u00f3 40 d\u00edas en la explanada del ayuntamiento de Ciudad Madero, \u00e9ste realizado por los trabajadores integrantes del Sindicato Liberal al servicio del municipio maderense, esta acci\u00f3n se vuelve a repetir.<\/p>\n<p>Y es que el domingo primero de mayo, justo al t\u00e9rmino del desfile conmemorativo a esta fecha, los empleados municipales integrantes de este gremio acudieron al ayuntamiento y se plantaron de manera permanente, tal como ocurri\u00f3 el 1 de mayo del 2015.<\/p>\n<p>Rosario C\u00e1rdenas Herrera, secretaria general del Sindicato Liberal Democr\u00e1tico, se\u00f1al\u00f3 que esta acci\u00f3n es en respuesta a la nula atenci\u00f3n y al incumplimiento que se ha tenido por parte de la administraci\u00f3n maderense durante los recientes 365 d\u00edas transcurridos.<\/p>\n<p>\u201cHace un a\u00f1o estuvimos aqu\u00ed y nos levantamos con promesas, como el homologar el salario a los trabajadores, de que se iba a firmar un contrato colectivo, porque est\u00e1 apegado a ley, por las reformas que hubo, que se nos iba a dar lo que ahorita tanto se trill\u00f3 en el evento del d\u00eda del trabajo, igualdad de derechos laborales\u201d, destac\u00f3.<\/p>\n<p>Dijo que la autoridad municipal no ha cumplido al 100 por ciento, ya que s\u00f3lo les han dado \u201cmigajas\u201d, quedando muchos pendientes, entre ellos el contrato colectivo de trabajo para todos los miembros de esta agrupaci\u00f3n, lo cual es urgente debido a que la administraci\u00f3n est\u00e1 por terminar.<\/p>\n<p>C\u00e1rdenas Herrera, destac\u00f3 que estar\u00e1n de nueva cuenta el tiempo que sea necesario hasta que puedan dialogar con el presidente municipal, esto para que se les cumpla con la promesa que se les hizo desde hace un a\u00f1o.<\/p>\n<p><a href=\"http:\/\/avancesmante.com\/?p=44206\" target=\"_blank\">http:\/\/avancesmante.com\/?p=44206<\/a><\/p>\n","protected":false},"excerpt":{"rendered":"<p>Isaac Molina Zapata Con plant\u00f3n indefinido, trabajadores exigen la firma del contrato colectivo de trabajo Desde hace un a\u00f1o les prometieron prestaciones a todos los integrantes del gremio, y no &hellip; <a href=\"http:\/\/www.grieta.org.mx\/index.php\/2016\/05\/02\/sindicato-liberal-se-manifiesta-en-contra-del-ayuntamiento-de-madero\/\" class=\"more-link\">Leer m\u00e1s<\/a><\/p>\n","protected":false},"author":2,"featured_media":21928,"comment_status":"closed","ping_status":"closed","sticky":false,"template":"","format":"standard","meta":{"ngg_post_thumbnail":0,"_jetpack_newsletter_access":"","_jetpack_dont_email_post_to_subs":false,"_jetpack_newsletter_tier_id":0,"_jetpack_memberships_contains_paywalled_content":false,"_jetpack_memberships_contains_paid_content":false,"footnotes":""},"categories":[80,259],"tags":[777,634,778,147],"class_list":["post-16232","post","type-post","status-publish","format-standard","has-post-thumbnail","hentry","category-cintillo","category-tamaulipas","tag-ciudad-madero","tag-condiciones-laborales","tag-sindicato","tag-trabajo","entry"],"jetpack_featured_media_url":"http:\/\/www.grieta.org.mx\/wp-content\/uploads\/2018\/03\/14524434_1106112876131411_958039263622046936_o.jpg","jetpack_sharing_enabled":true,"jetpack_shortlink":"https:\/\/wp.me\/p7ZJR4-4dO","jetpack_likes_enabled":false,"jetpack-related-posts":[{"id":16240,"url":"http:\/\/www.grieta.org.mx\/index.php\/2016\/06\/15\/sin-avance-conflicto-entre-sindicato-liberal-vs-ayuntamiento-de-madero\/","url_meta":{"origin":16232,"position":0},"title":"Sin avance conflicto entre sindicato liberal -vs-ayuntamiento de Madero","author":"grieta","date":"15 junio, 2016","format":false,"excerpt":"Omar Lara Mart\u00ednez Madero, Tamaulipas.- A 45 d\u00edas del inicio del plant\u00f3n de trabajadores integrantes del sindicato liberal democr\u00e1tico al servicio del ayuntamiento de Ciudad Madero, siguen sin resolverse esta problem\u00e1tica, por lo que los empleados est\u00e1n dispuestos a continuar en la explanada del ayuntamiento hasta que llegue la siguiente\u2026","rel":"","context":"En &quot;CINTILLO&quot;","block_context":{"text":"CINTILLO","link":"http:\/\/www.grieta.org.mx\/index.php\/category\/cintillo\/"},"img":{"alt_text":"","src":"https:\/\/i0.wp.com\/www.grieta.org.mx\/wp-content\/uploads\/2018\/03\/14524434_1106112876131411_958039263622046936_o.jpg?resize=350%2C200","width":350,"height":200,"srcset":"https:\/\/i0.wp.com\/www.grieta.org.mx\/wp-content\/uploads\/2018\/03\/14524434_1106112876131411_958039263622046936_o.jpg?resize=350%2C200 1x, https:\/\/i0.wp.com\/www.grieta.org.mx\/wp-content\/uploads\/2018\/03\/14524434_1106112876131411_958039263622046936_o.jpg?resize=525%2C300 1.5x, https:\/\/i0.wp.com\/www.grieta.org.mx\/wp-content\/uploads\/2018\/03\/14524434_1106112876131411_958039263622046936_o.jpg?resize=700%2C400 2x"},"classes":[]},{"id":16227,"url":"http:\/\/www.grieta.org.mx\/index.php\/2016\/07\/09\/planton-de-trabajadores-del-ayuntamiento-de-ciudad-madero-exigiendo-firma-de-su-contrato-colectivo\/","url_meta":{"origin":16232,"position":1},"title":"Plant\u00f3n de trabajadores del Ayuntamiento de Ciudad Madero exigiendo firma de su contrato colectivo","author":"grieta","date":"9 julio, 2016","format":false,"excerpt":"01\/07\/16. Llevan 62 d\u00edas en huelga (Tamps)Expreso.press 15\/06\/16. Sin avance conflicto entre sindicato liberal -vs-ayuntamiento de MaderoNoticias Tampico 02\/06\/16. Sin resolverse peticiones de Sindicato en Ciudad MaderoHoy Tamaulipas 12\/05\/16. Indolentes las autoridades del ayuntamiento: SindicatoInfo Red Tamaulipas 03\/05\/16. Sindicato Liberal se manifiesta en contra del Ayuntamiento de MaderoAvances 11\/07\/15. Busca\u2026","rel":"","context":"En &quot;NOTICIAS NACIONALES&quot;","block_context":{"text":"NOTICIAS NACIONALES","link":"http:\/\/www.grieta.org.mx\/index.php\/category\/noticias-nacionales\/"},"img":{"alt_text":"","src":"https:\/\/i0.wp.com\/www.grieta.org.mx\/wp-content\/uploads\/2018\/03\/14524434_1106112876131411_958039263622046936_o.jpg?resize=350%2C200","width":350,"height":200,"srcset":"https:\/\/i0.wp.com\/www.grieta.org.mx\/wp-content\/uploads\/2018\/03\/14524434_1106112876131411_958039263622046936_o.jpg?resize=350%2C200 1x, https:\/\/i0.wp.com\/www.grieta.org.mx\/wp-content\/uploads\/2018\/03\/14524434_1106112876131411_958039263622046936_o.jpg?resize=525%2C300 1.5x, https:\/\/i0.wp.com\/www.grieta.org.mx\/wp-content\/uploads\/2018\/03\/14524434_1106112876131411_958039263622046936_o.jpg?resize=700%2C400 2x"},"classes":[]},{"id":16249,"url":"http:\/\/www.grieta.org.mx\/index.php\/2016\/06\/02\/sin-resolverse-peticiones-de-sindicato-en-ciudad-madero\/","url_meta":{"origin":16232,"position":2},"title":"Sin resolverse peticiones de Sindicato en Ciudad Madero","author":"grieta","date":"2 junio, 2016","format":false,"excerpt":"Por: Carlos Ju\u00e1rez A pesar de que ya llevan un mes de plant\u00f3n en la explanada del Ayuntamiento maderense, indic\u00f3 la secretaria del Sindicato Liberal, Rosario C\u00e1rdenas El plant\u00f3n por parte de los sindicalizados en Madero sigue sin soluci\u00f3n, expres\u00f3 la secretaria del Sindicato Liberal, Rosario C\u00e1rdenas Herrera Ciudad Madero,\u2026","rel":"","context":"En &quot;CINTILLO&quot;","block_context":{"text":"CINTILLO","link":"http:\/\/www.grieta.org.mx\/index.php\/category\/cintillo\/"},"img":{"alt_text":"","src":"https:\/\/i0.wp.com\/www.grieta.org.mx\/wp-content\/uploads\/2018\/03\/14524434_1106112876131411_958039263622046936_o.jpg?resize=350%2C200","width":350,"height":200,"srcset":"https:\/\/i0.wp.com\/www.grieta.org.mx\/wp-content\/uploads\/2018\/03\/14524434_1106112876131411_958039263622046936_o.jpg?resize=350%2C200 1x, https:\/\/i0.wp.com\/www.grieta.org.mx\/wp-content\/uploads\/2018\/03\/14524434_1106112876131411_958039263622046936_o.jpg?resize=525%2C300 1.5x, https:\/\/i0.wp.com\/www.grieta.org.mx\/wp-content\/uploads\/2018\/03\/14524434_1106112876131411_958039263622046936_o.jpg?resize=700%2C400 2x"},"classes":[]},{"id":16237,"url":"http:\/\/www.grieta.org.mx\/index.php\/2015\/07\/11\/busca-derechos-y-prestaciones-sindicato-liberal-en-ciudad-madero\/","url_meta":{"origin":16232,"position":3},"title":"Busca derechos y prestaciones Sindicato Liberal en Ciudad Madero","author":"grieta","date":"11 julio, 2015","format":false,"excerpt":"Por: Carlos Ju\u00e1rez\/Madero Est\u00e1n a la espera de la aprobaci\u00f3n del contrato que presentaron ante el Ayuntamiento para poder laborar conforme a la ley, expres\u00f3 la representante, Rosario C\u00e1rdenas Herrera Ciudad Madero, Tamaulipas.- Los 105 trabajadores agremiados al Sindicato Liberal de Ciudad Madero, est\u00e1n a la espera de la aprobaci\u00f3n\u2026","rel":"","context":"En &quot;CINTILLO&quot;","block_context":{"text":"CINTILLO","link":"http:\/\/www.grieta.org.mx\/index.php\/category\/cintillo\/"},"img":{"alt_text":"","src":"https:\/\/i0.wp.com\/www.grieta.org.mx\/wp-content\/uploads\/2018\/03\/14524434_1106112876131411_958039263622046936_o.jpg?resize=350%2C200","width":350,"height":200,"srcset":"https:\/\/i0.wp.com\/www.grieta.org.mx\/wp-content\/uploads\/2018\/03\/14524434_1106112876131411_958039263622046936_o.jpg?resize=350%2C200 1x, https:\/\/i0.wp.com\/www.grieta.org.mx\/wp-content\/uploads\/2018\/03\/14524434_1106112876131411_958039263622046936_o.jpg?resize=525%2C300 1.5x, https:\/\/i0.wp.com\/www.grieta.org.mx\/wp-content\/uploads\/2018\/03\/14524434_1106112876131411_958039263622046936_o.jpg?resize=700%2C400 2x"},"classes":[]},{"id":16252,"url":"http:\/\/www.grieta.org.mx\/index.php\/2016\/07\/01\/llevan-62-dias-en-huelga-tamps\/","url_meta":{"origin":16232,"position":4},"title":"Llevan 62 d\u00edas en huelga (Tamps)","author":"grieta","date":"1 julio, 2016","format":false,"excerpt":"Jos\u00e9 Luis Rodr\u00edguez CIUDAD MADERO, Tamaulipas.- Suman sesenta y dos d\u00edas frente a la explanada los trabajadores del Sindicato Liberal del Ayuntamiento de Ciudad Madero. Rosario C\u00e1rdenas Herrera, dirigente de la organizaci\u00f3n, advierte que no hay una respuesta favorable para 112 obreros agremiados. La dirigente, acusa a la actual administraci\u00f3n\u2026","rel":"","context":"En &quot;CINTILLO&quot;","block_context":{"text":"CINTILLO","link":"http:\/\/www.grieta.org.mx\/index.php\/category\/cintillo\/"},"img":{"alt_text":"","src":"https:\/\/i0.wp.com\/www.grieta.org.mx\/wp-content\/uploads\/2018\/03\/14524434_1106112876131411_958039263622046936_o.jpg?resize=350%2C200","width":350,"height":200,"srcset":"https:\/\/i0.wp.com\/www.grieta.org.mx\/wp-content\/uploads\/2018\/03\/14524434_1106112876131411_958039263622046936_o.jpg?resize=350%2C200 1x, https:\/\/i0.wp.com\/www.grieta.org.mx\/wp-content\/uploads\/2018\/03\/14524434_1106112876131411_958039263622046936_o.jpg?resize=525%2C300 1.5x, https:\/\/i0.wp.com\/www.grieta.org.mx\/wp-content\/uploads\/2018\/03\/14524434_1106112876131411_958039263622046936_o.jpg?resize=700%2C400 2x"},"classes":[]},{"id":16245,"url":"http:\/\/www.grieta.org.mx\/index.php\/2016\/05\/12\/indolentes-las-autoridades-del-ayuntamiento-sindicato\/","url_meta":{"origin":16232,"position":5},"title":"Indolentes las autoridades  del ayuntamiento: Sindicato","author":"grieta","date":"12 mayo, 2016","format":false,"excerpt":"Erik Huerta Las autoridades municipales se han mostrado indolentes, al no escuchar los reclamos del grupo de sindicalizados que permanecen ya por 12 d\u00edas plantados en las afueras del Palacio Municipal. La Secretaria General del Sindicato Liberal al servicio de la comuna maderense, Rosario C\u00e1rdenas Herrera mencion\u00f3 que existe malestar\u2026","rel":"","context":"En &quot;CINTILLO&quot;","block_context":{"text":"CINTILLO","link":"http:\/\/www.grieta.org.mx\/index.php\/category\/cintillo\/"},"img":{"alt_text":"","src":"https:\/\/i0.wp.com\/www.grieta.org.mx\/wp-content\/uploads\/2018\/03\/14524434_1106112876131411_958039263622046936_o.jpg?resize=350%2C200","width":350,"height":200,"srcset":"https:\/\/i0.wp.com\/www.grieta.org.mx\/wp-content\/uploads\/2018\/03\/14524434_1106112876131411_958039263622046936_o.jpg?resize=350%2C200 1x, https:\/\/i0.wp.com\/www.grieta.org.mx\/wp-content\/uploads\/2018\/03\/14524434_1106112876131411_958039263622046936_o.jpg?resize=525%2C300 1.5x, https:\/\/i0.wp.com\/www.grieta.org.mx\/wp-content\/uploads\/2018\/03\/14524434_1106112876131411_958039263622046936_o.jpg?resize=700%2C400 2x"},"classes":[]}],"_links":{"self":[{"href":"http:\/\/www.grieta.org.mx\/index.php\/wp-json\/wp\/v2\/posts\/16232","targetHints":{"allow":["GET"]}}],"collection":[{"href":"http:\/\/www.grieta.org.mx\/index.php\/wp-json\/wp\/v2\/posts"}],"about":[{"href":"http:\/\/www.grieta.org.mx\/index.php\/wp-json\/wp\/v2\/types\/post"}],"author":[{"embeddable":true,"href":"http:\/\/www.grieta.org.mx\/index.php\/wp-json\/wp\/v2\/users\/2"}],"replies":[{"embeddable":true,"href":"http:\/\/www.grieta.org.mx\/index.php\/wp-json\/wp\/v2\/comments?post=16232"}],"version-history":[{"count":1,"href":"http:\/\/www.grieta.org.mx\/index.php\/wp-json\/wp\/v2\/posts\/16232\/revisions"}],"predecessor-version":[{"id":16236,"href":"http:\/\/www.grieta.org.mx\/index.php\/wp-json\/wp\/v2\/posts\/16232\/revisions\/16236"}],"wp:featuredmedia":[{"embeddable":true,"href":"http:\/\/www.grieta.org.mx\/index.php\/wp-json\/wp\/v2\/media\/21928"}],"wp:attachment":[{"href":"http:\/\/www.grieta.org.mx\/index.php\/wp-json\/wp\/v2\/media?parent=16232"}],"wp:term":[{"taxonomy":"category","embeddable":true,"href":"http:\/\/www.grieta.org.mx\/index.php\/wp-json\/wp\/v2\/categories?post=16232"},{"taxonomy":"post_tag","embeddable":true,"href":"http:\/\/www.grieta.org.mx\/index.php\/wp-json\/wp\/v2\/tags?post=16232"}],"curies":[{"name":"wp","href":"https:\/\/api.w.org\/{rel}","templated":true}]}}