{"id":16216,"date":"2016-04-14T00:57:16","date_gmt":"2016-04-14T05:57:16","guid":{"rendered":"http:\/\/www.grieta.org.mx\/?p=16216"},"modified":"2016-07-09T01:07:23","modified_gmt":"2016-07-09T06:07:23","slug":"bola-de-nieve-protesta-de-enfermeras-tamaulipas","status":"publish","type":"post","link":"http:\/\/www.grieta.org.mx\/index.php\/2016\/04\/14\/bola-de-nieve-protesta-de-enfermeras-tamaulipas\/","title":{"rendered":"Bola de nieve protesta de enfermeras (Tamaulipas)"},"content":{"rendered":"<p>Enrique Jonguitud<\/p>\n<p><img decoding=\"async\" data-attachment-id=\"16219\" data-permalink=\"http:\/\/www.grieta.org.mx\/index.php\/2016\/04\/14\/bola-de-nieve-protesta-de-enfermeras-tamaulipas\/enferrmeras-protestan\/\" data-orig-file=\"http:\/\/www.grieta.org.mx\/wp-content\/uploads\/2016\/04\/enferrmeras-protestan.jpeg\" data-orig-size=\"1280,852\" data-comments-opened=\"0\" data-image-meta=\"{&quot;aperture&quot;:&quot;0&quot;,&quot;credit&quot;:&quot;&quot;,&quot;camera&quot;:&quot;&quot;,&quot;caption&quot;:&quot;&quot;,&quot;created_timestamp&quot;:&quot;0&quot;,&quot;copyright&quot;:&quot;&quot;,&quot;focal_length&quot;:&quot;0&quot;,&quot;iso&quot;:&quot;0&quot;,&quot;shutter_speed&quot;:&quot;0&quot;,&quot;title&quot;:&quot;&quot;,&quot;orientation&quot;:&quot;1&quot;}\" data-image-title=\"enferrmeras-protestan\" data-image-description=\"\" data-image-caption=\"\" data-medium-file=\"http:\/\/www.grieta.org.mx\/wp-content\/uploads\/2016\/04\/enferrmeras-protestan-300x200.jpeg\" data-large-file=\"http:\/\/www.grieta.org.mx\/wp-content\/uploads\/2016\/04\/enferrmeras-protestan-1024x682.jpeg\" src=\"http:\/\/www.grieta.org.mx\/wp-content\/uploads\/2016\/04\/enferrmeras-protestan.jpeg\" alt=\"enferrmeras-protestan\" width=\"100%\" class=\"aligncenter size-full wp-image-16219\" srcset=\"http:\/\/www.grieta.org.mx\/wp-content\/uploads\/2016\/04\/enferrmeras-protestan.jpeg 1280w, http:\/\/www.grieta.org.mx\/wp-content\/uploads\/2016\/04\/enferrmeras-protestan-300x200.jpeg 300w, http:\/\/www.grieta.org.mx\/wp-content\/uploads\/2016\/04\/enferrmeras-protestan-768x511.jpeg 768w, http:\/\/www.grieta.org.mx\/wp-content\/uploads\/2016\/04\/enferrmeras-protestan-1024x682.jpeg 1024w\" sizes=\"(max-width: 1280px) 100vw, 1280px\" \/><\/p>\n<p><strong>Ciudad Victoria.-<\/strong>Una manifestaci\u00f3n m\u00e1s de enfermeras y enfermeros inici\u00f3 este mediod\u00eda en Victoria, con una marcha de protesta exigiendo bases y aumento de sueldo para 2 mil 900 trabajadores.<\/p>\n<p>Los inconformes procedentes de municipios como El Mante, Jaumave. Padilla, Abasolo, Reynosa, Aldama, y Tampico se concentraron en el Paseo M\u00e9ndez y de ah\u00ed marcharon por la calle 17 hasta la Secretar\u00eda de Salud.<\/p>\n<p>\u201cYa va ser la tercera reuni\u00f3n con el Secretario de Salud y queremos una respuesta satisfactoria, no para algunos, ni para cien sino para 2 mil 900 trabajadores que estamos en la misma situaci\u00f3n\u201d, dijo \u00c1ngel D\u00edaz, vocero del movimiento.<\/p>\n<p><a href=\"http:\/\/i0.wp.com\/cntamaulipas.info\/wp-content\/uploads\/2016\/04\/enfermeras-2.jpeg\" rel=\"attachment wp-att-14154\"><img decoding=\"async\" class=\" wp-image-14154 alignleft\" src=\"http:\/\/i0.wp.com\/cntamaulipas.info\/wp-content\/uploads\/2016\/04\/enfermeras-2.jpeg?resize=645%2C429\" alt=\"enfermeras-2\" srcset=\"http:\/\/i0.wp.com\/cntamaulipas.mx\/wp-content\/uploads\/2016\/04\/enfermeras-2.jpeg?w=1280 1280w, http:\/\/i0.wp.com\/cntamaulipas.mx\/wp-content\/uploads\/2016\/04\/enfermeras-2.jpeg?resize=300%2C200 300w, http:\/\/i0.wp.com\/cntamaulipas.mx\/wp-content\/uploads\/2016\/04\/enfermeras-2.jpeg?resize=1024%2C682 1024w\" sizes=\"(max-width: 645px) 100vw, 645px\" data-recalc-dims=\"1\" \/><\/a><\/p>\n<p>Explico que hay quienes desde el 2009 esperan una base y un aumento de salario porque les pagan  mil 670 pesos a la quincena.<\/p>\n<p>D\u00edaz expuso tambi\u00e9n \u201cEstamos enfermeras, m\u00e9dicos, administrativos, personal de intendencia y queremos que ya nos resuelvan esta situaci\u00f3n\u201d.<\/p>\n<p>Explic\u00f3 que se trata de 2 mil 900 eventuales en todos los hospitales del Estado, a quienes les urge una soluci\u00f3n a sus reclamos.<\/p>\n<p>Afirm\u00f3 que entre los trabajadores hay el des\u00e1nimo por los casos de desde el 2009 no pueden ser basificados sin que se les explique por qu\u00e9.<\/p>\n<p><a href=\"http:\/\/i1.wp.com\/cntamaulipas.info\/wp-content\/uploads\/2016\/04\/enfermeras-protsta3.jpeg\" rel=\"attachment wp-att-14155\"><img decoding=\"async\" class=\"alignnone size-full wp-image-14155\" src=\"http:\/\/i1.wp.com\/cntamaulipas.info\/wp-content\/uploads\/2016\/04\/enfermeras-protsta3.jpeg?resize=678%2C451\" alt=\"enfermeras-protsta3\" srcset=\"http:\/\/i1.wp.com\/cntamaulipas.mx\/wp-content\/uploads\/2016\/04\/enfermeras-protsta3.jpeg?w=1280 1280w, http:\/\/i1.wp.com\/cntamaulipas.mx\/wp-content\/uploads\/2016\/04\/enfermeras-protsta3.jpeg?resize=300%2C200 300w, http:\/\/i1.wp.com\/cntamaulipas.mx\/wp-content\/uploads\/2016\/04\/enfermeras-protsta3.jpeg?resize=1024%2C682 1024w\" sizes=\"(max-width: 678px) 100vw, 678px\" data-recalc-dims=\"1\" \/><\/a><\/p>\n<p>D\u00edaz asegur\u00f3 que un grupo de los inconformes analizan la posibilidad de quedarse en un plant\u00f3n permanente ante el edificio de la Secretar\u00eda de Salud hasta que obtengan una respuesta que les satisfaga.<\/p>\n<p><a href=\"http:\/\/cntamaulipas.mx\/2016\/04\/14\/bola-de-nieve-protesta-de-enfermeras\/\" target=\"_blank\">http:\/\/cntamaulipas.mx\/2016\/04\/14\/bola-de-nieve-protesta-de-enfermeras\/<\/a><\/p>\n","protected":false},"excerpt":{"rendered":"<p>Enrique Jonguitud Ciudad Victoria.-Una manifestaci\u00f3n m\u00e1s de enfermeras y enfermeros inici\u00f3 este mediod\u00eda en Victoria, con una marcha de protesta exigiendo bases y aumento de sueldo para 2 mil 900 &hellip; <a href=\"http:\/\/www.grieta.org.mx\/index.php\/2016\/04\/14\/bola-de-nieve-protesta-de-enfermeras-tamaulipas\/\" class=\"more-link\">Leer m\u00e1s<\/a><\/p>\n","protected":false},"author":2,"featured_media":21928,"comment_status":"closed","ping_status":"closed","sticky":false,"template":"","format":"standard","meta":{"ngg_post_thumbnail":0,"_jetpack_newsletter_access":"","_jetpack_dont_email_post_to_subs":false,"_jetpack_newsletter_tier_id":0,"_jetpack_memberships_contains_paywalled_content":false,"_jetpack_memberships_contains_paid_content":false,"footnotes":""},"categories":[80],"tags":[634,617,147],"class_list":["post-16216","post","type-post","status-publish","format-standard","has-post-thumbnail","hentry","category-cintillo","tag-condiciones-laborales","tag-enfermeras","tag-trabajo","entry"],"jetpack_featured_media_url":"http:\/\/www.grieta.org.mx\/wp-content\/uploads\/2018\/03\/14524434_1106112876131411_958039263622046936_o.jpg","jetpack_sharing_enabled":true,"jetpack_shortlink":"https:\/\/wp.me\/p7ZJR4-4dy","jetpack_likes_enabled":false,"jetpack-related-posts":[{"id":1287,"url":"http:\/\/www.grieta.org.mx\/index.php\/2015\/11\/23\/protestan-enfermeras-por-sus-bajos-sueldos\/","url_meta":{"origin":16216,"position":0},"title":"Protestan enfermeras por sus bajos sueldos","author":"grieta","date":"23 noviembre, 2015","format":false,"excerpt":"\u00a0 El pasado viernes personal m\u00e9dico, principalmente del area de enfermeria del Hospital General de G\u00f3mez Palacio,iniciaron con una protesta que dio lugar a que este fin de semana acamparon en el estacionamiento de este nosocomio. Un grupo de enfermeras del Hospital General de G\u00f3mez Palacio se manifest\u00f3 en las\u2026","rel":"","context":"En &quot;CINTILLO&quot;","block_context":{"text":"CINTILLO","link":"http:\/\/www.grieta.org.mx\/index.php\/category\/cintillo\/"},"img":{"alt_text":"","src":"https:\/\/i0.wp.com\/www.grieta.org.mx\/wp-content\/uploads\/2018\/03\/14524434_1106112876131411_958039263622046936_o.jpg?resize=350%2C200","width":350,"height":200,"srcset":"https:\/\/i0.wp.com\/www.grieta.org.mx\/wp-content\/uploads\/2018\/03\/14524434_1106112876131411_958039263622046936_o.jpg?resize=350%2C200 1x, https:\/\/i0.wp.com\/www.grieta.org.mx\/wp-content\/uploads\/2018\/03\/14524434_1106112876131411_958039263622046936_o.jpg?resize=525%2C300 1.5x, https:\/\/i0.wp.com\/www.grieta.org.mx\/wp-content\/uploads\/2018\/03\/14524434_1106112876131411_958039263622046936_o.jpg?resize=700%2C400 2x"},"classes":[]},{"id":15481,"url":"http:\/\/www.grieta.org.mx\/index.php\/2016\/06\/22\/marchan-medicos-enfermeras-y-administrativos-contra-la-reforma-a-la-salud\/","url_meta":{"origin":16216,"position":1},"title":"Marchan m\u00e9dicos, enfermeras y administrativos contra la reforma a la salud (OAX)","author":"grieta","date":"22 junio, 2016","format":false,"excerpt":"Diana Manzo, Oaxaca. Salina Cruz, Oax.- Unos 2 mil trabajadores de la salud entre m\u00e9dicos, enfermeras y administrativos de los Servicios de Salud de Oaxaca, IMSS y del ISSSTE en la regi\u00f3n del Istmo de Tehuantepec, marcharon en el puerto de Salina Cruz contra la reforma a la salud y\u2026","rel":"","context":"En &quot;CINTILLO&quot;","block_context":{"text":"CINTILLO","link":"http:\/\/www.grieta.org.mx\/index.php\/category\/cintillo\/"},"img":{"alt_text":"","src":"https:\/\/i0.wp.com\/www.grieta.org.mx\/wp-content\/uploads\/2018\/03\/14524434_1106112876131411_958039263622046936_o.jpg?resize=350%2C200","width":350,"height":200,"srcset":"https:\/\/i0.wp.com\/www.grieta.org.mx\/wp-content\/uploads\/2018\/03\/14524434_1106112876131411_958039263622046936_o.jpg?resize=350%2C200 1x, https:\/\/i0.wp.com\/www.grieta.org.mx\/wp-content\/uploads\/2018\/03\/14524434_1106112876131411_958039263622046936_o.jpg?resize=525%2C300 1.5x, https:\/\/i0.wp.com\/www.grieta.org.mx\/wp-content\/uploads\/2018\/03\/14524434_1106112876131411_958039263622046936_o.jpg?resize=700%2C400 2x"},"classes":[]},{"id":63373,"url":"http:\/\/www.grieta.org.mx\/index.php\/2022\/02\/12\/enfermeras-quedan-sin-trabajo-y-hasta-mueren-por-covid-19-quintana-roo\/","url_meta":{"origin":16216,"position":2},"title":"Enfermeras quedan sin trabajo y hasta mueren por COVID-19 (Quintana Roo)","author":"grieta","date":"12 febrero, 2022","format":false,"excerpt":"Efr\u00e9n Mart\u00edn \/ La Verdad Al menos el 70 por ciento de los 400 trabajadores de la salud que se desempe\u00f1aban como suplentes y que no fueron recontratados por la Secretar\u00eda de Salud al concluir enero, han dado positivo a COVID-19 y de ellos, ocho fallecieron sin recibir ning\u00fan tipo\u2026","rel":"","context":"En &quot;CINTILLO&quot;","block_context":{"text":"CINTILLO","link":"http:\/\/www.grieta.org.mx\/index.php\/category\/cintillo\/"},"img":{"alt_text":"","src":"https:\/\/i0.wp.com\/www.grieta.org.mx\/wp-content\/uploads\/2022\/02\/Enfermeras-e1644797796592.png?resize=350%2C200","width":350,"height":200,"srcset":"https:\/\/i0.wp.com\/www.grieta.org.mx\/wp-content\/uploads\/2022\/02\/Enfermeras-e1644797796592.png?resize=350%2C200 1x, https:\/\/i0.wp.com\/www.grieta.org.mx\/wp-content\/uploads\/2022\/02\/Enfermeras-e1644797796592.png?resize=525%2C300 1.5x, https:\/\/i0.wp.com\/www.grieta.org.mx\/wp-content\/uploads\/2022\/02\/Enfermeras-e1644797796592.png?resize=700%2C400 2x"},"classes":[]},{"id":15162,"url":"http:\/\/www.grieta.org.mx\/index.php\/2016\/06\/22\/cerca-de-dos-mil-medicos-y-enfermeras-protestaron-en-puebla\/","url_meta":{"origin":16216,"position":3},"title":"Cerca de dos mil m\u00e9dicos y enfermeras protestaron en Puebla","author":"grieta","date":"22 junio, 2016","format":false,"excerpt":"Por Edgar \u00c1vila M\u00e9dicos y enfermeras, con el apoyo de estudiantes universitarios afines, marcharon por el centro de la ciudad de Puebla para sumarse a la jornada nacional de protesta. Cerca de dos mil personas encabezaron la manifestaci\u00f3n que inicio en dos puntos de la ciudad, la primera de ellas\u2026","rel":"","context":"En &quot;CINTILLO&quot;","block_context":{"text":"CINTILLO","link":"http:\/\/www.grieta.org.mx\/index.php\/category\/cintillo\/"},"img":{"alt_text":"","src":"https:\/\/i0.wp.com\/www.grieta.org.mx\/wp-content\/uploads\/2016\/06\/w704-11.jpg?resize=350%2C200","width":350,"height":200,"srcset":"https:\/\/i0.wp.com\/www.grieta.org.mx\/wp-content\/uploads\/2016\/06\/w704-11.jpg?resize=350%2C200 1x, https:\/\/i0.wp.com\/www.grieta.org.mx\/wp-content\/uploads\/2016\/06\/w704-11.jpg?resize=525%2C300 1.5x"},"classes":[]},{"id":48223,"url":"http:\/\/www.grieta.org.mx\/index.php\/2020\/04\/24\/personal-medico-protesta-frente-a-palacio-de-gobierno-en-zacatecas\/","url_meta":{"origin":16216,"position":4},"title":"Personal m\u00e9dico protesta frente a palacio de gobierno en Zacatecas","author":"grieta","date":"24 abril, 2020","format":false,"excerpt":"El personal m\u00e9dico exige una mejora salarial e insumos apropiados para enfrentar los casos de coronavirus dentro de los hospitales del estado. Manuel Chac\u00f3n Zacatecas \/ 24.04.2020 17:50:40 Un grupo de trabajadores, personal m\u00e9dico y enfermeras de los Hospitales Generales de Zona de Fresnillo y Zacatecas, protestaron frente a las\u2026","rel":"","context":"En &quot;CINTILLO&quot;","block_context":{"text":"CINTILLO","link":"http:\/\/www.grieta.org.mx\/index.php\/category\/cintillo\/"},"img":{"alt_text":"","src":"https:\/\/i0.wp.com\/www.grieta.org.mx\/wp-content\/uploads\/2020\/04\/enfermeras-exigen-aumento-salarial-manuel.jpeg?resize=350%2C200","width":350,"height":200,"srcset":"https:\/\/i0.wp.com\/www.grieta.org.mx\/wp-content\/uploads\/2020\/04\/enfermeras-exigen-aumento-salarial-manuel.jpeg?resize=350%2C200 1x, https:\/\/i0.wp.com\/www.grieta.org.mx\/wp-content\/uploads\/2020\/04\/enfermeras-exigen-aumento-salarial-manuel.jpeg?resize=525%2C300 1.5x, https:\/\/i0.wp.com\/www.grieta.org.mx\/wp-content\/uploads\/2020\/04\/enfermeras-exigen-aumento-salarial-manuel.jpeg?resize=700%2C400 2x"},"classes":[]},{"id":33468,"url":"http:\/\/www.grieta.org.mx\/index.php\/2019\/05\/15\/hospital-infantil-de-victoria-sufre-deficit-de-enfermeras-medicos-e-intendentes-tamaulipas\/","url_meta":{"origin":16216,"position":5},"title":"Hospital Infantil de Victoria sufre d\u00e9ficit de enfermeras, m\u00e9dicos e intendentes (Tamaulipas)","author":"grieta","date":"15 mayo, 2019","format":false,"excerpt":"Lupita \u00c1lvarez \/ Gaceta Cd. Victoria, Tamaulipas.- El Hospital Infantil de Ciudad Victoria sufre un d\u00e9ficit de 45 plazas de enfermeras y de 15 m\u00e1s entre m\u00e9dicos, personal de intendencia, de servicios generales y administrativo, debido a que el personal que se jubila no se remplaza por nuevo. El director\u2026","rel":"","context":"En &quot;CINTILLO&quot;","block_context":{"text":"CINTILLO","link":"http:\/\/www.grieta.org.mx\/index.php\/category\/cintillo\/"},"img":{"alt_text":"","src":"https:\/\/i0.wp.com\/www.grieta.org.mx\/wp-content\/uploads\/2019\/05\/Hospital-Infantil-de-Victoria-sufre-d%C3%A9ficit-de-enfermeras-m%C3%A9dicos-e-intendentes-tama-may.jpg?resize=350%2C200","width":350,"height":200},"classes":[]}],"_links":{"self":[{"href":"http:\/\/www.grieta.org.mx\/index.php\/wp-json\/wp\/v2\/posts\/16216","targetHints":{"allow":["GET"]}}],"collection":[{"href":"http:\/\/www.grieta.org.mx\/index.php\/wp-json\/wp\/v2\/posts"}],"about":[{"href":"http:\/\/www.grieta.org.mx\/index.php\/wp-json\/wp\/v2\/types\/post"}],"author":[{"embeddable":true,"href":"http:\/\/www.grieta.org.mx\/index.php\/wp-json\/wp\/v2\/users\/2"}],"replies":[{"embeddable":true,"href":"http:\/\/www.grieta.org.mx\/index.php\/wp-json\/wp\/v2\/comments?post=16216"}],"version-history":[{"count":1,"href":"http:\/\/www.grieta.org.mx\/index.php\/wp-json\/wp\/v2\/posts\/16216\/revisions"}],"predecessor-version":[{"id":16220,"href":"http:\/\/www.grieta.org.mx\/index.php\/wp-json\/wp\/v2\/posts\/16216\/revisions\/16220"}],"wp:featuredmedia":[{"embeddable":true,"href":"http:\/\/www.grieta.org.mx\/index.php\/wp-json\/wp\/v2\/media\/21928"}],"wp:attachment":[{"href":"http:\/\/www.grieta.org.mx\/index.php\/wp-json\/wp\/v2\/media?parent=16216"}],"wp:term":[{"taxonomy":"category","embeddable":true,"href":"http:\/\/www.grieta.org.mx\/index.php\/wp-json\/wp\/v2\/categories?post=16216"},{"taxonomy":"post_tag","embeddable":true,"href":"http:\/\/www.grieta.org.mx\/index.php\/wp-json\/wp\/v2\/tags?post=16216"}],"curies":[{"name":"wp","href":"https:\/\/api.w.org\/{rel}","templated":true}]}}