{"id":1619,"date":"2015-11-16T04:41:57","date_gmt":"2015-11-16T04:41:57","guid":{"rendered":"http:\/\/50.22.11.12\/~grietaor\/?p=1619"},"modified":"2016-03-09T04:44:09","modified_gmt":"2016-03-09T04:44:09","slug":"feminicidios-rostros-desdibujados-cuerpos-que-no-importan","status":"publish","type":"post","link":"http:\/\/www.grieta.org.mx\/index.php\/2015\/11\/16\/feminicidios-rostros-desdibujados-cuerpos-que-no-importan\/","title":{"rendered":"Feminicidios: rostros desdibujados cuerpos que no importan"},"content":{"rendered":"<p>Manuel Amador Vel\u00e1squez<\/p>\n<p>De los rostros que tiene el Estado de M\u00e9xico \u2014pobreza, robo, desempleo, criminalidad, narcotr\u00e1fico, migraci\u00f3n, ausencia de poder\u2014, el de los feminicidios es el m\u00e1s difuso. Desde hace por lo menos dos lustros, la violencia de g\u00e9nero en territorio mexiquense ha sido una constante. Los cad\u00e1veres aparecen en las barrancas y los canales de aguas negras; las escenas est\u00e1n siempre presentes en los peri\u00f3dicos, noticiarios de radio y televisi\u00f3n y en las fotos que ilustran la informaci\u00f3n cotidiana de ese oprobioso problema social que las autoridades no pueden atacar y la sociedad se niega a aceptar.<\/p>\n<p>En la zona perif\u00e9rica, muchos de los feminicidios se comenten en plena calle, a la luz del d\u00eda. Con frecuencia, los vecinos escuchan los gritos de las v\u00edctimas, pero el temor los paraliza. Ah\u00ed, en ese desordenado microcosmos, saturado de desempleo, violencia y muerte, la gente sobrevive inmersa en la precariedad y hacinamiento; pero sobre todo desprotegida por el vac\u00edo de poder. En ese lugar el acceso a la justicia est\u00e1 cancelado: ah\u00ed, debe repetirse, la corrupci\u00f3n, el machismo criminal y la impunidad son moneda corriente.<\/p>\n<p>En los l\u00edmites de la Ciudad de M\u00e9xico se ubican los municipios de Chalco, Valle de Chalco, Tlalnepantla, Toluca, Naucalpan, Tultitl\u00e1n, Ixtapaluca, Cuautitl\u00e1n Izcalli, Chimalhuac\u00e1n, Ecatepec y Nezahualc\u00f3yotl, todos ellos incluidos en el decreto de la Alerta de Violencia de G\u00e9nero (AVG) emitido por el gobierno de Eruviel \u00c1vila Villegas a finales de julio pasado. La mayor\u00eda son zonas son muy precarias y las m\u00e1s pobladas de la entidad. Tanto, que Ecatepec y Nezahualc\u00f3yotl figuran entre los diez municipios del pa\u00eds con mayor n\u00famero de personas en situaci\u00f3n de pobreza extrema, seg\u00fan el reporte del Consejo Nacional de Evaluaci\u00f3n de la Pol\u00edtica de Desarrollo Social (Coneval) de julio pasado.<\/p>\n<p>La declaraci\u00f3n de la AVG aprobada precisamente ese mes por la Secretar\u00eda de Gobernaci\u00f3n a solicitud del gobernador \u00c1vila Villegas, tiene como prop\u00f3sito implementar medidas para combatir la violencia hacia las mujeres, un fen\u00f3meno que azota a los habitantes de los 11 municipios mencionados. Si bien es prematuro saber cu\u00e1les son sus avances, s\u00ed es obligado expresar que esa decisi\u00f3n debi\u00f3 tomarse desde el 18 de marzo de 2011, cuando el Congreso local aprob\u00f3 por unanimidad las reformas legales para prevenir y castigar la violencia contra las mujeres, emanadas del Foro por el Desarrollo Integral y la Plena Participaci\u00f3n de la Mujer realizado el 15 de febrero de ese a\u00f1o.<\/p>\n<p>Desde la emisi\u00f3n de la AVG por parte del gobernador \u00c1vila hasta el pasado 15 de octubre, la Red Denuncia Feminicidios Estado de M\u00e9xico contabiliz\u00f3 23 feminicidios en la entidad a partir de un an\u00e1lisis de material hemerogr\u00e1fico, 12 de los cuales ocurrieron en Ecatepec y dos en Chimalhuac\u00e1n. En la mayor\u00eda de los casos los cuerpos de las v\u00edctimas fueron tirados en bald\u00edos, al parecer desde veh\u00edculos en movimiento. Seg\u00fan la informaci\u00f3n, fueron agredidas con sa\u00f1a por personas cercanas a ellas. Los feminicidas act\u00faan con total impunidad, saben que las autoridades dif\u00edcilmente iniciar\u00e1n una investigaci\u00f3n en estos rec\u00f3nditos lugares donde la autoridad simplemente no existe.<\/p>\n<p>Ese oprobioso silencio, esa complicidad<\/p>\n<p>Aun cuando los rostros de las mujeres agredidas o ejecutadas se desdibujan y engrosan las estad\u00edsticas oficiales, organismos sociales y activistas pro derechos humanos realizan una incansable labor para darles identidad y recuperar sus nombres, y as\u00ed elaborar una memoria colectiva para dejarla como herencia a las generaciones postreras.<\/p>\n<p>El caso de Alejandrina Figueroa Olivo, de 26 a\u00f1os, resulta emblem\u00e1tico. Ella viv\u00eda en Chimalhuac\u00e1n y trabajaba de panadera para mantener a sus hijos. Su c\u00f3nyuge, Guillermo Bernal, de 25, era adicto a las drogas y estaba desempleado. Con frecuencia la insultaba y la golpeaba. Un d\u00eda los familiares de Alejandrina lo denunciaron: llegaron los polic\u00edas y se lo llevaron, pero en lugar de consignarlo le pidieron dinero para liberarlo. El pasado 31 de agosto el cuerpo de Alejandrina fue hallado en su casa. Estaba cubierto de cemento. Hab\u00eda sido apu\u00f1alada por su pareja, quien la enterr\u00f3 y huy\u00f3 con sus hijos.<\/p>\n<p>Los vecinos escucharon los gritos de Alejandrina, pero no acudieron en su auxilio. Pensaron que era una m\u00e1s de las escenas cotidianas; incluso cuando supieron que el esposo la hab\u00eda asesinado tomaron el feminicidio como un asunto cualquiera.<\/p>\n<p>Al cubrir de cemento el cuerpo de su pareja, Guillermo quiso dejar huella de su machismo, demostrar su valor, pero en realidad se dibuj\u00f3 de cuerpo entero como un excluido social. Lo hizo, sin sospecharlo siquiera, en ese reducto social y econ\u00f3mico mexiquense donde a las mujeres se les ha reducido al silencio y a desdibujarles el rostro, a castigarlas por no someterse al patriarca.<\/p>\n<p>Otro caso de ese machismo reactivo es el de Dulce Cristina Pay\u00e1n, de 17 a\u00f1os, quien la noche del 15 de enero de 2012 fue subida por unos j\u00f3venes a una vagoneta. Los hechos ocurrieron en la colonia Hank Gonz\u00e1lez, Ecatepec, el municipio m\u00e1s peligroso de la entidad. Don Pedro, su padre, intent\u00f3 rescatarla. No lo logr\u00f3. Al otro d\u00eda la polic\u00eda lo llev\u00f3 a una vecindad donde estaba el cad\u00e1ver de Dulce Cristina. Ten\u00eda el rostro desfigurado por los golpes propiciados por sus agresores con un autoest\u00e9reo. Tres meses despu\u00e9s, don Pedro atrap\u00f3 al asesino cuando \u00e9ste caminaba por la calle. Cuando don Pedro lo encar\u00f3, el joven le respondi\u00f3 \u201c\u00a1S\u00ed, fui yo! \u00bfY qu\u00e9?\u201d. Han pasado tres a\u00f1os y medio y el asesino no ha sido sentenciado.<\/p>\n<p>En ese contexto, las mujeres han perdido importancia. Se les ha reducido a simple objeto sexual desechable, como le sucedi\u00f3 en febrero pasado a Rosa Isela Ramos, de 19 a\u00f1os, una joven humilde y de rasgos mestizos. Ella fue drogada, violada y lanzada a un cami\u00f3n de basura. Como en muchos casos, su asesinato no se ha resuelto.<\/p>\n<p>Las autoridades minimizan a los marginados como ella. Les han cancelado su derecho a vivir libres y con dignidad, lo que alimenta a los criminales.<\/p>\n<p>En el otro extremo de la metr\u00f3poli, en su \u00faltima orilla, en San Andr\u00e9s de la Ca\u00f1ada, las patolog\u00edas se repiten. El pasado 16 de junio Gabriela Berenice Faustino, una madre soltera de 28 a\u00f1os, sali\u00f3 por leche y pan a las 7 de la ma\u00f1ana. Fue privada de su libertad y torturada. Al final sus agresores la quemaron viva y grabaron la escena. Los familiares de Gabriela Berenice a\u00fan no tienen respuesta de las autoridades. \u201cA ella le hicieron eso como para darnos un mensaje a las mujeres, (para) hacernos creer que no valemos nada. Lo hacen porque saben que nadie har\u00e1 nada (para atraparlos)\u201d, asegura una amiga de Gabriela.<\/p>\n<p>La forma en que fue asesinada es una muestra de la deshumanizaci\u00f3n hacia el sector femenino. Su ejecuci\u00f3n es similar a la de las mujeres del Medio- evo renuentes a someterse a las normas patriarcales y religiosas, a las \u201cbrujas\u201d, quienes eran llevadas a la hoguera. La de Gabriela Berenice es una postal inquisitoria en tiempos del neoliberalismo. Su ejecuci\u00f3n tiene el rostro de pobreza y abandono, de reducci\u00f3n del gasto p\u00fablico y la nula acci\u00f3n del Estado; con los negocios del crimen organizado que ampl\u00edan sus mercados en un espacio social con ausencia de poder y hasta su complicidad en algunos casos. Ello gener\u00f3 un vac\u00edo de justicia y la cancelaci\u00f3n de acceso a los derechos: surgi\u00f3 un pacto social entre lo ilegal y la impunidad que opera silenciosamente.<\/p>\n<p>Otro caso reciente es el de Malena Rojas, de 45 a\u00f1os. Ten\u00eda una tienda de abarrotes que le ayudaba a mantener a sus dos hijas. Hace tres a\u00f1os compr\u00f3 una moto-taxi a plazos y empez\u00f3 a trabajarla en la colonia Santa Clara Coatitla, en Ecatepec. Los bicitaxistas nunca la aceptaron; y del recelo pasa- ron a la intimidaci\u00f3n directa. El 8 de octubre pasado, Malena fue baleada. Los peri\u00f3dicos locales informaron que se trat\u00f3 de un ajuste de cuentas, pero sus vecinos aseguran que fue por ser mujer, por andar \u201cpirateando las rutas\u201d controladas por los bicitaxistas de Ecatepec.<\/p>\n<p>AVG, el discurso oficial<\/p>\n<p>Ac\u00e1, en el Estado de M\u00e9xico, los machos marginales aparecen violentando espacios sociales carentes de oportunidad de trabajo. En esta sociedad de exclusi\u00f3n y frustraci\u00f3n social, a las mujeres se les somete y neutraliza.<\/p>\n<p>En este territorio, el criminal ha sido cobijado por la impunidad. Por eso, la AVG, aunque esperada desde hace a\u00f1os, genera m\u00e1s dudas que certezas. Hasta ahora nadie sabe c\u00f3mo se aplicar\u00e1 ese protocolo. El gobernador \u00c1vila Villegas no detall\u00f3 sus estrategias, ni habl\u00f3 de los presupuestos etiquetados para su ejecuci\u00f3n ni de los focos rojos que deban atacarse.<\/p>\n<p>En suma, nadie sabe de las investigaciones que se pondr\u00e1n en marcha para garantizar justicia, de la implementaci\u00f3n de pol\u00edticas p\u00fablicas multifactoriales para atacar el problema. La violencia de g\u00e9nero se sistematiz\u00f3 en el Estado de M\u00e9xico y proyect\u00f3 una dolorosa paradoja: mientras la mujer se desdibuja, el modelo neoliberal s\u00ed tiene rostro. Es el de la precariedad en el cual los cuerpos femeninos carecen de importancia.<\/p>\n<p>En este escenario cabe preguntar: \u00bfCu\u00e1l ser\u00e1 la estrategia de la AVG en los 11 municipios mexiquenses mencionados? \u00bfQu\u00e9 pasar\u00e1 con el resto del Estado de M\u00e9xico? \u00bfC\u00f3mo asegurar que no se trata s\u00f3lo de un discurso cuya pretensi\u00f3n sea diluir el tema desde el gobierno para liberar las agendas de los funcionarios mexiquenses?<\/p>\n<p><a href=\"http:\/\/www.revistavariopinto.com\/nota.php?id=757&#038;rel=revista&#038;titulo=feminicidios-rostros-desdibujados-cuerpos-que-no-importan\" target=\"_blank\">www.revistavariopinto.com\/nota.php?id=757&#038;rel=revista&#038;titulo=feminicidios-rostros-desdibujados-cuerpos-que-no-importan<\/a><\/p>\n","protected":false},"excerpt":{"rendered":"<p>Manuel Amador Vel\u00e1squez De los rostros que tiene el Estado de M\u00e9xico \u2014pobreza, robo, desempleo, criminalidad, narcotr\u00e1fico, migraci\u00f3n, ausencia de poder\u2014, el de los feminicidios es el m\u00e1s difuso. Desde &hellip; <a href=\"http:\/\/www.grieta.org.mx\/index.php\/2015\/11\/16\/feminicidios-rostros-desdibujados-cuerpos-que-no-importan\/\" class=\"more-link\">Leer m\u00e1s<\/a><\/p>\n","protected":false},"author":2,"featured_media":21928,"comment_status":"closed","ping_status":"open","sticky":false,"template":"","format":"standard","meta":{"ngg_post_thumbnail":0,"_jetpack_newsletter_access":"","_jetpack_dont_email_post_to_subs":false,"_jetpack_newsletter_tier_id":0,"_jetpack_memberships_contains_paywalled_content":false,"_jetpack_memberships_contains_paid_content":false,"footnotes":""},"categories":[80],"tags":[92,81],"class_list":["post-1619","post","type-post","status-publish","format-standard","has-post-thumbnail","hentry","category-cintillo","tag-estado-de-mexico","tag-feminicidios","entry"],"jetpack_featured_media_url":"http:\/\/www.grieta.org.mx\/wp-content\/uploads\/2018\/03\/14524434_1106112876131411_958039263622046936_o.jpg","jetpack_sharing_enabled":true,"jetpack_shortlink":"https:\/\/wp.me\/p7ZJR4-q7","jetpack_likes_enabled":false,"jetpack-related-posts":[{"id":1447,"url":"http:\/\/www.grieta.org.mx\/index.php\/2016\/03\/06\/rostros-de-fuego-protesta-en-un-epicentro-de-feminicidios\/","url_meta":{"origin":1619,"position":0},"title":"Rostros de Fuego: Protesta en un epicentro de feminicidios","author":"grieta","date":"6 marzo, 2016","format":false,"excerpt":"Jes\u00fas Vergara La tarde de este s\u00e1bado (5 de marzo del 2016) un grupo de personas, en su mayor\u00eda mujeres, alzaron la voz en contra de los m\u00faltiples feminicidios y actos de violencia de g\u00e9nero en una de las entidades m\u00e1s afectadas por este terrible problema; nos referimos al Estado\u2026","rel":"","context":"En &quot;CINTILLO&quot;","block_context":{"text":"CINTILLO","link":"http:\/\/www.grieta.org.mx\/index.php\/category\/cintillo\/"},"img":{"alt_text":"","src":"https:\/\/i0.wp.com\/www.grieta.org.mx\/wp-content\/uploads\/2018\/03\/14524434_1106112876131411_958039263622046936_o.jpg?resize=350%2C200","width":350,"height":200,"srcset":"https:\/\/i0.wp.com\/www.grieta.org.mx\/wp-content\/uploads\/2018\/03\/14524434_1106112876131411_958039263622046936_o.jpg?resize=350%2C200 1x, https:\/\/i0.wp.com\/www.grieta.org.mx\/wp-content\/uploads\/2018\/03\/14524434_1106112876131411_958039263622046936_o.jpg?resize=525%2C300 1.5x, https:\/\/i0.wp.com\/www.grieta.org.mx\/wp-content\/uploads\/2018\/03\/14524434_1106112876131411_958039263622046936_o.jpg?resize=700%2C400 2x"},"classes":[]},{"id":2498,"url":"http:\/\/www.grieta.org.mx\/index.php\/2016\/08\/22\/feminicidios-en-el-estado-de-mexico\/","url_meta":{"origin":1619,"position":1},"title":"Feminicidios en el Estado de M\u00e9xico","author":"grieta","date":"22 agosto, 2016","format":false,"excerpt":"22\/08\/16. Crecen violencia machista y n\u00famero de mujeres desaparecidasTres PM 10\/08\/16. Once feminicidios violentos en una semana en Edo. de M\u00e9xicoDiario Cambio 02\/08\/16. AVG Edomex, un a\u00f1o de omisi\u00f3n y discurso medi\u00e1ticoSomos el Medio 26\/07\/16. La Alerta de G\u00e9nero cumple 1 a\u00f1o, y nada: Edomex no mueve un dedo contra\u2026","rel":"","context":"En &quot;Estado de M\u00e9xico&quot;","block_context":{"text":"Estado de M\u00e9xico","link":"http:\/\/www.grieta.org.mx\/index.php\/category\/noticias-nacionales\/estado-de-mexico\/"},"img":{"alt_text":"","src":"https:\/\/i0.wp.com\/www.grieta.org.mx\/wp-content\/uploads\/2018\/03\/14524434_1106112876131411_958039263622046936_o.jpg?resize=350%2C200","width":350,"height":200,"srcset":"https:\/\/i0.wp.com\/www.grieta.org.mx\/wp-content\/uploads\/2018\/03\/14524434_1106112876131411_958039263622046936_o.jpg?resize=350%2C200 1x, https:\/\/i0.wp.com\/www.grieta.org.mx\/wp-content\/uploads\/2018\/03\/14524434_1106112876131411_958039263622046936_o.jpg?resize=525%2C300 1.5x, https:\/\/i0.wp.com\/www.grieta.org.mx\/wp-content\/uploads\/2018\/03\/14524434_1106112876131411_958039263622046936_o.jpg?resize=700%2C400 2x"},"classes":[]},{"id":54762,"url":"http:\/\/www.grieta.org.mx\/index.php\/2020\/11\/03\/catrinas-marchan-contra-los-feminicidios-en-colima\/","url_meta":{"origin":1619,"position":2},"title":"Catrinas marchan contra los feminicidios en Colima","author":"grieta","date":"3 noviembre, 2020","format":false,"excerpt":"Foto: Moserrat C\u00e1rdenas Con el objetivo de visibilizar la violencia contra las mujeres en Colima, mujeres feministas caracterizadas de catrinas, realizaron una marcha por las principales calles de esta ciudad para denunciar y exigir justicia para todas las mujeres asesinada.\u00a0 Redacci\u00f3n \/ Somos El Medio Vestidas de catrinas, con flores\u2026","rel":"","context":"En &quot;CINTILLO&quot;","block_context":{"text":"CINTILLO","link":"http:\/\/www.grieta.org.mx\/index.php\/category\/cintillo\/"},"img":{"alt_text":"","src":"https:\/\/i0.wp.com\/www.grieta.org.mx\/wp-content\/uploads\/2020\/11\/MG_3108.jpg?resize=350%2C200","width":350,"height":200,"srcset":"https:\/\/i0.wp.com\/www.grieta.org.mx\/wp-content\/uploads\/2020\/11\/MG_3108.jpg?resize=350%2C200 1x, https:\/\/i0.wp.com\/www.grieta.org.mx\/wp-content\/uploads\/2020\/11\/MG_3108.jpg?resize=525%2C300 1.5x, https:\/\/i0.wp.com\/www.grieta.org.mx\/wp-content\/uploads\/2020\/11\/MG_3108.jpg?resize=700%2C400 2x, https:\/\/i0.wp.com\/www.grieta.org.mx\/wp-content\/uploads\/2020\/11\/MG_3108.jpg?resize=1050%2C600 3x"},"classes":[]},{"id":30911,"url":"http:\/\/www.grieta.org.mx\/index.php\/2019\/03\/08\/al-menos-siete-feminicidios-mensuales-de-ninas-y-adolescentes-redim\/","url_meta":{"origin":1619,"position":3},"title":"Al menos siete feminicidios mensuales de ni\u00f1as y adolescentes: REDIM","author":"grieta","date":"8 marzo, 2019","format":false,"excerpt":"L\u00f3pez D\u00f3riga Digital La cifra de adolescentes v\u00edctimas de feminicidios a nivel nacional se duplic\u00f3 de 2015 a 2018, al pasar de 422 a 861 casos La Red por los Derechos de la Infancia en M\u00e9xico (REDIM) asegur\u00f3 que la violencia machista y omisi\u00f3n de las autoridades son responsables de\u2026","rel":"","context":"En &quot;Chihuahua&quot;","block_context":{"text":"Chihuahua","link":"http:\/\/www.grieta.org.mx\/index.php\/category\/noticias-nacionales\/chihuahua\/"},"img":{"alt_text":"","src":"https:\/\/i0.wp.com\/www.grieta.org.mx\/wp-content\/uploads\/2019\/03\/Al-menos-siete-feminicidios-mensuales-de-ni%C3%B1as-y-adolescentes-REDIM-nl-mzo.jpg?resize=350%2C200","width":350,"height":200,"srcset":"https:\/\/i0.wp.com\/www.grieta.org.mx\/wp-content\/uploads\/2019\/03\/Al-menos-siete-feminicidios-mensuales-de-ni%C3%B1as-y-adolescentes-REDIM-nl-mzo.jpg?resize=350%2C200 1x, https:\/\/i0.wp.com\/www.grieta.org.mx\/wp-content\/uploads\/2019\/03\/Al-menos-siete-feminicidios-mensuales-de-ni%C3%B1as-y-adolescentes-REDIM-nl-mzo.jpg?resize=525%2C300 1.5x, https:\/\/i0.wp.com\/www.grieta.org.mx\/wp-content\/uploads\/2019\/03\/Al-menos-siete-feminicidios-mensuales-de-ni%C3%B1as-y-adolescentes-REDIM-nl-mzo.jpg?resize=700%2C400 2x"},"classes":[]},{"id":2345,"url":"http:\/\/www.grieta.org.mx\/index.php\/2016\/03\/08\/rostros-de-fuego-del-bordo-a-la-esperanza\/","url_meta":{"origin":1619,"position":4},"title":"Rostros de fuego, del Bordo a la Esperanza","author":"grieta","date":"8 marzo, 2016","format":false,"excerpt":"Paco Dorado Estado de M\u00e9xico, 08 de marzo de 2016.- El pasado y en el marco rumbo a la conmemoraci\u00f3n del D\u00eda Internacional de la Mujer, la Red Denuncia Feminicidios Estado de M\u00e9xico convoc\u00f3 a una movilizaci\u00f3n para exigir un alto a los femimicidios en el Estado de M\u00e9xico. Fue\u2026","rel":"","context":"En &quot;CINTILLO&quot;","block_context":{"text":"CINTILLO","link":"http:\/\/www.grieta.org.mx\/index.php\/category\/cintillo\/"},"img":{"alt_text":"","src":"https:\/\/i0.wp.com\/www.grieta.org.mx\/wp-content\/uploads\/2018\/03\/14524434_1106112876131411_958039263622046936_o.jpg?resize=350%2C200","width":350,"height":200,"srcset":"https:\/\/i0.wp.com\/www.grieta.org.mx\/wp-content\/uploads\/2018\/03\/14524434_1106112876131411_958039263622046936_o.jpg?resize=350%2C200 1x, https:\/\/i0.wp.com\/www.grieta.org.mx\/wp-content\/uploads\/2018\/03\/14524434_1106112876131411_958039263622046936_o.jpg?resize=525%2C300 1.5x, https:\/\/i0.wp.com\/www.grieta.org.mx\/wp-content\/uploads\/2018\/03\/14524434_1106112876131411_958039263622046936_o.jpg?resize=700%2C400 2x"},"classes":[]},{"id":55453,"url":"http:\/\/www.grieta.org.mx\/index.php\/2020\/11\/22\/colectivos-protestan-colgando-mantas-en-toluca-ante-el-aumento-de-femenicidios-estado-de-mexico\/","url_meta":{"origin":1619,"position":5},"title":"Colectivos protestan colgando mantas en Toluca ante el aumento de femenicidios (Estado de M\u00e9xico)","author":"grieta","date":"22 noviembre, 2020","format":false,"excerpt":"Foto tomada de: ADNoticias V\u00edctor Castillo \/ ADNoticias Hasta octubre en el Estado de M\u00e9xico se han contabilizado 119 casos de feminicidio Integrantes de colectivos feministas colocaron este s\u00e1bado mantas sobre un puente peatonal en Paseo Tollocan, en protesta por los feminicidios en el Estado de M\u00e9xico. Esto se suma\u2026","rel":"","context":"En &quot;CINTILLO&quot;","block_context":{"text":"CINTILLO","link":"http:\/\/www.grieta.org.mx\/index.php\/category\/cintillo\/"},"img":{"alt_text":"","src":"https:\/\/i0.wp.com\/www.grieta.org.mx\/wp-content\/uploads\/2020\/11\/Colectivos-protestan-colgando-mantas-en-Toluca-ante-el-aumento-de-femenicidios-edomex-nov.jpg?resize=350%2C200","width":350,"height":200,"srcset":"https:\/\/i0.wp.com\/www.grieta.org.mx\/wp-content\/uploads\/2020\/11\/Colectivos-protestan-colgando-mantas-en-Toluca-ante-el-aumento-de-femenicidios-edomex-nov.jpg?resize=350%2C200 1x, https:\/\/i0.wp.com\/www.grieta.org.mx\/wp-content\/uploads\/2020\/11\/Colectivos-protestan-colgando-mantas-en-Toluca-ante-el-aumento-de-femenicidios-edomex-nov.jpg?resize=525%2C300 1.5x, https:\/\/i0.wp.com\/www.grieta.org.mx\/wp-content\/uploads\/2020\/11\/Colectivos-protestan-colgando-mantas-en-Toluca-ante-el-aumento-de-femenicidios-edomex-nov.jpg?resize=700%2C400 2x"},"classes":[]}],"_links":{"self":[{"href":"http:\/\/www.grieta.org.mx\/index.php\/wp-json\/wp\/v2\/posts\/1619","targetHints":{"allow":["GET"]}}],"collection":[{"href":"http:\/\/www.grieta.org.mx\/index.php\/wp-json\/wp\/v2\/posts"}],"about":[{"href":"http:\/\/www.grieta.org.mx\/index.php\/wp-json\/wp\/v2\/types\/post"}],"author":[{"embeddable":true,"href":"http:\/\/www.grieta.org.mx\/index.php\/wp-json\/wp\/v2\/users\/2"}],"replies":[{"embeddable":true,"href":"http:\/\/www.grieta.org.mx\/index.php\/wp-json\/wp\/v2\/comments?post=1619"}],"version-history":[{"count":1,"href":"http:\/\/www.grieta.org.mx\/index.php\/wp-json\/wp\/v2\/posts\/1619\/revisions"}],"predecessor-version":[{"id":1624,"href":"http:\/\/www.grieta.org.mx\/index.php\/wp-json\/wp\/v2\/posts\/1619\/revisions\/1624"}],"wp:featuredmedia":[{"embeddable":true,"href":"http:\/\/www.grieta.org.mx\/index.php\/wp-json\/wp\/v2\/media\/21928"}],"wp:attachment":[{"href":"http:\/\/www.grieta.org.mx\/index.php\/wp-json\/wp\/v2\/media?parent=1619"}],"wp:term":[{"taxonomy":"category","embeddable":true,"href":"http:\/\/www.grieta.org.mx\/index.php\/wp-json\/wp\/v2\/categories?post=1619"},{"taxonomy":"post_tag","embeddable":true,"href":"http:\/\/www.grieta.org.mx\/index.php\/wp-json\/wp\/v2\/tags?post=1619"}],"curies":[{"name":"wp","href":"https:\/\/api.w.org\/{rel}","templated":true}]}}