{"id":1618,"date":"2015-10-25T04:41:55","date_gmt":"2015-10-25T04:41:55","guid":{"rendered":"http:\/\/50.22.11.12\/~grietaor\/?p=1618"},"modified":"2016-03-09T04:45:02","modified_gmt":"2016-03-09T04:45:02","slug":"denuncian-feminicidios-en-edomex-durante-marcha-zombie","status":"publish","type":"post","link":"http:\/\/www.grieta.org.mx\/index.php\/2015\/10\/25\/denuncian-feminicidios-en-edomex-durante-marcha-zombie\/","title":{"rendered":"Denuncian feminicidios en Edomex durante marcha zombie"},"content":{"rendered":"<p>Alejandro Melgoza Domingo<\/p>\n<p>\u201cQueremos irrumpir en un evento que al parecer tiene un vaciamiento de contenido\u201d: Manuel Amador<br \/>\n\u201cNi una m\u00e1s\u201d, denuncian mujeres mexiquenses en la explanada de Bellas Artes<\/p>\n<p>Portaban el atuendo de la muerte: faldas hechas de bolsas de pl\u00e1stico negras y sogas que les sujetaban las mu\u00f1ecas, el cuello. Tambi\u00e9n llevaban un distintivo a un lado de sus ojos, una mariposa colorida dibujada con l\u00e1piz delineador cuyo significado es la \u201ctransformaci\u00f3n\u201d. Son 8 mujeres de distintas generaciones que emulaban la masacre de la identidad y el cuerpo femenino en los m\u00e1s de 20 mil kil\u00f3metros cuadrados del Estado de M\u00e9xico.<\/p>\n<p>Con esa caracterizaci\u00f3n partieron ayer del Monumento a la Revoluci\u00f3n. Entrelazadas de los brazos, caminaron lentamente en silencio, mientras con sus manos cargaban flores. Tra\u00edan papeletas pegadas en sus cuerpos sobre la violencia de g\u00e9nero: \u201cNi una m\u00e1s\u201d. El equipo de la Red de Denuncia Feminicidios en el Edomex irrumpi\u00f3 en aquel contexto de la muerte ficticia: la llamada marcha zombie capitalina que se realiza cada a\u00f1o, como parte de un culto a pel\u00edculas, c\u00f3mics, videojuegos y libros sobre el tema.<\/p>\n<p>\u201cQueremos irrumpir en un evento que al parecer tiene un vaciamiento de contenido\u201d, dijo el activista Manuel Amador a Variopinto, quien lleva casi un a\u00f1o con este performance que empez\u00f3 en Ecatepec, el municipio m\u00e1s feminicida de la entidad, de acuerdo con las tasas oficiales y del Observatorio Ciudadano Nacional del Feminicidio (OCNF). Ahora lleva esta representaci\u00f3n al Distrito Federal, que se encuentra a unos cuantos kil\u00f3metros de esta periferia violenta que, como dice el maestro en derechos humanos, las tiene \u201ccercadas\u201d.<\/p>\n<p>Los ensangrentados con intestinos de fuera y cerebros desbordando, perd\u00edan de pronto la atenci\u00f3n de su propio mundo. Dejaban de carcajear y abr\u00edan paso a las j\u00f3venes. Era un fest\u00edn de gesticulaciones de aceptaci\u00f3n y rechazo. Un sujeto vestido como los cuerpos antimotines de Resident Evil dijo entre dientes: \u201cDahh, las feministas\u201d. Otras, en su mayor\u00eda madres de familia y adolescentes, aplaud\u00edan y tomaban fotograf\u00edas: \u201cEso s\u00ed est\u00e1 ching\u00f3n para que veas [\u2026] Qu\u00e9 bueno que hagan esto chicas\u201d.<\/p>\n<p>Las interrogantes siempre proven\u00edan de las ni\u00f1as y ni\u00f1os muertos-vivientes. Una de ellas, con sus rulos rubios y manchados de anilina roja, le dec\u00eda emocionada a su pap\u00e1 que ellas s\u00ed parec\u00edan zombies, pero que no entend\u00eda qu\u00e9 era el R\u00edo de los Remedios (un punto donde han sido lanzados los cuerpos de chicas en los \u00faltimos a\u00f1os). Otro, con un l\u00e1piz clavado, se puso el dedo \u00edndice derecho en la boca en tanto las ve\u00eda pasar por Avenida Ju\u00e1rez, le jal\u00f3 la mano a su madre y lanz\u00f3 el dardo:<\/p>\n<p>-Fe-mi-ni-ci-dios\u2026 mam\u00e1, \u00bfqu\u00e9 son fe-mi-ni-ci-dios?<\/p>\n<p>-Es cuando matan mujeres. Femi de femenino (sic.).<\/p>\n<p>-Ahhh\u2026 \u00bfpor qu\u00e9 las matan?<\/p>\n<p>-\u2026<\/p>\n<p>Despu\u00e9s aparec\u00edan personajes que contrastaban con esa escena f\u00fanebre: un hombre lobo, un chapul\u00edn colorado, multitud de zombies, enfermeras con gazas por todo el rostro, un tipo con patas de cerdo sanguinolentas e incluso una ni\u00f1a cuya madre le pidi\u00f3 que sostuviera un letrero que rezaba: \u201cFEMINICIDIOS R\u00cdO DE LOS REMEDIOS \u00a1JUSTICIA! (sic.)\u201d.<\/p>\n<p>Una vez que arribaron a la explanada del Palacio de Bellas Artes, donde ya han llevado a cabo esta escenificaci\u00f3n, se colocaron en l\u00ednea horizontal. Subieron su falda de polietileno oscuro hasta cubrirse la mitad del cuerpo. De la cadera a la cabeza. Comenzaron a cantar y a bajar la bolsa como si batallaran para salir, hasta que sus rostros se vieran. \u201cTraemos estas bolsas porque as\u00ed lanzan a las mujeres a los r\u00edos. \u00a1Ya basta de que nos est\u00e9n matando!\u201d, mencion\u00f3 una de ellas.<\/p>\n<p>De igual modo cuestionaron la alerta de g\u00e9nero que, a pesar de emitirse en julio pasado, contin\u00faan estos cr\u00edmenes. El colectivo lanz\u00f3 una frase que vibr\u00f3 entre los espectadores, hombres y mujeres, la cual comenz\u00f3 como un rumor desde la administraci\u00f3n del entonces gobernador, Enrique Pe\u00f1a Nieto, pero que cada vez est\u00e1 m\u00e1s presente: \u201cEdomex ya super\u00f3 a Ciudad Ju\u00e1rez\u201d.<\/p>\n<p><a href=\"http:\/\/www.revistavariopinto.com\/nota.php?id=5730&#038;rel=aldia&#038;titulo=denuncian-feminicidios-en-edomex-durante-marcha-zombie\">www.revistavariopinto.com\/nota.php?id=5730&#038;rel=aldia&#038;titulo=denuncian-feminicidios-en-edomex-durante-marcha-zombie<\/a><\/p>\n","protected":false},"excerpt":{"rendered":"<p>Alejandro Melgoza Domingo \u201cQueremos irrumpir en un evento que al parecer tiene un vaciamiento de contenido\u201d: Manuel Amador \u201cNi una m\u00e1s\u201d, denuncian mujeres mexiquenses en la explanada de Bellas Artes &hellip; <a href=\"http:\/\/www.grieta.org.mx\/index.php\/2015\/10\/25\/denuncian-feminicidios-en-edomex-durante-marcha-zombie\/\" class=\"more-link\">Leer m\u00e1s<\/a><\/p>\n","protected":false},"author":2,"featured_media":21928,"comment_status":"closed","ping_status":"open","sticky":false,"template":"","format":"standard","meta":{"ngg_post_thumbnail":0,"_jetpack_newsletter_access":"","_jetpack_dont_email_post_to_subs":false,"_jetpack_newsletter_tier_id":0,"_jetpack_memberships_contains_paywalled_content":false,"_jetpack_memberships_contains_paid_content":false,"footnotes":""},"categories":[80],"tags":[92,81],"class_list":["post-1618","post","type-post","status-publish","format-standard","has-post-thumbnail","hentry","category-cintillo","tag-estado-de-mexico","tag-feminicidios","entry"],"jetpack_featured_media_url":"http:\/\/www.grieta.org.mx\/wp-content\/uploads\/2018\/03\/14524434_1106112876131411_958039263622046936_o.jpg","jetpack_sharing_enabled":true,"jetpack_shortlink":"https:\/\/wp.me\/p7ZJR4-q6","jetpack_likes_enabled":false,"jetpack-related-posts":[{"id":2367,"url":"http:\/\/www.grieta.org.mx\/index.php\/2015\/03\/08\/con-performance-denuncian-su-hartazgo-de-vivir-con-miedo-de-ser-la-siguiente-desaparecida\/","url_meta":{"origin":1618,"position":0},"title":"Con performance denuncian su hartazgo de vivir con miedo de ser la siguiente desaparecida","author":"grieta","date":"8 marzo, 2015","format":false,"excerpt":"Ecatepec, Estado de M\u00e9xico 8 de febrero 2015.- Alumnas de la Escuela Preparatoria Oficial 128 General Francisco Villa de Ecatepec reclamaron al Gobierno del Estado de M\u00e9xico con un performance la creciente violencia, desapariciones y feminicidios en la entidad. En la explanada de la colonia San Andr\u00e9s de la Ca\u00f1ada,\u2026","rel":"","context":"En &quot;CINTILLO&quot;","block_context":{"text":"CINTILLO","link":"http:\/\/www.grieta.org.mx\/index.php\/category\/cintillo\/"},"img":{"alt_text":"","src":"https:\/\/i0.wp.com\/www.grieta.org.mx\/wp-content\/uploads\/2018\/03\/14524434_1106112876131411_958039263622046936_o.jpg?resize=350%2C200","width":350,"height":200,"srcset":"https:\/\/i0.wp.com\/www.grieta.org.mx\/wp-content\/uploads\/2018\/03\/14524434_1106112876131411_958039263622046936_o.jpg?resize=350%2C200 1x, https:\/\/i0.wp.com\/www.grieta.org.mx\/wp-content\/uploads\/2018\/03\/14524434_1106112876131411_958039263622046936_o.jpg?resize=525%2C300 1.5x, https:\/\/i0.wp.com\/www.grieta.org.mx\/wp-content\/uploads\/2018\/03\/14524434_1106112876131411_958039263622046936_o.jpg?resize=700%2C400 2x"},"classes":[]},{"id":65804,"url":"http:\/\/www.grieta.org.mx\/index.php\/2022\/11\/26\/estado-feminicida-denuncian-colectivos-feministas-vallarta-entre-los-municipios-con-mas-feminicidios-del-pais-jalisco\/","url_meta":{"origin":1618,"position":1},"title":"\u201cEstado feminicida\u201d denuncian colectivos feministas, Vallarta entre los municipios con mas feminicidios del pa\u00eds (Jalisco)","author":"grieta","date":"26 noviembre, 2022","format":false,"excerpt":"Imagen: Tribuna de la Bah\u00eda Carolina G\u00f3mez Agui\u00f1aga \/ Tribuna de la Bah\u00eda Como \u201cEstado feminicida\u201d calificaron los colectivos feministas de Puerto Vallarta a Jalisco durante la marcha que realizaron del Parque de las Mujeres a Los Arcos del Malec\u00f3n en el D\u00eda Internacional de la Eliminaci\u00f3n de la Violencia\u2026","rel":"","context":"En &quot;CINTILLO&quot;","block_context":{"text":"CINTILLO","link":"http:\/\/www.grieta.org.mx\/index.php\/category\/cintillo\/"},"img":{"alt_text":"","src":"https:\/\/i0.wp.com\/www.grieta.org.mx\/wp-content\/uploads\/2022\/11\/marcha-feminista-25-noviembre-2-cover.jpg?resize=350%2C200","width":350,"height":200,"srcset":"https:\/\/i0.wp.com\/www.grieta.org.mx\/wp-content\/uploads\/2022\/11\/marcha-feminista-25-noviembre-2-cover.jpg?resize=350%2C200 1x, https:\/\/i0.wp.com\/www.grieta.org.mx\/wp-content\/uploads\/2022\/11\/marcha-feminista-25-noviembre-2-cover.jpg?resize=525%2C300 1.5x, https:\/\/i0.wp.com\/www.grieta.org.mx\/wp-content\/uploads\/2022\/11\/marcha-feminista-25-noviembre-2-cover.jpg?resize=700%2C400 2x"},"classes":[]},{"id":2498,"url":"http:\/\/www.grieta.org.mx\/index.php\/2016\/08\/22\/feminicidios-en-el-estado-de-mexico\/","url_meta":{"origin":1618,"position":2},"title":"Feminicidios en el Estado de M\u00e9xico","author":"grieta","date":"22 agosto, 2016","format":false,"excerpt":"22\/08\/16. Crecen violencia machista y n\u00famero de mujeres desaparecidasTres PM 10\/08\/16. Once feminicidios violentos en una semana en Edo. de M\u00e9xicoDiario Cambio 02\/08\/16. AVG Edomex, un a\u00f1o de omisi\u00f3n y discurso medi\u00e1ticoSomos el Medio 26\/07\/16. La Alerta de G\u00e9nero cumple 1 a\u00f1o, y nada: Edomex no mueve un dedo contra\u2026","rel":"","context":"En &quot;Estado de M\u00e9xico&quot;","block_context":{"text":"Estado de M\u00e9xico","link":"http:\/\/www.grieta.org.mx\/index.php\/category\/noticias-nacionales\/estado-de-mexico\/"},"img":{"alt_text":"","src":"https:\/\/i0.wp.com\/www.grieta.org.mx\/wp-content\/uploads\/2018\/03\/14524434_1106112876131411_958039263622046936_o.jpg?resize=350%2C200","width":350,"height":200,"srcset":"https:\/\/i0.wp.com\/www.grieta.org.mx\/wp-content\/uploads\/2018\/03\/14524434_1106112876131411_958039263622046936_o.jpg?resize=350%2C200 1x, https:\/\/i0.wp.com\/www.grieta.org.mx\/wp-content\/uploads\/2018\/03\/14524434_1106112876131411_958039263622046936_o.jpg?resize=525%2C300 1.5x, https:\/\/i0.wp.com\/www.grieta.org.mx\/wp-content\/uploads\/2018\/03\/14524434_1106112876131411_958039263622046936_o.jpg?resize=700%2C400 2x"},"classes":[]},{"id":32190,"url":"http:\/\/www.grieta.org.mx\/index.php\/2019\/02\/25\/zumpango-tiene-la-tasa-de-feminicidios-mas-alta-del-estado-de-mexico-5-9-casos-por-cada-100-mil-habitantes\/","url_meta":{"origin":1618,"position":3},"title":"Zumpango tiene la tasa de feminicidios m\u00e1s alta del Estado de M\u00e9xico; 5.9 casos por cada 100 mil habitantes","author":"grieta","date":"25 febrero, 2019","format":false,"excerpt":"Zumpango entre los 21 municipios m\u00e1s peligrosos para las mujeres en el pa\u00eds Zumpango Estado de M\u00e9xico 25 febrero 2019. Dos mil 417 mujeres han sido asesinadas en el estado de M\u00e9xico desde marzo de 2011, cuando se tipific\u00f3 el feminicidio en el Estado de M\u00e9xico, pero s\u00f3lo una quinta\u2026","rel":"","context":"En &quot;CINTILLO&quot;","block_context":{"text":"CINTILLO","link":"http:\/\/www.grieta.org.mx\/index.php\/category\/cintillo\/"},"img":{"alt_text":"","src":"https:\/\/i0.wp.com\/www.grieta.org.mx\/wp-content\/uploads\/2019\/04\/edomex_feminicidios.jpg?resize=350%2C200","width":350,"height":200,"srcset":"https:\/\/i0.wp.com\/www.grieta.org.mx\/wp-content\/uploads\/2019\/04\/edomex_feminicidios.jpg?resize=350%2C200 1x, https:\/\/i0.wp.com\/www.grieta.org.mx\/wp-content\/uploads\/2019\/04\/edomex_feminicidios.jpg?resize=525%2C300 1.5x"},"classes":[]},{"id":7389,"url":"http:\/\/www.grieta.org.mx\/index.php\/2016\/03\/15\/denuncian-alza-de-feminicidios-en-michoacan\/","url_meta":{"origin":1618,"position":4},"title":"Denuncian alza de feminicidios en Michoac\u00e1n","author":"Admin","date":"15 marzo, 2016","format":false,"excerpt":"MORELIA, Mich., 15 de marzo de 2016.- La ma\u00f1ana de este mi\u00e9rcoles la Red de Mujeres Contra la Violencia Feminicida (Revifem) denunci\u00f3 el incremento de feminicidios en Michoac\u00e1n en al menos cuatro regiones de la entidad. Seg\u00fan cifras anunciadas por la Revifem en la entidad 19 de cada 100 mujeres\u2026","rel":"","context":"En &quot;CINTILLO&quot;","block_context":{"text":"CINTILLO","link":"http:\/\/www.grieta.org.mx\/index.php\/category\/cintillo\/"},"img":{"alt_text":"","src":"https:\/\/i0.wp.com\/www.grieta.org.mx\/wp-content\/uploads\/2018\/03\/14524434_1106112876131411_958039263622046936_o.jpg?resize=350%2C200","width":350,"height":200,"srcset":"https:\/\/i0.wp.com\/www.grieta.org.mx\/wp-content\/uploads\/2018\/03\/14524434_1106112876131411_958039263622046936_o.jpg?resize=350%2C200 1x, https:\/\/i0.wp.com\/www.grieta.org.mx\/wp-content\/uploads\/2018\/03\/14524434_1106112876131411_958039263622046936_o.jpg?resize=525%2C300 1.5x, https:\/\/i0.wp.com\/www.grieta.org.mx\/wp-content\/uploads\/2018\/03\/14524434_1106112876131411_958039263622046936_o.jpg?resize=700%2C400 2x"},"classes":[]},{"id":42516,"url":"http:\/\/www.grieta.org.mx\/index.php\/2019\/12\/26\/queremos-vivir-sin-miedo-protestan-por-feminicidio-de-nazaret-estudiante-de-chapingo-estado-de-mexico\/","url_meta":{"origin":1618,"position":5},"title":"Queremos vivir sin miedo\u201d: protestan por feminicidio de Nazaret, estudiante de Chapingo (Estado de M\u00e9xico)","author":"grieta","date":"26 diciembre, 2019","format":false,"excerpt":"@romoblank Animal Pol\u00edtico Los alumnos guardaron un minuto de silencio en honor a su compa\u00f1era estudiante. Estudiantes de la Universidad Aut\u00f3noma de Chapingo, en Texcoco, Estado de M\u00e9xico, protestan por el feminicidio de Nazaret Bautista, alumna de la Preparatoria Agr\u00edcola de esta casa de estudios. El 23 de diciembre, autoridades\u2026","rel":"","context":"En &quot;CINTILLO&quot;","block_context":{"text":"CINTILLO","link":"http:\/\/www.grieta.org.mx\/index.php\/category\/cintillo\/"},"img":{"alt_text":"","src":"https:\/\/i0.wp.com\/www.grieta.org.mx\/wp-content\/uploads\/2019\/12\/Queremos-vivir-sin-miedo-protestan-por-feminicidio-de-Nazaret-estudiante-de-Chapingo-edomex-dic.png?resize=350%2C200","width":350,"height":200,"srcset":"https:\/\/i0.wp.com\/www.grieta.org.mx\/wp-content\/uploads\/2019\/12\/Queremos-vivir-sin-miedo-protestan-por-feminicidio-de-Nazaret-estudiante-de-Chapingo-edomex-dic.png?resize=350%2C200 1x, https:\/\/i0.wp.com\/www.grieta.org.mx\/wp-content\/uploads\/2019\/12\/Queremos-vivir-sin-miedo-protestan-por-feminicidio-de-Nazaret-estudiante-de-Chapingo-edomex-dic.png?resize=525%2C300 1.5x"},"classes":[]}],"_links":{"self":[{"href":"http:\/\/www.grieta.org.mx\/index.php\/wp-json\/wp\/v2\/posts\/1618","targetHints":{"allow":["GET"]}}],"collection":[{"href":"http:\/\/www.grieta.org.mx\/index.php\/wp-json\/wp\/v2\/posts"}],"about":[{"href":"http:\/\/www.grieta.org.mx\/index.php\/wp-json\/wp\/v2\/types\/post"}],"author":[{"embeddable":true,"href":"http:\/\/www.grieta.org.mx\/index.php\/wp-json\/wp\/v2\/users\/2"}],"replies":[{"embeddable":true,"href":"http:\/\/www.grieta.org.mx\/index.php\/wp-json\/wp\/v2\/comments?post=1618"}],"version-history":[{"count":1,"href":"http:\/\/www.grieta.org.mx\/index.php\/wp-json\/wp\/v2\/posts\/1618\/revisions"}],"predecessor-version":[{"id":1625,"href":"http:\/\/www.grieta.org.mx\/index.php\/wp-json\/wp\/v2\/posts\/1618\/revisions\/1625"}],"wp:featuredmedia":[{"embeddable":true,"href":"http:\/\/www.grieta.org.mx\/index.php\/wp-json\/wp\/v2\/media\/21928"}],"wp:attachment":[{"href":"http:\/\/www.grieta.org.mx\/index.php\/wp-json\/wp\/v2\/media?parent=1618"}],"wp:term":[{"taxonomy":"category","embeddable":true,"href":"http:\/\/www.grieta.org.mx\/index.php\/wp-json\/wp\/v2\/categories?post=1618"},{"taxonomy":"post_tag","embeddable":true,"href":"http:\/\/www.grieta.org.mx\/index.php\/wp-json\/wp\/v2\/tags?post=1618"}],"curies":[{"name":"wp","href":"https:\/\/api.w.org\/{rel}","templated":true}]}}