{"id":16134,"date":"2016-07-04T12:30:14","date_gmt":"2016-07-04T17:30:14","guid":{"rendered":"http:\/\/www.grieta.org.mx\/?p=16134"},"modified":"2016-07-08T12:35:25","modified_gmt":"2016-07-08T17:35:25","slug":"ecozone-requiere-de-acompanamiento-ciudadano","status":"publish","type":"post","link":"http:\/\/www.grieta.org.mx\/index.php\/2016\/07\/04\/ecozone-requiere-de-acompanamiento-ciudadano\/","title":{"rendered":"Ecozone requiere de acompa\u00f1amiento ciudadano"},"content":{"rendered":"<p><img loading=\"lazy\" decoding=\"async\" data-attachment-id=\"16135\" data-permalink=\"http:\/\/www.grieta.org.mx\/index.php\/2016\/07\/04\/ecozone-requiere-de-acompanamiento-ciudadano\/ecozone\/\" data-orig-file=\"http:\/\/www.grieta.org.mx\/wp-content\/uploads\/2016\/07\/ecozone.jpg\" data-orig-size=\"615,345\" data-comments-opened=\"0\" data-image-meta=\"{&quot;aperture&quot;:&quot;0&quot;,&quot;credit&quot;:&quot;&quot;,&quot;camera&quot;:&quot;&quot;,&quot;caption&quot;:&quot;&quot;,&quot;created_timestamp&quot;:&quot;0&quot;,&quot;copyright&quot;:&quot;&quot;,&quot;focal_length&quot;:&quot;0&quot;,&quot;iso&quot;:&quot;0&quot;,&quot;shutter_speed&quot;:&quot;0&quot;,&quot;title&quot;:&quot;&quot;,&quot;orientation&quot;:&quot;0&quot;}\" data-image-title=\"ecozone\" data-image-description=\"\" data-image-caption=\"\" data-medium-file=\"http:\/\/www.grieta.org.mx\/wp-content\/uploads\/2016\/07\/ecozone-300x168.jpg\" data-large-file=\"http:\/\/www.grieta.org.mx\/wp-content\/uploads\/2016\/07\/ecozone.jpg\" src=\"http:\/\/www.grieta.org.mx\/wp-content\/uploads\/2016\/07\/ecozone.jpg\" alt=\"ecozone\" width=\"615\" height=\"345\" class=\"aligncenter size-full wp-image-16135\" srcset=\"http:\/\/www.grieta.org.mx\/wp-content\/uploads\/2016\/07\/ecozone.jpg 615w, http:\/\/www.grieta.org.mx\/wp-content\/uploads\/2016\/07\/ecozone-300x168.jpg 300w\" sizes=\"auto, (max-width: 615px) 100vw, 615px\" \/><\/p>\n<p>&#8211; El proyecto que pretende abarcar miles de hect\u00e1reas de la Sierra Cucapah y que contempla la extracci\u00f3n de materiales p\u00e9treos y manejo de residuos peligrosos se present\u00f3 con informaci\u00f3n muy pobre sobre sus efectos al medio ambiente.<\/p>\n<p>TIJUANA.- La preocupaci\u00f3n que la comunidad mexicalense y grupos ambientalistas tienen sobre el proyecto EcoZone, que contempla la instalaci\u00f3n de una planta fotovoltaica, extracci\u00f3n de materiales p\u00e9treos y manejo de residuos peligrosos en la Sierra Cucapah es leg\u00edtima, se\u00f1al\u00f3 Carmelo Zavala \u00c1lvarez.<\/p>\n<p>El director del Centro de Innovaci\u00f3n y Gesti\u00f3n Ambiental (CIGA) expres\u00f3 que este es un proyecto de gran envergadura que requiere de un acompa\u00f1amiento ciudadano.<\/p>\n<p>\u201cEsa fue la propuesta que le hicimos a la Semarnat y a la empresa responsable, que deber\u00eda existir un comit\u00e9 de acompa\u00f1amiento. No se present\u00f3 suficiente informaci\u00f3n del proyecto para evaluar el impacto ambiental que tendr\u00e1\u201d, a\u00f1adi\u00f3.<\/p>\n<p>Proyectos de este tama\u00f1o, indic\u00f3, necesitan ir por un camino de certidumbre, estar acompa\u00f1ados y aceptados por la comunidad porque tienen impactos ambientales positivos y negativos que deben ser conocidos con detalle, y a la poblaci\u00f3n se le debe informar para que est\u00e9 consciente de los riesgos y beneficios.<\/p>\n<p>Zavala \u00c1lvarez, manifest\u00f3 que sin duda alguna la ciudad de Mexicali tiene la necesidad de tener un mejor manejo de residuos de todo tipo no \u00fanicamente los peligrosos.<\/p>\n<p>Coment\u00f3 que el municipio atraviesa por una etapa de manejo de residuos conflictiva y controversial que ocasiona que no se realice de manera adecuada.<\/p>\n<p>\u201cSino tienen arraigo en la comunidad es dif\u00edcil que tengan \u00e9xito estos proyectos, si s\u00f3lo se apoyan en el funcionario o gobierno en turno no alcanzan a usarse porque son etiquetados por una pol\u00edtica de partido\u201d, declar\u00f3.<\/p>\n<p>Destac\u00f3 que incluso la Universidad Nacional Aut\u00f3noma de M\u00e9xico (UNAM) ha mostrado preocupaci\u00f3n porque con la extracci\u00f3n de p\u00e9treos se puede generar una fuente de polvo que perjudique la visibilidad en el observatorio de San Pedro M\u00e1rtir.<\/p>\n<p>\u201cEntiendo que la empresa sigue con sus gestiones y debe hacerlo, me parece que lo que no hizo fue presentar un documento m\u00e1s riguroso, tal vez no contrataron a consultores suficientes para hacerlo\u201d, mencion\u00f3.<\/p>\n<p><a href=\"http:\/\/www.unimexicali.com\/noticias\/bajacalifornia\/422957\/ecozone-requiere-de-acompanamiento-ciudadano.html\" target=\"_blank\">http:\/\/www.unimexicali.com\/noticias\/bajacalifornia\/422957\/ecozone-requiere-de-acompanamiento-ciudadano.html<\/a><\/p>\n","protected":false},"excerpt":{"rendered":"<p>&#8211; El proyecto que pretende abarcar miles de hect\u00e1reas de la Sierra Cucapah y que contempla la extracci\u00f3n de materiales p\u00e9treos y manejo de residuos peligrosos se present\u00f3 con informaci\u00f3n &hellip; <a href=\"http:\/\/www.grieta.org.mx\/index.php\/2016\/07\/04\/ecozone-requiere-de-acompanamiento-ciudadano\/\" class=\"more-link\">Leer m\u00e1s<\/a><\/p>\n","protected":false},"author":2,"featured_media":21928,"comment_status":"closed","ping_status":"closed","sticky":false,"template":"","format":"standard","meta":{"ngg_post_thumbnail":0,"_jetpack_newsletter_access":"","_jetpack_dont_email_post_to_subs":false,"_jetpack_newsletter_tier_id":0,"_jetpack_memberships_contains_paywalled_content":false,"_jetpack_memberships_contains_paid_content":false,"footnotes":""},"categories":[80],"tags":[774,773],"class_list":["post-16134","post","type-post","status-publish","format-standard","has-post-thumbnail","hentry","category-cintillo","tag-ecozone-mx","tag-sierra-cucapah","entry"],"jetpack_featured_media_url":"http:\/\/www.grieta.org.mx\/wp-content\/uploads\/2018\/03\/14524434_1106112876131411_958039263622046936_o.jpg","jetpack_sharing_enabled":true,"jetpack_shortlink":"https:\/\/wp.me\/p7ZJR4-4ce","jetpack_likes_enabled":false,"jetpack-related-posts":[{"id":6559,"url":"http:\/\/www.grieta.org.mx\/index.php\/2016\/03\/26\/activistas-se-manifiestan-en-contra-del-proyecto-ecozone\/","url_meta":{"origin":16134,"position":0},"title":"Activistas se manifiestan en contra del proyecto Ecozone","author":"grieta","date":"26 marzo, 2016","format":false,"excerpt":". Jorge Heras, Mexicali, B.C Colectivos de artistas y activistas se pronunciaron en contra del proyecto habitacional, comercial e industrial que intenta llevar a cabo la empresa Viz Resource Management, S.A. de C.V, filial del corporativo Su Karne. La tarde de este s\u00e1bado, una docena de personas protestaron en el\u2026","rel":"","context":"En &quot;CINTILLO&quot;","block_context":{"text":"CINTILLO","link":"http:\/\/www.grieta.org.mx\/index.php\/category\/cintillo\/"},"img":{"alt_text":"","src":"https:\/\/i0.wp.com\/www.grieta.org.mx\/wp-content\/uploads\/2018\/03\/14524434_1106112876131411_958039263622046936_o.jpg?resize=350%2C200","width":350,"height":200,"srcset":"https:\/\/i0.wp.com\/www.grieta.org.mx\/wp-content\/uploads\/2018\/03\/14524434_1106112876131411_958039263622046936_o.jpg?resize=350%2C200 1x, https:\/\/i0.wp.com\/www.grieta.org.mx\/wp-content\/uploads\/2018\/03\/14524434_1106112876131411_958039263622046936_o.jpg?resize=525%2C300 1.5x, https:\/\/i0.wp.com\/www.grieta.org.mx\/wp-content\/uploads\/2018\/03\/14524434_1106112876131411_958039263622046936_o.jpg?resize=700%2C400 2x"},"classes":[]},{"id":346,"url":"http:\/\/www.grieta.org.mx\/index.php\/2016\/08\/04\/megaproyecto-de-energia-fotovoltaica-en-sierra-cucapa\/","url_meta":{"origin":16134,"position":1},"title":"Megaproyecto en Sierra Cucap\u00e1","author":"grieta","date":"4 agosto, 2016","format":false,"excerpt":"04\/08\/16. Protestan en Semarnat en contra de EcozoneMx La Jornada Baja California 04\/07\/16. Ecozone requiere de acompa\u00f1amiento ciudadano Unimexicali 26\/03\/16. Activistas se manifiestan en contra del proyecto Ecozone La Jornada Baja California 09\/03\/16. Cucap\u00e1s insisten en da\u00f1os que causar\u00eda EcozoneMX La Jornada Baja California 26\/02\/16. Promueven frente ambientalista contra megaproyecto\u2026","rel":"","context":"En &quot;Baja California&quot;","block_context":{"text":"Baja California","link":"http:\/\/www.grieta.org.mx\/index.php\/category\/noticias-nacionales\/baja-california\/"},"img":{"alt_text":"","src":"https:\/\/i0.wp.com\/www.grieta.org.mx\/wp-content\/uploads\/2018\/03\/14524434_1106112876131411_958039263622046936_o.jpg?resize=350%2C200","width":350,"height":200,"srcset":"https:\/\/i0.wp.com\/www.grieta.org.mx\/wp-content\/uploads\/2018\/03\/14524434_1106112876131411_958039263622046936_o.jpg?resize=350%2C200 1x, https:\/\/i0.wp.com\/www.grieta.org.mx\/wp-content\/uploads\/2018\/03\/14524434_1106112876131411_958039263622046936_o.jpg?resize=525%2C300 1.5x, https:\/\/i0.wp.com\/www.grieta.org.mx\/wp-content\/uploads\/2018\/03\/14524434_1106112876131411_958039263622046936_o.jpg?resize=700%2C400 2x"},"classes":[]},{"id":339,"url":"http:\/\/www.grieta.org.mx\/index.php\/2016\/02\/26\/enviarian-a-eu-energia-producida-en-sierra-cucapa\/","url_meta":{"origin":16134,"position":2},"title":"Enviar\u00edan a EU energ\u00eda producida en Sierra Cucap\u00e1","author":"grieta","date":"26 febrero, 2016","format":false,"excerpt":"Febrero 26, 2016 Antonio Heras, Mexicali Con una inversi\u00f3n de casi 10 mil millones de pesos, el Proyecto Integral EcoZone Mx pretende construir la mayor planta fotovoltaica en Am\u00e9rica Latina que destinar\u00e1 su producci\u00f3n al mercado estadunidense. Seg\u00fan las proyecciones ocupar\u00e1 una superficie de mil 203 hect\u00e1reas en la Sierra\u2026","rel":"","context":"En &quot;CINTILLO&quot;","block_context":{"text":"CINTILLO","link":"http:\/\/www.grieta.org.mx\/index.php\/category\/cintillo\/"},"img":{"alt_text":"","src":"https:\/\/i0.wp.com\/www.grieta.org.mx\/wp-content\/uploads\/2018\/03\/14524434_1106112876131411_958039263622046936_o.jpg?resize=350%2C200","width":350,"height":200,"srcset":"https:\/\/i0.wp.com\/www.grieta.org.mx\/wp-content\/uploads\/2018\/03\/14524434_1106112876131411_958039263622046936_o.jpg?resize=350%2C200 1x, https:\/\/i0.wp.com\/www.grieta.org.mx\/wp-content\/uploads\/2018\/03\/14524434_1106112876131411_958039263622046936_o.jpg?resize=525%2C300 1.5x, https:\/\/i0.wp.com\/www.grieta.org.mx\/wp-content\/uploads\/2018\/03\/14524434_1106112876131411_958039263622046936_o.jpg?resize=700%2C400 2x"},"classes":[]},{"id":319,"url":"http:\/\/www.grieta.org.mx\/index.php\/2016\/02\/08\/megaproyecto-amenaza-habitat-en-sierra-cucapa\/","url_meta":{"origin":16134,"position":3},"title":"Megaproyecto amenaza h\u00e1bitat en Sierra Cucap\u00e1","author":"grieta","date":"8 febrero, 2016","format":false,"excerpt":"Febrero 8, 2016 Gabriela Mart\u00ednez y Jorge Heras, Tijuana, B.C. La empresa Viz Resource Management SA de CV pretende construir una de las m\u00e1s grandes plantas de energ\u00eda solar (fotovoltaica) de Am\u00e9rica Latina en 14 mil hect\u00e1reas en la Sierra Cucap\u00e1 del municipio de Mexicali. El proyecto tambi\u00e9n incluye la\u2026","rel":"","context":"En &quot;CINTILLO&quot;","block_context":{"text":"CINTILLO","link":"http:\/\/www.grieta.org.mx\/index.php\/category\/cintillo\/"},"img":{"alt_text":"","src":"https:\/\/i0.wp.com\/www.grieta.org.mx\/wp-content\/uploads\/2018\/03\/14524434_1106112876131411_958039263622046936_o.jpg?resize=350%2C200","width":350,"height":200,"srcset":"https:\/\/i0.wp.com\/www.grieta.org.mx\/wp-content\/uploads\/2018\/03\/14524434_1106112876131411_958039263622046936_o.jpg?resize=350%2C200 1x, https:\/\/i0.wp.com\/www.grieta.org.mx\/wp-content\/uploads\/2018\/03\/14524434_1106112876131411_958039263622046936_o.jpg?resize=525%2C300 1.5x, https:\/\/i0.wp.com\/www.grieta.org.mx\/wp-content\/uploads\/2018\/03\/14524434_1106112876131411_958039263622046936_o.jpg?resize=700%2C400 2x"},"classes":[]},{"id":19166,"url":"http:\/\/www.grieta.org.mx\/index.php\/2016\/08\/04\/protestan-en-semarnat-en-contra-de-ecozonemx\/","url_meta":{"origin":16134,"position":4},"title":"Protestan en Semarnat en contra de EcozoneMx","author":"grieta","date":"4 agosto, 2016","format":false,"excerpt":"Por Jorge Heras Mexicali, 4 de agosto. - Un grupo de personas se manifestaron en las oficinas de la Secretar\u00eda del Medio Ambiente y Recursos Naturales (Semarnat) en protesta por la reciente aprobaci\u00f3n del proyecto comercial, habitacional e industrial denominado EcozoneMx. Alrededor de las 9:00 horas, una docena de personas\u2026","rel":"","context":"En &quot;CINTILLO&quot;","block_context":{"text":"CINTILLO","link":"http:\/\/www.grieta.org.mx\/index.php\/category\/cintillo\/"},"img":{"alt_text":"","src":"https:\/\/i0.wp.com\/www.grieta.org.mx\/wp-content\/uploads\/2018\/03\/14524434_1106112876131411_958039263622046936_o.jpg?resize=350%2C200","width":350,"height":200,"srcset":"https:\/\/i0.wp.com\/www.grieta.org.mx\/wp-content\/uploads\/2018\/03\/14524434_1106112876131411_958039263622046936_o.jpg?resize=350%2C200 1x, https:\/\/i0.wp.com\/www.grieta.org.mx\/wp-content\/uploads\/2018\/03\/14524434_1106112876131411_958039263622046936_o.jpg?resize=525%2C300 1.5x, https:\/\/i0.wp.com\/www.grieta.org.mx\/wp-content\/uploads\/2018\/03\/14524434_1106112876131411_958039263622046936_o.jpg?resize=700%2C400 2x"},"classes":[]},{"id":353,"url":"http:\/\/www.grieta.org.mx\/index.php\/2016\/02\/26\/promueven-frente-ambientalista-contra-megaproyecto-en-mexicali\/","url_meta":{"origin":16134,"position":5},"title":"Promueven frente ambientalista contra megaproyecto en Mexicali","author":"grieta","date":"26 febrero, 2016","format":false,"excerpt":"Febrero 26, 2016 Antonio Heras, Mexicali \u201cNo queremos un Tajamar en Baja California\u201d, advirtieron senderistas y monta\u00f1istas de Mexicali al considerar que un proyecto industrial en la Sierra Cucap\u00e1 destruir\u00e1 la fauna y la flora end\u00e9micas, pero sobre todo el h\u00e1bitat del borrego cimarr\u00f3n. Acusaron que \u201cde manera subrepticia\u201d la\u2026","rel":"","context":"En &quot;CINTILLO&quot;","block_context":{"text":"CINTILLO","link":"http:\/\/www.grieta.org.mx\/index.php\/category\/cintillo\/"},"img":{"alt_text":"","src":"https:\/\/i0.wp.com\/www.grieta.org.mx\/wp-content\/uploads\/2018\/03\/14524434_1106112876131411_958039263622046936_o.jpg?resize=350%2C200","width":350,"height":200,"srcset":"https:\/\/i0.wp.com\/www.grieta.org.mx\/wp-content\/uploads\/2018\/03\/14524434_1106112876131411_958039263622046936_o.jpg?resize=350%2C200 1x, https:\/\/i0.wp.com\/www.grieta.org.mx\/wp-content\/uploads\/2018\/03\/14524434_1106112876131411_958039263622046936_o.jpg?resize=525%2C300 1.5x, https:\/\/i0.wp.com\/www.grieta.org.mx\/wp-content\/uploads\/2018\/03\/14524434_1106112876131411_958039263622046936_o.jpg?resize=700%2C400 2x"},"classes":[]}],"_links":{"self":[{"href":"http:\/\/www.grieta.org.mx\/index.php\/wp-json\/wp\/v2\/posts\/16134","targetHints":{"allow":["GET"]}}],"collection":[{"href":"http:\/\/www.grieta.org.mx\/index.php\/wp-json\/wp\/v2\/posts"}],"about":[{"href":"http:\/\/www.grieta.org.mx\/index.php\/wp-json\/wp\/v2\/types\/post"}],"author":[{"embeddable":true,"href":"http:\/\/www.grieta.org.mx\/index.php\/wp-json\/wp\/v2\/users\/2"}],"replies":[{"embeddable":true,"href":"http:\/\/www.grieta.org.mx\/index.php\/wp-json\/wp\/v2\/comments?post=16134"}],"version-history":[{"count":1,"href":"http:\/\/www.grieta.org.mx\/index.php\/wp-json\/wp\/v2\/posts\/16134\/revisions"}],"predecessor-version":[{"id":16136,"href":"http:\/\/www.grieta.org.mx\/index.php\/wp-json\/wp\/v2\/posts\/16134\/revisions\/16136"}],"wp:featuredmedia":[{"embeddable":true,"href":"http:\/\/www.grieta.org.mx\/index.php\/wp-json\/wp\/v2\/media\/21928"}],"wp:attachment":[{"href":"http:\/\/www.grieta.org.mx\/index.php\/wp-json\/wp\/v2\/media?parent=16134"}],"wp:term":[{"taxonomy":"category","embeddable":true,"href":"http:\/\/www.grieta.org.mx\/index.php\/wp-json\/wp\/v2\/categories?post=16134"},{"taxonomy":"post_tag","embeddable":true,"href":"http:\/\/www.grieta.org.mx\/index.php\/wp-json\/wp\/v2\/tags?post=16134"}],"curies":[{"name":"wp","href":"https:\/\/api.w.org\/{rel}","templated":true}]}}