{"id":1611,"date":"2015-03-01T03:13:48","date_gmt":"2015-03-01T03:13:48","guid":{"rendered":"http:\/\/50.22.11.12\/~grietaor\/?p=1611"},"modified":"2016-03-09T04:36:34","modified_gmt":"2016-03-09T04:36:34","slug":"nayarit-registra-tres-quejas-contra-construccion-de-presa","status":"publish","type":"post","link":"http:\/\/www.grieta.org.mx\/index.php\/2015\/03\/01\/nayarit-registra-tres-quejas-contra-construccion-de-presa\/","title":{"rendered":"Nayarit registra tres quejas contra construcci\u00f3n de presa"},"content":{"rendered":"<p>Redacci\u00f3n\/Sin embargo<\/p>\n<p>Tepic, 1 Mar (Notimex).- El presidente de la Comisi\u00f3n de Defensa de los Derechos Humanos para el Estado de Nayarit (CDDH), Guillermo Huicot Rivas \u00c1lvarez, inform\u00f3 que el organismo recibi\u00f3 tres denuncias de organizaciones civiles e ind\u00edgenas contra la construcci\u00f3n de la Presa Las Cruces.<br \/>\nEn entrevista con Notimex, el ombudsman destac\u00f3 que de estas tres denuncias, ya se ha requerido a tres autoridades locales para que respondan por los se\u00f1alamientos, aunque tambi\u00e9n las inconformidades fueron canalizadas a la Comisi\u00f3n Nacional de los Derechos Humanos (CNDH) para la acci\u00f3n correspondiente.<br \/>\nEntre los se\u00f1alamientos que dieron causa a estas denuncias, dijo que se encuentran motivos relacionados con cuestiones ecol\u00f3gicas, culturales, ind\u00edgenas, de seguridad, entre otras.<br \/>\nAdem\u00e1s de las denuncias establecidas en Nayarit, Rivas \u00c1lvarez mencion\u00f3 que existen otros casos referentes al tema, en la Comisi\u00f3n Nacional de los Derechos Humanos y ante la C\u00e1mara de Diputados.<br \/>\n\u201cSon casos representados a trav\u00e9s de asociaciones civiles, que se han conformado expresamente para ello, hay tambi\u00e9n asociaciones del estado de Jalisco, algunas de nivel internacional, que tienen una filial de M\u00e9xico que han tomado el tema\u201d sostuvo.<br \/>\nPara finalizar, el titular de la CDDH Nayarit, afirm\u00f3 que el caso se revisar\u00e1 bajo dos perspectivas, por una parte, quienes se\u00f1alan riesgos ecol\u00f3gicos y afectaci\u00f3n a sitios sagrados; as\u00ed como a las ofertas que ha dado la autoridad federal para la compensaci\u00f3n de riesgos, aunque el proyecto, sostuvo, debe ser explicado con toda claridad y sin lugar a dudas .<\/p>\n<p><a href=\"http:\/\/www.sinembargo.mx\/01-03-2015\/1267137\" target=\"_blank\">http:\/\/www.sinembargo.mx\/01-03-2015\/1267137<\/a><\/p>\n","protected":false},"excerpt":{"rendered":"<p>Redacci\u00f3n\/Sin embargo Tepic, 1 Mar (Notimex).- El presidente de la Comisi\u00f3n de Defensa de los Derechos Humanos para el Estado de Nayarit (CDDH), Guillermo Huicot Rivas \u00c1lvarez, inform\u00f3 que el &hellip; <a href=\"http:\/\/www.grieta.org.mx\/index.php\/2015\/03\/01\/nayarit-registra-tres-quejas-contra-construccion-de-presa\/\" class=\"more-link\">Leer m\u00e1s<\/a><\/p>\n","protected":false},"author":2,"featured_media":21928,"comment_status":"closed","ping_status":"open","sticky":false,"template":"","format":"standard","meta":{"ngg_post_thumbnail":0,"_jetpack_newsletter_access":"","_jetpack_dont_email_post_to_subs":false,"_jetpack_newsletter_tier_id":0,"_jetpack_memberships_contains_paywalled_content":false,"_jetpack_memberships_contains_paid_content":false,"footnotes":""},"categories":[80],"tags":[],"class_list":["post-1611","post","type-post","status-publish","format-standard","has-post-thumbnail","hentry","category-cintillo","entry"],"jetpack_featured_media_url":"http:\/\/www.grieta.org.mx\/wp-content\/uploads\/2018\/03\/14524434_1106112876131411_958039263622046936_o.jpg","jetpack_sharing_enabled":true,"jetpack_shortlink":"https:\/\/wp.me\/p7ZJR4-pZ","jetpack_likes_enabled":false,"jetpack-related-posts":[{"id":3731,"url":"http:\/\/www.grieta.org.mx\/index.php\/2015\/03\/01\/nayarit-registra-tres-quejas-contra-construccion-de-presa-2\/","url_meta":{"origin":1611,"position":0},"title":"Nayarit registra tres quejas contra construcci\u00f3n de presa","author":"grieta","date":"1 marzo, 2015","format":false,"excerpt":"Por Redacci\u00f3n \/Sin Embargo Tepic, 1 Mar (Notimex).- El presidente de la Comisi\u00f3n de Defensa de los Derechos Humanos para el Estado de Nayarit (CDDH), Guillermo Huicot Rivas \u00c1lvarez, inform\u00f3 que el organismo recibi\u00f3 tres denuncias de organizaciones civiles e ind\u00edgenas contra la construcci\u00f3n de la Presa Las Cruces. En\u2026","rel":"","context":"En &quot;CINTILLO&quot;","block_context":{"text":"CINTILLO","link":"http:\/\/www.grieta.org.mx\/index.php\/category\/cintillo\/"},"img":{"alt_text":"","src":"https:\/\/i0.wp.com\/www.grieta.org.mx\/wp-content\/uploads\/2018\/03\/14524434_1106112876131411_958039263622046936_o.jpg?resize=350%2C200","width":350,"height":200,"srcset":"https:\/\/i0.wp.com\/www.grieta.org.mx\/wp-content\/uploads\/2018\/03\/14524434_1106112876131411_958039263622046936_o.jpg?resize=350%2C200 1x, https:\/\/i0.wp.com\/www.grieta.org.mx\/wp-content\/uploads\/2018\/03\/14524434_1106112876131411_958039263622046936_o.jpg?resize=525%2C300 1.5x, https:\/\/i0.wp.com\/www.grieta.org.mx\/wp-content\/uploads\/2018\/03\/14524434_1106112876131411_958039263622046936_o.jpg?resize=700%2C400 2x"},"classes":[]},{"id":1576,"url":"http:\/\/www.grieta.org.mx\/index.php\/2015\/11\/20\/sedatu-expropiara-tierras-para-construir-presa-en-nayarit\/","url_meta":{"origin":1611,"position":1},"title":"Sedatu expropiar\u00e1 tierras para construir presa en Nayarit","author":"grieta","date":"20 noviembre, 2015","format":false,"excerpt":"Redacci\u00f3n\/Sin Embargo Tepic, 20 Nov (Notimex.- El delegado de la Secretar\u00eda de Desarrollo Agrario, Territorial y Urbano (Sedatu) en Nayarit, Gerardo Aguirre Barr\u00f3n, inform\u00f3 que iniciar\u00e1n procesos de expropiaci\u00f3n de tierras, para realizar las obras de la presa hidroel\u00e9ctrica Las Cruces. El funcionario dio a conocer a Notimex que ser\u00e1n\u2026","rel":"","context":"En &quot;CINTILLO&quot;","block_context":{"text":"CINTILLO","link":"http:\/\/www.grieta.org.mx\/index.php\/category\/cintillo\/"},"img":{"alt_text":"","src":"https:\/\/i0.wp.com\/www.grieta.org.mx\/wp-content\/uploads\/2018\/03\/14524434_1106112876131411_958039263622046936_o.jpg?resize=350%2C200","width":350,"height":200,"srcset":"https:\/\/i0.wp.com\/www.grieta.org.mx\/wp-content\/uploads\/2018\/03\/14524434_1106112876131411_958039263622046936_o.jpg?resize=350%2C200 1x, https:\/\/i0.wp.com\/www.grieta.org.mx\/wp-content\/uploads\/2018\/03\/14524434_1106112876131411_958039263622046936_o.jpg?resize=525%2C300 1.5x, https:\/\/i0.wp.com\/www.grieta.org.mx\/wp-content\/uploads\/2018\/03\/14524434_1106112876131411_958039263622046936_o.jpg?resize=700%2C400 2x"},"classes":[]},{"id":3740,"url":"http:\/\/www.grieta.org.mx\/index.php\/2014\/06\/20\/presa-las-cruces-amenaza-con-desaparecer-pueblos-indigenas-en-nayarit\/","url_meta":{"origin":1611,"position":2},"title":"Presa las Cruces amenaza con desaparecer Pueblos Ind\u00edgenas en Nayarit","author":"grieta","date":"20 junio, 2014","format":false,"excerpt":"Fabiola Guti\u00e9rrez\/Somos el Medio El Consejo Intercomunitario del r\u00edo San Pedro de Nayarit, denunci\u00f3 que la construcci\u00f3n de la presa Las Cruces en el r\u00edo San Pedro, impulsada por la Comisi\u00f3n Federal de Electricidad (CFE), afectar\u00e1 30 mil hect\u00e1reas de manglar, donde se encuentran las lagunas costeras m\u00e1s productivas en\u2026","rel":"","context":"En &quot;CINTILLO&quot;","block_context":{"text":"CINTILLO","link":"http:\/\/www.grieta.org.mx\/index.php\/category\/cintillo\/"},"img":{"alt_text":"","src":"https:\/\/i0.wp.com\/www.grieta.org.mx\/wp-content\/uploads\/2018\/03\/14524434_1106112876131411_958039263622046936_o.jpg?resize=350%2C200","width":350,"height":200,"srcset":"https:\/\/i0.wp.com\/www.grieta.org.mx\/wp-content\/uploads\/2018\/03\/14524434_1106112876131411_958039263622046936_o.jpg?resize=350%2C200 1x, https:\/\/i0.wp.com\/www.grieta.org.mx\/wp-content\/uploads\/2018\/03\/14524434_1106112876131411_958039263622046936_o.jpg?resize=525%2C300 1.5x, https:\/\/i0.wp.com\/www.grieta.org.mx\/wp-content\/uploads\/2018\/03\/14524434_1106112876131411_958039263622046936_o.jpg?resize=700%2C400 2x"},"classes":[]},{"id":44310,"url":"http:\/\/www.grieta.org.mx\/index.php\/2020\/02\/12\/cndh-investiga-denuncias-por-maltrato-y-descargas-electricas-contra-migrantes-en-tabasco\/","url_meta":{"origin":1611,"position":3},"title":"CNDH investiga denuncias por maltrato y descargas el\u00e9ctricas contra migrantes en Tabasco","author":"grieta","date":"12 febrero, 2020","format":false,"excerpt":"En enero pasado, una estudiante mexicana que estuvo en la estaci\u00f3n \"El Anexo\", en Tabasco, denunci\u00f3 que los migrantes detenidos fueron maltratados, e incluso sometidos con descargas el\u00e9ctricas, por parte del personal del INM. ANIMAL POL\u00cdTICO La Comisi\u00f3n Nacional de los Derechos Humanos (CNDH) investiga las presuntas vulneraciones cometidas contra\u2026","rel":"","context":"En &quot;CINTILLO&quot;","block_context":{"text":"CINTILLO","link":"http:\/\/www.grieta.org.mx\/index.php\/category\/cintillo\/"},"img":{"alt_text":"","src":"https:\/\/i0.wp.com\/www.grieta.org.mx\/wp-content\/uploads\/2020\/02\/cndh_denuncias_maltrato_migrantes-e1581546296311.jpeg?resize=350%2C200","width":350,"height":200,"srcset":"https:\/\/i0.wp.com\/www.grieta.org.mx\/wp-content\/uploads\/2020\/02\/cndh_denuncias_maltrato_migrantes-e1581546296311.jpeg?resize=350%2C200 1x, https:\/\/i0.wp.com\/www.grieta.org.mx\/wp-content\/uploads\/2020\/02\/cndh_denuncias_maltrato_migrantes-e1581546296311.jpeg?resize=525%2C300 1.5x, https:\/\/i0.wp.com\/www.grieta.org.mx\/wp-content\/uploads\/2020\/02\/cndh_denuncias_maltrato_migrantes-e1581546296311.jpeg?resize=700%2C400 2x, https:\/\/i0.wp.com\/www.grieta.org.mx\/wp-content\/uploads\/2020\/02\/cndh_denuncias_maltrato_migrantes-e1581546296311.jpeg?resize=1050%2C600 3x, https:\/\/i0.wp.com\/www.grieta.org.mx\/wp-content\/uploads\/2020\/02\/cndh_denuncias_maltrato_migrantes-e1581546296311.jpeg?resize=1400%2C800 4x"},"classes":[]},{"id":45619,"url":"http:\/\/www.grieta.org.mx\/index.php\/2020\/03\/02\/pesimos-servicios-de-salud-en-nayarit\/","url_meta":{"origin":1611,"position":4},"title":"P\u00e9simos servicios de salud en Nayarit","author":"grieta","date":"2 marzo, 2020","format":false,"excerpt":"\u00a0 Foto: Ilustrativa La Secretar\u00eda de Salud de Nayarit y los hospitales del Instituto Mexicano del Seguro Social (IMSS), encabezan la lista de denuncias ante la Comisi\u00f3n de Defensa de los Derechos Humanos (CDDH) Ver\u00f3nica Ram\u00edrez \/ Realidades de Nayarit Tepic, Nayarit.- Lunes 02 de marzo del 2020.- Denuncian violaciones\u2026","rel":"","context":"En &quot;CINTILLO&quot;","block_context":{"text":"CINTILLO","link":"http:\/\/www.grieta.org.mx\/index.php\/category\/cintillo\/"},"img":{"alt_text":"","src":"https:\/\/i0.wp.com\/www.grieta.org.mx\/wp-content\/uploads\/2020\/03\/hospital-general-tepic.jpg?resize=350%2C200","width":350,"height":200,"srcset":"https:\/\/i0.wp.com\/www.grieta.org.mx\/wp-content\/uploads\/2020\/03\/hospital-general-tepic.jpg?resize=350%2C200 1x, https:\/\/i0.wp.com\/www.grieta.org.mx\/wp-content\/uploads\/2020\/03\/hospital-general-tepic.jpg?resize=525%2C300 1.5x, https:\/\/i0.wp.com\/www.grieta.org.mx\/wp-content\/uploads\/2020\/03\/hospital-general-tepic.jpg?resize=700%2C400 2x"},"classes":[]},{"id":2141,"url":"http:\/\/www.grieta.org.mx\/index.php\/2015\/10\/10\/en-septiembre-4-quejas-contra-marina\/","url_meta":{"origin":1611,"position":5},"title":"En septiembre, 4 quejas contra Marina","author":"grieta","date":"10 octubre, 2015","format":false,"excerpt":"Las denuncias contra las fuerzas militares interpuestas ante la CEDH pasan a manos de la Comisi\u00f3n Nacional, por ser de su competencia. La Comisi\u00f3n Estatal de Derechos Humanos (CEDH) recibi\u00f3 cuatro quejas en contra de la Secretar\u00eda de Marina durante septiembre pasado. Lo anterior, de acuerdo con el reporte mensual\u2026","rel":"","context":"En &quot;CINTILLO&quot;","block_context":{"text":"CINTILLO","link":"http:\/\/www.grieta.org.mx\/index.php\/category\/cintillo\/"},"img":{"alt_text":"","src":"https:\/\/i0.wp.com\/www.grieta.org.mx\/wp-content\/uploads\/2018\/03\/14524434_1106112876131411_958039263622046936_o.jpg?resize=350%2C200","width":350,"height":200,"srcset":"https:\/\/i0.wp.com\/www.grieta.org.mx\/wp-content\/uploads\/2018\/03\/14524434_1106112876131411_958039263622046936_o.jpg?resize=350%2C200 1x, https:\/\/i0.wp.com\/www.grieta.org.mx\/wp-content\/uploads\/2018\/03\/14524434_1106112876131411_958039263622046936_o.jpg?resize=525%2C300 1.5x, https:\/\/i0.wp.com\/www.grieta.org.mx\/wp-content\/uploads\/2018\/03\/14524434_1106112876131411_958039263622046936_o.jpg?resize=700%2C400 2x"},"classes":[]}],"_links":{"self":[{"href":"http:\/\/www.grieta.org.mx\/index.php\/wp-json\/wp\/v2\/posts\/1611","targetHints":{"allow":["GET"]}}],"collection":[{"href":"http:\/\/www.grieta.org.mx\/index.php\/wp-json\/wp\/v2\/posts"}],"about":[{"href":"http:\/\/www.grieta.org.mx\/index.php\/wp-json\/wp\/v2\/types\/post"}],"author":[{"embeddable":true,"href":"http:\/\/www.grieta.org.mx\/index.php\/wp-json\/wp\/v2\/users\/2"}],"replies":[{"embeddable":true,"href":"http:\/\/www.grieta.org.mx\/index.php\/wp-json\/wp\/v2\/comments?post=1611"}],"version-history":[{"count":1,"href":"http:\/\/www.grieta.org.mx\/index.php\/wp-json\/wp\/v2\/posts\/1611\/revisions"}],"predecessor-version":[{"id":1616,"href":"http:\/\/www.grieta.org.mx\/index.php\/wp-json\/wp\/v2\/posts\/1611\/revisions\/1616"}],"wp:featuredmedia":[{"embeddable":true,"href":"http:\/\/www.grieta.org.mx\/index.php\/wp-json\/wp\/v2\/media\/21928"}],"wp:attachment":[{"href":"http:\/\/www.grieta.org.mx\/index.php\/wp-json\/wp\/v2\/media?parent=1611"}],"wp:term":[{"taxonomy":"category","embeddable":true,"href":"http:\/\/www.grieta.org.mx\/index.php\/wp-json\/wp\/v2\/categories?post=1611"},{"taxonomy":"post_tag","embeddable":true,"href":"http:\/\/www.grieta.org.mx\/index.php\/wp-json\/wp\/v2\/tags?post=1611"}],"curies":[{"name":"wp","href":"https:\/\/api.w.org\/{rel}","templated":true}]}}