{"id":16067,"date":"2016-07-06T19:43:26","date_gmt":"2016-07-07T00:43:26","guid":{"rendered":"http:\/\/www.grieta.org.mx\/?p=16067"},"modified":"2016-07-07T19:57:14","modified_gmt":"2016-07-08T00:57:14","slug":"los-pedregales-de-coyoacan-se-oponen-a-la-reforma-educativa","status":"publish","type":"post","link":"http:\/\/www.grieta.org.mx\/index.php\/2016\/07\/06\/los-pedregales-de-coyoacan-se-oponen-a-la-reforma-educativa\/","title":{"rendered":"Los Pedregales de Coyoac\u00e1n se oponen a la reforma educativa"},"content":{"rendered":"<p>Madres de familia manifiestan su apoyo a las maestras y maestros<\/p>\n<p>Mi\u00e9rcoles 6 de julio de 2016<\/p>\n<p>Madres de familia se manifiestan junto con sus hijas e hijos en varias de las escuelas en la colonia pedregal de Santo Domingo en apoyo a la lucha de las maestras y maestros.<\/p>\n<p>Con pancartas y consignas las madres de familia comentaron algunas de las actividades que han realizado en estos d\u00edas en la Escuela Primaria Jos\u00e9 Jes\u00fas Aguilera Palomino.<\/p>\n<p>Aqu\u00ed el testimonio de algunas madres de familia:<\/p>\n<div style=\"width: 640px;\" class=\"wp-video\"><video class=\"wp-video-shortcode\" id=\"video-16067-1\" width=\"640\" height=\"360\" preload=\"metadata\" controls=\"controls\"><source type=\"video\/ogg\" src=\"http:\/\/www.kehuelga.org\/archivos\/lucha\/2016-07-cnte\/accionesdf\/sto8\/IMG_2148.ogv?_=1\" \/><a href=\"http:\/\/www.kehuelga.org\/archivos\/lucha\/2016-07-cnte\/accionesdf\/sto8\/IMG_2148.ogv\">http:\/\/www.kehuelga.org\/archivos\/lucha\/2016-07-cnte\/accionesdf\/sto8\/IMG_2148.ogv<\/a><\/video><\/div>\n<p>Por su parte las madres de familia de la escuela primaria Alfonso Sierra Partida nos compartieron sus impresiones sobre la stuaci\u00f3n de las manifestaciones en el pa\u00eds as\u00ed como algunas de las actividades que han realizado en estos d\u00edas.<\/p>\n<p>Mientras tanto maestras y maestros de escuelas primarias y secundarias en Santo Domingo se manifestaron en la av eje 10 para sumarse a los mas de 70 bloqueos que realiz\u00f3 la secci\u00f3n 9 de la CNTE en la ciudad de M\u00e9xico.<\/p>\n<p>Al pasar de los d\u00edas se han unido varias escuelas a estas manifestaciones, entre preescolares y primarias.<\/p>\n<p><img decoding=\"async\" data-attachment-id=\"16068\" data-permalink=\"http:\/\/www.grieta.org.mx\/index.php\/2016\/07\/06\/los-pedregales-de-coyoacan-se-oponen-a-la-reforma-educativa\/sto8cnte_5jul16-97ea1\/\" data-orig-file=\"http:\/\/www.grieta.org.mx\/wp-content\/uploads\/2016\/07\/sto8cnte_5jul16-97ea1.jpg\" data-orig-size=\"560,747\" data-comments-opened=\"0\" data-image-meta=\"{&quot;aperture&quot;:&quot;0&quot;,&quot;credit&quot;:&quot;&quot;,&quot;camera&quot;:&quot;&quot;,&quot;caption&quot;:&quot;&quot;,&quot;created_timestamp&quot;:&quot;0&quot;,&quot;copyright&quot;:&quot;&quot;,&quot;focal_length&quot;:&quot;0&quot;,&quot;iso&quot;:&quot;0&quot;,&quot;shutter_speed&quot;:&quot;0&quot;,&quot;title&quot;:&quot;&quot;,&quot;orientation&quot;:&quot;0&quot;}\" data-image-title=\"sto8cnte_5jul16-97ea1\" data-image-description=\"\" data-image-caption=\"\" data-medium-file=\"http:\/\/www.grieta.org.mx\/wp-content\/uploads\/2016\/07\/sto8cnte_5jul16-97ea1-225x300.jpg\" data-large-file=\"http:\/\/www.grieta.org.mx\/wp-content\/uploads\/2016\/07\/sto8cnte_5jul16-97ea1.jpg\" src=\"http:\/\/www.grieta.org.mx\/wp-content\/uploads\/2016\/07\/sto8cnte_5jul16-97ea1.jpg\" alt=\"sto8cnte_5jul16-97ea1\" width=\"100%\" class=\"aligncenter size-full wp-image-16068\" srcset=\"http:\/\/www.grieta.org.mx\/wp-content\/uploads\/2016\/07\/sto8cnte_5jul16-97ea1.jpg 560w, http:\/\/www.grieta.org.mx\/wp-content\/uploads\/2016\/07\/sto8cnte_5jul16-97ea1-225x300.jpg 225w\" sizes=\"(max-width: 560px) 100vw, 560px\" \/><\/p>\n<p><img decoding=\"async\" data-attachment-id=\"16069\" data-permalink=\"http:\/\/www.grieta.org.mx\/index.php\/2016\/07\/06\/los-pedregales-de-coyoacan-se-oponen-a-la-reforma-educativa\/sto8_cnte_5jul16-1e181\/\" data-orig-file=\"http:\/\/www.grieta.org.mx\/wp-content\/uploads\/2016\/07\/sto8_cnte_5jul16-1e181.jpg\" data-orig-size=\"560,420\" data-comments-opened=\"0\" data-image-meta=\"{&quot;aperture&quot;:&quot;0&quot;,&quot;credit&quot;:&quot;&quot;,&quot;camera&quot;:&quot;&quot;,&quot;caption&quot;:&quot;&quot;,&quot;created_timestamp&quot;:&quot;0&quot;,&quot;copyright&quot;:&quot;&quot;,&quot;focal_length&quot;:&quot;0&quot;,&quot;iso&quot;:&quot;0&quot;,&quot;shutter_speed&quot;:&quot;0&quot;,&quot;title&quot;:&quot;&quot;,&quot;orientation&quot;:&quot;0&quot;}\" data-image-title=\"sto8_cnte_5jul16-1e181\" data-image-description=\"\" data-image-caption=\"\" data-medium-file=\"http:\/\/www.grieta.org.mx\/wp-content\/uploads\/2016\/07\/sto8_cnte_5jul16-1e181-300x225.jpg\" data-large-file=\"http:\/\/www.grieta.org.mx\/wp-content\/uploads\/2016\/07\/sto8_cnte_5jul16-1e181.jpg\" src=\"http:\/\/www.grieta.org.mx\/wp-content\/uploads\/2016\/07\/sto8_cnte_5jul16-1e181.jpg\" alt=\"sto8_cnte_5jul16-1e181\" width=\"100%\" class=\"aligncenter size-full wp-image-16069\" srcset=\"http:\/\/www.grieta.org.mx\/wp-content\/uploads\/2016\/07\/sto8_cnte_5jul16-1e181.jpg 560w, http:\/\/www.grieta.org.mx\/wp-content\/uploads\/2016\/07\/sto8_cnte_5jul16-1e181-300x225.jpg 300w\" sizes=\"(max-width: 560px) 100vw, 560px\" \/><\/p>\n<p><img decoding=\"async\" data-attachment-id=\"16070\" data-permalink=\"http:\/\/www.grieta.org.mx\/index.php\/2016\/07\/06\/los-pedregales-de-coyoacan-se-oponen-a-la-reforma-educativa\/188_1-75aab\/\" data-orig-file=\"http:\/\/www.grieta.org.mx\/wp-content\/uploads\/2016\/07\/188_1-75aab.jpg\" data-orig-size=\"560,420\" data-comments-opened=\"0\" data-image-meta=\"{&quot;aperture&quot;:&quot;0&quot;,&quot;credit&quot;:&quot;&quot;,&quot;camera&quot;:&quot;&quot;,&quot;caption&quot;:&quot;&quot;,&quot;created_timestamp&quot;:&quot;0&quot;,&quot;copyright&quot;:&quot;&quot;,&quot;focal_length&quot;:&quot;0&quot;,&quot;iso&quot;:&quot;0&quot;,&quot;shutter_speed&quot;:&quot;0&quot;,&quot;title&quot;:&quot;&quot;,&quot;orientation&quot;:&quot;0&quot;}\" data-image-title=\"188_1-75aab\" data-image-description=\"\" data-image-caption=\"\" data-medium-file=\"http:\/\/www.grieta.org.mx\/wp-content\/uploads\/2016\/07\/188_1-75aab-300x225.jpg\" data-large-file=\"http:\/\/www.grieta.org.mx\/wp-content\/uploads\/2016\/07\/188_1-75aab.jpg\" src=\"http:\/\/www.grieta.org.mx\/wp-content\/uploads\/2016\/07\/188_1-75aab.jpg\" alt=\"188_1-75aab\" width=\"100%\" class=\"aligncenter size-full wp-image-16070\" srcset=\"http:\/\/www.grieta.org.mx\/wp-content\/uploads\/2016\/07\/188_1-75aab.jpg 560w, http:\/\/www.grieta.org.mx\/wp-content\/uploads\/2016\/07\/188_1-75aab-300x225.jpg 300w\" sizes=\"(max-width: 560px) 100vw, 560px\" \/><\/p>\n<p><img decoding=\"async\" data-attachment-id=\"16071\" data-permalink=\"http:\/\/www.grieta.org.mx\/index.php\/2016\/07\/06\/los-pedregales-de-coyoacan-se-oponen-a-la-reforma-educativa\/sto8cnte3_5ju16-c0367\/\" data-orig-file=\"http:\/\/www.grieta.org.mx\/wp-content\/uploads\/2016\/07\/sto8cnte3_5ju16-c0367.jpg\" data-orig-size=\"560,420\" data-comments-opened=\"0\" data-image-meta=\"{&quot;aperture&quot;:&quot;0&quot;,&quot;credit&quot;:&quot;&quot;,&quot;camera&quot;:&quot;&quot;,&quot;caption&quot;:&quot;&quot;,&quot;created_timestamp&quot;:&quot;0&quot;,&quot;copyright&quot;:&quot;&quot;,&quot;focal_length&quot;:&quot;0&quot;,&quot;iso&quot;:&quot;0&quot;,&quot;shutter_speed&quot;:&quot;0&quot;,&quot;title&quot;:&quot;&quot;,&quot;orientation&quot;:&quot;0&quot;}\" data-image-title=\"sto8cnte3_5ju16-c0367\" data-image-description=\"\" data-image-caption=\"\" data-medium-file=\"http:\/\/www.grieta.org.mx\/wp-content\/uploads\/2016\/07\/sto8cnte3_5ju16-c0367-300x225.jpg\" data-large-file=\"http:\/\/www.grieta.org.mx\/wp-content\/uploads\/2016\/07\/sto8cnte3_5ju16-c0367.jpg\" src=\"http:\/\/www.grieta.org.mx\/wp-content\/uploads\/2016\/07\/sto8cnte3_5ju16-c0367.jpg\" alt=\"sto8cnte3_5ju16-c0367\" width=\"100%\" class=\"aligncenter size-full wp-image-16071\" srcset=\"http:\/\/www.grieta.org.mx\/wp-content\/uploads\/2016\/07\/sto8cnte3_5ju16-c0367.jpg 560w, http:\/\/www.grieta.org.mx\/wp-content\/uploads\/2016\/07\/sto8cnte3_5ju16-c0367-300x225.jpg 300w\" sizes=\"(max-width: 560px) 100vw, 560px\" \/><\/p>\n<p><img decoding=\"async\" data-attachment-id=\"16072\" data-permalink=\"http:\/\/www.grieta.org.mx\/index.php\/2016\/07\/06\/los-pedregales-de-coyoacan-se-oponen-a-la-reforma-educativa\/sto8cnte4_5jul16-84d6a\/\" data-orig-file=\"http:\/\/www.grieta.org.mx\/wp-content\/uploads\/2016\/07\/sto8cnte4_5jul16-84d6a.jpg\" data-orig-size=\"560,420\" data-comments-opened=\"0\" data-image-meta=\"{&quot;aperture&quot;:&quot;0&quot;,&quot;credit&quot;:&quot;&quot;,&quot;camera&quot;:&quot;&quot;,&quot;caption&quot;:&quot;&quot;,&quot;created_timestamp&quot;:&quot;0&quot;,&quot;copyright&quot;:&quot;&quot;,&quot;focal_length&quot;:&quot;0&quot;,&quot;iso&quot;:&quot;0&quot;,&quot;shutter_speed&quot;:&quot;0&quot;,&quot;title&quot;:&quot;&quot;,&quot;orientation&quot;:&quot;0&quot;}\" data-image-title=\"sto8cnte4_5jul16-84d6a\" data-image-description=\"\" data-image-caption=\"\" data-medium-file=\"http:\/\/www.grieta.org.mx\/wp-content\/uploads\/2016\/07\/sto8cnte4_5jul16-84d6a-300x225.jpg\" data-large-file=\"http:\/\/www.grieta.org.mx\/wp-content\/uploads\/2016\/07\/sto8cnte4_5jul16-84d6a.jpg\" src=\"http:\/\/www.grieta.org.mx\/wp-content\/uploads\/2016\/07\/sto8cnte4_5jul16-84d6a.jpg\" alt=\"sto8cnte4_5jul16-84d6a\" width=\"100%\" class=\"aligncenter size-full wp-image-16072\" srcset=\"http:\/\/www.grieta.org.mx\/wp-content\/uploads\/2016\/07\/sto8cnte4_5jul16-84d6a.jpg 560w, http:\/\/www.grieta.org.mx\/wp-content\/uploads\/2016\/07\/sto8cnte4_5jul16-84d6a-300x225.jpg 300w\" sizes=\"(max-width: 560px) 100vw, 560px\" \/><\/p>\n<p><img decoding=\"async\" data-attachment-id=\"16073\" data-permalink=\"http:\/\/www.grieta.org.mx\/index.php\/2016\/07\/06\/los-pedregales-de-coyoacan-se-oponen-a-la-reforma-educativa\/img_2159-26031\/\" data-orig-file=\"http:\/\/www.grieta.org.mx\/wp-content\/uploads\/2016\/07\/img_2159-26031.jpg\" data-orig-size=\"560,315\" data-comments-opened=\"0\" data-image-meta=\"{&quot;aperture&quot;:&quot;0&quot;,&quot;credit&quot;:&quot;&quot;,&quot;camera&quot;:&quot;&quot;,&quot;caption&quot;:&quot;&quot;,&quot;created_timestamp&quot;:&quot;0&quot;,&quot;copyright&quot;:&quot;&quot;,&quot;focal_length&quot;:&quot;0&quot;,&quot;iso&quot;:&quot;0&quot;,&quot;shutter_speed&quot;:&quot;0&quot;,&quot;title&quot;:&quot;&quot;,&quot;orientation&quot;:&quot;0&quot;}\" data-image-title=\"img_2159-26031\" data-image-description=\"\" data-image-caption=\"\" data-medium-file=\"http:\/\/www.grieta.org.mx\/wp-content\/uploads\/2016\/07\/img_2159-26031-300x169.jpg\" data-large-file=\"http:\/\/www.grieta.org.mx\/wp-content\/uploads\/2016\/07\/img_2159-26031.jpg\" src=\"http:\/\/www.grieta.org.mx\/wp-content\/uploads\/2016\/07\/img_2159-26031.jpg\" alt=\"img_2159-26031\" width=\"100%\" class=\"aligncenter size-full wp-image-16073\" srcset=\"http:\/\/www.grieta.org.mx\/wp-content\/uploads\/2016\/07\/img_2159-26031.jpg 560w, http:\/\/www.grieta.org.mx\/wp-content\/uploads\/2016\/07\/img_2159-26031-300x169.jpg 300w\" sizes=\"(max-width: 560px) 100vw, 560px\" \/><\/p>\n<p><img decoding=\"async\" data-attachment-id=\"16074\" data-permalink=\"http:\/\/www.grieta.org.mx\/index.php\/2016\/07\/06\/los-pedregales-de-coyoacan-se-oponen-a-la-reforma-educativa\/img_2166-40bf0\/\" data-orig-file=\"http:\/\/www.grieta.org.mx\/wp-content\/uploads\/2016\/07\/img_2166-40bf0.jpg\" data-orig-size=\"560,315\" data-comments-opened=\"0\" data-image-meta=\"{&quot;aperture&quot;:&quot;0&quot;,&quot;credit&quot;:&quot;&quot;,&quot;camera&quot;:&quot;&quot;,&quot;caption&quot;:&quot;&quot;,&quot;created_timestamp&quot;:&quot;0&quot;,&quot;copyright&quot;:&quot;&quot;,&quot;focal_length&quot;:&quot;0&quot;,&quot;iso&quot;:&quot;0&quot;,&quot;shutter_speed&quot;:&quot;0&quot;,&quot;title&quot;:&quot;&quot;,&quot;orientation&quot;:&quot;0&quot;}\" data-image-title=\"img_2166-40bf0\" data-image-description=\"\" data-image-caption=\"\" data-medium-file=\"http:\/\/www.grieta.org.mx\/wp-content\/uploads\/2016\/07\/img_2166-40bf0-300x169.jpg\" data-large-file=\"http:\/\/www.grieta.org.mx\/wp-content\/uploads\/2016\/07\/img_2166-40bf0.jpg\" src=\"http:\/\/www.grieta.org.mx\/wp-content\/uploads\/2016\/07\/img_2166-40bf0.jpg\" alt=\"img_2166-40bf0\" width=\"100%\" class=\"aligncenter size-full wp-image-16074\" srcset=\"http:\/\/www.grieta.org.mx\/wp-content\/uploads\/2016\/07\/img_2166-40bf0.jpg 560w, http:\/\/www.grieta.org.mx\/wp-content\/uploads\/2016\/07\/img_2166-40bf0-300x169.jpg 300w\" sizes=\"(max-width: 560px) 100vw, 560px\" \/><\/p>\n<p><img decoding=\"async\" data-attachment-id=\"16075\" data-permalink=\"http:\/\/www.grieta.org.mx\/index.php\/2016\/07\/06\/los-pedregales-de-coyoacan-se-oponen-a-la-reforma-educativa\/escuchen_la_ke-71e33\/\" data-orig-file=\"http:\/\/www.grieta.org.mx\/wp-content\/uploads\/2016\/07\/escuchen_la_ke-71e33.jpg\" data-orig-size=\"560,336\" data-comments-opened=\"0\" data-image-meta=\"{&quot;aperture&quot;:&quot;0&quot;,&quot;credit&quot;:&quot;&quot;,&quot;camera&quot;:&quot;&quot;,&quot;caption&quot;:&quot;&quot;,&quot;created_timestamp&quot;:&quot;0&quot;,&quot;copyright&quot;:&quot;&quot;,&quot;focal_length&quot;:&quot;0&quot;,&quot;iso&quot;:&quot;0&quot;,&quot;shutter_speed&quot;:&quot;0&quot;,&quot;title&quot;:&quot;&quot;,&quot;orientation&quot;:&quot;0&quot;}\" data-image-title=\"escuchen_la_ke-71e33\" data-image-description=\"\" data-image-caption=\"\" data-medium-file=\"http:\/\/www.grieta.org.mx\/wp-content\/uploads\/2016\/07\/escuchen_la_ke-71e33-300x180.jpg\" data-large-file=\"http:\/\/www.grieta.org.mx\/wp-content\/uploads\/2016\/07\/escuchen_la_ke-71e33.jpg\" src=\"http:\/\/www.grieta.org.mx\/wp-content\/uploads\/2016\/07\/escuchen_la_ke-71e33.jpg\" alt=\"escuchen_la_ke-71e33\" width=\"100%\" class=\"aligncenter size-full wp-image-16075\" srcset=\"http:\/\/www.grieta.org.mx\/wp-content\/uploads\/2016\/07\/escuchen_la_ke-71e33.jpg 560w, http:\/\/www.grieta.org.mx\/wp-content\/uploads\/2016\/07\/escuchen_la_ke-71e33-300x180.jpg 300w\" sizes=\"(max-width: 560px) 100vw, 560px\" \/><\/p>\n<p><img decoding=\"async\" data-attachment-id=\"16076\" data-permalink=\"http:\/\/www.grieta.org.mx\/index.php\/2016\/07\/06\/los-pedregales-de-coyoacan-se-oponen-a-la-reforma-educativa\/xite_1-2c6a2\/\" data-orig-file=\"http:\/\/www.grieta.org.mx\/wp-content\/uploads\/2016\/07\/xite_1-2c6a2.jpg\" data-orig-size=\"560,747\" data-comments-opened=\"0\" data-image-meta=\"{&quot;aperture&quot;:&quot;0&quot;,&quot;credit&quot;:&quot;&quot;,&quot;camera&quot;:&quot;&quot;,&quot;caption&quot;:&quot;&quot;,&quot;created_timestamp&quot;:&quot;0&quot;,&quot;copyright&quot;:&quot;&quot;,&quot;focal_length&quot;:&quot;0&quot;,&quot;iso&quot;:&quot;0&quot;,&quot;shutter_speed&quot;:&quot;0&quot;,&quot;title&quot;:&quot;&quot;,&quot;orientation&quot;:&quot;0&quot;}\" data-image-title=\"xite_1-2c6a2\" data-image-description=\"\" data-image-caption=\"\" data-medium-file=\"http:\/\/www.grieta.org.mx\/wp-content\/uploads\/2016\/07\/xite_1-2c6a2-225x300.jpg\" data-large-file=\"http:\/\/www.grieta.org.mx\/wp-content\/uploads\/2016\/07\/xite_1-2c6a2.jpg\" src=\"http:\/\/www.grieta.org.mx\/wp-content\/uploads\/2016\/07\/xite_1-2c6a2.jpg\" alt=\"xite_1-2c6a2\" width=\"100%\" class=\"aligncenter size-full wp-image-16076\" srcset=\"http:\/\/www.grieta.org.mx\/wp-content\/uploads\/2016\/07\/xite_1-2c6a2.jpg 560w, http:\/\/www.grieta.org.mx\/wp-content\/uploads\/2016\/07\/xite_1-2c6a2-225x300.jpg 225w\" sizes=\"(max-width: 560px) 100vw, 560px\" \/><\/p>\n<p><img decoding=\"async\" data-attachment-id=\"16077\" data-permalink=\"http:\/\/www.grieta.org.mx\/index.php\/2016\/07\/06\/los-pedregales-de-coyoacan-se-oponen-a-la-reforma-educativa\/xitle_2-8f172\/\" data-orig-file=\"http:\/\/www.grieta.org.mx\/wp-content\/uploads\/2016\/07\/xitle_2-8f172.jpg\" data-orig-size=\"560,420\" data-comments-opened=\"0\" data-image-meta=\"{&quot;aperture&quot;:&quot;0&quot;,&quot;credit&quot;:&quot;&quot;,&quot;camera&quot;:&quot;&quot;,&quot;caption&quot;:&quot;&quot;,&quot;created_timestamp&quot;:&quot;0&quot;,&quot;copyright&quot;:&quot;&quot;,&quot;focal_length&quot;:&quot;0&quot;,&quot;iso&quot;:&quot;0&quot;,&quot;shutter_speed&quot;:&quot;0&quot;,&quot;title&quot;:&quot;&quot;,&quot;orientation&quot;:&quot;0&quot;}\" data-image-title=\"xitle_2-8f172\" data-image-description=\"\" data-image-caption=\"\" data-medium-file=\"http:\/\/www.grieta.org.mx\/wp-content\/uploads\/2016\/07\/xitle_2-8f172-300x225.jpg\" data-large-file=\"http:\/\/www.grieta.org.mx\/wp-content\/uploads\/2016\/07\/xitle_2-8f172.jpg\" src=\"http:\/\/www.grieta.org.mx\/wp-content\/uploads\/2016\/07\/xitle_2-8f172.jpg\" alt=\"xitle_2-8f172\" width=\"100%\" class=\"aligncenter size-full wp-image-16077\" srcset=\"http:\/\/www.grieta.org.mx\/wp-content\/uploads\/2016\/07\/xitle_2-8f172.jpg 560w, http:\/\/www.grieta.org.mx\/wp-content\/uploads\/2016\/07\/xitle_2-8f172-300x225.jpg 300w\" sizes=\"(max-width: 560px) 100vw, 560px\" \/><\/p>\n<p><img decoding=\"async\" data-attachment-id=\"16078\" data-permalink=\"http:\/\/www.grieta.org.mx\/index.php\/2016\/07\/06\/los-pedregales-de-coyoacan-se-oponen-a-la-reforma-educativa\/primaria_7jul16-8b504\/\" data-orig-file=\"http:\/\/www.grieta.org.mx\/wp-content\/uploads\/2016\/07\/primaria_7jul16-8b504.jpg\" data-orig-size=\"560,420\" data-comments-opened=\"0\" data-image-meta=\"{&quot;aperture&quot;:&quot;0&quot;,&quot;credit&quot;:&quot;&quot;,&quot;camera&quot;:&quot;&quot;,&quot;caption&quot;:&quot;&quot;,&quot;created_timestamp&quot;:&quot;0&quot;,&quot;copyright&quot;:&quot;&quot;,&quot;focal_length&quot;:&quot;0&quot;,&quot;iso&quot;:&quot;0&quot;,&quot;shutter_speed&quot;:&quot;0&quot;,&quot;title&quot;:&quot;&quot;,&quot;orientation&quot;:&quot;0&quot;}\" data-image-title=\"primaria_7jul16-8b504\" data-image-description=\"\" data-image-caption=\"\" data-medium-file=\"http:\/\/www.grieta.org.mx\/wp-content\/uploads\/2016\/07\/primaria_7jul16-8b504-300x225.jpg\" data-large-file=\"http:\/\/www.grieta.org.mx\/wp-content\/uploads\/2016\/07\/primaria_7jul16-8b504.jpg\" src=\"http:\/\/www.grieta.org.mx\/wp-content\/uploads\/2016\/07\/primaria_7jul16-8b504.jpg\" alt=\"primaria_7jul16-8b504\" width=\"100%\" class=\"aligncenter size-full wp-image-16078\" srcset=\"http:\/\/www.grieta.org.mx\/wp-content\/uploads\/2016\/07\/primaria_7jul16-8b504.jpg 560w, http:\/\/www.grieta.org.mx\/wp-content\/uploads\/2016\/07\/primaria_7jul16-8b504-300x225.jpg 300w\" sizes=\"(max-width: 560px) 100vw, 560px\" \/><\/p>\n<p><a href=\"http:\/\/www.kehuelga.org\/spip.php?article4483&#038;lang=es\" target=\"_blank\">http:\/\/www.kehuelga.org\/spip.php?article4483&#038;lang=es<\/a><\/p>\n","protected":false},"excerpt":{"rendered":"<p>Madres de familia manifiestan su apoyo a las maestras y maestros Mi\u00e9rcoles 6 de julio de 2016 Madres de familia se manifiestan junto con sus hijas e hijos en varias &hellip; <a href=\"http:\/\/www.grieta.org.mx\/index.php\/2016\/07\/06\/los-pedregales-de-coyoacan-se-oponen-a-la-reforma-educativa\/\" class=\"more-link\">Leer m\u00e1s<\/a><\/p>\n","protected":false},"author":2,"featured_media":21928,"comment_status":"closed","ping_status":"closed","sticky":false,"template":"","format":"standard","meta":{"ngg_post_thumbnail":0,"_jetpack_newsletter_access":"","_jetpack_dont_email_post_to_subs":false,"_jetpack_newsletter_tier_id":0,"_jetpack_memberships_contains_paywalled_content":false,"_jetpack_memberships_contains_paid_content":false,"footnotes":""},"categories":[598,80],"tags":[612,135,767],"class_list":["post-16067","post","type-post","status-publish","format-standard","has-post-thumbnail","hentry","category-cdmx","category-cintillo","tag-coyoacan","tag-reforma-educativa","tag-solidaridad","entry"],"jetpack_featured_media_url":"http:\/\/www.grieta.org.mx\/wp-content\/uploads\/2018\/03\/14524434_1106112876131411_958039263622046936_o.jpg","jetpack_sharing_enabled":true,"jetpack_shortlink":"https:\/\/wp.me\/p7ZJR4-4b9","jetpack_likes_enabled":false,"jetpack-related-posts":[{"id":71288,"url":"http:\/\/www.grieta.org.mx\/index.php\/2025\/03\/11\/maestros-no-estan-solos-en-su-lucha-se-manifiestan-padres-de-familia-de-escuelas-rurales-en-solidaridad-con-docentes-que-buscan-modificar-propuesta-original-de-reforma-a-ley-del-issste\/","url_meta":{"origin":16067,"position":0},"title":"&#8220;Maestros, no est\u00e1n solos en su lucha&#8221;: Se manifiestan padres de familia de escuelas rurales en solidaridad con docentes que buscan modificar propuesta original de reforma a Ley del ISSSTE","author":"grieta","date":"11 marzo, 2025","format":false,"excerpt":"Rafael Brice\u00f1o \/ Noticaribe CHETUMAL, MX.- Con benepl\u00e1cito porque no se lo esperaban, maestros que se encuentran en plant\u00f3n frente al palacio de gobierno en su lucha por la modificaci\u00f3n de la propuesta original de reforma a la Ley del ISSSTE -que promueve el gobierno federal- recibieron el apoyo espont\u00e1neo\u2026","rel":"","context":"En &quot;CINTILLO&quot;","block_context":{"text":"CINTILLO","link":"http:\/\/www.grieta.org.mx\/index.php\/category\/cintillo\/"},"img":{"alt_text":"","src":"https:\/\/i0.wp.com\/www.grieta.org.mx\/wp-content\/uploads\/2025\/03\/Padres-e1741917306829.jpg?resize=350%2C200","width":350,"height":200,"srcset":"https:\/\/i0.wp.com\/www.grieta.org.mx\/wp-content\/uploads\/2025\/03\/Padres-e1741917306829.jpg?resize=350%2C200 1x, https:\/\/i0.wp.com\/www.grieta.org.mx\/wp-content\/uploads\/2025\/03\/Padres-e1741917306829.jpg?resize=525%2C300 1.5x, https:\/\/i0.wp.com\/www.grieta.org.mx\/wp-content\/uploads\/2025\/03\/Padres-e1741917306829.jpg?resize=700%2C400 2x"},"classes":[]},{"id":4108,"url":"http:\/\/www.grieta.org.mx\/index.php\/2016\/03\/18\/familias-protestan-por-cese-de-maestros\/","url_meta":{"origin":16067,"position":1},"title":"Familias protestan por cese de maestros","author":"grieta","date":"18 marzo, 2016","format":false,"excerpt":"CLAUDIA LANDEROS El siglo de torre\u00f3n Una comisi\u00f3n de madres de familia de tres colonias de G\u00f3mez Palacio, El Mezquital, Solidaridad y Leticia Herrera acudieron a manifestarse a las oficinas de la Subsecretar\u00eda de Educaci\u00f3n en la regi\u00f3n Lagunera, exponiendo principalmente su molestia ante el cese de maestros que no\u2026","rel":"","context":"En &quot;CINTILLO&quot;","block_context":{"text":"CINTILLO","link":"http:\/\/www.grieta.org.mx\/index.php\/category\/cintillo\/"},"img":{"alt_text":"","src":"https:\/\/i0.wp.com\/www.grieta.org.mx\/wp-content\/uploads\/2018\/03\/14524434_1106112876131411_958039263622046936_o.jpg?resize=350%2C200","width":350,"height":200,"srcset":"https:\/\/i0.wp.com\/www.grieta.org.mx\/wp-content\/uploads\/2018\/03\/14524434_1106112876131411_958039263622046936_o.jpg?resize=350%2C200 1x, https:\/\/i0.wp.com\/www.grieta.org.mx\/wp-content\/uploads\/2018\/03\/14524434_1106112876131411_958039263622046936_o.jpg?resize=525%2C300 1.5x, https:\/\/i0.wp.com\/www.grieta.org.mx\/wp-content\/uploads\/2018\/03\/14524434_1106112876131411_958039263622046936_o.jpg?resize=700%2C400 2x"},"classes":[]},{"id":4116,"url":"http:\/\/www.grieta.org.mx\/index.php\/2016\/03\/16\/padres-de-familia-toman-escuela-por-despido-de-maestras\/","url_meta":{"origin":16067,"position":2},"title":"Padres de familia toman escuela por despido de maestras","author":"grieta","date":"16 marzo, 2016","format":false,"excerpt":"Esta ma\u00f1ana el Comit\u00e9 de padres de familia de la primaria Vicente Guerrero, ubicada en el Fraccionamiento Las Playas, tomaron las instalaciones. El grupo se mostr\u00f3 inconforme por la Reforma Educativa, tras la notificaci\u00f3n de despido de cinco maestras del turno matutino por no presentar la evaluaci\u00f3n docente. Hasta el\u2026","rel":"","context":"En &quot;CINTILLO&quot;","block_context":{"text":"CINTILLO","link":"http:\/\/www.grieta.org.mx\/index.php\/category\/cintillo\/"},"img":{"alt_text":"","src":"https:\/\/i0.wp.com\/www.grieta.org.mx\/wp-content\/uploads\/2018\/03\/14524434_1106112876131411_958039263622046936_o.jpg?resize=350%2C200","width":350,"height":200,"srcset":"https:\/\/i0.wp.com\/www.grieta.org.mx\/wp-content\/uploads\/2018\/03\/14524434_1106112876131411_958039263622046936_o.jpg?resize=350%2C200 1x, https:\/\/i0.wp.com\/www.grieta.org.mx\/wp-content\/uploads\/2018\/03\/14524434_1106112876131411_958039263622046936_o.jpg?resize=525%2C300 1.5x, https:\/\/i0.wp.com\/www.grieta.org.mx\/wp-content\/uploads\/2018\/03\/14524434_1106112876131411_958039263622046936_o.jpg?resize=700%2C400 2x"},"classes":[]},{"id":10151,"url":"http:\/\/www.grieta.org.mx\/index.php\/2016\/04\/06\/padres-de-familia-cierran-escuela-en-protesta-por-despido-de-maestros\/","url_meta":{"origin":16067,"position":3},"title":"Padres de familia cierran escuela en protesta por despido de maestros","author":"grieta","date":"6 abril, 2016","format":false,"excerpt":"Fernando Sanchez Madres y padres de familia se solidarizan con los docentes contra del despido de algunos maestros de Puerto Vallarta y cierran escuela primaria de Ramblases. Puerto Vallarta.- La ma\u00f1ana de este mi\u00e9rcoles los padres de familia acordaron junto con los maestros cerrar la escuela en protesta por el\u2026","rel":"","context":"En &quot;CINTILLO&quot;","block_context":{"text":"CINTILLO","link":"http:\/\/www.grieta.org.mx\/index.php\/category\/cintillo\/"},"img":{"alt_text":"","src":"https:\/\/i0.wp.com\/www.grieta.org.mx\/wp-content\/uploads\/2018\/03\/14524434_1106112876131411_958039263622046936_o.jpg?resize=350%2C200","width":350,"height":200,"srcset":"https:\/\/i0.wp.com\/www.grieta.org.mx\/wp-content\/uploads\/2018\/03\/14524434_1106112876131411_958039263622046936_o.jpg?resize=350%2C200 1x, https:\/\/i0.wp.com\/www.grieta.org.mx\/wp-content\/uploads\/2018\/03\/14524434_1106112876131411_958039263622046936_o.jpg?resize=525%2C300 1.5x, https:\/\/i0.wp.com\/www.grieta.org.mx\/wp-content\/uploads\/2018\/03\/14524434_1106112876131411_958039263622046936_o.jpg?resize=700%2C400 2x"},"classes":[]},{"id":11525,"url":"http:\/\/www.grieta.org.mx\/index.php\/2016\/04\/26\/exigen-que-renuncie-el-director-de-escuela\/","url_meta":{"origin":16067,"position":4},"title":"Exigen que renuncie el director de escuela","author":"grieta","date":"26 abril, 2016","format":false,"excerpt":"G\u00d3MEZ PALACIO, DGO.- Para exigir la salida del director y mejores condiciones educativas para sus hijos, un grupo de madres de familia realiz\u00f3 un plant\u00f3n en la escuela primaria Gregorio Torres Quintero, ya que se cambia constantemente de maestros y una de ellas acude a dar clases sin percibir sueldo,\u2026","rel":"","context":"En &quot;CINTILLO&quot;","block_context":{"text":"CINTILLO","link":"http:\/\/www.grieta.org.mx\/index.php\/category\/cintillo\/"},"img":{"alt_text":"","src":"https:\/\/i0.wp.com\/www.grieta.org.mx\/wp-content\/uploads\/2018\/03\/14524434_1106112876131411_958039263622046936_o.jpg?resize=350%2C200","width":350,"height":200,"srcset":"https:\/\/i0.wp.com\/www.grieta.org.mx\/wp-content\/uploads\/2018\/03\/14524434_1106112876131411_958039263622046936_o.jpg?resize=350%2C200 1x, https:\/\/i0.wp.com\/www.grieta.org.mx\/wp-content\/uploads\/2018\/03\/14524434_1106112876131411_958039263622046936_o.jpg?resize=525%2C300 1.5x, https:\/\/i0.wp.com\/www.grieta.org.mx\/wp-content\/uploads\/2018\/03\/14524434_1106112876131411_958039263622046936_o.jpg?resize=700%2C400 2x"},"classes":[]},{"id":970,"url":"http:\/\/www.grieta.org.mx\/index.php\/2016\/03\/02\/hasta-policias-utiliza-seduc-para-retirar-a-maestros-en-resistencia\/","url_meta":{"origin":16067,"position":5},"title":"Hasta polic\u00edas utiliza Seduc para retirar a maestros en resistencia","author":"grieta","date":"2 marzo, 2016","format":false,"excerpt":"Por Ronny Aguilar CAMPECHE, Cam. 1 de marzo del 2016.- Padres de familia respaldaron a docentes cesados el d\u00eda de ayer, exigieron a las autoridades que se les permita terminar el ciclo escolar y se\u00f1alaron que loa maestros no son flojos, como se difunde oficialmente, despu\u00e9s de que les fue\u2026","rel":"","context":"En &quot;campeche&quot;","block_context":{"text":"campeche","link":"http:\/\/www.grieta.org.mx\/index.php\/category\/campeche\/"},"img":{"alt_text":"","src":"https:\/\/i0.wp.com\/www.grieta.org.mx\/wp-content\/uploads\/2018\/03\/14524434_1106112876131411_958039263622046936_o.jpg?resize=350%2C200","width":350,"height":200,"srcset":"https:\/\/i0.wp.com\/www.grieta.org.mx\/wp-content\/uploads\/2018\/03\/14524434_1106112876131411_958039263622046936_o.jpg?resize=350%2C200 1x, https:\/\/i0.wp.com\/www.grieta.org.mx\/wp-content\/uploads\/2018\/03\/14524434_1106112876131411_958039263622046936_o.jpg?resize=525%2C300 1.5x, https:\/\/i0.wp.com\/www.grieta.org.mx\/wp-content\/uploads\/2018\/03\/14524434_1106112876131411_958039263622046936_o.jpg?resize=700%2C400 2x"},"classes":[]}],"_links":{"self":[{"href":"http:\/\/www.grieta.org.mx\/index.php\/wp-json\/wp\/v2\/posts\/16067","targetHints":{"allow":["GET"]}}],"collection":[{"href":"http:\/\/www.grieta.org.mx\/index.php\/wp-json\/wp\/v2\/posts"}],"about":[{"href":"http:\/\/www.grieta.org.mx\/index.php\/wp-json\/wp\/v2\/types\/post"}],"author":[{"embeddable":true,"href":"http:\/\/www.grieta.org.mx\/index.php\/wp-json\/wp\/v2\/users\/2"}],"replies":[{"embeddable":true,"href":"http:\/\/www.grieta.org.mx\/index.php\/wp-json\/wp\/v2\/comments?post=16067"}],"version-history":[{"count":1,"href":"http:\/\/www.grieta.org.mx\/index.php\/wp-json\/wp\/v2\/posts\/16067\/revisions"}],"predecessor-version":[{"id":16079,"href":"http:\/\/www.grieta.org.mx\/index.php\/wp-json\/wp\/v2\/posts\/16067\/revisions\/16079"}],"wp:featuredmedia":[{"embeddable":true,"href":"http:\/\/www.grieta.org.mx\/index.php\/wp-json\/wp\/v2\/media\/21928"}],"wp:attachment":[{"href":"http:\/\/www.grieta.org.mx\/index.php\/wp-json\/wp\/v2\/media?parent=16067"}],"wp:term":[{"taxonomy":"category","embeddable":true,"href":"http:\/\/www.grieta.org.mx\/index.php\/wp-json\/wp\/v2\/categories?post=16067"},{"taxonomy":"post_tag","embeddable":true,"href":"http:\/\/www.grieta.org.mx\/index.php\/wp-json\/wp\/v2\/tags?post=16067"}],"curies":[{"name":"wp","href":"https:\/\/api.w.org\/{rel}","templated":true}]}}