{"id":16064,"date":"2016-07-06T19:37:13","date_gmt":"2016-07-07T00:37:13","guid":{"rendered":"http:\/\/www.grieta.org.mx\/?p=16064"},"modified":"2016-07-07T19:40:29","modified_gmt":"2016-07-08T00:40:29","slug":"estudiantes-de-unam-e-ipn-toman-caseta-en-apoyo-a-maestros","status":"publish","type":"post","link":"http:\/\/www.grieta.org.mx\/index.php\/2016\/07\/06\/estudiantes-de-unam-e-ipn-toman-caseta-en-apoyo-a-maestros\/","title":{"rendered":"Estudiantes de UNAM e IPN toman caseta en apoyo a maestros"},"content":{"rendered":"<p>Desde las 9am estudiantes del IPN y la UNAM protestaron durante m\u00e1s de tres horas, liberando la caseta de cobro de la autopista M\u00e9xico-Puebla, donde se solidarizaron con la CNTE.<\/p>\n<p>Regeneraci\u00f3n, 6 de julio de 2016.- Por la ma\u00f1ana estudiantes del Instituto Polit\u00e9cnico Nacional (IPN) y de la Universidad Nacional Aut\u00f3noma de M\u00e9xico (UNAM) protestaron durante tres horas en la caseta de cobro de la autopista M\u00e9xico-Puebla, donde se solidarizaron con la Coordinadora Nacional de Trabajadores de la Educaci\u00f3n (CNTE) y exigieron al gobierno federal cese la represi\u00f3n contra la sociedad que se opone a la reforma educativa del gobierno de Enrique Pe\u00f1a Nieto.<\/p>\n<p>Desde las nueve de la ma\u00f1ana y hasta el mediod\u00eda exclamaron consignas y a los automovilistas mostraron cartulinas repudiando la represi\u00f3n que la Polic\u00eda Federal llev\u00f3 a cabo el domingo 19 de junio en Oaxaca, cuando priv\u00f3 de la vida a ocho personas e hiri\u00f3 a otras 50 m\u00e1s.<\/p>\n<p>Los j\u00f3venes marcharon desde el libramiento a Chalco y se apostaron en la garita de San Marcos Huixtoco, ubicada en el kil\u00f3metro 33 de esta v\u00eda de cuota, donde permitieron el libre paso en ambos sentidos.<\/p>\n<p>Aunque en la UNAM concluy\u00f3 el semestre, los estudiantes acordaron seguir con las manifestaciones de apoyo, luego de que el gobierno federal anunci\u00f3 el reinicio de los operativos en los estados de Oaxaca y Chiapas.<\/p>\n<p><a href=\"http:\/\/regeneracion.mx\/estudiantes-de-unam-e-ipn-toman-caseta-en-apoyo-a-maestros\/\" target=\"_blank\">http:\/\/regeneracion.mx\/estudiantes-de-unam-e-ipn-toman-caseta-en-apoyo-a-maestros\/<\/a><\/p>\n","protected":false},"excerpt":{"rendered":"<p>Desde las 9am estudiantes del IPN y la UNAM protestaron durante m\u00e1s de tres horas, liberando la caseta de cobro de la autopista M\u00e9xico-Puebla, donde se solidarizaron con la CNTE. &hellip; <a href=\"http:\/\/www.grieta.org.mx\/index.php\/2016\/07\/06\/estudiantes-de-unam-e-ipn-toman-caseta-en-apoyo-a-maestros\/\" class=\"more-link\">Leer m\u00e1s<\/a><\/p>\n","protected":false},"author":2,"featured_media":21928,"comment_status":"closed","ping_status":"closed","sticky":false,"template":"","format":"standard","meta":{"ngg_post_thumbnail":0,"_jetpack_newsletter_access":"","_jetpack_dont_email_post_to_subs":false,"_jetpack_newsletter_tier_id":0,"_jetpack_memberships_contains_paywalled_content":false,"_jetpack_memberships_contains_paid_content":false,"footnotes":""},"categories":[598,80],"tags":[134,606,135,767,144],"class_list":["post-16064","post","type-post","status-publish","format-standard","has-post-thumbnail","hentry","category-cdmx","category-cintillo","tag-cnte","tag-ipn","tag-reforma-educativa","tag-solidaridad","tag-unam","entry"],"jetpack_featured_media_url":"http:\/\/www.grieta.org.mx\/wp-content\/uploads\/2018\/03\/14524434_1106112876131411_958039263622046936_o.jpg","jetpack_sharing_enabled":true,"jetpack_shortlink":"https:\/\/wp.me\/p7ZJR4-4b6","jetpack_likes_enabled":false,"jetpack-related-posts":[{"id":17289,"url":"http:\/\/www.grieta.org.mx\/index.php\/2016\/07\/15\/ninguna-reforma-vale-la-pena-si-se-realiza-con-sangre\/","url_meta":{"origin":16064,"position":0},"title":"&#8220;Ninguna reforma vale la pena si se realiza con sangre&#8221;","author":"grieta","date":"15 julio, 2016","format":false,"excerpt":"JUAN MANUEL BARRERA Estudiantes de la FES Arag\u00f3n se manifestaron en la caseta de cobro de San Marcos Huixtoco de la autopista M\u00e9xico-Puebla en apoyo a la CNTE Chalco, M\u00e9x. Alumnos de la Facultad de Estudios Superiores (FES) Arag\u00f3n, de la UNAM, se manifestaron en la caseta de cobro de\u2026","rel":"","context":"En &quot;CINTILLO&quot;","block_context":{"text":"CINTILLO","link":"http:\/\/www.grieta.org.mx\/index.php\/category\/cintillo\/"},"img":{"alt_text":"","src":"https:\/\/i0.wp.com\/www.grieta.org.mx\/wp-content\/uploads\/2018\/03\/14524434_1106112876131411_958039263622046936_o.jpg?resize=350%2C200","width":350,"height":200,"srcset":"https:\/\/i0.wp.com\/www.grieta.org.mx\/wp-content\/uploads\/2018\/03\/14524434_1106112876131411_958039263622046936_o.jpg?resize=350%2C200 1x, https:\/\/i0.wp.com\/www.grieta.org.mx\/wp-content\/uploads\/2018\/03\/14524434_1106112876131411_958039263622046936_o.jpg?resize=525%2C300 1.5x, https:\/\/i0.wp.com\/www.grieta.org.mx\/wp-content\/uploads\/2018\/03\/14524434_1106112876131411_958039263622046936_o.jpg?resize=700%2C400 2x"},"classes":[]},{"id":15582,"url":"http:\/\/www.grieta.org.mx\/index.php\/2016\/06\/22\/mega-asamblea-en-ciudad-universitaria-en-apoyo-a-la-cnte\/","url_meta":{"origin":16064,"position":1},"title":"Mega asamblea en Ciudad Universitaria en apoyo a la CNTE","author":"grieta","date":"22 junio, 2016","format":false,"excerpt":"Juan Carlos Hern\u00e1ndez Rosete Foto: Juan Carlos Hern\u00e1ndez Rosete \/ Somoselmedio.org La siguiente reuni\u00f3n fue convocada para el jueves 30 de junio Ciudad de M\u00e9xico, 22 de junio de 2016. Ayer se realiz\u00f3 en Ciudad Universitaria la Primera Asamblea en apoyo a la Coordinadora Nacional de Trabajadores de la Educaci\u00f3n\u2026","rel":"","context":"En &quot;CINTILLO&quot;","block_context":{"text":"CINTILLO","link":"http:\/\/www.grieta.org.mx\/index.php\/category\/cintillo\/"},"img":{"alt_text":"","src":"https:\/\/i0.wp.com\/www.grieta.org.mx\/wp-content\/uploads\/2018\/03\/14524434_1106112876131411_958039263622046936_o.jpg?resize=350%2C200","width":350,"height":200,"srcset":"https:\/\/i0.wp.com\/www.grieta.org.mx\/wp-content\/uploads\/2018\/03\/14524434_1106112876131411_958039263622046936_o.jpg?resize=350%2C200 1x, https:\/\/i0.wp.com\/www.grieta.org.mx\/wp-content\/uploads\/2018\/03\/14524434_1106112876131411_958039263622046936_o.jpg?resize=525%2C300 1.5x, https:\/\/i0.wp.com\/www.grieta.org.mx\/wp-content\/uploads\/2018\/03\/14524434_1106112876131411_958039263622046936_o.jpg?resize=700%2C400 2x"},"classes":[]},{"id":16654,"url":"http:\/\/www.grieta.org.mx\/index.php\/2016\/07\/09\/protestan-en-el-estado-de-mexico-a-favor-de-la-cnte\/","url_meta":{"origin":16064,"position":2},"title":"Protestan en el Estado de M\u00e9xico a favor de la CNTE","author":"grieta","date":"9 julio, 2016","format":false,"excerpt":"CHALCO, ESTADO DE M\u00c9XICO (09\/JUL\/2016).- Integrantes de la Coordinadora Nacional de Trabajadores de la Educaci\u00f3n (CNTE) liberaron las plumas de la caseta de cobro de la autopista M\u00e9xico-Puebla, en San Marcos Huixtoco, y en Naucalpan se movilizaron contra la Reforma Educativa. Desde las 08:00 horas de este s\u00e1bado, unos 70\u2026","rel":"","context":"En &quot;CINTILLO&quot;","block_context":{"text":"CINTILLO","link":"http:\/\/www.grieta.org.mx\/index.php\/category\/cintillo\/"},"img":{"alt_text":"","src":"https:\/\/i0.wp.com\/www.grieta.org.mx\/wp-content\/uploads\/2018\/03\/14524434_1106112876131411_958039263622046936_o.jpg?resize=350%2C200","width":350,"height":200,"srcset":"https:\/\/i0.wp.com\/www.grieta.org.mx\/wp-content\/uploads\/2018\/03\/14524434_1106112876131411_958039263622046936_o.jpg?resize=350%2C200 1x, https:\/\/i0.wp.com\/www.grieta.org.mx\/wp-content\/uploads\/2018\/03\/14524434_1106112876131411_958039263622046936_o.jpg?resize=525%2C300 1.5x, https:\/\/i0.wp.com\/www.grieta.org.mx\/wp-content\/uploads\/2018\/03\/14524434_1106112876131411_958039263622046936_o.jpg?resize=700%2C400 2x"},"classes":[]},{"id":15574,"url":"http:\/\/www.grieta.org.mx\/index.php\/2016\/08\/17\/manifestaciones-en-solidaridad-con-el-magisterio-en-la-ciudad-de-mexico\/","url_meta":{"origin":16064,"position":3},"title":"Manifestaciones en solidaridad con el magisterio en la Ciudad de M\u00e9xico","author":"grieta","date":"17 agosto, 2016","format":false,"excerpt":"16\/08\/16. Escuela Secundaria Diurna No. 36 entra en paro indefinido; \u201chasta que caiga la reforma educativa\u201d (CDMX)Ruptura Colectiva 14\/07\/16. Brigada informativa en el pedregal de Santo DomingoKe Huelga Radio 07\/07\/16. Con 4 marchas y m\u00e1s de 30 bloqueos la CdMx dice no a la Reforma EducativaApia Virtual 07\/07\/16. Por tercer\u2026","rel":"","context":"En &quot;Ciudad de M\u00e9xico&quot;","block_context":{"text":"Ciudad de M\u00e9xico","link":"http:\/\/www.grieta.org.mx\/index.php\/category\/noticias-nacionales\/ciudad-de-mexico\/"},"img":{"alt_text":"","src":"https:\/\/i0.wp.com\/www.grieta.org.mx\/wp-content\/uploads\/2018\/03\/14524434_1106112876131411_958039263622046936_o.jpg?resize=350%2C200","width":350,"height":200,"srcset":"https:\/\/i0.wp.com\/www.grieta.org.mx\/wp-content\/uploads\/2018\/03\/14524434_1106112876131411_958039263622046936_o.jpg?resize=350%2C200 1x, https:\/\/i0.wp.com\/www.grieta.org.mx\/wp-content\/uploads\/2018\/03\/14524434_1106112876131411_958039263622046936_o.jpg?resize=525%2C300 1.5x, https:\/\/i0.wp.com\/www.grieta.org.mx\/wp-content\/uploads\/2018\/03\/14524434_1106112876131411_958039263622046936_o.jpg?resize=700%2C400 2x"},"classes":[]},{"id":17504,"url":"http:\/\/www.grieta.org.mx\/index.php\/2016\/07\/20\/oman-maestros-caseta-en-la-autopista-del-sol-morelos\/","url_meta":{"origin":16064,"position":4},"title":"Toman maestros caseta en la Autopista del Sol (MORELOS)","author":"grieta","date":"20 julio, 2016","format":false,"excerpt":"Karina Ortega, Morelos Integrantes de la Coordinadora Nacional de Trabajadores de la Educaci\u00f3n (CNTE) tomaron la caseta de cobro de la Autopista del Sol a la altura de Ahuehuetzingo y permiten el libre paso de los automovilistas, como muestra de rechazo a la Reforma Educativa. Por m\u00e1s de dos horas,\u2026","rel":"","context":"En &quot;CINTILLO&quot;","block_context":{"text":"CINTILLO","link":"http:\/\/www.grieta.org.mx\/index.php\/category\/cintillo\/"},"img":{"alt_text":"","src":"https:\/\/i0.wp.com\/www.grieta.org.mx\/wp-content\/uploads\/2018\/03\/14524434_1106112876131411_958039263622046936_o.jpg?resize=350%2C200","width":350,"height":200,"srcset":"https:\/\/i0.wp.com\/www.grieta.org.mx\/wp-content\/uploads\/2018\/03\/14524434_1106112876131411_958039263622046936_o.jpg?resize=350%2C200 1x, https:\/\/i0.wp.com\/www.grieta.org.mx\/wp-content\/uploads\/2018\/03\/14524434_1106112876131411_958039263622046936_o.jpg?resize=525%2C300 1.5x, https:\/\/i0.wp.com\/www.grieta.org.mx\/wp-content\/uploads\/2018\/03\/14524434_1106112876131411_958039263622046936_o.jpg?resize=700%2C400 2x"},"classes":[]},{"id":10725,"url":"http:\/\/www.grieta.org.mx\/index.php\/2016\/04\/16\/amagan-con-escalar-protestas-contra-nuno\/","url_meta":{"origin":16064,"position":5},"title":"Amagan con escalar protestas contra Nu\u00f1o","author":"grieta","date":"16 abril, 2016","format":false,"excerpt":"Juli\u00e1n S\u00e1nchez Alumnos del IPN, UNAM y UAM, por frente contra reforma educativa; titular de SEP les pide no dejarse confundir Estudiantes del Instituto Polit\u00e9cnico Nacional (IPN) y de las universidades Aut\u00f3noma Metropolitana (UAM) y la Nacional Aut\u00f3noma de M\u00e9xico (UNAM) advirtieron que protestar\u00e1n en los actos donde se presente\u2026","rel":"","context":"En &quot;CINTILLO&quot;","block_context":{"text":"CINTILLO","link":"http:\/\/www.grieta.org.mx\/index.php\/category\/cintillo\/"},"img":{"alt_text":"","src":"https:\/\/i0.wp.com\/www.grieta.org.mx\/wp-content\/uploads\/2018\/03\/14524434_1106112876131411_958039263622046936_o.jpg?resize=350%2C200","width":350,"height":200,"srcset":"https:\/\/i0.wp.com\/www.grieta.org.mx\/wp-content\/uploads\/2018\/03\/14524434_1106112876131411_958039263622046936_o.jpg?resize=350%2C200 1x, https:\/\/i0.wp.com\/www.grieta.org.mx\/wp-content\/uploads\/2018\/03\/14524434_1106112876131411_958039263622046936_o.jpg?resize=525%2C300 1.5x, https:\/\/i0.wp.com\/www.grieta.org.mx\/wp-content\/uploads\/2018\/03\/14524434_1106112876131411_958039263622046936_o.jpg?resize=700%2C400 2x"},"classes":[]}],"_links":{"self":[{"href":"http:\/\/www.grieta.org.mx\/index.php\/wp-json\/wp\/v2\/posts\/16064","targetHints":{"allow":["GET"]}}],"collection":[{"href":"http:\/\/www.grieta.org.mx\/index.php\/wp-json\/wp\/v2\/posts"}],"about":[{"href":"http:\/\/www.grieta.org.mx\/index.php\/wp-json\/wp\/v2\/types\/post"}],"author":[{"embeddable":true,"href":"http:\/\/www.grieta.org.mx\/index.php\/wp-json\/wp\/v2\/users\/2"}],"replies":[{"embeddable":true,"href":"http:\/\/www.grieta.org.mx\/index.php\/wp-json\/wp\/v2\/comments?post=16064"}],"version-history":[{"count":1,"href":"http:\/\/www.grieta.org.mx\/index.php\/wp-json\/wp\/v2\/posts\/16064\/revisions"}],"predecessor-version":[{"id":16065,"href":"http:\/\/www.grieta.org.mx\/index.php\/wp-json\/wp\/v2\/posts\/16064\/revisions\/16065"}],"wp:featuredmedia":[{"embeddable":true,"href":"http:\/\/www.grieta.org.mx\/index.php\/wp-json\/wp\/v2\/media\/21928"}],"wp:attachment":[{"href":"http:\/\/www.grieta.org.mx\/index.php\/wp-json\/wp\/v2\/media?parent=16064"}],"wp:term":[{"taxonomy":"category","embeddable":true,"href":"http:\/\/www.grieta.org.mx\/index.php\/wp-json\/wp\/v2\/categories?post=16064"},{"taxonomy":"post_tag","embeddable":true,"href":"http:\/\/www.grieta.org.mx\/index.php\/wp-json\/wp\/v2\/tags?post=16064"}],"curies":[{"name":"wp","href":"https:\/\/api.w.org\/{rel}","templated":true}]}}