{"id":16040,"date":"2016-07-06T13:10:11","date_gmt":"2016-07-06T18:10:11","guid":{"rendered":"http:\/\/www.grieta.org.mx\/?p=16040"},"modified":"2016-07-07T17:22:07","modified_gmt":"2016-07-07T22:22:07","slug":"protestan-jubilados-en-palacio-municipal-de-naucalpan","status":"publish","type":"post","link":"http:\/\/www.grieta.org.mx\/index.php\/2016\/07\/06\/protestan-jubilados-en-palacio-municipal-de-naucalpan\/","title":{"rendered":"Protestan jubilados en palacio municipal de Naucalpan"},"content":{"rendered":"<p>Rebeca Jim\u00e9nez Jacinto<\/p>\n<p><img loading=\"lazy\" decoding=\"async\" src=\"http:\/\/www.eluniversal.com.mx\/sites\/default\/files\/styles\/f03-651x400\/public\/2016\/07\/06\/jubilados_naucalpan.jpg?itok=I59Z0slS\" width=\"651\" height=\"400\" class=\"alignnone\" \/><br \/>\n&#8220;Pago de finiquito y de seguro de vida&#8221;, pidieron 220 jubilados y presionados frente al palacio municipal de Naucalpan, quienes laboraron hasta 40 a\u00f1os.  &#8220;Ahora parecemos limosneros&#8221;, afirm\u00f3 Guillermo Vel\u00e1zquez uno de los afectados.<\/p>\n<p>El Contrato Colectivo de Trabajo (CCT) y la Ley Federal del Trabajo establece que cada trabajador debe recibir 95 d\u00edas por cada a\u00f1o trabajado, apunt\u00f3 Florentino Sosa, asesor jur\u00eddico de los trabajadores sindicalizados de Naucalpan.<br \/>\n<br \/>\nNo obstante, algunos jubilados llevan m\u00e1s de seis a\u00f1os esperando recibir su prima de antig\u00fcedad y este a\u00f1o el nuevo ayuntamiento no ha liberado recursos para llevar a cabo el pago de esta prestaci\u00f3n, indic\u00f3 Sosa.<br \/>\n<br \/>\n&#8220;En cada cita llegamos con la esperanza de recibir la prima de antig\u00fcedad , pero pasan los meses y los a\u00f1os y no recibimos nada, incluso mi marido falleci\u00f3 en espera de su pago&#8221;, apunt\u00f3 la viuda de Filiberto Medrano Reyes, quien labor\u00f3 30 a\u00f1os en el ayuntamiento de Naucalpan.<br \/>\n<br \/>\nDe los 220 jubilados de Naucalpan, ya fallecieron seis sin recibir su pago, indic\u00f3 el asesor jur\u00eddico , quien afirm\u00f3 que personal de la tesorer\u00eda les inform\u00f3 que este a\u00f1o solo entregar\u00edan un mill\u00f3n 100 mil pesos, que dividido entre los 220 jubilados solo les tocar\u00edan 5 mil pesos.<br \/>\n<br \/>\nEl ayuntamiento &#8220;no tiene liquidez&#8221;, es la respuesta que reciben los jubilados, indic\u00f3 Florentino Sosa.<br \/>\n<br \/>\nHoracio Jim\u00e9nez L\u00f3pez, secretario del ayuntamiento se\u00f1al\u00f3 que la omisi\u00f3n en el pago de esta prima de antig\u00fcedad fue de administraciones que gobernaron desde hace 10 y 9 a\u00f1os, no obstante &#8220;los estamos escuchando&#8221;.<\/p>\n<p><a href=\"http:\/\/www.eluniversal.com.mx\/articulo\/metropoli\/edomex\/2016\/07\/6\/protestan-jubilados-en-palacio-municipal-de-naucalpan\" target=\"_blank\">http:\/\/www.eluniversal.com.mx\/articulo\/metropoli\/edomex\/2016\/07\/6\/protestan-jubilados-en-palacio-municipal-de-naucalpan<\/a><\/p>\n","protected":false},"excerpt":{"rendered":"<p>Rebeca Jim\u00e9nez Jacinto &#8220;Pago de finiquito y de seguro de vida&#8221;, pidieron 220 jubilados y presionados frente al palacio municipal de Naucalpan, quienes laboraron hasta 40 a\u00f1os. &#8220;Ahora parecemos limosneros&#8221;, &hellip; <a href=\"http:\/\/www.grieta.org.mx\/index.php\/2016\/07\/06\/protestan-jubilados-en-palacio-municipal-de-naucalpan\/\" class=\"more-link\">Leer m\u00e1s<\/a><\/p>\n","protected":false},"author":2,"featured_media":21928,"comment_status":"closed","ping_status":"closed","sticky":false,"template":"","format":"standard","meta":{"ngg_post_thumbnail":0,"_jetpack_newsletter_access":"","_jetpack_dont_email_post_to_subs":false,"_jetpack_newsletter_tier_id":0,"_jetpack_memberships_contains_paywalled_content":false,"_jetpack_memberships_contains_paid_content":false,"footnotes":""},"categories":[80],"tags":[113,92],"class_list":["post-16040","post","type-post","status-publish","format-standard","has-post-thumbnail","hentry","category-cintillo","tag-conflictos-laborales","tag-estado-de-mexico","entry"],"jetpack_featured_media_url":"http:\/\/www.grieta.org.mx\/wp-content\/uploads\/2018\/03\/14524434_1106112876131411_958039263622046936_o.jpg","jetpack_sharing_enabled":true,"jetpack_shortlink":"https:\/\/wp.me\/p7ZJR4-4aI","jetpack_likes_enabled":false,"jetpack-related-posts":[{"id":16050,"url":"http:\/\/www.grieta.org.mx\/index.php\/2016\/07\/06\/conflictos-laborales-en-el-estado-de-mexico\/","url_meta":{"origin":16040,"position":0},"title":"Conflictos laborales en el Estado de M\u00e9xico","author":"grieta","date":"6 julio, 2016","format":false,"excerpt":"06\/07\/16. Protestan jubilados en palacio municipal de NaucalpanEl Universal","rel":"","context":"En &quot;Estado de M\u00e9xico&quot;","block_context":{"text":"Estado de M\u00e9xico","link":"http:\/\/www.grieta.org.mx\/index.php\/category\/noticias-nacionales\/estado-de-mexico\/"},"img":{"alt_text":"","src":"https:\/\/i0.wp.com\/www.grieta.org.mx\/wp-content\/uploads\/2018\/03\/14524434_1106112876131411_958039263622046936_o.jpg?resize=350%2C200","width":350,"height":200,"srcset":"https:\/\/i0.wp.com\/www.grieta.org.mx\/wp-content\/uploads\/2018\/03\/14524434_1106112876131411_958039263622046936_o.jpg?resize=350%2C200 1x, https:\/\/i0.wp.com\/www.grieta.org.mx\/wp-content\/uploads\/2018\/03\/14524434_1106112876131411_958039263622046936_o.jpg?resize=525%2C300 1.5x, https:\/\/i0.wp.com\/www.grieta.org.mx\/wp-content\/uploads\/2018\/03\/14524434_1106112876131411_958039263622046936_o.jpg?resize=700%2C400 2x"},"classes":[]},{"id":54692,"url":"http:\/\/www.grieta.org.mx\/index.php\/2020\/11\/02\/cumple-un-ano-que-mauricio-vila-mocha-pensiones-a-jubilados-del-isstey\/","url_meta":{"origin":16040,"position":1},"title":"Cumple un a\u00f1o que Mauricio Vila &#8216;mocha&#8217; pensiones a jubilados del Isstey","author":"grieta","date":"2 noviembre, 2020","format":false,"excerpt":"La Verdad Los jubilados y pensionados del Isstey cumplen un a\u00f1o sin pago completo; siguen buscando justicia Se cumpli\u00f3 un a\u00f1o desde que el \u00faltimo d\u00eda de octubre de 2019, el gobierno de Mauricio Vila empez\u00f3 a recortar sin justificaci\u00f3n el pago a jubilados y pensionados. Se trata de una\u2026","rel":"","context":"En &quot;CINTILLO&quot;","block_context":{"text":"CINTILLO","link":"http:\/\/www.grieta.org.mx\/index.php\/category\/cintillo\/"},"img":{"alt_text":"","src":"https:\/\/i0.wp.com\/www.grieta.org.mx\/wp-content\/uploads\/2020\/11\/MochesPensionessVila.png?resize=350%2C200","width":350,"height":200,"srcset":"https:\/\/i0.wp.com\/www.grieta.org.mx\/wp-content\/uploads\/2020\/11\/MochesPensionessVila.png?resize=350%2C200 1x, https:\/\/i0.wp.com\/www.grieta.org.mx\/wp-content\/uploads\/2020\/11\/MochesPensionessVila.png?resize=525%2C300 1.5x"},"classes":[]},{"id":59216,"url":"http:\/\/www.grieta.org.mx\/index.php\/2021\/05\/04\/campeche-jubilados-de-pemex-exigen-pago-completo-de-prestaciones\/","url_meta":{"origin":16040,"position":2},"title":"Campeche: Jubilados de Pemex exigen pago completo de prestaciones","author":"grieta","date":"4 mayo, 2021","format":false,"excerpt":"Pablo Puerto \/ Yucat\u00e1n a la Mano Grupo representativo en Campeche de Jubilados y Pensionados de Petr\u00f3leos Mexicanos (Pemex), exigen a la Junta Especial Federal de Conciliaci\u00f3n y Arbitraje, la calificaci\u00f3n de su demanda en contra de la paraestatal, pues desde 2015 se niega a pagar incrementos en las prestaciones\u2026","rel":"","context":"En &quot;Campeche&quot;","block_context":{"text":"Campeche","link":"http:\/\/www.grieta.org.mx\/index.php\/category\/noticias-nacionales\/campeche\/"},"img":{"alt_text":"","src":"https:\/\/i0.wp.com\/www.grieta.org.mx\/wp-content\/uploads\/2021\/05\/JubiladosPemex.png?resize=350%2C200","width":350,"height":200,"srcset":"https:\/\/i0.wp.com\/www.grieta.org.mx\/wp-content\/uploads\/2021\/05\/JubiladosPemex.png?resize=350%2C200 1x, https:\/\/i0.wp.com\/www.grieta.org.mx\/wp-content\/uploads\/2021\/05\/JubiladosPemex.png?resize=525%2C300 1.5x, https:\/\/i0.wp.com\/www.grieta.org.mx\/wp-content\/uploads\/2021\/05\/JubiladosPemex.png?resize=700%2C400 2x"},"classes":[]},{"id":21239,"url":"http:\/\/www.grieta.org.mx\/index.php\/2016\/09\/09\/jubilados-exigen-pago-de-bonos-campeche\/","url_meta":{"origin":16040,"position":3},"title":"Jubilados exigen pago de bonos (Campeche)","author":"grieta","date":"9 septiembre, 2016","format":false,"excerpt":"Jubilados y pensionados del Issste se manifestaron a las puertas de la delegaci\u00f3n para exigir el pago de los conceptos 02 y 03 de previsi\u00f3n social m\u00faltiple y bono de despensa conforme lo establece la ley y que les adeudan desde el 2008. Portando pancartas los integrantes de la Coalici\u00f3n\u2026","rel":"","context":"En &quot;Campeche&quot;","block_context":{"text":"Campeche","link":"http:\/\/www.grieta.org.mx\/index.php\/category\/noticias-nacionales\/campeche\/"},"img":{"alt_text":"","src":"https:\/\/i0.wp.com\/www.grieta.org.mx\/wp-content\/uploads\/2018\/03\/14524434_1106112876131411_958039263622046936_o.jpg?resize=350%2C200","width":350,"height":200,"srcset":"https:\/\/i0.wp.com\/www.grieta.org.mx\/wp-content\/uploads\/2018\/03\/14524434_1106112876131411_958039263622046936_o.jpg?resize=350%2C200 1x, https:\/\/i0.wp.com\/www.grieta.org.mx\/wp-content\/uploads\/2018\/03\/14524434_1106112876131411_958039263622046936_o.jpg?resize=525%2C300 1.5x, https:\/\/i0.wp.com\/www.grieta.org.mx\/wp-content\/uploads\/2018\/03\/14524434_1106112876131411_958039263622046936_o.jpg?resize=700%2C400 2x"},"classes":[]},{"id":63283,"url":"http:\/\/www.grieta.org.mx\/index.php\/2022\/02\/03\/afectados-desde-hace-tres-anos-5-mil-jubilados-y-pensionados-del-issste-por-impago-de-retroactivo-salarial-colima\/","url_meta":{"origin":16040,"position":4},"title":"Afectados desde hace tres a\u00f1os 5 mil jubilados y pensionados del ISSSTE por impago de retroactivo salarial (Colima)","author":"grieta","date":"3 febrero, 2022","format":false,"excerpt":"Foto: El Comentario Francis Bravo \/ El Comentario El presidente de la Asociaci\u00f3n de Jubilados y Adultos Mayores,\u00a0Manuel Godina Velasco, denunci\u00f3 que desde hace tres a\u00f1os, a alrededor de 5 mil\u00a0jubilados\u00a0y\u00a0pensionados\u00a0del\u00a0ISSSTE\u00a0en Colima, se les est\u00e1 afectando al no entregarles el\u00a0retroactivo\u00a0del\u00a0incremento salarial, el cual representa este a\u00f1o casi 2 mil pesos.\u2026","rel":"","context":"En &quot;CINTILLO&quot;","block_context":{"text":"CINTILLO","link":"http:\/\/www.grieta.org.mx\/index.php\/category\/cintillo\/"},"img":{"alt_text":"","src":"https:\/\/i0.wp.com\/www.grieta.org.mx\/wp-content\/uploads\/2022\/02\/ad1feba6468a84a41854dcfb6ccabec2.jpg?resize=350%2C200","width":350,"height":200,"srcset":"https:\/\/i0.wp.com\/www.grieta.org.mx\/wp-content\/uploads\/2022\/02\/ad1feba6468a84a41854dcfb6ccabec2.jpg?resize=350%2C200 1x, https:\/\/i0.wp.com\/www.grieta.org.mx\/wp-content\/uploads\/2022\/02\/ad1feba6468a84a41854dcfb6ccabec2.jpg?resize=525%2C300 1.5x, https:\/\/i0.wp.com\/www.grieta.org.mx\/wp-content\/uploads\/2022\/02\/ad1feba6468a84a41854dcfb6ccabec2.jpg?resize=700%2C400 2x"},"classes":[]},{"id":70505,"url":"http:\/\/www.grieta.org.mx\/index.php\/2024\/11\/19\/jubilados-del-issemym-exigen-el-pago-de-sus-pensiones-estado-de-mexico\/","url_meta":{"origin":16040,"position":5},"title":"Jubilados del ISSEMyM exigen el pago de sus pensiones (Estado de M\u00e9xico)","author":"grieta","date":"19 noviembre, 2024","format":false,"excerpt":"Ximena Garc\u00eda \/ El Sol de Toluca Fotos: Rams\u00e9s Mercado \u00a0 Acusan que son 7 mil los que viven de pr\u00e9stamos y apoyos mientras esperan Pensionados y pensionistas del ISSEMyM bloquearon avenida Lerdo para exigir el pago de sus pensiones, pues lamentan que viven de pr\u00e9stamos y caridad pese a\u2026","rel":"","context":"En &quot;CINTILLO&quot;","block_context":{"text":"CINTILLO","link":"http:\/\/www.grieta.org.mx\/index.php\/category\/cintillo\/"},"img":{"alt_text":"","src":"https:\/\/i0.wp.com\/www.grieta.org.mx\/wp-content\/uploads\/2024\/11\/pensionados-ISSEMyM-1-3.jpg?resize=350%2C200","width":350,"height":200,"srcset":"https:\/\/i0.wp.com\/www.grieta.org.mx\/wp-content\/uploads\/2024\/11\/pensionados-ISSEMyM-1-3.jpg?resize=350%2C200 1x, https:\/\/i0.wp.com\/www.grieta.org.mx\/wp-content\/uploads\/2024\/11\/pensionados-ISSEMyM-1-3.jpg?resize=525%2C300 1.5x, https:\/\/i0.wp.com\/www.grieta.org.mx\/wp-content\/uploads\/2024\/11\/pensionados-ISSEMyM-1-3.jpg?resize=700%2C400 2x"},"classes":[]}],"_links":{"self":[{"href":"http:\/\/www.grieta.org.mx\/index.php\/wp-json\/wp\/v2\/posts\/16040","targetHints":{"allow":["GET"]}}],"collection":[{"href":"http:\/\/www.grieta.org.mx\/index.php\/wp-json\/wp\/v2\/posts"}],"about":[{"href":"http:\/\/www.grieta.org.mx\/index.php\/wp-json\/wp\/v2\/types\/post"}],"author":[{"embeddable":true,"href":"http:\/\/www.grieta.org.mx\/index.php\/wp-json\/wp\/v2\/users\/2"}],"replies":[{"embeddable":true,"href":"http:\/\/www.grieta.org.mx\/index.php\/wp-json\/wp\/v2\/comments?post=16040"}],"version-history":[{"count":1,"href":"http:\/\/www.grieta.org.mx\/index.php\/wp-json\/wp\/v2\/posts\/16040\/revisions"}],"predecessor-version":[{"id":16049,"href":"http:\/\/www.grieta.org.mx\/index.php\/wp-json\/wp\/v2\/posts\/16040\/revisions\/16049"}],"wp:featuredmedia":[{"embeddable":true,"href":"http:\/\/www.grieta.org.mx\/index.php\/wp-json\/wp\/v2\/media\/21928"}],"wp:attachment":[{"href":"http:\/\/www.grieta.org.mx\/index.php\/wp-json\/wp\/v2\/media?parent=16040"}],"wp:term":[{"taxonomy":"category","embeddable":true,"href":"http:\/\/www.grieta.org.mx\/index.php\/wp-json\/wp\/v2\/categories?post=16040"},{"taxonomy":"post_tag","embeddable":true,"href":"http:\/\/www.grieta.org.mx\/index.php\/wp-json\/wp\/v2\/tags?post=16040"}],"curies":[{"name":"wp","href":"https:\/\/api.w.org\/{rel}","templated":true}]}}