{"id":15975,"date":"2016-06-22T16:54:53","date_gmt":"2016-06-22T21:54:53","guid":{"rendered":"http:\/\/www.grieta.org.mx\/?p=15975"},"modified":"2018-07-24T13:45:30","modified_gmt":"2018-07-24T18:45:30","slug":"sagarpa-quiere-abrir-siembra-de-soya-transgenica-en-zonas-donde-no-hay-suspension-judicial-al-cultivo","status":"publish","type":"post","link":"http:\/\/www.grieta.org.mx\/index.php\/2016\/06\/22\/sagarpa-quiere-abrir-siembra-de-soya-transgenica-en-zonas-donde-no-hay-suspension-judicial-al-cultivo\/","title":{"rendered":"Sagarpa quiere abrir siembra de soya transg\u00e9nica en zonas donde no hay suspensi\u00f3n judicial al cultivo"},"content":{"rendered":"<p>La Sagarpa inform\u00f3 que mantiene conversaciones con el Servicio Nacional de Sanidad, Inocuidad y Calidad Agroalimentaria (Senasica) y los productores de soya para abrir la siembra de soya gen\u00e9ticamente modificada en aquellos lugares que no est\u00e1n incluidos en la orden de suspensi\u00f3n al cultivo determinada por la Suprema Corte.<br \/>\nEl subsecretario de Agricultura de la Sagarpa, Jorge Armando Narv\u00e1ez, expuso que la idea es que la siembra comercial de soya quede abierto para las zonas que no est\u00e1n en litigio judicial, que se ubican en Yucat\u00e1n y Campeche.<br \/>\nLas entidades que siembran soya y se encuentran fuera de este litigio son Tamaulipas, San Luis Potos\u00ed, Veracruz, Quintana Roo y Chiapas, donde Senasica tambi\u00e9n suspendi\u00f3 la siembra comercial de la oleaginosa.<br \/>\nEn entrevista, el funcionario asegur\u00f3 que en dos semanas, a lo m\u00e1ximo, esperan tener una respuesta, ya que en estos d\u00edas tendr\u00e1n reuniones t\u00e9cnicas para poder transitar este asunto y dar el anuncio o la informaci\u00f3n a las empresas comerciales.<br \/>\n\u201cEstamos hablando con Senasica y los productores porque \u00e9stos est\u00e1n inquietos por la siembra que se va a dar las pr\u00f3ximas semanas y quieren tener estos permisos de soya transg\u00e9nica avalados\u201d, subray\u00f3.<br \/>\nEl funcionario federal coment\u00f3 que las siembras de soya est\u00e1n iniciando y \u201cesta suspensi\u00f3n se puede revertir para los municipios que no est\u00e1n judicializados\u201d, que s\u00f3lo son ocho en Yucat\u00e1n y Campeche.<br \/>\nArmando Narv\u00e1ez justific\u00f3 que M\u00e9xico es deficitario en 80 por ciento en producci\u00f3n de soya, que es estrat\u00e9gica para consumo pecuario, por lo que tiene que coexistir el tema de los apicultores con la producci\u00f3n de soya.<br \/>\nNotificaci\u00f3n a Monsanto<br \/>\nCabe recordar que el pasado 14 de junio Monsanto difundi\u00f3 un comunicado donde se\u00f1ala que \u201crecibi\u00f3 una notificaci\u00f3n de las autoridades del Sector Agropecuario, suspendiendo el permiso de comercializaci\u00f3n de soya gen\u00e9ticamente modificada, como consecuencia de una resoluci\u00f3n del Juzgado Primero de Distrito en el Estado de Yucat\u00e1n\u201d.<br \/>\nLa trasnacional consider\u00f3 que lo anterior \u201ces incongruente con lo resuelto por la Segunda Sala de la Suprema Corte de Justicia de la Naci\u00f3n (SCJN), que no se pronunci\u00f3 por suspender la comercializaci\u00f3n de soya gen\u00e9ticamente modificada en todas las \u00e1reas autorizadas en el pa\u00eds (Tamaulipas, Chiapas, Campeche, San Luis Potos\u00ed, Quintana Roo, Yucat\u00e1n y Veracruz).\u201d<br \/>\nMonsanto, indic\u00f3, \u201clamenta la suspensi\u00f3n de este permiso, y se solidariza con los 6,000 agricultores y las 48,000 familias afectadas que dependen de la siembra de este cultivo, del cual M\u00e9xico importa el 92 por ciento para atender sus necesidades dom\u00e9sticas\u201d.<br \/>\nCabe recordar que en junio del 2012 el Senasica otorg\u00f3 un permiso de liberaci\u00f3n comercial de soya gen\u00e9ticamente modificada para una superficie potencial de siembra de 253 mil 500 hect\u00e1reas en los estados de Campeche, Quintana Roo, Yucat\u00e1n, Tamaulipas, San Luis Potos\u00ed, Veracruz y Chiapas.<br \/>\nEl pasado 8 junio las organizaciones ambientalistas Greenpeace e Indignaci\u00f3n A.C. demandaron a la empresa Monsanto por la posible siembra de soya gen\u00e9ticamente modificada en el estado de Campeche, \u201cen particular en el municipio del mismo nombre, donde la trasnacional ha expresado su intenci\u00f3n de comercializar semillas transg\u00e9nicas para el siguiente ciclo agr\u00edcola, pese a que no cuenta con permiso expreso para hacerlo y existe una resoluci\u00f3n de la Suprema Corte de Justicia de la Naci\u00f3n que suspende las autorizaciones de siembra en el estado\u201d.<br \/>\nEn un comunicado inform\u00f3 que las organizaciones presentaron denuncias populares ante la Procuradur\u00eda Federal de Protecci\u00f3n al Ambiente (Profepa) para que esta dependencia evite la liberaci\u00f3n de soya transg\u00e9nica en Campeche por las posibles afectaciones al derecho humano al medio ambiente sano, la bioseguridad y la gesti\u00f3n ambiental; adem\u00e1s, del desacato que la empresa podr\u00eda cometer en contravenci\u00f3n de las sentencias de la segunda sala de la Suprema Corte que suspende los permisos de siembra hasta que se consulte a las comunidades ind\u00edgenas sobre si est\u00e1n de acuerdo o no en que se cultiven organismos gen\u00e9ticamente modificados en su territorio<br \/>\nLas organizaciones pidieron que se realicen labores de inspecci\u00f3n, vigilancia y monitoreo en las comunidades y municipios de Campeche, a efecto de corroborar que no haya siembras de soya transg\u00e9nica y, en su caso, detenerlas.<\/p>\n<p><a href=\"http:\/\/imagenagropecuaria.com\/2016\/sagarpa-quiere-abrir-siembra-soya-transgenica-en-zonas-donde-suspension-judicial-al-cultivo\/\" target=\"_blank\">http:\/\/imagenagropecuaria.com\/2016\/sagarpa-quiere-abrir-siembra-soya-transgenica-en-zonas-donde-suspension-judicial-al-cultivo\/<\/a><\/p>\n","protected":false},"excerpt":{"rendered":"<p>La Sagarpa inform\u00f3 que mantiene conversaciones con el Servicio Nacional de Sanidad, Inocuidad y Calidad Agroalimentaria (Senasica) y los productores de soya para abrir la siembra de soya gen\u00e9ticamente modificada &hellip; <a href=\"http:\/\/www.grieta.org.mx\/index.php\/2016\/06\/22\/sagarpa-quiere-abrir-siembra-de-soya-transgenica-en-zonas-donde-no-hay-suspension-judicial-al-cultivo\/\" class=\"more-link\">Leer m\u00e1s<\/a><\/p>\n","protected":false},"author":2,"featured_media":21928,"comment_status":"closed","ping_status":"closed","sticky":false,"template":"","format":"standard","meta":{"ngg_post_thumbnail":0,"_jetpack_newsletter_access":"","_jetpack_dont_email_post_to_subs":false,"_jetpack_newsletter_tier_id":0,"_jetpack_memberships_contains_paywalled_content":false,"_jetpack_memberships_contains_paid_content":false,"footnotes":""},"categories":[60,123,11,80,958,976,984,1,954,28,1151,1152,1153,36],"tags":[161,159],"class_list":{"0":"post-15975","1":"post","2":"type-post","3":"status-publish","4":"format-standard","5":"has-post-thumbnail","6":"hentry","7":"category-16-pueblo-maya","8":"category-campeche","10":"category-cintillo","11":"category-esp-campeche","12":"category-esp-quintana-roo","13":"category-esp-yucatan","14":"category-espejos-de-la-resistencia","15":"category-espejos-estados","16":"category-quintana-roo","17":"category-se-organizan-para-frenar-avance-de-transgenicos-en-yucatan-campeche-y-quintana-roo","18":"category-se-organizan-para-frenar-avance-de-transgenicos-en-yucatan-campeche-y-quintana-roo-yucatan","19":"category-se-organizan-para-frenar-avance-de-transgenicos-en-yucatan-campeche-y-quintana-roo-quintana-roo","20":"category-yucatan","21":"tag-monsanto","22":"tag-transgenicos","23":"entry"},"jetpack_featured_media_url":"http:\/\/www.grieta.org.mx\/wp-content\/uploads\/2018\/03\/14524434_1106112876131411_958039263622046936_o.jpg","jetpack_sharing_enabled":true,"jetpack_shortlink":"https:\/\/wp.me\/p7ZJR4-49F","jetpack_likes_enabled":false,"jetpack-related-posts":[{"id":15367,"url":"http:\/\/www.grieta.org.mx\/index.php\/2016\/06\/19\/suspenden-a-monsanto-permiso-de-siembra-de-soya-modificada-en-yucatan\/","url_meta":{"origin":15975,"position":0},"title":"Suspenden a Monsanto permiso de siembra de soya modificada en Yucat\u00e1n","author":"grieta","date":"19 junio, 2016","format":false,"excerpt":"La trasnacional recibi\u00f3 el aviso de parte del sector agropecuario el pasado martes 14 de junio, luego de una resoluci\u00f3n de un juzgado con sede en Yucat\u00e1n; estim\u00f3 que habr\u00eda alrededor de 6 mil agricultores afectados. La empresa productora de semillas Monsanto inform\u00f3 que el pasado martes recibi\u00f3 una notificaci\u00f3n\u2026","rel":"","context":"En &quot;16. Pueblo Maya&quot;","block_context":{"text":"16. Pueblo Maya","link":"http:\/\/www.grieta.org.mx\/index.php\/category\/espejos-de-la-resistencia\/16-pueblo-maya\/"},"img":{"alt_text":"","src":"https:\/\/i0.wp.com\/www.grieta.org.mx\/wp-content\/uploads\/2018\/03\/14524434_1106112876131411_958039263622046936_o.jpg?resize=350%2C200","width":350,"height":200,"srcset":"https:\/\/i0.wp.com\/www.grieta.org.mx\/wp-content\/uploads\/2018\/03\/14524434_1106112876131411_958039263622046936_o.jpg?resize=350%2C200 1x, https:\/\/i0.wp.com\/www.grieta.org.mx\/wp-content\/uploads\/2018\/03\/14524434_1106112876131411_958039263622046936_o.jpg?resize=525%2C300 1.5x, https:\/\/i0.wp.com\/www.grieta.org.mx\/wp-content\/uploads\/2018\/03\/14524434_1106112876131411_958039263622046936_o.jpg?resize=700%2C400 2x"},"classes":[]},{"id":19369,"url":"http:\/\/www.grieta.org.mx\/index.php\/2016\/07\/30\/sagarpa-y-la-cdi-alientan-conflictos-campeche\/","url_meta":{"origin":15975,"position":1},"title":"Sagarpa y la CDI alientan conflictos (Campeche)","author":"grieta","date":"30 julio, 2016","format":false,"excerpt":"Habitantes de 27 comunidades mayas del municipio de Hopelch\u00e9n presentar\u00e1n pruebas documentales ante el Juzgado Segundo de Distrito, de las irregularidades que se est\u00e1n cometiendo en el proceso de consulta popular, en donde la Comisi\u00f3n Nacional para el Desarrollo de los Pueblos Ind\u00edgenas (CDI) y la Secretar\u00eda de Agricultura, Ganader\u00eda,\u2026","rel":"","context":"En &quot;16. Pueblo Maya&quot;","block_context":{"text":"16. Pueblo Maya","link":"http:\/\/www.grieta.org.mx\/index.php\/category\/espejos-de-la-resistencia\/16-pueblo-maya\/"},"img":{"alt_text":"","src":"https:\/\/i0.wp.com\/www.grieta.org.mx\/wp-content\/uploads\/2018\/03\/14524434_1106112876131411_958039263622046936_o.jpg?resize=350%2C200","width":350,"height":200,"srcset":"https:\/\/i0.wp.com\/www.grieta.org.mx\/wp-content\/uploads\/2018\/03\/14524434_1106112876131411_958039263622046936_o.jpg?resize=350%2C200 1x, https:\/\/i0.wp.com\/www.grieta.org.mx\/wp-content\/uploads\/2018\/03\/14524434_1106112876131411_958039263622046936_o.jpg?resize=525%2C300 1.5x, https:\/\/i0.wp.com\/www.grieta.org.mx\/wp-content\/uploads\/2018\/03\/14524434_1106112876131411_958039263622046936_o.jpg?resize=700%2C400 2x"},"classes":[]},{"id":1459,"url":"http:\/\/www.grieta.org.mx\/index.php\/2015\/10\/08\/autoridades-mayas-de-yucatan-y-campeche-congelan-avance-de-soya-transgenica-de-monsanto\/","url_meta":{"origin":15975,"position":2},"title":"Autoridades mayas de Yucat\u00e1n y Campeche congelan avance de soya transg\u00e9nica de Monsanto","author":"grieta","date":"8 octubre, 2015","format":false,"excerpt":"(08 de octubre, 2015).- La Suprema Corte de Justicia de la Naci\u00f3n (SCJN) acord\u00f3 que el 28 de octubre discutir\u00e1 en paquete los siete recursos de amparo en revisi\u00f3n interpuestos por apicultores de Yucat\u00e1n y Campeche contra la siembra de soya transg\u00e9nica, inform\u00f3 Jorge Fern\u00e1ndez, abogado que apoya a los\u2026","rel":"","context":"En &quot;16. Pueblo Maya&quot;","block_context":{"text":"16. Pueblo Maya","link":"http:\/\/www.grieta.org.mx\/index.php\/category\/espejos-de-la-resistencia\/16-pueblo-maya\/"},"img":{"alt_text":"","src":"https:\/\/i0.wp.com\/www.grieta.org.mx\/wp-content\/uploads\/2018\/03\/14524434_1106112876131411_958039263622046936_o.jpg?resize=350%2C200","width":350,"height":200,"srcset":"https:\/\/i0.wp.com\/www.grieta.org.mx\/wp-content\/uploads\/2018\/03\/14524434_1106112876131411_958039263622046936_o.jpg?resize=350%2C200 1x, https:\/\/i0.wp.com\/www.grieta.org.mx\/wp-content\/uploads\/2018\/03\/14524434_1106112876131411_958039263622046936_o.jpg?resize=525%2C300 1.5x, https:\/\/i0.wp.com\/www.grieta.org.mx\/wp-content\/uploads\/2018\/03\/14524434_1106112876131411_958039263622046936_o.jpg?resize=700%2C400 2x"},"classes":[]},{"id":11490,"url":"http:\/\/www.grieta.org.mx\/index.php\/2016\/04\/26\/continua-la-siembra-de-soya-transgenica-en-q-roo\/","url_meta":{"origin":15975,"position":3},"title":"Contin\u00faa la siembra de soya transg\u00e9nica en Q. Roo","author":"grieta","date":"26 abril, 2016","format":false,"excerpt":"Sentencia de amparo no responde la anulaci\u00f3n del permiso que le otorgaron a Monsanto. Javier Ortiz\/SIPSE BACALAR, Q. Roo.- Tras a\u00f1o y medio de esperar resoluci\u00f3n del juez sexto de distrito, productores de ma\u00edz y apicultores de varias comunidades del municipio de Bacalar, se dijeron decepcionados, pues s\u00f3lo recibieron resoluci\u00f3n\u2026","rel":"","context":"En &quot;16. Pueblo Maya&quot;","block_context":{"text":"16. Pueblo Maya","link":"http:\/\/www.grieta.org.mx\/index.php\/category\/espejos-de-la-resistencia\/16-pueblo-maya\/"},"img":{"alt_text":"","src":"https:\/\/i0.wp.com\/www.grieta.org.mx\/wp-content\/uploads\/2018\/03\/14524434_1106112876131411_958039263622046936_o.jpg?resize=350%2C200","width":350,"height":200,"srcset":"https:\/\/i0.wp.com\/www.grieta.org.mx\/wp-content\/uploads\/2018\/03\/14524434_1106112876131411_958039263622046936_o.jpg?resize=350%2C200 1x, https:\/\/i0.wp.com\/www.grieta.org.mx\/wp-content\/uploads\/2018\/03\/14524434_1106112876131411_958039263622046936_o.jpg?resize=525%2C300 1.5x, https:\/\/i0.wp.com\/www.grieta.org.mx\/wp-content\/uploads\/2018\/03\/14524434_1106112876131411_958039263622046936_o.jpg?resize=700%2C400 2x"},"classes":[]},{"id":912,"url":"http:\/\/www.grieta.org.mx\/index.php\/2016\/09\/13\/se-organizan-para-frenar-avance-de-transgenicos-en-yucatan-campeche-y-quintana-roo\/","url_meta":{"origin":15975,"position":4},"title":"Se organizan para frenar avance de transg\u00e9nicos en Yucat\u00e1n, Campeche y Quintana Roo","author":"grieta","date":"13 septiembre, 2016","format":false,"excerpt":"13\/04\/16. Conformaci\u00f3n de la Misi\u00f3n de Observaci\u00f3n de la Consulta al pueblo Maya sobre la siembra de soya gen\u00e9ticamente modificada de la empresa Monsanto Cayacyucatan 01\/04\/16. Irregularidades en Consulta Ind\u00edgena sobre la siembra de soya gen\u00e9ticamente en Campeche Infolliteras 22\/02\/16. Campeche, en mapa global sobre Riesgos Ambientales. Lo catalogan por\u2026","rel":"","context":"En &quot;16. Pueblo Maya&quot;","block_context":{"text":"16. Pueblo Maya","link":"http:\/\/www.grieta.org.mx\/index.php\/category\/espejos-de-la-resistencia\/16-pueblo-maya\/"},"img":{"alt_text":"","src":"https:\/\/i0.wp.com\/www.grieta.org.mx\/wp-content\/uploads\/2018\/03\/14524434_1106112876131411_958039263622046936_o.jpg?resize=350%2C200","width":350,"height":200,"srcset":"https:\/\/i0.wp.com\/www.grieta.org.mx\/wp-content\/uploads\/2018\/03\/14524434_1106112876131411_958039263622046936_o.jpg?resize=350%2C200 1x, https:\/\/i0.wp.com\/www.grieta.org.mx\/wp-content\/uploads\/2018\/03\/14524434_1106112876131411_958039263622046936_o.jpg?resize=525%2C300 1.5x, https:\/\/i0.wp.com\/www.grieta.org.mx\/wp-content\/uploads\/2018\/03\/14524434_1106112876131411_958039263622046936_o.jpg?resize=700%2C400 2x"},"classes":[]},{"id":17435,"url":"http:\/\/www.grieta.org.mx\/index.php\/2016\/07\/20\/firmas-contra-transgenicos-campeche\/","url_meta":{"origin":15975,"position":5},"title":"Firmas contra transg\u00e9nicos (Campeche)","author":"grieta","date":"20 julio, 2016","format":false,"excerpt":"Ejidatarios de Iturbide, Hopelch\u00e9n, entregaron ayer documento con 540 firmas a la Comisi\u00f3n de Derechos Humanos del Estado de Campeche (Codhecam), en que rechazan la siembra de soya transg\u00e9nica, ya que la consideran da\u00f1ina para la salud y de inter\u00e9s exclusivo de menonitas. Los comisarios ejidal y municipal Abelardo Brice\u00f1o\u2026","rel":"","context":"En &quot;16. Pueblo Maya&quot;","block_context":{"text":"16. Pueblo Maya","link":"http:\/\/www.grieta.org.mx\/index.php\/category\/espejos-de-la-resistencia\/16-pueblo-maya\/"},"img":{"alt_text":"","src":"https:\/\/i0.wp.com\/www.grieta.org.mx\/wp-content\/uploads\/2018\/03\/14524434_1106112876131411_958039263622046936_o.jpg?resize=350%2C200","width":350,"height":200,"srcset":"https:\/\/i0.wp.com\/www.grieta.org.mx\/wp-content\/uploads\/2018\/03\/14524434_1106112876131411_958039263622046936_o.jpg?resize=350%2C200 1x, https:\/\/i0.wp.com\/www.grieta.org.mx\/wp-content\/uploads\/2018\/03\/14524434_1106112876131411_958039263622046936_o.jpg?resize=525%2C300 1.5x, https:\/\/i0.wp.com\/www.grieta.org.mx\/wp-content\/uploads\/2018\/03\/14524434_1106112876131411_958039263622046936_o.jpg?resize=700%2C400 2x"},"classes":[]}],"_links":{"self":[{"href":"http:\/\/www.grieta.org.mx\/index.php\/wp-json\/wp\/v2\/posts\/15975","targetHints":{"allow":["GET"]}}],"collection":[{"href":"http:\/\/www.grieta.org.mx\/index.php\/wp-json\/wp\/v2\/posts"}],"about":[{"href":"http:\/\/www.grieta.org.mx\/index.php\/wp-json\/wp\/v2\/types\/post"}],"author":[{"embeddable":true,"href":"http:\/\/www.grieta.org.mx\/index.php\/wp-json\/wp\/v2\/users\/2"}],"replies":[{"embeddable":true,"href":"http:\/\/www.grieta.org.mx\/index.php\/wp-json\/wp\/v2\/comments?post=15975"}],"version-history":[{"count":1,"href":"http:\/\/www.grieta.org.mx\/index.php\/wp-json\/wp\/v2\/posts\/15975\/revisions"}],"predecessor-version":[{"id":15981,"href":"http:\/\/www.grieta.org.mx\/index.php\/wp-json\/wp\/v2\/posts\/15975\/revisions\/15981"}],"wp:featuredmedia":[{"embeddable":true,"href":"http:\/\/www.grieta.org.mx\/index.php\/wp-json\/wp\/v2\/media\/21928"}],"wp:attachment":[{"href":"http:\/\/www.grieta.org.mx\/index.php\/wp-json\/wp\/v2\/media?parent=15975"}],"wp:term":[{"taxonomy":"category","embeddable":true,"href":"http:\/\/www.grieta.org.mx\/index.php\/wp-json\/wp\/v2\/categories?post=15975"},{"taxonomy":"post_tag","embeddable":true,"href":"http:\/\/www.grieta.org.mx\/index.php\/wp-json\/wp\/v2\/tags?post=15975"}],"curies":[{"name":"wp","href":"https:\/\/api.w.org\/{rel}","templated":true}]}}