{"id":15969,"date":"2016-07-05T16:41:14","date_gmt":"2016-07-05T21:41:14","guid":{"rendered":"http:\/\/www.grieta.org.mx\/?p=15969"},"modified":"2018-04-11T12:15:34","modified_gmt":"2018-04-11T17:15:34","slug":"denuncia-formal-campeche","status":"publish","type":"post","link":"http:\/\/www.grieta.org.mx\/index.php\/2016\/07\/05\/denuncia-formal-campeche\/","title":{"rendered":"Denuncia formal (Campeche)"},"content":{"rendered":"<p>Ante el incumplimiento de acuerdos, ex empleados demandar\u00e1n a la Comercializadora Petrolera del Golfo, con apoyo de la Profedet<\/p>\n<p>(Luis E. S\u00e1nchez Barrientos)<br \/>\nCAMPECHE, Cam., 5 de julio.- Por incumplimiento en los acuerdos para el pago de su liquidaci\u00f3n a ex trabajadores por parte de la empresa Comercializadora Petrolera del Golfo, estos presentar\u00e1n denuncia formal con el apoyo de la Procuradur\u00eda Federal de Defensa del Trabajador (PROFEDET), dependencia que analiza los t\u00e9rminos en que esta se har\u00e1, declar\u00f3 Gerardo Escamilla P\u00e9rez, ex trabajador de esa empresa.<br \/>\nEntrevistado v\u00eda telef\u00f3nica, se\u00f1al\u00f3 que en la \u00faltima visita que hicieran en d\u00edas pasados a la Profedet, para reportar el incumplimiento de esa empresa, se levant\u00f3 un acta de esta situaci\u00f3n, pues la fecha l\u00edmite para pagar lo comprometido era el 4 de julio, sin que ning\u00fan representante de la factor\u00eda diera explicaci\u00f3n alguna.<br \/>\nSe\u00f1al\u00f3 que por indicaciones de Profedet se presentar\u00eda una denuncia por incumplimiento y ser\u00eda la instituci\u00f3n del Trabajo la que diga si es ante la Fiscal\u00eda estatal o alguna instancia federal.<br \/>\n\u201cSer\u00eda la Profedet la que redactar\u00eda el documento y les informar\u00e1 cuando est\u00e9 listo para que se presenten a firmar los trabajadores afectados\u201d, a\u00f1adi\u00f3.<br \/>\n\u201cLa Profedet nos manifest\u00f3 que ella lo tramitar\u00eda y los 20 afectados aceptaron la propuesta. Nos explicaron que el acuerdo que ten\u00edamos estaba mal, porque dec\u00eda que no pod\u00edamos demandar, pero como no cumplieron, se invalida\u201d, expuso.<br \/>\n\u201cS\u00f3lo esperamos que nos avisen cu\u00e1ndo debemos regresar a firmar la demanda\u201d, finaliz\u00f3.<br \/>\n(Luis E. S\u00e1nchez Barrientos)<\/p>\n<p><a href=\"https:\/\/www.poresto.net\/ver_nota.php?zona=yucatan&#038;idSeccion=31&#038;idTitulo=489412\" target=\"_blank\">https:\/\/www.poresto.net\/ver_nota.php?zona=yucatan&#038;idSeccion=31&#038;idTitulo=489412<\/a><\/p>\n","protected":false},"excerpt":{"rendered":"<p>Ante el incumplimiento de acuerdos, ex empleados demandar\u00e1n a la Comercializadora Petrolera del Golfo, con apoyo de la Profedet (Luis E. S\u00e1nchez Barrientos) CAMPECHE, Cam., 5 de julio.- Por incumplimiento &hellip; <a href=\"http:\/\/www.grieta.org.mx\/index.php\/2016\/07\/05\/denuncia-formal-campeche\/\" class=\"more-link\">Leer m\u00e1s<\/a><\/p>\n","protected":false},"author":2,"featured_media":21928,"comment_status":"closed","ping_status":"closed","sticky":false,"template":"","format":"standard","meta":{"ngg_post_thumbnail":0,"_jetpack_newsletter_access":"","_jetpack_dont_email_post_to_subs":false,"_jetpack_newsletter_tier_id":0,"_jetpack_memberships_contains_paywalled_content":false,"_jetpack_memberships_contains_paid_content":false,"footnotes":""},"categories":[11,123,80,1040],"tags":[113,163],"class_list":{"0":"post-15969","1":"post","2":"type-post","3":"status-publish","4":"format-standard","5":"has-post-thumbnail","6":"hentry","7":"category-campeche","9":"category-cintillo","10":"category-conflictos-laborales-en-campeche","11":"tag-conflictos-laborales","12":"tag-despidos","13":"entry"},"jetpack_featured_media_url":"http:\/\/www.grieta.org.mx\/wp-content\/uploads\/2018\/03\/14524434_1106112876131411_958039263622046936_o.jpg","jetpack_sharing_enabled":true,"jetpack_shortlink":"https:\/\/wp.me\/p7ZJR4-49z","jetpack_likes_enabled":false,"jetpack-related-posts":[{"id":9932,"url":"http:\/\/www.grieta.org.mx\/index.php\/2016\/04\/06\/se-lava-las-manos-la-empresa-comercializadora-petrolera-del-golfo-se-deslinda-de-los-pagos-de-mas-de-100-trabajadores-y-deja-todo-en-manos-de-la-outsourcing-kaf\/","url_meta":{"origin":15969,"position":0},"title":"\u201cSe lava las manos\u201d.  La empresa Comercializadora Petrolera del Golfo se deslinda de los pagos de m\u00e1s de 100 trabajadores y deja todo en manos de la outsourcing KAF","author":"grieta","date":"6 abril, 2016","format":false,"excerpt":"Campeche 6 de abril de 2016.- La empresa Comercializadora Petrolera del Golfo se deslinda de los pagos de m\u00e1s de 100 trabajadores y deja todo en manos de la outsourcing KAF, la cual mantiene en estado de alerta a nueve trabajadores por recesi\u00f3n de contrato, durante una junta de acuerdos\u2026","rel":"","context":"En &quot;Campeche&quot;","block_context":{"text":"Campeche","link":"http:\/\/www.grieta.org.mx\/index.php\/category\/noticias-nacionales\/campeche\/"},"img":{"alt_text":"","src":"https:\/\/i0.wp.com\/www.grieta.org.mx\/wp-content\/uploads\/2018\/03\/14524434_1106112876131411_958039263622046936_o.jpg?resize=350%2C200","width":350,"height":200,"srcset":"https:\/\/i0.wp.com\/www.grieta.org.mx\/wp-content\/uploads\/2018\/03\/14524434_1106112876131411_958039263622046936_o.jpg?resize=350%2C200 1x, https:\/\/i0.wp.com\/www.grieta.org.mx\/wp-content\/uploads\/2018\/03\/14524434_1106112876131411_958039263622046936_o.jpg?resize=525%2C300 1.5x, https:\/\/i0.wp.com\/www.grieta.org.mx\/wp-content\/uploads\/2018\/03\/14524434_1106112876131411_958039263622046936_o.jpg?resize=700%2C400 2x"},"classes":[]},{"id":9598,"url":"http:\/\/www.grieta.org.mx\/index.php\/2016\/09\/10\/conflictos-laborales-en-campeche\/","url_meta":{"origin":15969,"position":1},"title":"Conflictos laborales en Campeche","author":"grieta","date":"10 septiembre, 2016","format":false,"excerpt":"10\/09\/16. Despiden a obreros de PASA por protestar (Campeche) Tribuna 09\/09\/16. Jubilados exigen pago de bonos (Campeche) Tribuna 06\/09\/16. Paran otra vez los polic\u00edas; sin bono (Campeche) Tribuna 30\/08\/16. Bloquean Planta de Nitr\u00f3geno Cantarell (Campeche) Tribuna 20\/08\/16. Paralizan labores en Cobacam (Campeche) Tribuna 12\/08\/16. Plantean demandas empleados del INAH (Campeche)\u2026","rel":"","context":"En &quot;Campeche&quot;","block_context":{"text":"Campeche","link":"http:\/\/www.grieta.org.mx\/index.php\/category\/noticias-nacionales\/campeche\/"},"img":{"alt_text":"","src":"https:\/\/i0.wp.com\/www.grieta.org.mx\/wp-content\/uploads\/2018\/03\/14524434_1106112876131411_958039263622046936_o.jpg?resize=350%2C200","width":350,"height":200,"srcset":"https:\/\/i0.wp.com\/www.grieta.org.mx\/wp-content\/uploads\/2018\/03\/14524434_1106112876131411_958039263622046936_o.jpg?resize=350%2C200 1x, https:\/\/i0.wp.com\/www.grieta.org.mx\/wp-content\/uploads\/2018\/03\/14524434_1106112876131411_958039263622046936_o.jpg?resize=525%2C300 1.5x, https:\/\/i0.wp.com\/www.grieta.org.mx\/wp-content\/uploads\/2018\/03\/14524434_1106112876131411_958039263622046936_o.jpg?resize=700%2C400 2x"},"classes":[]},{"id":60705,"url":"http:\/\/www.grieta.org.mx\/index.php\/2021\/07\/18\/alimentos-perecederos-infecta-a-130-trabajadores-de-pemex-en-ciudad-del-carmen-campeche\/","url_meta":{"origin":15969,"position":2},"title":"Alimentos perecederos infecta a 130 trabajadores de Pemex en Ciudad del Carmen (Campeche)","author":"grieta","date":"18 julio, 2021","format":false,"excerpt":"Fernando Kant\u00fan \/ PorEsto! Aproximadamente 130 trabajadores de las plataformas Abkat\u00fan N1 y Abkat\u00fan Alfa se encuentran infectados presuntamente de tifoidea por consumo de alimentos perecederos y agua indebidamente tratada, el contagio inici\u00f3 en la guardia anterior de 40 trabajadores (hace un mes) en la plataforma Abkat\u00fan N1 de inyecci\u00f3n\u2026","rel":"","context":"En &quot;Campeche&quot;","block_context":{"text":"Campeche","link":"http:\/\/www.grieta.org.mx\/index.php\/category\/noticias-nacionales\/campeche\/"},"img":{"alt_text":"","src":"https:\/\/i0.wp.com\/www.grieta.org.mx\/wp-content\/uploads\/2021\/07\/CdCarmenAlimentos2.jpg?resize=350%2C200","width":350,"height":200},"classes":[]},{"id":10390,"url":"http:\/\/www.grieta.org.mx\/index.php\/2016\/04\/13\/culpan-empresa-a-pemex-por-no-pagar-a-despedidos\/","url_meta":{"origin":15969,"position":3},"title":"Culpan empresa a Pemex, por no pagar a despedidos","author":"grieta","date":"13 abril, 2016","format":false,"excerpt":"Por Ronny Aguilar CAMPECHE, Cam. 13 de abril del 2016.- El abogado de la empresa Excel Consultores S.A. de C.V. outsourcing de la compa\u00f1\u00eda de la familia de Mario Avila Lizarraga, Comercializadora Petrolera del Golfo, quien d\u00edas pasados despidi\u00f3 a m\u00e1s de 100 trabajadores, se\u00f1al\u00f3 que no se le pudo\u2026","rel":"","context":"En &quot;Campeche&quot;","block_context":{"text":"Campeche","link":"http:\/\/www.grieta.org.mx\/index.php\/category\/noticias-nacionales\/campeche\/"},"img":{"alt_text":"","src":"https:\/\/i0.wp.com\/www.grieta.org.mx\/wp-content\/uploads\/2018\/03\/14524434_1106112876131411_958039263622046936_o.jpg?resize=350%2C200","width":350,"height":200,"srcset":"https:\/\/i0.wp.com\/www.grieta.org.mx\/wp-content\/uploads\/2018\/03\/14524434_1106112876131411_958039263622046936_o.jpg?resize=350%2C200 1x, https:\/\/i0.wp.com\/www.grieta.org.mx\/wp-content\/uploads\/2018\/03\/14524434_1106112876131411_958039263622046936_o.jpg?resize=525%2C300 1.5x, https:\/\/i0.wp.com\/www.grieta.org.mx\/wp-content\/uploads\/2018\/03\/14524434_1106112876131411_958039263622046936_o.jpg?resize=700%2C400 2x"},"classes":[]},{"id":68798,"url":"http:\/\/www.grieta.org.mx\/index.php\/2024\/04\/07\/un-trabajador-muerto-y-13-heridos-en-un-incendio-en-una-plataforma-de-pemex-campeche\/","url_meta":{"origin":15969,"position":4},"title":"Un trabajador muerto y 13 heridos en un incendio en una plataforma de Pemex (Campeche)","author":"grieta","date":"7 abril, 2024","format":false,"excerpt":"Pablo Ferri \/ El Pa\u00eds Un incendio en una plataforma de Pemex en Campeche, en el sur de M\u00e9xico, ha dejado un muerto y 13 heridos, seg\u00fan ha confirmado la empresa paraestatal, en un comunicado divulgado este domingo. Pemex no ha dado detalles del origen y los motivos del siniestro.\u2026","rel":"","context":"En &quot;Campeche&quot;","block_context":{"text":"Campeche","link":"http:\/\/www.grieta.org.mx\/index.php\/category\/noticias-nacionales\/campeche\/"},"img":{"alt_text":"","src":"https:\/\/i0.wp.com\/www.grieta.org.mx\/wp-content\/uploads\/2024\/04\/Incendio-e1712951433295.jpg?resize=350%2C200","width":350,"height":200,"srcset":"https:\/\/i0.wp.com\/www.grieta.org.mx\/wp-content\/uploads\/2024\/04\/Incendio-e1712951433295.jpg?resize=350%2C200 1x, https:\/\/i0.wp.com\/www.grieta.org.mx\/wp-content\/uploads\/2024\/04\/Incendio-e1712951433295.jpg?resize=525%2C300 1.5x, https:\/\/i0.wp.com\/www.grieta.org.mx\/wp-content\/uploads\/2024\/04\/Incendio-e1712951433295.jpg?resize=700%2C400 2x"},"classes":[]},{"id":10408,"url":"http:\/\/www.grieta.org.mx\/index.php\/2016\/04\/13\/bloqueo\/","url_meta":{"origin":15969,"position":5},"title":"Bloqueo","author":"grieta","date":"13 abril, 2016","format":false,"excerpt":"Por tercera ocasi\u00f3n, ex trabajadores de la Comercializadora Petrolera del Golfo cerraron ayer los accesos al muelle de Seybaplaya, debido al incumplimiento de pagos de las liquidaciones y quincenas \/ La STPS no hace nada al respecto para presionar a la empresa para que realice los pagos, afirman los ex\u2026","rel":"","context":"En &quot;Campeche&quot;","block_context":{"text":"Campeche","link":"http:\/\/www.grieta.org.mx\/index.php\/category\/noticias-nacionales\/campeche\/"},"img":{"alt_text":"","src":"https:\/\/i0.wp.com\/www.grieta.org.mx\/wp-content\/uploads\/2018\/03\/14524434_1106112876131411_958039263622046936_o.jpg?resize=350%2C200","width":350,"height":200,"srcset":"https:\/\/i0.wp.com\/www.grieta.org.mx\/wp-content\/uploads\/2018\/03\/14524434_1106112876131411_958039263622046936_o.jpg?resize=350%2C200 1x, https:\/\/i0.wp.com\/www.grieta.org.mx\/wp-content\/uploads\/2018\/03\/14524434_1106112876131411_958039263622046936_o.jpg?resize=525%2C300 1.5x, https:\/\/i0.wp.com\/www.grieta.org.mx\/wp-content\/uploads\/2018\/03\/14524434_1106112876131411_958039263622046936_o.jpg?resize=700%2C400 2x"},"classes":[]}],"_links":{"self":[{"href":"http:\/\/www.grieta.org.mx\/index.php\/wp-json\/wp\/v2\/posts\/15969","targetHints":{"allow":["GET"]}}],"collection":[{"href":"http:\/\/www.grieta.org.mx\/index.php\/wp-json\/wp\/v2\/posts"}],"about":[{"href":"http:\/\/www.grieta.org.mx\/index.php\/wp-json\/wp\/v2\/types\/post"}],"author":[{"embeddable":true,"href":"http:\/\/www.grieta.org.mx\/index.php\/wp-json\/wp\/v2\/users\/2"}],"replies":[{"embeddable":true,"href":"http:\/\/www.grieta.org.mx\/index.php\/wp-json\/wp\/v2\/comments?post=15969"}],"version-history":[{"count":1,"href":"http:\/\/www.grieta.org.mx\/index.php\/wp-json\/wp\/v2\/posts\/15969\/revisions"}],"predecessor-version":[{"id":15972,"href":"http:\/\/www.grieta.org.mx\/index.php\/wp-json\/wp\/v2\/posts\/15969\/revisions\/15972"}],"wp:featuredmedia":[{"embeddable":true,"href":"http:\/\/www.grieta.org.mx\/index.php\/wp-json\/wp\/v2\/media\/21928"}],"wp:attachment":[{"href":"http:\/\/www.grieta.org.mx\/index.php\/wp-json\/wp\/v2\/media?parent=15969"}],"wp:term":[{"taxonomy":"category","embeddable":true,"href":"http:\/\/www.grieta.org.mx\/index.php\/wp-json\/wp\/v2\/categories?post=15969"},{"taxonomy":"post_tag","embeddable":true,"href":"http:\/\/www.grieta.org.mx\/index.php\/wp-json\/wp\/v2\/tags?post=15969"}],"curies":[{"name":"wp","href":"https:\/\/api.w.org\/{rel}","templated":true}]}}