{"id":1596,"date":"2015-11-27T00:12:27","date_gmt":"2015-11-27T00:12:27","guid":{"rendered":"http:\/\/50.22.11.12\/~grietaor\/?p=1596"},"modified":"2016-03-09T00:16:10","modified_gmt":"2016-03-09T00:16:10","slug":"en-edomex-extincion-de-las-mujeres-por-medio-de-crimenes-de-odio-gobierno-estatal-es-omiso-y-ciego","status":"publish","type":"post","link":"http:\/\/www.grieta.org.mx\/index.php\/2015\/11\/27\/en-edomex-extincion-de-las-mujeres-por-medio-de-crimenes-de-odio-gobierno-estatal-es-omiso-y-ciego\/","title":{"rendered":"En Edomex extinci\u00f3n de las mujeres por medio de cr\u00edmenes de odio; \u201cgobierno estatal es omiso y ciego\u201d"},"content":{"rendered":"<p>Tan s\u00f3lo este a\u00f1o en el Estado de M\u00e9xico es posible que existan poco m\u00e1s de 300 casos de Feminicidios -los cuales no tienen nada que ver con los n\u00fameros del gobierno estatal- explica a Revoluci\u00f3n TRESPUNTOCERO Emma Obrador, Directora de la Asociaci\u00f3n Internacional de Mujeres Abrazando M\u00e9xico (AMAN).<\/p>\n<p>Ella asegura que la declaratoria de la alerta de violencia de g\u00e9nero en dicha entidad, no signific\u00f3 ning\u00fan beneficio para las mujeres. \u201cNo se han implementado las estrategias necesarias, pese a que es de suma importancia y urgencia, ya que desde 2010 distintas organizaciones civiles comenzamos a presionar, sin respuesta alguna, pidiendo que se declarara la alerta\u201d. Esto porque de forma evidente, en Estado de M\u00e9xico se viv\u00eda y se vive una pandemia de feminicidios, los cuales han sido imposibles de detenerse, porque las autoridades no est\u00e1n implementando la protecci\u00f3n para las mujeres.<\/p>\n<p>Obrador asegura que \u201cdespu\u00e9s de un largo proceso, estamos ya en el 2015. Fueron muchos a\u00f1os para que se pudiera declarar esta alerta de violencia de g\u00e9nero, sin embargo esto no tuvo efecto alguno porque nunca se dise\u00f1\u00f3 una estrategia adecuada y eficiente para poder erradicar esta problem\u00e1tica.<\/p>\n<p>Se deber\u00eda, en primer lugar, implementar un mecanismo para detener los feminicidios, que es lo ideal, pero no sin antes buscar m\u00e9todos de prevenci\u00f3n, lo cual es uno de los mayores problemas del Estado de M\u00e9xico; que no se ha ocupado de ninguno de esos dos aspectos. Estamos hablando de la extinci\u00f3n de las mujeres por medio de un crimen de odio. Sin embargo no existen campa\u00f1as de prevenci\u00f3n, que es lo primero que se necesita. Es por ello que en cualquier momento, cualquier hora y en cualquier lugar de la entidad podemos observar que el gobierno estatal no est\u00e1 haciendo nada para cambiar la percepci\u00f3n de la poblaci\u00f3n, que es una clave m\u00e1s para combatir dichos asesinatos violentos\u201d.<\/p>\n<p>A lo anterior se suma, a decir por la especialista, la desvalorizaci\u00f3n de las mujeres en el Estado de M\u00e9xico; \u201cni el gobierno, ni las autoridades han tomado medidas para prevenir y salvar la vida de las mujeres, lo que deriva en que no se protege la vida de las mujeres. Autom\u00e1ticamente no vas a cambiar nunca la percepci\u00f3n de la ciudadan\u00eda porque las mujeres en el Estado de M\u00e9xico son tratadas como objetos que se desechan sin mayor problema, ese es el panorama de esta entidad con la vida de las mujeres\u201d, explica Obrador.<\/p>\n<p>A\u00fan cuando el gobierno estatal de Eruviel \u00c1vila, presumi\u00f3 como un logro la declaraci\u00f3n de la alerta por violencia de g\u00e9nero, los resultados de protecci\u00f3n han sido nulos. Por el contrario, los feminicidios en los \u00faltimos meses han registrado un alza que no se ha podido detener y a decir por activistas, ni siquiera se ha intentado.<\/p>\n<p>Los principales factores que han desencadenado estos \u201ccr\u00edmenes de odio, han sido: la violencia intrafamiliar, la trata de personas y ser un paso de la migraci\u00f3n, esto aunado a la mala interpretaci\u00f3n de la estrategia gubernamental, sigue aumentando el n\u00famero de asesinatos, sin embargo no se puede contextualizar los casos de feminicidios solamente en estas cuestiones, pareciera ser que en el Estado de M\u00e9xico todas las pol\u00edticas que se supone se van a poner en pr\u00e1ctica se inclinan hacia el asistencialismo.<\/p>\n<p>No se hace nada para atacar la problem\u00e1tica de ra\u00edz, estamos indignadas con el aumento tan incre\u00edble de feminicidios, esto es porque no se realizan acciones de prevenci\u00f3n, pese a las medidas que se tendr\u00edan que haber puesto en pr\u00e1ctica inmediatamente, siguen en proceso de \u2018estudio\u2019 sin implementarse como si no fueran urgentes. Otro de los grandes faltantes es la recuperaci\u00f3n de espacios p\u00fablicos, los cuales siguen siendo ajenos a las mujeres porque no existe una detenci\u00f3n de la violencia mediante el ejercicio de medidas de seguridad espec\u00edficas en zonas de alto riesgo, donde el \u00edndice de violencia contra las mujeres es alt\u00edsimo\u201d, argumenta Obrador.<\/p>\n<p>Como ejemplo cita el paradero de Indios Verdes, donde de d\u00eda y de noche se pueden encontrar adolescentes saliendo de la preparatoria y secundaria, quienes caminan a tomar los transportes p\u00fablicos, que est\u00e1n rodeados de grupos de hombres, incluso los mismos ch\u00f3feres, que se detienen a acosarlas verbalmente; \u201ces por ello que las chicas deciden bajarse de las banquetas, agachar la mirada y caminar\u00e1n r\u00e1pido por temor. As\u00ed es como las mujeres no podemos apropiarnos de espacios p\u00fablicos en el Estado de M\u00e9xico. En esta entidad las mujeres no caminan solas por ciertos lugares, porque hay zonas donde se han encontrado cuerpos de mujeres, producto de la nula protecci\u00f3n que existe hacia ellas.<\/p>\n<p>El presupuesto determinado para combatir la problem\u00e1tica no se ha obtenido. Por lo tanto no ha sido efectivo para atajar la problem\u00e1tica. Por parte del gobierno estatal vamos a seguir sin avanzar, es la ciudadan\u00eda la que tiene que fundar una contralor\u00eda civil para combatir esta problem\u00e1tica, porque puede ser cualquiera de nosotras. Se necesita uni\u00f3n para erradicar el problema, ya que el gobierno estatal no est\u00e1 realizando sus obligaciones\u201d, indica la activista.<\/p>\n<p>A su vez, explica que el gobierno de Eruviel \u00c1vila mantiene resistencia con algunas organizaciones. De esto deriva que sean cooptadas en su cooperaci\u00f3n para combatir el feminicidio. Y es que si se presenta un programa asistencial para mujeres, adem\u00e1s de alg\u00fan tipo de discurso de \u201cautoayuda\u201d o \u201cautoestima\u201d se encuentra r\u00e1pidamente el apoyo, pero si se trata de cambiar conciencias, de realizar acciones genero-transformadoras, autom\u00e1ticamente dichas organizaciones pierden cualquier respaldo o apoyo econ\u00f3mico por parte del gobernador.<\/p>\n<p>Emma Obrador, resalta que adem\u00e1s de no tener cifras certeras, hay casos que no se tipifican como feminicidios, como lo son los suicidios, los cuales nunca son investigados y tienen, por sus caracter\u00edsticas, altas probabilidades de ser feminicidios encubiertos, y es que las investigaciones nunca son a profundidad y con un seguimiento constante, es por ello que para conseguir un aproximado de casos, no hay otro tipo de opci\u00f3n que el monitoreo ciudadano, el cual en muchas ocasiones no es suficiente, ya que a diario existen casos que se quedan en el anonimato y sin justicia alguna, lo que respalda la impunidad y la creciente ola de muertes violentas de un grupo vulnerable, no solamente por la violencia, sino por la inacci\u00f3n del gobierno estatal y federal.<\/p>\n<p>Un ejemplo de lo anterior, es la muerte de \u201cBerenice\u201d (nombre ficticio), quien ten\u00eda 13 a\u00f1os cuando su madre se volvi\u00f3 a casar con un hombre 10 a\u00f1os menor que ella. Debido al alcoholismo constante de \u00e9l, en distintas ocasiones intent\u00f3 abusar sexualmente de ella. \u201cEra una buena estudiante, llevaba buenas calificaciones, quer\u00eda ser doctora, dec\u00eda que se iba a especializar en psiquiatr\u00eda para poder calmar el odio que sent\u00eda por su mam\u00e1, ella nunca le crey\u00f3 que ese hombre quer\u00eda propasarse con Berenice, y que si estaba con una mujer mayor era por dinero\u201d, asegura a Revoluci\u00f3n TRESPUNTOCERO la t\u00eda de la menor, quien ha preferido omitir su nombre.<\/p>\n<p>Durante dos a\u00f1os Berenice soport\u00f3 las agresiones y tocamientos de la pareja de su madre, \u00e9sta nunca actu\u00f3 para ayudar a su hija y por el contrario la amenaz\u00f3 con no ayudarla para que terminara sus estudios de secundaria y preparatoria. Por eso se call\u00f3. Pero llegado el tercer a\u00f1o fue abusada sexualmente, eso le dijo a su madre, quien la culp\u00f3 de \u201cprovocar\u201d a su pareja. \u201cA nosotros nos dijeron que se suicid\u00f3, que andaba en drogas y que estaba mal, pero no lo creo, porque nosotros la hab\u00edamos visto, estaba sana y era educada, buena persona, no pudo quitarse la vida. Dicen que con una navaja se cort\u00f3 el cuello, pero no lo creemos.<\/p>\n<p>Cinco d\u00edas despu\u00e9s de la muerte de Berenice, mi hermana y su pareja se fueron sin despedirse, sin saber a d\u00f3nde y dejando algunas cosas en el cuarto que rentaban. Las autoridades creo que ni por enterados se dieron, porque aqu\u00ed cuando muere un pobre, es como si muriera un perro de la calle; a nadie le importa. Por eso da igual si se suicid\u00f3 o muri\u00f3 de hambre, ni lo ven, ni les importa. Son ciegos ante nuestras desgracias, todas las mujeres somos vulnerables, pero las que vivimos en la pobreza lo somos m\u00e1s, aqu\u00ed con los de abajo el machismo es muy cruel. Berenice lo vivi\u00f3 y muri\u00f3, nunca se pudo hacer justicia y por miedo hemos permanecido en silencio, porque el hombre que estamos seguros mat\u00f3 a Berenice, era parte del narcotr\u00e1fico, a la ni\u00f1a siempre la amenaz\u00f3 con llev\u00e1rsela lejos con su cartel \u2019si no se dejaba\u2019. Ella vivi\u00f3 y muri\u00f3 en tragedia\u201d, agrega la t\u00eda de la menor.<\/p>\n<p><a href=\"http:\/\/revoluciontrespuntocero.com\/en-edomex-extincion-de-las-mujeres-por-medio-de-crimenes-de-odio-gobierno-estatal-es-omiso-y-ciego\/\" target=\"_blank\">revoluciontrespuntocero.com\/en-edomex-extincion-de-las-mujeres-por-medio-de-crimenes-de-odio-gobierno-estatal-es-omiso-y-ciego\/<\/a><\/p>\n","protected":false},"excerpt":{"rendered":"<p>Tan s\u00f3lo este a\u00f1o en el Estado de M\u00e9xico es posible que existan poco m\u00e1s de 300 casos de Feminicidios -los cuales no tienen nada que ver con los n\u00fameros &hellip; <a href=\"http:\/\/www.grieta.org.mx\/index.php\/2015\/11\/27\/en-edomex-extincion-de-las-mujeres-por-medio-de-crimenes-de-odio-gobierno-estatal-es-omiso-y-ciego\/\" class=\"more-link\">Leer m\u00e1s<\/a><\/p>\n","protected":false},"author":2,"featured_media":21928,"comment_status":"closed","ping_status":"open","sticky":false,"template":"","format":"standard","meta":{"ngg_post_thumbnail":0,"_jetpack_newsletter_access":"","_jetpack_dont_email_post_to_subs":false,"_jetpack_newsletter_tier_id":0,"_jetpack_memberships_contains_paywalled_content":false,"_jetpack_memberships_contains_paid_content":false,"footnotes":""},"categories":[80],"tags":[92,81],"class_list":["post-1596","post","type-post","status-publish","format-standard","has-post-thumbnail","hentry","category-cintillo","tag-estado-de-mexico","tag-feminicidios","entry"],"jetpack_featured_media_url":"http:\/\/www.grieta.org.mx\/wp-content\/uploads\/2018\/03\/14524434_1106112876131411_958039263622046936_o.jpg","jetpack_sharing_enabled":true,"jetpack_shortlink":"https:\/\/wp.me\/p7ZJR4-pK","jetpack_likes_enabled":false,"jetpack-related-posts":[{"id":42606,"url":"http:\/\/www.grieta.org.mx\/index.php\/2019\/12\/26\/402-mujeres-asesinadas-en-once-meses-en-edomex\/","url_meta":{"origin":1596,"position":0},"title":"402 mujeres asesinadas en once meses en Edomex","author":"grieta","date":"26 diciembre, 2019","format":false,"excerpt":"\u00a0 Iv\u00e1n Ju\u00e1rez \/ Quadratin Edomex TOLUCA, Edomex.-26 diciembre 2019.-De enero a noviembre, 402 mujeres fueron asesinadas intencionalmente en el Estado de M\u00e9xico, es decir, un promedio de 1.2 casos diarios para convertirse en la entidad m\u00e1s peligrosa para las personas del sexo femenino. Sin embargo, \u00fanicamente 108 eventos son\u2026","rel":"","context":"En &quot;CINTILLO&quot;","block_context":{"text":"CINTILLO","link":"http:\/\/www.grieta.org.mx\/index.php\/category\/cintillo\/"},"img":{"alt_text":"","src":"https:\/\/i0.wp.com\/www.grieta.org.mx\/wp-content\/uploads\/2019\/12\/meses-ano-suman-mexico-feminicidios_0_0_958_596.jpg?resize=350%2C200","width":350,"height":200,"srcset":"https:\/\/i0.wp.com\/www.grieta.org.mx\/wp-content\/uploads\/2019\/12\/meses-ano-suman-mexico-feminicidios_0_0_958_596.jpg?resize=350%2C200 1x, https:\/\/i0.wp.com\/www.grieta.org.mx\/wp-content\/uploads\/2019\/12\/meses-ano-suman-mexico-feminicidios_0_0_958_596.jpg?resize=525%2C300 1.5x, https:\/\/i0.wp.com\/www.grieta.org.mx\/wp-content\/uploads\/2019\/12\/meses-ano-suman-mexico-feminicidios_0_0_958_596.jpg?resize=700%2C400 2x"},"classes":[]},{"id":56686,"url":"http:\/\/www.grieta.org.mx\/index.php\/2021\/01\/18\/protestan-mujeres-en-cuautitlan-izcalli-por-feminicidios-y-caso-salgado-macedonio-estado-de-mexico\/","url_meta":{"origin":1596,"position":1},"title":"Protestan mujeres en Cuautitl\u00e1n Izcalli por feminicidios y caso Salgado Macedonio (Estado de M\u00e9xico)","author":"grieta","date":"18 enero, 2021","format":false,"excerpt":"Fotos tomadas de: ADNoticias Mercedes Mart\u00ednez \/ ADNoticias Durante el 2020 se registraron m\u00e1s 10 feminicidios cada d\u00eda en todo el pa\u00eds. El Estado de M\u00e9xico fue la entidad con el mayor n\u00famero de casos Integrantes de la colectiva feminista Red Violeta Mexiquense realizaron un acto pol\u00edtico en la cabecera\u2026","rel":"","context":"En &quot;Abuso policiaco y tortura en el Estado de M\u00e9xico&quot;","block_context":{"text":"Abuso policiaco y tortura en el Estado de M\u00e9xico","link":"http:\/\/www.grieta.org.mx\/index.php\/category\/noticias-nacionales\/estado-de-mexico\/abuso-policiaco-y-tortura-en-el-estado-de-mexico\/"},"img":{"alt_text":"","src":"https:\/\/i0.wp.com\/www.grieta.org.mx\/wp-content\/uploads\/2021\/02\/Protestan-mujeres-en-Cuautitlan-Izcalli-por-feminicidios-y-caso-Salgado-Macedonio-edomex-feb.jpg?resize=350%2C200","width":350,"height":200,"srcset":"https:\/\/i0.wp.com\/www.grieta.org.mx\/wp-content\/uploads\/2021\/02\/Protestan-mujeres-en-Cuautitlan-Izcalli-por-feminicidios-y-caso-Salgado-Macedonio-edomex-feb.jpg?resize=350%2C200 1x, https:\/\/i0.wp.com\/www.grieta.org.mx\/wp-content\/uploads\/2021\/02\/Protestan-mujeres-en-Cuautitlan-Izcalli-por-feminicidios-y-caso-Salgado-Macedonio-edomex-feb.jpg?resize=525%2C300 1.5x, https:\/\/i0.wp.com\/www.grieta.org.mx\/wp-content\/uploads\/2021\/02\/Protestan-mujeres-en-Cuautitlan-Izcalli-por-feminicidios-y-caso-Salgado-Macedonio-edomex-feb.jpg?resize=700%2C400 2x, https:\/\/i0.wp.com\/www.grieta.org.mx\/wp-content\/uploads\/2021\/02\/Protestan-mujeres-en-Cuautitlan-Izcalli-por-feminicidios-y-caso-Salgado-Macedonio-edomex-feb.jpg?resize=1050%2C600 3x"},"classes":[]},{"id":7308,"url":"http:\/\/www.grieta.org.mx\/index.php\/2015\/10\/03\/necesario-concretar-alerta-de-genero-en-veracruz-438-feminicidios-en-tres-anos\/","url_meta":{"origin":1596,"position":2},"title":"Necesario concretar alerta de g\u00e9nero en Veracruz; 438 feminicidios en tres a\u00f1os","author":"Admin","date":"3 octubre, 2015","format":false,"excerpt":"La Secretar\u00eda de Equidad de G\u00e9nero del Comit\u00e9 Directivo Estatal del PRD gestiona que se concrete la alerta correspondiente en la entidad ante el alto n\u00famero de feminicidios ya que entre 2012 y 2015 cerca de 438 mujeres fueron asesinadas. Yeimi Dolores Mart\u00ednez Pantale\u00f3n, titular del \u00e1rea, dijo que a\u2026","rel":"","context":"En &quot;CINTILLO&quot;","block_context":{"text":"CINTILLO","link":"http:\/\/www.grieta.org.mx\/index.php\/category\/cintillo\/"},"img":{"alt_text":"","src":"https:\/\/i0.wp.com\/www.grieta.org.mx\/wp-content\/uploads\/2018\/03\/14524434_1106112876131411_958039263622046936_o.jpg?resize=350%2C200","width":350,"height":200,"srcset":"https:\/\/i0.wp.com\/www.grieta.org.mx\/wp-content\/uploads\/2018\/03\/14524434_1106112876131411_958039263622046936_o.jpg?resize=350%2C200 1x, https:\/\/i0.wp.com\/www.grieta.org.mx\/wp-content\/uploads\/2018\/03\/14524434_1106112876131411_958039263622046936_o.jpg?resize=525%2C300 1.5x, https:\/\/i0.wp.com\/www.grieta.org.mx\/wp-content\/uploads\/2018\/03\/14524434_1106112876131411_958039263622046936_o.jpg?resize=700%2C400 2x"},"classes":[]},{"id":2498,"url":"http:\/\/www.grieta.org.mx\/index.php\/2016\/08\/22\/feminicidios-en-el-estado-de-mexico\/","url_meta":{"origin":1596,"position":3},"title":"Feminicidios en el Estado de M\u00e9xico","author":"grieta","date":"22 agosto, 2016","format":false,"excerpt":"22\/08\/16. Crecen violencia machista y n\u00famero de mujeres desaparecidasTres PM 10\/08\/16. Once feminicidios violentos en una semana en Edo. de M\u00e9xicoDiario Cambio 02\/08\/16. AVG Edomex, un a\u00f1o de omisi\u00f3n y discurso medi\u00e1ticoSomos el Medio 26\/07\/16. La Alerta de G\u00e9nero cumple 1 a\u00f1o, y nada: Edomex no mueve un dedo contra\u2026","rel":"","context":"En &quot;Estado de M\u00e9xico&quot;","block_context":{"text":"Estado de M\u00e9xico","link":"http:\/\/www.grieta.org.mx\/index.php\/category\/noticias-nacionales\/estado-de-mexico\/"},"img":{"alt_text":"","src":"https:\/\/i0.wp.com\/www.grieta.org.mx\/wp-content\/uploads\/2018\/03\/14524434_1106112876131411_958039263622046936_o.jpg?resize=350%2C200","width":350,"height":200,"srcset":"https:\/\/i0.wp.com\/www.grieta.org.mx\/wp-content\/uploads\/2018\/03\/14524434_1106112876131411_958039263622046936_o.jpg?resize=350%2C200 1x, https:\/\/i0.wp.com\/www.grieta.org.mx\/wp-content\/uploads\/2018\/03\/14524434_1106112876131411_958039263622046936_o.jpg?resize=525%2C300 1.5x, https:\/\/i0.wp.com\/www.grieta.org.mx\/wp-content\/uploads\/2018\/03\/14524434_1106112876131411_958039263622046936_o.jpg?resize=700%2C400 2x"},"classes":[]},{"id":44013,"url":"http:\/\/www.grieta.org.mx\/index.php\/2019\/03\/09\/onu-alerta-sobre-mas-de-9-000-mujeres-desaparecidas-en-mexico\/","url_meta":{"origin":1596,"position":4},"title":"ONU alerta sobre m\u00e1s de 9.000 mujeres desaparecidas en M\u00e9xico","author":"grieta","date":"9 marzo, 2019","format":false,"excerpt":"Una protesta contra el feminicidio y la violencia contra las mujeres en Ciudad de M\u00e9xico, el 2 de febrero de 2019. Edgard Garrido \/ Reuters RT Los feminicidios en el pa\u00eds aumentaron 104 % en los \u00faltimos tres a\u00f1os. La Oficina del Alto Comisionado de la ONU para los Derechos\u2026","rel":"","context":"En &quot;CINTILLO&quot;","block_context":{"text":"CINTILLO","link":"http:\/\/www.grieta.org.mx\/index.php\/category\/cintillo\/"},"img":{"alt_text":"","src":"https:\/\/i0.wp.com\/www.grieta.org.mx\/wp-content\/uploads\/2020\/02\/ONU-alerta-sobre-m%C3%A1s-de-9.000-mujeres-desaparecidas-en-M%C3%A9xico.jpg?resize=350%2C200","width":350,"height":200,"srcset":"https:\/\/i0.wp.com\/www.grieta.org.mx\/wp-content\/uploads\/2020\/02\/ONU-alerta-sobre-m%C3%A1s-de-9.000-mujeres-desaparecidas-en-M%C3%A9xico.jpg?resize=350%2C200 1x, https:\/\/i0.wp.com\/www.grieta.org.mx\/wp-content\/uploads\/2020\/02\/ONU-alerta-sobre-m%C3%A1s-de-9.000-mujeres-desaparecidas-en-M%C3%A9xico.jpg?resize=525%2C300 1.5x, https:\/\/i0.wp.com\/www.grieta.org.mx\/wp-content\/uploads\/2020\/02\/ONU-alerta-sobre-m%C3%A1s-de-9.000-mujeres-desaparecidas-en-M%C3%A9xico.jpg?resize=700%2C400 2x"},"classes":[]},{"id":41686,"url":"http:\/\/www.grieta.org.mx\/index.php\/2019\/11\/29\/mujeres-realizan-performance-un-violador-en-tu-camino-en-toluca-estado-de-mexico\/","url_meta":{"origin":1596,"position":5},"title":"Mujeres realizan performance \u201cUn violador en tu camino\u201d en Toluca (Estado de M\u00e9xico)","author":"grieta","date":"29 noviembre, 2019","format":false,"excerpt":"Foto: El Gr\u00e1fico Claudia Gonz\u00e1lez \/ El Universal Con pa\u00f1uelos verdes, las adolescentes se apostaron frente al Palacio de Gobierno del Estado de M\u00e9xico y exigieron a las autoridades atender la violencia de g\u00e9nero Un grupo de mujeres realiz\u00f3 el performance \u201cUn violador en tu camino\u201d en el centro de\u2026","rel":"","context":"En &quot;CINTILLO&quot;","block_context":{"text":"CINTILLO","link":"http:\/\/www.grieta.org.mx\/index.php\/category\/cintillo\/"},"img":{"alt_text":"","src":"https:\/\/i0.wp.com\/www.grieta.org.mx\/wp-content\/uploads\/2019\/11\/Mujeres-realizan-performance-%E2%80%9CUn-violador-en-tu-camino-toluca-edomex-nov.jpg?resize=350%2C200","width":350,"height":200},"classes":[]}],"_links":{"self":[{"href":"http:\/\/www.grieta.org.mx\/index.php\/wp-json\/wp\/v2\/posts\/1596","targetHints":{"allow":["GET"]}}],"collection":[{"href":"http:\/\/www.grieta.org.mx\/index.php\/wp-json\/wp\/v2\/posts"}],"about":[{"href":"http:\/\/www.grieta.org.mx\/index.php\/wp-json\/wp\/v2\/types\/post"}],"author":[{"embeddable":true,"href":"http:\/\/www.grieta.org.mx\/index.php\/wp-json\/wp\/v2\/users\/2"}],"replies":[{"embeddable":true,"href":"http:\/\/www.grieta.org.mx\/index.php\/wp-json\/wp\/v2\/comments?post=1596"}],"version-history":[{"count":1,"href":"http:\/\/www.grieta.org.mx\/index.php\/wp-json\/wp\/v2\/posts\/1596\/revisions"}],"predecessor-version":[{"id":1601,"href":"http:\/\/www.grieta.org.mx\/index.php\/wp-json\/wp\/v2\/posts\/1596\/revisions\/1601"}],"wp:featuredmedia":[{"embeddable":true,"href":"http:\/\/www.grieta.org.mx\/index.php\/wp-json\/wp\/v2\/media\/21928"}],"wp:attachment":[{"href":"http:\/\/www.grieta.org.mx\/index.php\/wp-json\/wp\/v2\/media?parent=1596"}],"wp:term":[{"taxonomy":"category","embeddable":true,"href":"http:\/\/www.grieta.org.mx\/index.php\/wp-json\/wp\/v2\/categories?post=1596"},{"taxonomy":"post_tag","embeddable":true,"href":"http:\/\/www.grieta.org.mx\/index.php\/wp-json\/wp\/v2\/tags?post=1596"}],"curies":[{"name":"wp","href":"https:\/\/api.w.org\/{rel}","templated":true}]}}