{"id":15956,"date":"2016-07-04T11:43:24","date_gmt":"2016-07-04T16:43:24","guid":{"rendered":"http:\/\/www.grieta.org.mx\/?p=15956"},"modified":"2019-01-19T11:56:57","modified_gmt":"2019-01-19T17:56:57","slug":"reiteran-maestros-ojocalentenses-rechazo-a-reforma","status":"publish","type":"post","link":"http:\/\/www.grieta.org.mx\/index.php\/2016\/07\/04\/reiteran-maestros-ojocalentenses-rechazo-a-reforma\/","title":{"rendered":"Reiteran maestros ojocalentenses rechazo a reforma"},"content":{"rendered":"<p>Lunes, 4 de julio de 2016<br \/>\nSTAFF | NTRZACATECAS.COM<\/p>\n<p>Ojocaliente. Un grupo de docentes de educaci\u00f3n media superior y superior marcharon este domingo al medio d\u00eda para reiterar su rechazo a la reforma educativa.<\/p>\n<p>El punto de reuni\u00f3n fue nuevamente las inmediaciones de la Casa Blanca y posteriormente caminaron por las principales calles de la ciudad, llevando algunas lonas en las que muestran su inconformidad ante la evaluaci\u00f3n de permanencia, entre otros aspectos que maneja la reforma.<\/p>\n<p>Al llegar a la plaza principal, realizaron una junta informativa donde dieron a conocer a los peatones el motivo de la manifestaci\u00f3n, pues tambi\u00e9n reiteraron su solidaridad hacia con el pueblo de Oaxaca por los actos que consideraron de represi\u00f3n por parte del gobierno federal.<\/p>\n<p>Como parte de las manifestaciones que tienen contempladas por regiones en la entidad, los docentes de Ojocaliente, a quienes apoyaron en esta ocasi\u00f3n varios padres de familia, solicitaron la comprensi\u00f3n de la poblaci\u00f3n para luchar en contra de la reforma a la que consideran lesiva hacia sus derechos laborales y adelantaron que el movimiento continuar\u00e1 en otros municipios de la entidad.<\/p>\n<p><a href=\"http:\/\/ntrzacatecas.com\/2016\/07\/04\/reiteran-maestros-ojocalentenses-rechazo-a-reforma\/\" target=\"_blank\">http:\/\/ntrzacatecas.com\/2016\/07\/04\/reiteran-maestros-ojocalentenses-rechazo-a-reforma\/<\/a><\/p>\n","protected":false},"excerpt":{"rendered":"<p>Lunes, 4 de julio de 2016 STAFF | NTRZACATECAS.COM Ojocaliente. Un grupo de docentes de educaci\u00f3n media superior y superior marcharon este domingo al medio d\u00eda para reiterar su rechazo &hellip; <a href=\"http:\/\/www.grieta.org.mx\/index.php\/2016\/07\/04\/reiteran-maestros-ojocalentenses-rechazo-a-reforma\/\" class=\"more-link\">Leer m\u00e1s<\/a><\/p>\n","protected":false},"author":2,"featured_media":21928,"comment_status":"closed","ping_status":"closed","sticky":false,"template":"","format":"standard","meta":{"ngg_post_thumbnail":0,"_jetpack_newsletter_access":"","_jetpack_dont_email_post_to_subs":false,"_jetpack_newsletter_tier_id":0,"_jetpack_memberships_contains_paywalled_content":false,"_jetpack_memberships_contains_paid_content":false,"footnotes":""},"categories":[80,910,1109,1969,2,83,76],"tags":[],"class_list":["post-15956","post","type-post","status-publish","format-standard","has-post-thumbnail","hentry","category-cintillo","category-explotacion-y-precariedad-laboral","category-explotacion-y-precariedad-laboral-zacatecas","category-movilizaciones-contra-la-reforma-educativa-en-zacatecas","category-noticias-nacionales","category-temas-nacionales","category-zacatecas","entry"],"jetpack_featured_media_url":"http:\/\/www.grieta.org.mx\/wp-content\/uploads\/2018\/03\/14524434_1106112876131411_958039263622046936_o.jpg","jetpack_sharing_enabled":true,"jetpack_shortlink":"https:\/\/wp.me\/p7ZJR4-49m","jetpack_likes_enabled":false,"jetpack-related-posts":[{"id":16117,"url":"http:\/\/www.grieta.org.mx\/index.php\/2016\/07\/07\/marchan-en-rechazo-a-la-reforma-educativa\/","url_meta":{"origin":15956,"position":0},"title":"Marchan en rechazo a la reforma educativa","author":"grieta","date":"7 julio, 2016","format":false,"excerpt":"Jueves, 7 de julio de 2016 STAFF | NTRZACATECAS.COM Zacatecas.- Aproximadamente 400 manifestantes marcharon en apoyo al magisterio de Oaxaca y en rechazo a la reforma educativa. La marcha fue convocada por el Frente Social para la Soberan\u00eda Popular (FSSP) y a ella se sumaron el Movimiento Democr\u00e1tico del Magisterio\u2026","rel":"","context":"En &quot;CINTILLO&quot;","block_context":{"text":"CINTILLO","link":"http:\/\/www.grieta.org.mx\/index.php\/category\/cintillo\/"},"img":{"alt_text":"","src":"https:\/\/i0.wp.com\/www.grieta.org.mx\/wp-content\/uploads\/2018\/03\/14524434_1106112876131411_958039263622046936_o.jpg?resize=350%2C200","width":350,"height":200,"srcset":"https:\/\/i0.wp.com\/www.grieta.org.mx\/wp-content\/uploads\/2018\/03\/14524434_1106112876131411_958039263622046936_o.jpg?resize=350%2C200 1x, https:\/\/i0.wp.com\/www.grieta.org.mx\/wp-content\/uploads\/2018\/03\/14524434_1106112876131411_958039263622046936_o.jpg?resize=525%2C300 1.5x, https:\/\/i0.wp.com\/www.grieta.org.mx\/wp-content\/uploads\/2018\/03\/14524434_1106112876131411_958039263622046936_o.jpg?resize=700%2C400 2x"},"classes":[]},{"id":13879,"url":"http:\/\/www.grieta.org.mx\/index.php\/2016\/06\/03\/maestros-queman-propaganda-electoral-del-pri-en-zacatecas\/","url_meta":{"origin":15956,"position":1},"title":"Maestros queman propaganda electoral del PRI en Zacatecas","author":"grieta","date":"3 junio, 2016","format":false,"excerpt":"Hayde\u00e9 Santill\u00e1n Zacatecas, Zac.- Integrantes del Movimiento Democr\u00e1tico Magisterial de Zacatecas (MDMZ), quemaron propaganda electoral del Partido Revolucionario Institucional (PRI), en se\u00f1al de rechazo al gobierno y a la Reforma Educativa, la cual han denominado \"punitiva\", estas acciones se realizaron en la explanada de la Secretar\u00eda de Educaci\u00f3n en el\u2026","rel":"","context":"En &quot;CINTILLO&quot;","block_context":{"text":"CINTILLO","link":"http:\/\/www.grieta.org.mx\/index.php\/category\/cintillo\/"},"img":{"alt_text":"","src":"https:\/\/i0.wp.com\/www.grieta.org.mx\/wp-content\/uploads\/2018\/03\/14524434_1106112876131411_958039263622046936_o.jpg?resize=350%2C200","width":350,"height":200,"srcset":"https:\/\/i0.wp.com\/www.grieta.org.mx\/wp-content\/uploads\/2018\/03\/14524434_1106112876131411_958039263622046936_o.jpg?resize=350%2C200 1x, https:\/\/i0.wp.com\/www.grieta.org.mx\/wp-content\/uploads\/2018\/03\/14524434_1106112876131411_958039263622046936_o.jpg?resize=525%2C300 1.5x, https:\/\/i0.wp.com\/www.grieta.org.mx\/wp-content\/uploads\/2018\/03\/14524434_1106112876131411_958039263622046936_o.jpg?resize=700%2C400 2x"},"classes":[]},{"id":14801,"url":"http:\/\/www.grieta.org.mx\/index.php\/2016\/06\/22\/realiza-spauaz-paro-contra-reforma-a-la-salud\/","url_meta":{"origin":15956,"position":2},"title":"Realiza SPAUAZ paro contra reforma a la salud","author":"grieta","date":"22 junio, 2016","format":false,"excerpt":"Mi\u00e9rcoles, 22 de junio de 2016 STAFF | NTRZACATECAS.COM Zacatecas.- Agremiados del Sindicato de Personal Acad\u00e9mico de la Universidad Aut\u00f3noma de Zacatecas (SPAUAZ), realiz\u00f3 un paro en las instalaciones de Rector\u00eda y el Campus Siglo XXI contra la reforma a la salud del gobierno federal. Jos\u00e9 Crescenciano S\u00e1nchez P\u00e9rez, dirigente\u2026","rel":"","context":"En &quot;CINTILLO&quot;","block_context":{"text":"CINTILLO","link":"http:\/\/www.grieta.org.mx\/index.php\/category\/cintillo\/"},"img":{"alt_text":"","src":"https:\/\/i0.wp.com\/www.grieta.org.mx\/wp-content\/uploads\/2018\/03\/14524434_1106112876131411_958039263622046936_o.jpg?resize=350%2C200","width":350,"height":200,"srcset":"https:\/\/i0.wp.com\/www.grieta.org.mx\/wp-content\/uploads\/2018\/03\/14524434_1106112876131411_958039263622046936_o.jpg?resize=350%2C200 1x, https:\/\/i0.wp.com\/www.grieta.org.mx\/wp-content\/uploads\/2018\/03\/14524434_1106112876131411_958039263622046936_o.jpg?resize=525%2C300 1.5x, https:\/\/i0.wp.com\/www.grieta.org.mx\/wp-content\/uploads\/2018\/03\/14524434_1106112876131411_958039263622046936_o.jpg?resize=700%2C400 2x"},"classes":[]},{"id":2874,"url":"http:\/\/www.grieta.org.mx\/index.php\/2015\/11\/24\/toman-alumnos-normal-de-san-marcos\/","url_meta":{"origin":15956,"position":3},"title":"Toman alumnos Normal de San Marcos","author":"grieta","date":"24 noviembre, 2015","format":false,"excerpt":"Martes, 24 de noviembre de 2015 ABIGAIL SALINAS | NTRZACATECAS.COM Loreto.- Desde las 8 horas de este martes, alumnos de la Escuela Normal Rural General Mat\u00edas Ramos Santos de San Marcos, realizaron un paro de actividades en protesta a la modificaci\u00f3n que marca para las normales rurales la reforma educativa.\u2026","rel":"","context":"En &quot;CINTILLO&quot;","block_context":{"text":"CINTILLO","link":"http:\/\/www.grieta.org.mx\/index.php\/category\/cintillo\/"},"img":{"alt_text":"","src":"https:\/\/i0.wp.com\/www.grieta.org.mx\/wp-content\/uploads\/2018\/03\/14524434_1106112876131411_958039263622046936_o.jpg?resize=350%2C200","width":350,"height":200,"srcset":"https:\/\/i0.wp.com\/www.grieta.org.mx\/wp-content\/uploads\/2018\/03\/14524434_1106112876131411_958039263622046936_o.jpg?resize=350%2C200 1x, https:\/\/i0.wp.com\/www.grieta.org.mx\/wp-content\/uploads\/2018\/03\/14524434_1106112876131411_958039263622046936_o.jpg?resize=525%2C300 1.5x, https:\/\/i0.wp.com\/www.grieta.org.mx\/wp-content\/uploads\/2018\/03\/14524434_1106112876131411_958039263622046936_o.jpg?resize=700%2C400 2x"},"classes":[]},{"id":15954,"url":"http:\/\/www.grieta.org.mx\/index.php\/2016\/07\/02\/marchan-sanmarquenos-contra-reforma-educativa\/","url_meta":{"origin":15956,"position":4},"title":"Marchan sanmarque\u00f1os contra reforma educativa","author":"grieta","date":"2 julio, 2016","format":false,"excerpt":"S\u00e1bado, 2 de julio de 2016 STAFF | NTRZACATECAS.COM Zacatecas.- Alrededor de 300 estudiantes de la Normal Rural Mat\u00edas Ramos Santos de San Marcos, Loreto se manifestaron, la tarde de este s\u00e1bado, con una marcha contra la Reforma Educativa y en apoyo a maestros de Oaxaca. Personal de Tr\u00e1nsito del\u2026","rel":"","context":"En &quot;CINTILLO&quot;","block_context":{"text":"CINTILLO","link":"http:\/\/www.grieta.org.mx\/index.php\/category\/cintillo\/"},"img":{"alt_text":"","src":"https:\/\/i0.wp.com\/www.grieta.org.mx\/wp-content\/uploads\/2018\/03\/14524434_1106112876131411_958039263622046936_o.jpg?resize=350%2C200","width":350,"height":200,"srcset":"https:\/\/i0.wp.com\/www.grieta.org.mx\/wp-content\/uploads\/2018\/03\/14524434_1106112876131411_958039263622046936_o.jpg?resize=350%2C200 1x, https:\/\/i0.wp.com\/www.grieta.org.mx\/wp-content\/uploads\/2018\/03\/14524434_1106112876131411_958039263622046936_o.jpg?resize=525%2C300 1.5x, https:\/\/i0.wp.com\/www.grieta.org.mx\/wp-content\/uploads\/2018\/03\/14524434_1106112876131411_958039263622046936_o.jpg?resize=700%2C400 2x"},"classes":[]},{"id":18837,"url":"http:\/\/www.grieta.org.mx\/index.php\/2016\/08\/02\/policia-de-zacatecas-repliega-marcha-de-la-cnte\/","url_meta":{"origin":15956,"position":5},"title":"Polic\u00eda de Zacatecas repliega marcha de la CNTE","author":"grieta","date":"2 agosto, 2016","format":false,"excerpt":"Alfredo Valadez Rodr\u00edguez, corresponsal | martes, 02 ago 2016 Zacatecas, Zac. Un peque\u00f1o grupo de maestros disidentes fueron replegados a golpes, toletazos y con aparatos de toques el\u00e9ctricos por decenas de agentes de la Polic\u00eda Estatal Preventiva, corporaci\u00f3n que resguard\u00f3 este martes el Palacio de Convenciones, en donde, ante m\u00e1s\u2026","rel":"","context":"En &quot;CINTILLO&quot;","block_context":{"text":"CINTILLO","link":"http:\/\/www.grieta.org.mx\/index.php\/category\/cintillo\/"},"img":{"alt_text":"","src":"https:\/\/i0.wp.com\/www.grieta.org.mx\/wp-content\/uploads\/2018\/03\/14524434_1106112876131411_958039263622046936_o.jpg?resize=350%2C200","width":350,"height":200,"srcset":"https:\/\/i0.wp.com\/www.grieta.org.mx\/wp-content\/uploads\/2018\/03\/14524434_1106112876131411_958039263622046936_o.jpg?resize=350%2C200 1x, https:\/\/i0.wp.com\/www.grieta.org.mx\/wp-content\/uploads\/2018\/03\/14524434_1106112876131411_958039263622046936_o.jpg?resize=525%2C300 1.5x, https:\/\/i0.wp.com\/www.grieta.org.mx\/wp-content\/uploads\/2018\/03\/14524434_1106112876131411_958039263622046936_o.jpg?resize=700%2C400 2x"},"classes":[]}],"_links":{"self":[{"href":"http:\/\/www.grieta.org.mx\/index.php\/wp-json\/wp\/v2\/posts\/15956","targetHints":{"allow":["GET"]}}],"collection":[{"href":"http:\/\/www.grieta.org.mx\/index.php\/wp-json\/wp\/v2\/posts"}],"about":[{"href":"http:\/\/www.grieta.org.mx\/index.php\/wp-json\/wp\/v2\/types\/post"}],"author":[{"embeddable":true,"href":"http:\/\/www.grieta.org.mx\/index.php\/wp-json\/wp\/v2\/users\/2"}],"replies":[{"embeddable":true,"href":"http:\/\/www.grieta.org.mx\/index.php\/wp-json\/wp\/v2\/comments?post=15956"}],"version-history":[{"count":1,"href":"http:\/\/www.grieta.org.mx\/index.php\/wp-json\/wp\/v2\/posts\/15956\/revisions"}],"predecessor-version":[{"id":15957,"href":"http:\/\/www.grieta.org.mx\/index.php\/wp-json\/wp\/v2\/posts\/15956\/revisions\/15957"}],"wp:featuredmedia":[{"embeddable":true,"href":"http:\/\/www.grieta.org.mx\/index.php\/wp-json\/wp\/v2\/media\/21928"}],"wp:attachment":[{"href":"http:\/\/www.grieta.org.mx\/index.php\/wp-json\/wp\/v2\/media?parent=15956"}],"wp:term":[{"taxonomy":"category","embeddable":true,"href":"http:\/\/www.grieta.org.mx\/index.php\/wp-json\/wp\/v2\/categories?post=15956"},{"taxonomy":"post_tag","embeddable":true,"href":"http:\/\/www.grieta.org.mx\/index.php\/wp-json\/wp\/v2\/tags?post=15956"}],"curies":[{"name":"wp","href":"https:\/\/api.w.org\/{rel}","templated":true}]}}