{"id":1593,"date":"2015-12-02T00:11:43","date_gmt":"2015-12-02T00:11:43","guid":{"rendered":"http:\/\/50.22.11.12\/~grietaor\/?p=1593"},"modified":"2016-03-09T00:13:52","modified_gmt":"2016-03-09T00:13:52","slug":"edomex-debera-emitir-disculpa-publica-por-su-tardia-atencion-a-feminicidios","status":"publish","type":"post","link":"http:\/\/www.grieta.org.mx\/index.php\/2015\/12\/02\/edomex-debera-emitir-disculpa-publica-por-su-tardia-atencion-a-feminicidios\/","title":{"rendered":"Edomex deber\u00e1 emitir disculpa p\u00fablica por su tard\u00eda atenci\u00f3n a feminicidios"},"content":{"rendered":"<p>Paula Mar\u00eda Garc\u00eda Villegas S\u00e1nchez Cordero, jueza Segunda de Distrito en Materia Administrativa del Distrito Federal, emiti\u00f3 una sentencia el pasado 25 de noviembre donde determin\u00f3 amparar a la Comisi\u00f3n Mexicana de Defensa y Promoci\u00f3n de los Derechos Humanos A.C. (CMDPDH) debido al retardo injustificado en la emisi\u00f3n de la Alerta de Violencia de G\u00e9nero para el Estado de M\u00e9xico.<\/p>\n<p>La Jueza reconoci\u00f3 la grave problem\u00e1tica que han enfrentado las mujeres del Estado de M\u00e9xico en materia de violencia de g\u00e9nero, as\u00ed mismo enfatiz\u00f3 que de haberse accionado la declaratoria de forma oportuna se hubiera podido evitar m\u00faltiples casos de feminicidio en dicha entidad.<\/p>\n<p>En diciembre de 2010, la CMDPDH y el Observatorio Ciudadano Nacional del Feminicidio (ONCF) presentaron ante el Sistema Nacional de Prevenci\u00f3n Atenci\u00f3n Sanci\u00f3n y Erradicaci\u00f3n de la Violencia contra las Mujeres (en adelante, Sistema) una solicitud de Declaratoria de Alerta de G\u00e9nero para el Estado de M\u00e9xico. En dicha solicitud se destac\u00f3 las altas cifras de homicidios con caracter\u00edsticas feminicidas cometidas en dicha entidad (922 casos en el periodo de 2005 a 2010).<\/p>\n<p>Desde entonces, la lucha legal por conseguir la Alerta de G\u00e9nero no ha terminado. Fue apenas el pasado 31 de julio de 2015, el Sistema emiti\u00f3 la Declaratoria de procedencia respecto a la solicitud de alerta de violencia de g\u00e9nero contra las mujeres de once municipios del Estado de M\u00e9xico: cuatro a\u00f1os y medio despu\u00e9s de la solicitud.<\/p>\n<p>Ahora, la jueza advirti\u00f3 que las autoridades del Estado de M\u00e9xico muestran una clara resistencia a que se conozcan las cifras reales y confiables sobre el n\u00famero de mujeres v\u00edctimas de homicidio en el Estado de M\u00e9xico, da\u00f1ando la credibilidad de las autoridades y mostrando una alta intolerancia a la cr\u00edtica p\u00fablica.<\/p>\n<p>Con esta resoluci\u00f3n, la Jueza de Amparo determin\u00f3 que el retardo injustificado en la emisi\u00f3n de la declaratoria de alerta constituy\u00f3 una violaci\u00f3n a los derechos fundamentales de los derechos de las mujeres del Estado de M\u00e9xico, y orden\u00f3 la reparaci\u00f3n integral por las autoridades responsables.<\/p>\n<p>Por ello, determin\u00f3 los siguientes puntos repertorios:<\/p>\n<p>1. Emitir una disculpa p\u00fablica por el retraso en la atenci\u00f3n del tema de la Declaratoria de Alerta de G\u00e9nero en el Estado de M\u00e9xico.<\/p>\n<p>2. Comprometerse por escrito con la parte quejosa y ante la fe de un fedatario p\u00fablico a no volver a retrasar ni a minimizar el aumento en el \u00edndice de homicidios en contra de las mujeres. Es decir, el Estado Mexicano se debe comprometer a no volver a justificar que se tratan de ataques pol\u00edticos en contra del gobierno las solicitudes de Alerta de G\u00e9nero. En ese sentido, las autoridades competentes en la procuraci\u00f3n de justicia (que en el caso concreto es la Procuradur\u00eda General de Justicia del Estado de M\u00e9xico) deber\u00e1n:<\/p>\n<p>1. Contar con datos y estad\u00edsticas confiables que se har\u00e1n p\u00fablicas en la p\u00e1gina oficial electr\u00f3nica de las dependencias p\u00fablicas de procuraci\u00f3n de justicia para que se puedan ir viendo los avancen en la prevenci\u00f3n, atenci\u00f3n, sanci\u00f3n y erradicaci\u00f3n de la violencia en contra de la mujer, asimismo, deber\u00e1n darle seguimiento a los homicidios perpetrados en contra de las mujeres, para determinar cu\u00e1les fueron feminicidios y realizar las estad\u00edsticas correspondientes y publicarlas.<\/p>\n<p>2. Se deber\u00e1 realizar un acto p\u00fablico de reconocimiento de responsabilidad en la memoria de las mujeres que han sido asesinadas en el Estado de M\u00e9xico y, sobre todo, hacer un compromiso con la sociedad en el sentido de hacer cumplir en todas y cada de sus partes la declaratoria de m\u00e9rito.<\/p>\n<p><a href=\"http:\/\/www.diariodemexico.com.mx\/edomex-debera-emitir-disculpa-publica-tardia-atencion-feminicidios\/\" target=\"_blank\">www.diariodemexico.com.mx\/edomex-debera-emitir-disculpa-publica-tardia-atencion-feminicidios\/<\/a><\/p>\n","protected":false},"excerpt":{"rendered":"<p>Paula Mar\u00eda Garc\u00eda Villegas S\u00e1nchez Cordero, jueza Segunda de Distrito en Materia Administrativa del Distrito Federal, emiti\u00f3 una sentencia el pasado 25 de noviembre donde determin\u00f3 amparar a la Comisi\u00f3n &hellip; <a href=\"http:\/\/www.grieta.org.mx\/index.php\/2015\/12\/02\/edomex-debera-emitir-disculpa-publica-por-su-tardia-atencion-a-feminicidios\/\" class=\"more-link\">Leer m\u00e1s<\/a><\/p>\n","protected":false},"author":2,"featured_media":21928,"comment_status":"closed","ping_status":"open","sticky":false,"template":"","format":"standard","meta":{"ngg_post_thumbnail":0,"_jetpack_newsletter_access":"","_jetpack_dont_email_post_to_subs":false,"_jetpack_newsletter_tier_id":0,"_jetpack_memberships_contains_paywalled_content":false,"_jetpack_memberships_contains_paid_content":false,"footnotes":""},"categories":[80],"tags":[92,81],"class_list":["post-1593","post","type-post","status-publish","format-standard","has-post-thumbnail","hentry","category-cintillo","tag-estado-de-mexico","tag-feminicidios","entry"],"jetpack_featured_media_url":"http:\/\/www.grieta.org.mx\/wp-content\/uploads\/2018\/03\/14524434_1106112876131411_958039263622046936_o.jpg","jetpack_sharing_enabled":true,"jetpack_shortlink":"https:\/\/wp.me\/p7ZJR4-pH","jetpack_likes_enabled":false,"jetpack-related-posts":[{"id":38445,"url":"http:\/\/www.grieta.org.mx\/index.php\/2019\/08\/19\/veracruz-y-estado-de-mexico-es-donde-mas-se-mata-a-las-ninas\/","url_meta":{"origin":1593,"position":0},"title":"Veracruz y Estado de M\u00e9xico es donde m\u00e1s se mata a las ni\u00f1as","author":"grieta","date":"19 agosto, 2019","format":false,"excerpt":"Angeles Pillado \/ SDP Veracruz y el Edomex son las entidades donde se perpetra m\u00e1s el feminicidio infantil; en lo que va de 2019, 54 ni\u00f1as fueron asesinadas. M\u00e9xico.- Los estados de Veracruz y M\u00e9xico encabezan en cifras el feminicidio infantil pese a que ambas entidades tienen activas Alertas de\u2026","rel":"","context":"En &quot;CINTILLO&quot;","block_context":{"text":"CINTILLO","link":"http:\/\/www.grieta.org.mx\/index.php\/category\/cintillo\/"},"img":{"alt_text":"","src":"https:\/\/i0.wp.com\/www.grieta.org.mx\/wp-content\/uploads\/2019\/08\/5d5b169fcd9a9.jpeg?resize=350%2C200","width":350,"height":200,"srcset":"https:\/\/i0.wp.com\/www.grieta.org.mx\/wp-content\/uploads\/2019\/08\/5d5b169fcd9a9.jpeg?resize=350%2C200 1x, https:\/\/i0.wp.com\/www.grieta.org.mx\/wp-content\/uploads\/2019\/08\/5d5b169fcd9a9.jpeg?resize=525%2C300 1.5x, https:\/\/i0.wp.com\/www.grieta.org.mx\/wp-content\/uploads\/2019\/08\/5d5b169fcd9a9.jpeg?resize=700%2C400 2x"},"classes":[]},{"id":1645,"url":"http:\/\/www.grieta.org.mx\/index.php\/2015\/08\/10\/alerta-de-genero-en-edomex-fue-demorada-injustificadamente-muchos-delitos-contra-mujeres-pudieron-evitarse\/","url_meta":{"origin":1593,"position":1},"title":"Alerta de g\u00e9nero en Edomex fue demorada injustificadamente; \u201cmuchos delitos contra mujeres pudieron evitarse\u201d","author":"grieta","date":"10 agosto, 2015","format":false,"excerpt":"Edgar Rosas (10 de agosto, 2015. Revoluci\u00f3n TRESPUNTOCERO).- El pasado 31 de julio, la Secretar\u00eda de Gobernaci\u00f3n (Segob) emiti\u00f3 formalmente la Alerta por Violencia de G\u00e9nero (AVG) en 11 municipios del estado de M\u00e9xico, luego de que Eruviel \u00c1vila Villegas, solicitara al Sistema Nacional para Prevenir, Atender, Sancionar y Erradicar\u2026","rel":"","context":"En &quot;CINTILLO&quot;","block_context":{"text":"CINTILLO","link":"http:\/\/www.grieta.org.mx\/index.php\/category\/cintillo\/"},"img":{"alt_text":"","src":"https:\/\/i0.wp.com\/www.grieta.org.mx\/wp-content\/uploads\/2018\/03\/14524434_1106112876131411_958039263622046936_o.jpg?resize=350%2C200","width":350,"height":200,"srcset":"https:\/\/i0.wp.com\/www.grieta.org.mx\/wp-content\/uploads\/2018\/03\/14524434_1106112876131411_958039263622046936_o.jpg?resize=350%2C200 1x, https:\/\/i0.wp.com\/www.grieta.org.mx\/wp-content\/uploads\/2018\/03\/14524434_1106112876131411_958039263622046936_o.jpg?resize=525%2C300 1.5x, https:\/\/i0.wp.com\/www.grieta.org.mx\/wp-content\/uploads\/2018\/03\/14524434_1106112876131411_958039263622046936_o.jpg?resize=700%2C400 2x"},"classes":[]},{"id":1657,"url":"http:\/\/www.grieta.org.mx\/index.php\/2015\/07\/09\/decreta-edomex-alerta-de-genero-se-tarda-cinco-anos-en-solicitarla\/","url_meta":{"origin":1593,"position":2},"title":"Decreta Edomex alerta de g\u00e9nero; se tarda cinco a\u00f1os en solicitarla","author":"grieta","date":"9 julio, 2015","format":false,"excerpt":"VENERANDA MENDOZA TOLUCA, Edomex. Cinco a\u00f1os despu\u00e9s de ser solicitado por Organizaciones No Gubernamentales, el Gobierno del Estado de M\u00e9xico promovi\u00f3 decretar alerta de g\u00e9nero para los once municipios con mayor incidencia en feminicidios. \u201cHemos decidido promover y solicitar de manera oficial la alerta de g\u00e9nero en los municipios de\u2026","rel":"","context":"En &quot;CINTILLO&quot;","block_context":{"text":"CINTILLO","link":"http:\/\/www.grieta.org.mx\/index.php\/category\/cintillo\/"},"img":{"alt_text":"","src":"https:\/\/i0.wp.com\/www.grieta.org.mx\/wp-content\/uploads\/2018\/03\/14524434_1106112876131411_958039263622046936_o.jpg?resize=350%2C200","width":350,"height":200,"srcset":"https:\/\/i0.wp.com\/www.grieta.org.mx\/wp-content\/uploads\/2018\/03\/14524434_1106112876131411_958039263622046936_o.jpg?resize=350%2C200 1x, https:\/\/i0.wp.com\/www.grieta.org.mx\/wp-content\/uploads\/2018\/03\/14524434_1106112876131411_958039263622046936_o.jpg?resize=525%2C300 1.5x, https:\/\/i0.wp.com\/www.grieta.org.mx\/wp-content\/uploads\/2018\/03\/14524434_1106112876131411_958039263622046936_o.jpg?resize=700%2C400 2x"},"classes":[]},{"id":36869,"url":"http:\/\/www.grieta.org.mx\/index.php\/2019\/07\/14\/edomex-y-veracruz-encabezan-cifras-de-feminicidio-infantil\/","url_meta":{"origin":1593,"position":3},"title":"Edomex y Veracruz encabezan cifras de feminicidio infantil","author":"grieta","date":"14 julio, 2019","format":false,"excerpt":"Marisol Vel\u00e1zquez\/El Economista A pesar de que Veracruz y el Estado de M\u00e9xico buscan reforzar sus estrategias para combatir la violencia de g\u00e9nero contra las mujeres y ni\u00f1as, son las entidades con mayores registros de feminicidios infantiles. A pesar de que Veracruz y el Estado de M\u00e9xico buscan reforzar sus\u2026","rel":"","context":"En &quot;CINTILLO&quot;","block_context":{"text":"CINTILLO","link":"http:\/\/www.grieta.org.mx\/index.php\/category\/cintillo\/"},"img":{"alt_text":"","src":"https:\/\/i0.wp.com\/www.grieta.org.mx\/wp-content\/uploads\/2019\/07\/feminicidios_edomex.jpg_596760611.jpg?resize=350%2C200","width":350,"height":200,"srcset":"https:\/\/i0.wp.com\/www.grieta.org.mx\/wp-content\/uploads\/2019\/07\/feminicidios_edomex.jpg_596760611.jpg?resize=350%2C200 1x, https:\/\/i0.wp.com\/www.grieta.org.mx\/wp-content\/uploads\/2019\/07\/feminicidios_edomex.jpg_596760611.jpg?resize=525%2C300 1.5x, https:\/\/i0.wp.com\/www.grieta.org.mx\/wp-content\/uploads\/2019\/07\/feminicidios_edomex.jpg_596760611.jpg?resize=700%2C400 2x"},"classes":[]},{"id":59624,"url":"http:\/\/www.grieta.org.mx\/index.php\/2021\/05\/29\/tlajomulco-lider-nacional-en-feminicidios-jalisco\/","url_meta":{"origin":1593,"position":4},"title":"Tlajomulco, l\u00edder nacional en feminicidios (Jalisco)","author":"grieta","date":"29 mayo, 2021","format":false,"excerpt":"Foto: Ilustrativa, tomada de la Red Edgar Flores \/ El Diario NTR La inseguridad en el municipio de Tlajomulco de Z\u00fa\u00f1iga sigue al alza. Ahora no s\u00f3lo en materia de delincuencia, robo y despojo de viviendas, sino en un sensible t\u00f3pico: los feminicidios. De acuerdo a una estad\u00edstica revelada recientemente\u2026","rel":"","context":"En &quot;CINTILLO&quot;","block_context":{"text":"CINTILLO","link":"http:\/\/www.grieta.org.mx\/index.php\/category\/cintillo\/"},"img":{"alt_text":"","src":"https:\/\/i0.wp.com\/www.grieta.org.mx\/wp-content\/uploads\/2021\/05\/2021-05-28_10-05-53___6693.jpg?resize=350%2C200","width":350,"height":200,"srcset":"https:\/\/i0.wp.com\/www.grieta.org.mx\/wp-content\/uploads\/2021\/05\/2021-05-28_10-05-53___6693.jpg?resize=350%2C200 1x, https:\/\/i0.wp.com\/www.grieta.org.mx\/wp-content\/uploads\/2021\/05\/2021-05-28_10-05-53___6693.jpg?resize=525%2C300 1.5x, https:\/\/i0.wp.com\/www.grieta.org.mx\/wp-content\/uploads\/2021\/05\/2021-05-28_10-05-53___6693.jpg?resize=700%2C400 2x"},"classes":[]},{"id":44350,"url":"http:\/\/www.grieta.org.mx\/index.php\/2020\/02\/14\/marchan-para-exigir-fin-a-la-violencia-contra-las-mujeres-estado-de-mexico\/","url_meta":{"origin":1593,"position":5},"title":"Marchan para exigir fin a la violencia contra las mujeres (Estado de M\u00e9xico)","author":"grieta","date":"14 febrero, 2020","format":false,"excerpt":"Aseguraron que las protestas seguir\u00e1n para crear conciencia y terminar la cultura machista que genera violencia. (Archivo) Zuleyma Garc\u00eda \/ Milenio Entre consignas y con pancartas las mujeres caminaron hasta el ayuntamiento donde donde de manera pac\u00edfica pidieron mejores resultados en seguridad. Lejos de festejar el 14 de febrero, este\u2026","rel":"","context":"En &quot;CINTILLO&quot;","block_context":{"text":"CINTILLO","link":"http:\/\/www.grieta.org.mx\/index.php\/category\/cintillo\/"},"img":{"alt_text":"","src":"https:\/\/i0.wp.com\/www.grieta.org.mx\/wp-content\/uploads\/2020\/02\/Marchan-para-exigir-fin-a-la-violencia-contra-las-mujeres-edomex-feb.jpeg?resize=350%2C200","width":350,"height":200,"srcset":"https:\/\/i0.wp.com\/www.grieta.org.mx\/wp-content\/uploads\/2020\/02\/Marchan-para-exigir-fin-a-la-violencia-contra-las-mujeres-edomex-feb.jpeg?resize=350%2C200 1x, https:\/\/i0.wp.com\/www.grieta.org.mx\/wp-content\/uploads\/2020\/02\/Marchan-para-exigir-fin-a-la-violencia-contra-las-mujeres-edomex-feb.jpeg?resize=525%2C300 1.5x, https:\/\/i0.wp.com\/www.grieta.org.mx\/wp-content\/uploads\/2020\/02\/Marchan-para-exigir-fin-a-la-violencia-contra-las-mujeres-edomex-feb.jpeg?resize=700%2C400 2x"},"classes":[]}],"_links":{"self":[{"href":"http:\/\/www.grieta.org.mx\/index.php\/wp-json\/wp\/v2\/posts\/1593","targetHints":{"allow":["GET"]}}],"collection":[{"href":"http:\/\/www.grieta.org.mx\/index.php\/wp-json\/wp\/v2\/posts"}],"about":[{"href":"http:\/\/www.grieta.org.mx\/index.php\/wp-json\/wp\/v2\/types\/post"}],"author":[{"embeddable":true,"href":"http:\/\/www.grieta.org.mx\/index.php\/wp-json\/wp\/v2\/users\/2"}],"replies":[{"embeddable":true,"href":"http:\/\/www.grieta.org.mx\/index.php\/wp-json\/wp\/v2\/comments?post=1593"}],"version-history":[{"count":1,"href":"http:\/\/www.grieta.org.mx\/index.php\/wp-json\/wp\/v2\/posts\/1593\/revisions"}],"predecessor-version":[{"id":1599,"href":"http:\/\/www.grieta.org.mx\/index.php\/wp-json\/wp\/v2\/posts\/1593\/revisions\/1599"}],"wp:featuredmedia":[{"embeddable":true,"href":"http:\/\/www.grieta.org.mx\/index.php\/wp-json\/wp\/v2\/media\/21928"}],"wp:attachment":[{"href":"http:\/\/www.grieta.org.mx\/index.php\/wp-json\/wp\/v2\/media?parent=1593"}],"wp:term":[{"taxonomy":"category","embeddable":true,"href":"http:\/\/www.grieta.org.mx\/index.php\/wp-json\/wp\/v2\/categories?post=1593"},{"taxonomy":"post_tag","embeddable":true,"href":"http:\/\/www.grieta.org.mx\/index.php\/wp-json\/wp\/v2\/tags?post=1593"}],"curies":[{"name":"wp","href":"https:\/\/api.w.org\/{rel}","templated":true}]}}