{"id":15916,"date":"2016-07-04T12:19:22","date_gmt":"2016-07-04T17:19:22","guid":{"rendered":"http:\/\/www.grieta.org.mx\/?p=15916"},"modified":"2016-07-05T12:24:48","modified_gmt":"2016-07-05T17:24:48","slug":"abuchean-a-aurelio-nuno-en-jalisco","status":"publish","type":"post","link":"http:\/\/www.grieta.org.mx\/index.php\/2016\/07\/04\/abuchean-a-aurelio-nuno-en-jalisco\/","title":{"rendered":"Abuchean a Aurelio Nu\u00f1o en Jalisco"},"content":{"rendered":"<p>Redacci\u00f3n Proceso<\/p>\n<p>GUADALAJARA, Jal. (apro).- En su visita a Jalisco este lunes, el secretario de Educaci\u00f3n P\u00fablica Aurelio Nu\u00f1o fue increpado por maestros que le expresaron su repudio en los diferentes eventos a los que acudi\u00f3.<\/p>\n<p>El funcionario federal estuvo en Guadalajara para encabezar tres actos junto con el gobernador Jorge Arist\u00f3teles Sandoval D\u00edaz pero fue recibido con consignas como \u201c\u00a1Nu\u00f1o asesino!\u201d, \u201c\u00a1Oaxaca es M\u00e9xico!\u201d, entre otras.<\/p>\n<p>El secretario de Educaci\u00f3n acudi\u00f3 al Complejo Panamericano de Voleibol, en Tonal\u00e1, a la presentaci\u00f3n de proyectos de rob\u00f3tica de diversas escuelas de Jalisco y otras entidades.<\/p>\n<p>En ese sitio, maestros se manifestaron en el exterior e interior del edificio. Desde las gradas tres profesores empezaron a gritar: \u201cLos maestros y este pu\u00f1o tumbar\u00e1n a Aurelio Nu\u00f1o\u201d, \u201cVa a caer, va a caer, la reforma va a caer\u201d, \u201c\u00a1Asesino!\u201d, \u201cDi\u00e1logo, di\u00e1logo\u201d.<\/p>\n<p>De forma inmediata el funcionario federal les respondi\u00f3: \u201cLes agradezco, les agradezco mucho a todos a quienes nos acompa\u00f1an que se est\u00e1n expresando, les agradezco mucho el que est\u00e9n aqu\u00ed, el que hayan expresado sus comentarios, gracias, gracias se\u00f1ores maestros.<\/p>\n<p>\u201cDesde ahora les digo, siempre se\u00f1ores hay disposici\u00f3n a escuchar y escucharnos mutuamente, a poder escuchar sus planteamientos y que ustedes tambi\u00e9n van a escuchar los nuestros. Y estoy convencido de que con el di\u00e1logo, un di\u00e1logo aut\u00e9ntico, habremos de encontrar los caminos\u201d, expuso Nu\u00f1o.<\/p>\n<p>Los maestros le pidieron al funcionario que no ocurra un hecho similar en Jalisco como el de Nochixtl\u00e1n. \u201cLo esperamos en el plant\u00f3n, frente al Palacio Legislativo\u201d, indicaron los manifestantes.<\/p>\n<p>En tanto, otro profesor grit\u00f3: \u201cUn asesino en la Secretar\u00eda de Educaci\u00f3n P\u00fablica, un represor que no le basta con tener la conciencia negra, que no le basta con todos los asesinatos\u201d.<\/p>\n<p>Posteriormente, el secretario de Educaci\u00f3n federal se dirigi\u00f3 a Casa Jalisco donde lo esperaban estudiantes, maestros e integrantes de otras organizaciones.<\/p>\n<p>Ah\u00ed, los inconformes mostraron mantas en las que se le\u00eda: \u201cJalisco est\u00e1 contigo Oaxaca\u201d, \u201cEn defensa de la educaci\u00f3n p\u00fablica y los derechos laborales. Apoyo total al magisterio\u201d.<\/p>\n<p>Sin embargo, a pesar de que el funcionario federal ofreci\u00f3 di\u00e1logo a los profesores inconformes, al finalizar el evento no los atendi\u00f3.<\/p>\n<p>Previamente Nu\u00f1o acudi\u00f3 a la inauguraci\u00f3n oficial del Centro Universitario Tonal\u00e1 de la Universidad de Guadalajara. Ah\u00ed lo esperaban alrededor de 30 representantes del Frente Magisterial de Jalisco y el grupo Ayotzinapa Somos Todos, bajo la vigilancia de elementos de la Fiscal\u00eda General del Estado.<\/p>\n<p>Uno de los manifestantes, integrante de la coordinaci\u00f3n general del Frente Magisterial de Jalisco, el profesor Jos\u00e9 de Jes\u00fas Castolo, lament\u00f3 que no pudieran increpar al secretario de Educaci\u00f3n puesto que Nu\u00f1o lleg\u00f3 en helic\u00f3ptero junto con el mandatario estatal, adem\u00e1s de que el coordinador de Seguridad Universitaria, Montalberti Serrano, les impidi\u00f3 el paso.<\/p>\n<p>\u201cNos parece incongruente que la universidad hable de democracia y se preste para estos actos. Aurelio Nu\u00f1o ya sab\u00eda que en Jalisco no iba a ser bien recibido, iba a ser repudiado. Yo creo que de alguna forma quisieron blindar el acto, apoyado por la seguridad del estado y de la Universidad de Guadalajara\u201d, consider\u00f3 Castolo.<\/p>\n<p>Agreg\u00f3 que si hubieran tenido oportunidad, le habr\u00edan reclamado por los enfrentamientos entre profesores, simpatizantes del movimiento magisterial y polic\u00edas el pasado 19 de junio en Nochixtl\u00e1n, Oaxaca que dejaron un saldo de ocho muertos y m\u00e1s de un centenar de lesionados.<\/p>\n<p>\u201cNo ha querido escuchar a los maestros que cada d\u00eda nos la partimos porque la infraestructura est\u00e1 toda mal, no hay material suficiente, sin embargo se jacta (Nu\u00f1o) de que las escuelas est\u00e1n muy bien, cuando el mobiliario est\u00e1 da\u00f1ado. Tenemos grupos de hasta 52 alumnos. Eso no es tener una escuela de calidad, cada vez est\u00e1n atiborrando m\u00e1s los grupos\u201d, se\u00f1al\u00f3.<\/p>\n<p><a href=\"http:\/\/www.proceso.com.mx\/446176\/abuchean-a-aurelio-nuno-en-jalisco\" target=\"_blank\">http:\/\/www.proceso.com.mx\/446176\/abuchean-a-aurelio-nuno-en-jalisco<\/a><\/p>\n","protected":false},"excerpt":{"rendered":"<p>Redacci\u00f3n Proceso GUADALAJARA, Jal. (apro).- En su visita a Jalisco este lunes, el secretario de Educaci\u00f3n P\u00fablica Aurelio Nu\u00f1o fue increpado por maestros que le expresaron su repudio en los &hellip; <a href=\"http:\/\/www.grieta.org.mx\/index.php\/2016\/07\/04\/abuchean-a-aurelio-nuno-en-jalisco\/\" class=\"more-link\">Leer m\u00e1s<\/a><\/p>\n","protected":false},"author":2,"featured_media":21928,"comment_status":"closed","ping_status":"closed","sticky":false,"template":"","format":"standard","meta":{"ngg_post_thumbnail":0,"_jetpack_newsletter_access":"","_jetpack_dont_email_post_to_subs":false,"_jetpack_newsletter_tier_id":0,"_jetpack_memberships_contains_paywalled_content":false,"_jetpack_memberships_contains_paid_content":false,"footnotes":""},"categories":[80,230],"tags":[135,147],"class_list":["post-15916","post","type-post","status-publish","format-standard","has-post-thumbnail","hentry","category-cintillo","category-jalisco","tag-reforma-educativa","tag-trabajo","entry"],"jetpack_featured_media_url":"http:\/\/www.grieta.org.mx\/wp-content\/uploads\/2018\/03\/14524434_1106112876131411_958039263622046936_o.jpg","jetpack_sharing_enabled":true,"jetpack_shortlink":"https:\/\/wp.me\/p7ZJR4-48I","jetpack_likes_enabled":false,"jetpack-related-posts":[{"id":10083,"url":"http:\/\/www.grieta.org.mx\/index.php\/2016\/04\/08\/maestros-se-manifiestan-en-visita-de-aurelio-nuno\/","url_meta":{"origin":15916,"position":0},"title":"Maestros se manifiestan en visita de Aurelio Nu\u00f1o","author":"grieta","date":"8 abril, 2016","format":false,"excerpt":"Mar\u00eda Consuelo Leyson, Sinaloa. Culiac\u00e1n, Sinaloa.- Maestros integrantes de la Coordinadora Nacional de Trabajadores de la Educaci\u00f3n (CNTE) esperan con una manifestaci\u00f3n al secretario Nacional de Educaci\u00f3n, Aurelio Nu\u00f1o, quien se encuentra de visita en Culiac\u00e1n. A las afueras de la escuela primaria club de leones se instalaron con cartelones\u2026","rel":"","context":"En &quot;CINTILLO&quot;","block_context":{"text":"CINTILLO","link":"http:\/\/www.grieta.org.mx\/index.php\/category\/cintillo\/"},"img":{"alt_text":"","src":"https:\/\/i0.wp.com\/www.grieta.org.mx\/wp-content\/uploads\/2018\/03\/14524434_1106112876131411_958039263622046936_o.jpg?resize=350%2C200","width":350,"height":200,"srcset":"https:\/\/i0.wp.com\/www.grieta.org.mx\/wp-content\/uploads\/2018\/03\/14524434_1106112876131411_958039263622046936_o.jpg?resize=350%2C200 1x, https:\/\/i0.wp.com\/www.grieta.org.mx\/wp-content\/uploads\/2018\/03\/14524434_1106112876131411_958039263622046936_o.jpg?resize=525%2C300 1.5x, https:\/\/i0.wp.com\/www.grieta.org.mx\/wp-content\/uploads\/2018\/03\/14524434_1106112876131411_958039263622046936_o.jpg?resize=700%2C400 2x"},"classes":[]},{"id":20436,"url":"http:\/\/www.grieta.org.mx\/index.php\/2016\/08\/25\/maestros-corren-a-aurelio-nuno-de-ecatepec-bastion-del-pri-al-grito-de-fuera-fuera-fuera\/","url_meta":{"origin":15916,"position":1},"title":"Maestros corren a Aurelio Nu\u00f1o de Ecatepec, basti\u00f3n del PRI, al grito de \u201c\u00a1Fuera, fuera, fuera!\u201d","author":"grieta","date":"25 agosto, 2016","format":false,"excerpt":"Ciudad de M\u00e9xico, 25 de agosto (SinEmbargo).\u2013 El Secretario de Educaci\u00f3n P\u00fablica, Aurelio Nu\u00f1o Mayer, fue abucheado este d\u00eda por miles de maestros durante una entrega de reconocimientos en Ecatepec, Estado de M\u00e9xico. Ecatepec es el municipio donde Eruviel \u00c1vila, Gobernador del Estado de M\u00e9xico, fue dos veces Alcalde. Se\u2026","rel":"","context":"En &quot;CINTILLO&quot;","block_context":{"text":"CINTILLO","link":"http:\/\/www.grieta.org.mx\/index.php\/category\/cintillo\/"},"img":{"alt_text":"","src":"https:\/\/i0.wp.com\/www.grieta.org.mx\/wp-content\/uploads\/2018\/03\/14524434_1106112876131411_958039263622046936_o.jpg?resize=350%2C200","width":350,"height":200,"srcset":"https:\/\/i0.wp.com\/www.grieta.org.mx\/wp-content\/uploads\/2018\/03\/14524434_1106112876131411_958039263622046936_o.jpg?resize=350%2C200 1x, https:\/\/i0.wp.com\/www.grieta.org.mx\/wp-content\/uploads\/2018\/03\/14524434_1106112876131411_958039263622046936_o.jpg?resize=525%2C300 1.5x, https:\/\/i0.wp.com\/www.grieta.org.mx\/wp-content\/uploads\/2018\/03\/14524434_1106112876131411_958039263622046936_o.jpg?resize=700%2C400 2x"},"classes":[]},{"id":14722,"url":"http:\/\/www.grieta.org.mx\/index.php\/2016\/06\/21\/maestros-de-colima-se-unen-a-quienes-exigen-la-renuncia-de-aurelio-nuno\/","url_meta":{"origin":15916,"position":2},"title":"Maestros de Colima se unen a quienes exigen la renuncia de Aurelio Nu\u00f1o","author":"grieta","date":"21 junio, 2016","format":false,"excerpt":"Heidi de Le\u00f3n Guti\u00e9rrez Colima, M\u00e9xico (21 de junio de 2016) El Movimiento de Lucha Magisterial en Colima exigi\u00f3 la renuncia del secretario de Educaci\u00f3n, Aurelio Nu\u00f1o Meyer, y anunci\u00f3 que respaldar\u00e1n econ\u00f3micamente y con productos alimenticios a los profesores y pobladores de Nochixtl\u00e1n, Oaxaca. Los profesores en Colima se\u00f1alaron\u2026","rel":"","context":"En &quot;CINTILLO&quot;","block_context":{"text":"CINTILLO","link":"http:\/\/www.grieta.org.mx\/index.php\/category\/cintillo\/"},"img":{"alt_text":"","src":"https:\/\/i0.wp.com\/www.grieta.org.mx\/wp-content\/uploads\/2018\/03\/14524434_1106112876131411_958039263622046936_o.jpg?resize=350%2C200","width":350,"height":200,"srcset":"https:\/\/i0.wp.com\/www.grieta.org.mx\/wp-content\/uploads\/2018\/03\/14524434_1106112876131411_958039263622046936_o.jpg?resize=350%2C200 1x, https:\/\/i0.wp.com\/www.grieta.org.mx\/wp-content\/uploads\/2018\/03\/14524434_1106112876131411_958039263622046936_o.jpg?resize=525%2C300 1.5x, https:\/\/i0.wp.com\/www.grieta.org.mx\/wp-content\/uploads\/2018\/03\/14524434_1106112876131411_958039263622046936_o.jpg?resize=700%2C400 2x"},"classes":[]},{"id":14696,"url":"http:\/\/www.grieta.org.mx\/index.php\/2016\/06\/23\/marchan-5-mil-contra-la-violencia-en-oaxaca-jalisco\/","url_meta":{"origin":15916,"position":3},"title":"Marchan 5 mil contra la violencia en Oaxaca (Jalisco)","author":"grieta","date":"23 junio, 2016","format":false,"excerpt":"Elizabeth Ortiz Mientras se llevaba a cabo la mesa de di\u00e1logo entre el gobierno federal y la Coordinadora Nacional de Trabajadores de la Educaci\u00f3n (CNTE), miles de personas marcharon en Jalisco en repudio por la muerte de civiles en Nochixtl\u00e1n, Oaxaca. Del plant\u00f3n que mantiene el Sindicato de Trabajadores del\u2026","rel":"","context":"En &quot;CINTILLO&quot;","block_context":{"text":"CINTILLO","link":"http:\/\/www.grieta.org.mx\/index.php\/category\/cintillo\/"},"img":{"alt_text":"","src":"https:\/\/i0.wp.com\/www.grieta.org.mx\/wp-content\/uploads\/2018\/03\/14524434_1106112876131411_958039263622046936_o.jpg?resize=350%2C200","width":350,"height":200,"srcset":"https:\/\/i0.wp.com\/www.grieta.org.mx\/wp-content\/uploads\/2018\/03\/14524434_1106112876131411_958039263622046936_o.jpg?resize=350%2C200 1x, https:\/\/i0.wp.com\/www.grieta.org.mx\/wp-content\/uploads\/2018\/03\/14524434_1106112876131411_958039263622046936_o.jpg?resize=525%2C300 1.5x, https:\/\/i0.wp.com\/www.grieta.org.mx\/wp-content\/uploads\/2018\/03\/14524434_1106112876131411_958039263622046936_o.jpg?resize=700%2C400 2x"},"classes":[]},{"id":3171,"url":"http:\/\/www.grieta.org.mx\/index.php\/2016\/08\/23\/movilizaciones-contra-la-reforma-educativa-y-la-evaluacion-magisterial-en-jalisco\/","url_meta":{"origin":15916,"position":4},"title":"Movilizaciones contra la Reforma educativa y evaluaci\u00f3n magisterial en Jalisco","author":"grieta","date":"23 agosto, 2016","format":false,"excerpt":"23\/08\/16. Maestros se manifestaron en el Aeropuerto Internacional de Guadalajara contra la Reforma Educativa Canal 44 23\/08\/16. Maestros en la regi\u00f3n de Los Altos trabajan bajo protesta (Video)Canal 44 27\/07\/16. Bloquean maestros casetasAM Lagos de Moreno 17\/07\/16. Frente Magisterial advierte accionesNtr Guadalajara 04\/07\/16. Abuchean a Aurelio Nu\u00f1o en JaliscoProceso 23\/06\/16.\u2026","rel":"","context":"En &quot;Jalisco&quot;","block_context":{"text":"Jalisco","link":"http:\/\/www.grieta.org.mx\/index.php\/category\/noticias-nacionales\/jalisco\/"},"img":{"alt_text":"","src":"https:\/\/i0.wp.com\/www.grieta.org.mx\/wp-content\/uploads\/2018\/03\/14524434_1106112876131411_958039263622046936_o.jpg?resize=350%2C200","width":350,"height":200,"srcset":"https:\/\/i0.wp.com\/www.grieta.org.mx\/wp-content\/uploads\/2018\/03\/14524434_1106112876131411_958039263622046936_o.jpg?resize=350%2C200 1x, https:\/\/i0.wp.com\/www.grieta.org.mx\/wp-content\/uploads\/2018\/03\/14524434_1106112876131411_958039263622046936_o.jpg?resize=525%2C300 1.5x, https:\/\/i0.wp.com\/www.grieta.org.mx\/wp-content\/uploads\/2018\/03\/14524434_1106112876131411_958039263622046936_o.jpg?resize=700%2C400 2x"},"classes":[]},{"id":12744,"url":"http:\/\/www.grieta.org.mx\/index.php\/2016\/05\/20\/desalojan-planton-del-magisterio-en-la-ciudad-de-mexico-los-maestros-hablan\/","url_meta":{"origin":15916,"position":5},"title":"Desalojan plant\u00f3n del magisterio en la Ciudad de M\u00e9xico: los maestros hablan","author":"grieta","date":"20 mayo, 2016","format":false,"excerpt":"Esta madrugada se desaloj\u00f3 el plant\u00f3n que maestros de varios estados manten\u00edan en las inmediaciones de la Secretar\u00eda de Gobernaci\u00f3n en la CDMX, con violencia, amenazas y un operativo de las fuerzas armadas los maestros se encontraron encapsulados por \u00f3rdenes del jefe de gobierno Miguel \u00c1ngel Mancera. A continuaci\u00f3n reproducimos\u2026","rel":"","context":"En &quot;cdmx&quot;","block_context":{"text":"cdmx","link":"http:\/\/www.grieta.org.mx\/index.php\/category\/cdmx\/"},"img":{"alt_text":"","src":"https:\/\/i0.wp.com\/www.grieta.org.mx\/wp-content\/uploads\/2018\/03\/14524434_1106112876131411_958039263622046936_o.jpg?resize=350%2C200","width":350,"height":200,"srcset":"https:\/\/i0.wp.com\/www.grieta.org.mx\/wp-content\/uploads\/2018\/03\/14524434_1106112876131411_958039263622046936_o.jpg?resize=350%2C200 1x, https:\/\/i0.wp.com\/www.grieta.org.mx\/wp-content\/uploads\/2018\/03\/14524434_1106112876131411_958039263622046936_o.jpg?resize=525%2C300 1.5x, https:\/\/i0.wp.com\/www.grieta.org.mx\/wp-content\/uploads\/2018\/03\/14524434_1106112876131411_958039263622046936_o.jpg?resize=700%2C400 2x"},"classes":[]}],"_links":{"self":[{"href":"http:\/\/www.grieta.org.mx\/index.php\/wp-json\/wp\/v2\/posts\/15916","targetHints":{"allow":["GET"]}}],"collection":[{"href":"http:\/\/www.grieta.org.mx\/index.php\/wp-json\/wp\/v2\/posts"}],"about":[{"href":"http:\/\/www.grieta.org.mx\/index.php\/wp-json\/wp\/v2\/types\/post"}],"author":[{"embeddable":true,"href":"http:\/\/www.grieta.org.mx\/index.php\/wp-json\/wp\/v2\/users\/2"}],"replies":[{"embeddable":true,"href":"http:\/\/www.grieta.org.mx\/index.php\/wp-json\/wp\/v2\/comments?post=15916"}],"version-history":[{"count":1,"href":"http:\/\/www.grieta.org.mx\/index.php\/wp-json\/wp\/v2\/posts\/15916\/revisions"}],"predecessor-version":[{"id":15917,"href":"http:\/\/www.grieta.org.mx\/index.php\/wp-json\/wp\/v2\/posts\/15916\/revisions\/15917"}],"wp:featuredmedia":[{"embeddable":true,"href":"http:\/\/www.grieta.org.mx\/index.php\/wp-json\/wp\/v2\/media\/21928"}],"wp:attachment":[{"href":"http:\/\/www.grieta.org.mx\/index.php\/wp-json\/wp\/v2\/media?parent=15916"}],"wp:term":[{"taxonomy":"category","embeddable":true,"href":"http:\/\/www.grieta.org.mx\/index.php\/wp-json\/wp\/v2\/categories?post=15916"},{"taxonomy":"post_tag","embeddable":true,"href":"http:\/\/www.grieta.org.mx\/index.php\/wp-json\/wp\/v2\/tags?post=15916"}],"curies":[{"name":"wp","href":"https:\/\/api.w.org\/{rel}","templated":true}]}}