{"id":1586,"date":"2016-01-05T00:07:53","date_gmt":"2016-01-05T00:07:53","guid":{"rendered":"http:\/\/50.22.11.12\/~grietaor\/?p=1586"},"modified":"2016-03-09T00:10:30","modified_gmt":"2016-03-09T00:10:30","slug":"edomex-alerta-de-genero-ambigua-y-suntuosa","status":"publish","type":"post","link":"http:\/\/www.grieta.org.mx\/index.php\/2016\/01\/05\/edomex-alerta-de-genero-ambigua-y-suntuosa\/","title":{"rendered":"Edomex: Alerta de g\u00e9nero ambigua y suntuosa"},"content":{"rendered":"<p>ALEJANDRO MELGOZA ROCHA<\/p>\n<p>ECATEPEC, Edomex (apro).- Las cuerdas vocales de Alejandrina Figueroa se desgarraban casi todos los d\u00edas como si fuera una balada de la muerte. Se clavaba en los o\u00eddos de sus vecinos de la calle Huax\u00edn del municipio de Chimalhuac\u00e1n, pero nadie levantaba el tel\u00e9fono para llamar a la polic\u00eda ni sal\u00eda en su auxilio. En medio de ese silencio c\u00f3mplice de la comunidad, su esposo Guillermo Guzm\u00e1n de 25 a\u00f1os, hund\u00eda sus pu\u00f1os en el cuerpo de la joven. Una y otra vez bajo el influjo de las drogas frente a sus dos hijos en el cuarto que compart\u00edan.<\/p>\n<p>De cabello lacio, labios gruesos y piel morena, Alejandrina ces\u00f3 sus gritos de ayuda el 29 de agosto del a\u00f1o pasado. Dej\u00f3 de ir al trabajo, una panader\u00eda ubicada en ese mismo barrio; su ingreso econ\u00f3mico era el \u00fanico en la casa. D\u00edas despu\u00e9s, cuando las autoridades ingresaron al hogar la encontraron a un lado de la cama y la pared cubierta de cemento. Endurecida. Despojada de su vida. Apu\u00f1alada en el coraz\u00f3n, el est\u00f3mago y los pulmones. Guillermo ya se hab\u00eda fugado.<\/p>\n<p>Son historias que no tienen un punto final. Un alivio. Fluyen a raudales. El a\u00f1o nuevo en el Estado de M\u00e9xico no naci\u00f3 con esperanzas, sino con dos cad\u00e1veres femeninos en los canales de Toluca y Cuautitl\u00e1n Izcalli el pasado 2 de enero. Con ellas, suman 39 asesinatos de mujeres desde que se emiti\u00f3 la Alerta de Violencia de G\u00e9nero (AVG), de acuerdo con un registro elaborado por apro, el cual coincide con la cifra de la Red de Denuncia Feminicidios en el Edomex y la de la activista Irinea Buend\u00eda.<\/p>\n<p>Calles, terracer\u00edas, canales de aguas negras, terrenos bald\u00edos, campos de cultivo, carreteras, domicilios, puentes peatonales\u2026 no importa d\u00f3nde, cualquier sitio puede ser una tumba para las mujeres del Edomex. A pesar de que hace cinco meses se emiti\u00f3 la Alerta en 11 municipios, la espiral feminicida no sacia su hambre y la administraci\u00f3n de Eruviel \u00c1vila Villegas no ha implementado acciones \u201ccontundentes\u201d de difusi\u00f3n y promoci\u00f3n de la problem\u00e1tica, especialmente en los focos rojos, as\u00ed lo refieren los activistas consultados.<\/p>\n<p>Seg\u00fan el oficio 00124\/SEGEGOB\/IP\/2015 de la Secretar\u00eda General de Gobierno del Edomex, obtenido v\u00eda la Ley de Transparencia, m\u00e1s de siete millones de pesos se gastaron en esa materia en el periodo julio-diciembre.<br \/>\nSin embargo, en la lista que justifica el presupuesto, no existe ni una sola campa\u00f1a o documento que explique qu\u00e9, c\u00f3mo, d\u00f3nde y para qu\u00e9 sirve la AVG. Tampoco llevan el t\u00edtulo de la misma. Por si fuera poco, varios de los art\u00edculos enlistados, como las l\u00edneas telef\u00f3nicas, deben ser difundidos por el gobierno mexiquense, independientemente de la medida que dicta la Ley General de Acceso de las Mujeres a una Vida Libre de Violencia.<\/p>\n<p>\u201cLa Alerta no tiene contundencia. No se visualiza. Ni siquiera la sociedad sabe qu\u00e9 es. La gente no est\u00e1 en alerta. Sigue existiendo omisi\u00f3n por parte de las autoridades\u201d, explica Manuel Amador, titular de la Red.<\/p>\n<p>\u201c\u00a1Es una alerta! \u00a1Aleeeeerta! Lo dice el nombre \u00bfTe acuerdas del H1DN1 (influenza)? As\u00ed debiera ser la difusi\u00f3n\u201d, especifica David Mancera, presidente de la organizaci\u00f3n Solidaridad por las Familias, quien no quita el dedo del rengl\u00f3n de que el mandatario mexiquense est\u00e1 lucrando con la medida para su posible precampa\u00f1a presidencial en el 2018.<\/p>\n<p>Gastos in\u00fatiles<\/p>\n<p>En medio de las calles gris\u00e1ceas de la colonia Hank Gonz\u00e1lez, Ecatepec, otra de las tantas tumbas de mujeres, se encuentra la preparatoria 128. En las peque\u00f1as aulas donde se alzan las polvaredas, da clases Amador, maestro en Derechos Humanos por la Facultad Latinoamericana de Ciencias Sociales (Flacso).<\/p>\n<p>Uno de sus cursos sobre violencia mis\u00f3gina est\u00e1 dedicado a sus alumnas con el fin de \u201cempoderarlas\u201d. A partir de esa iniciativa cre\u00f3 performances para denunciar los delitos de g\u00e9nero. Se visten con bolsas negras de pl\u00e1stico y sogas.<\/p>\n<p>\u201cNo hay ninguna alerta, la gente sigue buscando justicia por sus propias manos\u201d, dice Manuel, un hombre con barba de candado, camisa a cuadros y un sombrero de palma, que lleva casi una d\u00e9cada documentando en el municipio donde naci\u00f3 y se cr\u00edo \u00c1vila Villegas. Para \u00e9l esto tiene un trasfondo estructural: desigualdad, corrupci\u00f3n y la permisibilidad de los gobernantes.<\/p>\n<p>Desde la punta del cerro San Pedro Mirador, en Ecatepec, Manuel divisa las casas pintadas con los colores del PRI. \u201cEs un vac\u00edo de Estado\u201d. No hay ning\u00fan panor\u00e1mico o anuncio que haga alusi\u00f3n a la Alerta. Camina entre los pastizales donde se esconden al menos cinco cruces de mujeres. Es uno de los sitios que revisan los polic\u00edas ministeriales cuando desaparece alguna mujer, los llamados \u201ctiraderos de mujeres\u201d.<\/p>\n<p>A pregunta expresa, una usuaria del Mexibus dice: \u201cNo s\u00e9 qu\u00e9 es\u201d. Su voz, igual que la de otras mexiquenses consultadas, es de total desconocimiento.<\/p>\n<p>Seg\u00fan el gobierno mexiquense, se han gastado en total siete millones 454 mil 448.96 pesos en bol\u00edgrafos, volantes, directorios, d\u00edpticos, tr\u00edpticos, folletos, pulseras, imanes, carteles, separadores, bolsas, playeras, chalecos, folders, volantes y vinilonas. Ninguno es de la AVG. En la solicitud de informaci\u00f3n no especifican el n\u00famero de ejemplares.<\/p>\n<p>En los documentos tambi\u00e9n aparecen una \u201cCampa\u00f1a de sensibilizaci\u00f3n y promoci\u00f3n de la perspectiva de g\u00e9nero\u201d con valor de 750 mil pesos; \u201cCampa\u00f1a para prevenir a violencia familiar y comunitaria en los tipos f\u00edsicos, psicol\u00f3gicos y sexuales\u201d en los 11 municipios con un valor de 850 mil.<\/p>\n<p>Incluso, se menciona la producci\u00f3n y transmisi\u00f3n de una radionovela en tres series de cuatro cap\u00edtulos cuyas tem\u00e1ticas son trata, violencia comunitaria y feminicidio. \u201cEl presupuesto destinado para su ejecuci\u00f3n ser\u00e1 de un mill\u00f3n 200 mil pesos\u201d.<\/p>\n<p>Apro revis\u00f3 el canal de YouTube del Gobierno del Edomex: no hay spots o videos sobre el tema. Tampoco los hay en el portal de la administraci\u00f3n, salvo registros de ponencias impartidas por Dilcya Garc\u00eda, subprocuradora para la Atenci\u00f3n de Delitos Vinculados a la Violencia de G\u00e9nero de la Procuradur\u00eda General de Justicia del Edomex.<\/p>\n<p>\u201c\u2026 la alerta no es un castigo pol\u00edtico, pues la violencia contra las mujeres no se invent\u00f3, ya que es una forma de violencia de car\u00e1cter estructural que existe en todo el mundo, por eso es complicado erradicarla\u201d, se\u00f1ala el bolet\u00edn fechado el 26 de noviembre.<\/p>\n<p>Entre los gastos m\u00e1s exorbitantes aparece lo siguiente: directorios de Unidades de Atenci\u00f3n para Mujeres, sus hijas e hijos en situaci\u00f3n de violencia por 841 mil pesos; folletos de Cartillas de Servicios para Mujeres 851 mil 440 pesos; chalecos de la L\u00ednea sin Violencia por 524 mil 053.20 pesos; playeras de la L\u00ednea sin Violencia por 829 mil 400 pesos; as\u00ed como imanes de \u201cMexiquense \u00fanete para poner fin a la violencia contra las mujeres\u201d.<\/p>\n<p>A decir de los activistas que han denunciado decenas de casos en varios de municipios incluidos en la AVG, ni siquiera esos art\u00edculos han llegado a sus manos. Adem\u00e1s de que sus leyendas \u201cambiguas\u201d no terminan por informar al sector de las mujeres mexiquenses. El temor de Amador se resume en una frase: \u201cLa AVG fue cooptada a partir de intereses pol\u00edticos\u201d.<\/p>\n<p>\u00bfPor qu\u00e9 la cruz rosa?<\/p>\n<p>Irinea Buend\u00eda, de rostro dulce y cabello encanecido, ha recorrido innumerables batallas desde el 2010, cuando un polic\u00eda judicial asesin\u00f3 a su hija, Mariana Lima. Se enfrent\u00f3 a la protecci\u00f3n de las autoridades que hab\u00edan dado carpetazo. Ella, como otras mujeres, est\u00e1 convencida de que no hay un cambio sustancial desde que se emiti\u00f3 la AVG.<\/p>\n<p>\u201cSe dijeron tres cosas de la alerta: seguridad, prevenci\u00f3n y justicia, que a mi modo de haber no ha habido ninguna\u201d, dice.<\/p>\n<p>La mujer de 62 a\u00f1os no se cansa. Se mantiene firme. Vive en Neza, una de las costras m\u00e1s violentas y pobladas, esa misma donde en noviembre pasado arrojaron el cuerpo de una mujer con una bolsa en la cabeza con huellas de tortura. Tambi\u00e9n conoce Chimalhuac\u00e1n como la palma de su mano: ah\u00ed mataron a su ni\u00f1a que tendr\u00eda 34 a\u00f1os de estar viva; fue ah\u00ed donde tambi\u00e9n dilapidaron a Alejandrina Figueroa.<\/p>\n<p>La se\u00f1ora Buend\u00eda recorre diariamente otros territorios conurbados para atender a otras v\u00edctimas. \u201cNo he visto nada (de campa\u00f1as informativas) ni esos tr\u00edpticos de los que usted me habla. Para m\u00ed la alerta de g\u00e9nero est\u00e1 pasando de noche o qui\u00e9n sabe qu\u00e9 est\u00e1n haciendo (\u2026) Hemos estado llevando a cabo acercamientos con las mujeres y desconocen qu\u00e9 es un feminicidio. Se acercan y me preguntan: \u00bfpor qu\u00e9 la cruz rosa, por qu\u00e9 dice ni una m\u00e1s\u00b4?; preguntan cosas que deber\u00edan ser conocidas\u201d, abunda.<\/p>\n<p>Ella ya es un emblema de la lucha contra los feminicidios. El caso de su hija lleg\u00f3 hasta la Primera Sala de la Suprema Corte de Justicia de la Naci\u00f3n (SCJN), donde en marzo del a\u00f1o pasado se determin\u00f3, por unanimidad, otorgar un amparo con el fin de reabrir el caso de su hija.<\/p>\n<p>Ese fue un precedente logrado con la colaboraci\u00f3n del Observatorio Ciudadano Nacional del Feminicidio y Amnist\u00eda Internacional para que se emitiera la alerta en Ecatepec, Nezahualc\u00f3yotl, Tlalnepantla, Toluca, Chimalhuac\u00e1n, Naucalpan, Tultitl\u00e1n, Ixtapaluca, Chalco Solidaridad, Cuautitl\u00e1n Izcallli y Chalco. En ellos ha habido 24 casos hasta el momento y 17 m\u00e1s en los que no fueron tomados en cuenta, seg\u00fan el registro.<br \/>\nEn la voz, actitud y palabras de Irinea se percibe a una mujer \u201ccombativa\u201d. Su sangre hierve cuando grita.<\/p>\n<p>Sabe que las \u201cmarchitas\u201d no van a ayudar en nada si \u201ccada quien jala para su propio molino\u201d. Como nunca, dice, la sociedad civil y las familias de las v\u00edctimas de feminicidios y desapariciones, deben unirse. Incomodar de verdad al gobierno. Sacudir ese panal de funcionarios llenos de mieles. \u201cSi nosotras como madres o padres no nos unimos, siempre nos van a hacer un lado f\u00e1cilmente\u201d, asegura.<\/p>\n<p>Nosotras sabemos \u2013sentencia Buend\u00eda- que \u201cal gobierno no le interesa para nada lo que le pase a nuestras hijas. Lo que les exijo a las autoridades, principalmente al gobernador del estado Eruviel \u00c1vila, es que se comprometa realmente, porque \u00e9l all\u00e1 desde su pedestal est\u00e1 diciendo que no pasa nada, pero nosotras que vivimos en los pueblos nos damos cuenta porque las cifras de feminicidios hablan por s\u00ed solas. No necesitamos decirle m\u00e1s, necesita abrir los ojos a la realidad. Estamos exigiendo algo real, nos estamos basando en lo que est\u00e1 saliendo a flote\u201d.<\/p>\n<p><a href=\"http:\/\/www.proceso.com.mx\/?p=425248\" target=\"_blank\">www.proceso.com.mx\/?p=425248<\/a><\/p>\n","protected":false},"excerpt":{"rendered":"<p>ALEJANDRO MELGOZA ROCHA ECATEPEC, Edomex (apro).- Las cuerdas vocales de Alejandrina Figueroa se desgarraban casi todos los d\u00edas como si fuera una balada de la muerte. Se clavaba en los &hellip; <a href=\"http:\/\/www.grieta.org.mx\/index.php\/2016\/01\/05\/edomex-alerta-de-genero-ambigua-y-suntuosa\/\" class=\"more-link\">Leer m\u00e1s<\/a><\/p>\n","protected":false},"author":2,"featured_media":21928,"comment_status":"closed","ping_status":"open","sticky":false,"template":"","format":"standard","meta":{"ngg_post_thumbnail":0,"_jetpack_newsletter_access":"","_jetpack_dont_email_post_to_subs":false,"_jetpack_newsletter_tier_id":0,"_jetpack_memberships_contains_paywalled_content":false,"_jetpack_memberships_contains_paid_content":false,"footnotes":""},"categories":[80],"tags":[92,81],"class_list":["post-1586","post","type-post","status-publish","format-standard","has-post-thumbnail","hentry","category-cintillo","tag-estado-de-mexico","tag-feminicidios","entry"],"jetpack_featured_media_url":"http:\/\/www.grieta.org.mx\/wp-content\/uploads\/2018\/03\/14524434_1106112876131411_958039263622046936_o.jpg","jetpack_sharing_enabled":true,"jetpack_shortlink":"https:\/\/wp.me\/p7ZJR4-pA","jetpack_likes_enabled":false,"jetpack-related-posts":[{"id":1633,"url":"http:\/\/www.grieta.org.mx\/index.php\/2015\/09\/08\/asesinan-a-10-mujeres-a-pesar-de-alerta-de-genero-en-edomex\/","url_meta":{"origin":1586,"position":0},"title":"Asesinan a 10 mujeres a pesar de alerta de g\u00e9nero en Edomex","author":"grieta","date":"8 septiembre, 2015","format":false,"excerpt":"Crhistian de Jes\u00fas TOLUCA, M\u00e9x.-08 SEPTIEMBRE 2015.-Por lo menos 10 mujeres han sido asesinadas en el Estado de M\u00e9xico en menos de dos semanas, despu\u00e9s de que entr\u00f3 en vigor la alerta de g\u00e9nero en 11 municipios de la entidad. El lunes primero de septiembre, una mujer fue encontrada muerta\u2026","rel":"","context":"En &quot;CINTILLO&quot;","block_context":{"text":"CINTILLO","link":"http:\/\/www.grieta.org.mx\/index.php\/category\/cintillo\/"},"img":{"alt_text":"","src":"https:\/\/i0.wp.com\/www.grieta.org.mx\/wp-content\/uploads\/2018\/03\/14524434_1106112876131411_958039263622046936_o.jpg?resize=350%2C200","width":350,"height":200,"srcset":"https:\/\/i0.wp.com\/www.grieta.org.mx\/wp-content\/uploads\/2018\/03\/14524434_1106112876131411_958039263622046936_o.jpg?resize=350%2C200 1x, https:\/\/i0.wp.com\/www.grieta.org.mx\/wp-content\/uploads\/2018\/03\/14524434_1106112876131411_958039263622046936_o.jpg?resize=525%2C300 1.5x, https:\/\/i0.wp.com\/www.grieta.org.mx\/wp-content\/uploads\/2018\/03\/14524434_1106112876131411_958039263622046936_o.jpg?resize=700%2C400 2x"},"classes":[]},{"id":1619,"url":"http:\/\/www.grieta.org.mx\/index.php\/2015\/11\/16\/feminicidios-rostros-desdibujados-cuerpos-que-no-importan\/","url_meta":{"origin":1586,"position":1},"title":"Feminicidios: rostros desdibujados cuerpos que no importan","author":"grieta","date":"16 noviembre, 2015","format":false,"excerpt":"Manuel Amador Vel\u00e1squez De los rostros que tiene el Estado de M\u00e9xico \u2014pobreza, robo, desempleo, criminalidad, narcotr\u00e1fico, migraci\u00f3n, ausencia de poder\u2014, el de los feminicidios es el m\u00e1s difuso. Desde hace por lo menos dos lustros, la violencia de g\u00e9nero en territorio mexiquense ha sido una constante. Los cad\u00e1veres aparecen\u2026","rel":"","context":"En &quot;CINTILLO&quot;","block_context":{"text":"CINTILLO","link":"http:\/\/www.grieta.org.mx\/index.php\/category\/cintillo\/"},"img":{"alt_text":"","src":"https:\/\/i0.wp.com\/www.grieta.org.mx\/wp-content\/uploads\/2018\/03\/14524434_1106112876131411_958039263622046936_o.jpg?resize=350%2C200","width":350,"height":200,"srcset":"https:\/\/i0.wp.com\/www.grieta.org.mx\/wp-content\/uploads\/2018\/03\/14524434_1106112876131411_958039263622046936_o.jpg?resize=350%2C200 1x, https:\/\/i0.wp.com\/www.grieta.org.mx\/wp-content\/uploads\/2018\/03\/14524434_1106112876131411_958039263622046936_o.jpg?resize=525%2C300 1.5x, https:\/\/i0.wp.com\/www.grieta.org.mx\/wp-content\/uploads\/2018\/03\/14524434_1106112876131411_958039263622046936_o.jpg?resize=700%2C400 2x"},"classes":[]},{"id":409,"url":"http:\/\/www.grieta.org.mx\/index.php\/2015\/08\/20\/inicio-la-codhem-30-denuncias-por-agresiones-a-periodistas-en-edomex\/","url_meta":{"origin":1586,"position":2},"title":"Inici\u00f3 la CODHEM 30 denuncias por agresiones a periodistas en Edomex","author":"grieta","date":"20 agosto, 2015","format":false,"excerpt":"Marcos Santiago NEZAHUALC\u00d3YOTL, Edomex. 20 de agosto 2015.- Unas 30 quejas se han iniciado en la Comisi\u00f3n de Derechos Humanos en el estado de M\u00e9xico (Codhem) por periodistas que resultaron violentados en sus garant\u00edas individuales, principalmente por polic\u00edas municipales, reconoci\u00f3 Carlos Felipe Vald\u00e9s Andrade, primer visitador de esa instituci\u00f3n. Al\u2026","rel":"","context":"En &quot;CINTILLO&quot;","block_context":{"text":"CINTILLO","link":"http:\/\/www.grieta.org.mx\/index.php\/category\/cintillo\/"},"img":{"alt_text":"","src":"https:\/\/i0.wp.com\/www.grieta.org.mx\/wp-content\/uploads\/2018\/03\/14524434_1106112876131411_958039263622046936_o.jpg?resize=350%2C200","width":350,"height":200,"srcset":"https:\/\/i0.wp.com\/www.grieta.org.mx\/wp-content\/uploads\/2018\/03\/14524434_1106112876131411_958039263622046936_o.jpg?resize=350%2C200 1x, https:\/\/i0.wp.com\/www.grieta.org.mx\/wp-content\/uploads\/2018\/03\/14524434_1106112876131411_958039263622046936_o.jpg?resize=525%2C300 1.5x, https:\/\/i0.wp.com\/www.grieta.org.mx\/wp-content\/uploads\/2018\/03\/14524434_1106112876131411_958039263622046936_o.jpg?resize=700%2C400 2x"},"classes":[]},{"id":1618,"url":"http:\/\/www.grieta.org.mx\/index.php\/2015\/10\/25\/denuncian-feminicidios-en-edomex-durante-marcha-zombie\/","url_meta":{"origin":1586,"position":3},"title":"Denuncian feminicidios en Edomex durante marcha zombie","author":"grieta","date":"25 octubre, 2015","format":false,"excerpt":"Alejandro Melgoza Domingo \u201cQueremos irrumpir en un evento que al parecer tiene un vaciamiento de contenido\u201d: Manuel Amador \u201cNi una m\u00e1s\u201d, denuncian mujeres mexiquenses en la explanada de Bellas Artes Portaban el atuendo de la muerte: faldas hechas de bolsas de pl\u00e1stico negras y sogas que les sujetaban las mu\u00f1ecas,\u2026","rel":"","context":"En &quot;CINTILLO&quot;","block_context":{"text":"CINTILLO","link":"http:\/\/www.grieta.org.mx\/index.php\/category\/cintillo\/"},"img":{"alt_text":"","src":"https:\/\/i0.wp.com\/www.grieta.org.mx\/wp-content\/uploads\/2018\/03\/14524434_1106112876131411_958039263622046936_o.jpg?resize=350%2C200","width":350,"height":200,"srcset":"https:\/\/i0.wp.com\/www.grieta.org.mx\/wp-content\/uploads\/2018\/03\/14524434_1106112876131411_958039263622046936_o.jpg?resize=350%2C200 1x, https:\/\/i0.wp.com\/www.grieta.org.mx\/wp-content\/uploads\/2018\/03\/14524434_1106112876131411_958039263622046936_o.jpg?resize=525%2C300 1.5x, https:\/\/i0.wp.com\/www.grieta.org.mx\/wp-content\/uploads\/2018\/03\/14524434_1106112876131411_958039263622046936_o.jpg?resize=700%2C400 2x"},"classes":[]},{"id":35151,"url":"http:\/\/www.grieta.org.mx\/index.php\/2019\/06\/18\/comunidad-otomi-demanda-que-le-regresen-su-bosque-expropiado-edomex\/","url_meta":{"origin":1586,"position":4},"title":"Comunidad otom\u00ed demanda que le regresen su bosque expropiado (Edomex)","author":"grieta","date":"18 junio, 2019","format":false,"excerpt":"Ana Cristina Ramos\/ PIE DE P\u00c1GINA Foto: Cencos La comunidad otom\u00ed de Huitzizilapan, en el Estado de M\u00e9xico, demand\u00f3 que les regresen su bosque, expropiado hace cinco a\u00f1os para la construcci\u00f3n de la carretera Toluca-Naucalpan. El plazo del constructor para terminar la obra venci\u00f3 el 29 de mayo sin que,\u2026","rel":"","context":"En &quot;Autopista Toluca-Naucalpan&quot;","block_context":{"text":"Autopista Toluca-Naucalpan","link":"http:\/\/www.grieta.org.mx\/index.php\/category\/megaproyectos\/autopista-toluca-naucalpan\/"},"img":{"alt_text":"","src":"https:\/\/i0.wp.com\/www.grieta.org.mx\/wp-content\/uploads\/2019\/06\/Huitizizilapan2-1140x570.jpg?resize=350%2C200","width":350,"height":200,"srcset":"https:\/\/i0.wp.com\/www.grieta.org.mx\/wp-content\/uploads\/2019\/06\/Huitizizilapan2-1140x570.jpg?resize=350%2C200 1x, https:\/\/i0.wp.com\/www.grieta.org.mx\/wp-content\/uploads\/2019\/06\/Huitizizilapan2-1140x570.jpg?resize=525%2C300 1.5x, https:\/\/i0.wp.com\/www.grieta.org.mx\/wp-content\/uploads\/2019\/06\/Huitizizilapan2-1140x570.jpg?resize=700%2C400 2x, https:\/\/i0.wp.com\/www.grieta.org.mx\/wp-content\/uploads\/2019\/06\/Huitizizilapan2-1140x570.jpg?resize=1050%2C600 3x"},"classes":[]},{"id":37006,"url":"http:\/\/www.grieta.org.mx\/index.php\/2019\/07\/23\/en-2019-desaparecieron-3100-personas-en-edomex\/","url_meta":{"origin":1586,"position":5},"title":"En 2019, desaparecieron 3,100 personas en Edomex","author":"grieta","date":"23 julio, 2019","format":false,"excerpt":"Abdiel Mart\u00ednez\/Milenio De acuerdo con la Fiscal\u00eda Especializada para la Investigaci\u00f3n de Personas Desaparecidas, No localizadas, Ausentes y Extraviadas, en lo que va de 2019 han desaparecido aproximadamente 3 mil 100 personas, de las cuales mil 765 ya fueron localizadas. Tan solo en lo que va de este mes, hay\u2026","rel":"","context":"En &quot;CINTILLO&quot;","block_context":{"text":"CINTILLO","link":"http:\/\/www.grieta.org.mx\/index.php\/category\/cintillo\/"},"img":{"alt_text":"","src":"https:\/\/i0.wp.com\/www.grieta.org.mx\/wp-content\/uploads\/2019\/07\/fichas-de-la-institucion-especial.png?resize=350%2C200","width":350,"height":200,"srcset":"https:\/\/i0.wp.com\/www.grieta.org.mx\/wp-content\/uploads\/2019\/07\/fichas-de-la-institucion-especial.png?resize=350%2C200 1x, https:\/\/i0.wp.com\/www.grieta.org.mx\/wp-content\/uploads\/2019\/07\/fichas-de-la-institucion-especial.png?resize=525%2C300 1.5x, https:\/\/i0.wp.com\/www.grieta.org.mx\/wp-content\/uploads\/2019\/07\/fichas-de-la-institucion-especial.png?resize=700%2C400 2x"},"classes":[]}],"_links":{"self":[{"href":"http:\/\/www.grieta.org.mx\/index.php\/wp-json\/wp\/v2\/posts\/1586","targetHints":{"allow":["GET"]}}],"collection":[{"href":"http:\/\/www.grieta.org.mx\/index.php\/wp-json\/wp\/v2\/posts"}],"about":[{"href":"http:\/\/www.grieta.org.mx\/index.php\/wp-json\/wp\/v2\/types\/post"}],"author":[{"embeddable":true,"href":"http:\/\/www.grieta.org.mx\/index.php\/wp-json\/wp\/v2\/users\/2"}],"replies":[{"embeddable":true,"href":"http:\/\/www.grieta.org.mx\/index.php\/wp-json\/wp\/v2\/comments?post=1586"}],"version-history":[{"count":1,"href":"http:\/\/www.grieta.org.mx\/index.php\/wp-json\/wp\/v2\/posts\/1586\/revisions"}],"predecessor-version":[{"id":1591,"href":"http:\/\/www.grieta.org.mx\/index.php\/wp-json\/wp\/v2\/posts\/1586\/revisions\/1591"}],"wp:featuredmedia":[{"embeddable":true,"href":"http:\/\/www.grieta.org.mx\/index.php\/wp-json\/wp\/v2\/media\/21928"}],"wp:attachment":[{"href":"http:\/\/www.grieta.org.mx\/index.php\/wp-json\/wp\/v2\/media?parent=1586"}],"wp:term":[{"taxonomy":"category","embeddable":true,"href":"http:\/\/www.grieta.org.mx\/index.php\/wp-json\/wp\/v2\/categories?post=1586"},{"taxonomy":"post_tag","embeddable":true,"href":"http:\/\/www.grieta.org.mx\/index.php\/wp-json\/wp\/v2\/tags?post=1586"}],"curies":[{"name":"wp","href":"https:\/\/api.w.org\/{rel}","templated":true}]}}