{"id":15811,"date":"2016-07-02T15:42:35","date_gmt":"2016-07-02T15:42:35","guid":{"rendered":"http:\/\/www.grieta.org.mx\/?p=15811"},"modified":"2018-07-03T14:55:36","modified_gmt":"2018-07-03T19:55:36","slug":"presencia-de-menonitas-divide-la-consulta-indigena-en-hopelchen","status":"publish","type":"post","link":"http:\/\/www.grieta.org.mx\/index.php\/2016\/07\/02\/presencia-de-menonitas-divide-la-consulta-indigena-en-hopelchen\/","title":{"rendered":"Presencia de menonitas divide la consulta ind\u00edgena en Hopelch\u00e9n (Campeche)"},"content":{"rendered":"<p>Robin Canul<br \/>\nAutoridades federales realizaron en Hopelch\u00e9n, Campeche, la primera etapa de consulta al pueblo maya y lo hicieron en dos sedes para evitar enfrentamientos, ante la sorpresiva presencia de menonitas y soyeros que no estaban contemplados en los trabajos del d\u00eda.<\/p>\n<p>Desde muy temprano, en dos camiones de transporte y camionetas lleg\u00f3 el grupo de menonitas encabezado por Fern\u00e1ndo Catzin Ak\u00e9 (se\u00f1alado por delitos ambientales) y Santos Nicol\u00e1s Uc Pot, de la comunidad de Iturbide. En el lugar tambi\u00e9n se observ\u00f3 la presencia de promotores de semillas transg\u00e9nicas y personas del ejido de Carlos Cano Cruz del municipio de Campeche.<\/p>\n<p>Sol Ortiz Garc\u00eda, secretaria ejecutiva de la Comisi\u00f3n Intersecretarial de Bioseguridad de los Organismos Gen\u00e9ticamente Modificados (Cibiogem), sostuvo una reuni\u00f3n con representantes de 31 comunidades, avalados con sus respectivas actas de asambleas ejidales, mientras que en la otra sala Marco Antonio Ram\u00edrez Vel\u00e1zquez (de la misma dependencia) atendi\u00f3 a un grupo de soyeros de Iturbide y Chencoh, en su mayor\u00eda menonitas.<\/p>\n<p>En presencia del delegado de Sagarpa, Cruz Alberto Uc Hern\u00e1ndez el ejidatario Nicol\u00e1s Uc Pot, de Iturbide, acept\u00f3 que ya existe siembra de soya transg\u00e9nica pese a que las autoridades ya hab\u00edan advertido sobre sanciones administrativas o penales. \u201cHay gente que ya sembr\u00f3 y estamos protegiendo a las personas que ya sembraron\u201d.<\/p>\n<p>El delegado de Sagarpa dijo que de acuerdo con el mandato de la Suprema Corte no hay autorizaciones para la siembra de soya transg\u00e9nica y admiti\u00f3 que no tiene un protocolo para el monitoreo de soya transg\u00e9nica. \u201cLo \u00fanico que existe es que la gente que va a sembrar soya nos d\u00e9 sus avisos de siembra\u201d. Advirti\u00f3 que ante alguna demanda expresa actuaran conforme a la ley.<\/p>\n<p>Las 31 comunidades de Hopelch\u00e9n acordaron reunirse el pr\u00f3ximo 15 octubre del presente a\u00f1o para analizar la informaci\u00f3n de la propuesta de trabajo que les fue entregada. En el acta se asent\u00f3 que la Cibiogem se compromete a canalizar cualquier denuncia al Servicio Nacional de Sanidad Inocuidad y calidad Agroalimentaria (Senasica) el mismo d\u00eda de la recepci\u00f3n en el caso de posible siembra de soya transg\u00e9nica en Iturbide.<\/p>\n<p>En la otra sala los representantes de las comunidades Vicente Guerrero Iturbide y Chencoh solicitaron la reuni\u00f3n para la fase informativa para el 9 y 10 de julio.<\/p>\n<p>Acuerdos asentados en acta<\/p>\n<p>1. Hacer una reuni\u00f3n de trabajo en la delegaci\u00f3n de la SAGARPA Campeche el 1 de julio de 2016 a las diez horas, entre representantes de Vicente Guerrero Iturbide y el delegado de la SAGARPA a fin de buscar soluciones a las problem\u00e1ticas que se explican en la presente acta.<\/p>\n<p>2. Aprobaci\u00f3n de la propuesta de trabajo para el desarrollo de la consulta ind\u00edgena en Vicente Guerrero Iturbide, dando inicio a la fase informativa el 9 de julio de 2016 a las nueve horas.<\/p>\n<p>3. Aprobaci\u00f3n de la propuesta de trabajo para el desarrollo de la consulta en Chencoh, dando inicio a la fase informativa el 10 de julio de 2016 a las nueve horas.<\/p>\n<p>4. Los acuerdos est\u00e1n sustentados con videograbaciones que se adjuntan al acta del d\u00eda.<\/p>\n<p>Y, tal cual aparece en el acta: \u201cUn representante de Iturbide se\u00f1ala que hay gente que ya sembr\u00f3 soya GM en su comunidad y que est\u00e1n buscando el apoyo de la Sagarpa. \u00ad\u2013\u00adHopelch\u00e9n, Campeche, jueves de 30 junio.\u2013 <\/p>\n<p><a href=\"http:\/\/mayapolitikon.com\/consulta-indigena-mayas-hopelchen\/\" target=\"_blank\">http:\/\/mayapolitikon.com\/consulta-indigena-mayas-hopelchen\/<\/a><\/p>\n","protected":false},"excerpt":{"rendered":"<p>Robin Canul Autoridades federales realizaron en Hopelch\u00e9n, Campeche, la primera etapa de consulta al pueblo maya y lo hicieron en dos sedes para evitar enfrentamientos, ante la sorpresiva presencia de &hellip; <a href=\"http:\/\/www.grieta.org.mx\/index.php\/2016\/07\/02\/presencia-de-menonitas-divide-la-consulta-indigena-en-hopelchen\/\" class=\"more-link\">Leer m\u00e1s<\/a><\/p>\n","protected":false},"author":2,"featured_media":21928,"comment_status":"closed","ping_status":"closed","sticky":false,"template":"","format":"standard","meta":{"ngg_post_thumbnail":0,"_jetpack_newsletter_access":"","_jetpack_dont_email_post_to_subs":false,"_jetpack_newsletter_tier_id":0,"_jetpack_memberships_contains_paywalled_content":false,"_jetpack_memberships_contains_paid_content":false,"footnotes":""},"categories":[60,123,11,80,958,976,984,1,954,2,28,1151,1152,1153,36],"tags":[219,159],"class_list":{"0":"post-15811","1":"post","2":"type-post","3":"status-publish","4":"format-standard","5":"has-post-thumbnail","6":"hentry","7":"category-16-pueblo-maya","8":"category-campeche","10":"category-cintillo","11":"category-esp-campeche","12":"category-esp-quintana-roo","13":"category-esp-yucatan","14":"category-espejos-de-la-resistencia","15":"category-espejos-estados","16":"category-noticias-nacionales","17":"category-quintana-roo","18":"category-se-organizan-para-frenar-avance-de-transgenicos-en-yucatan-campeche-y-quintana-roo","19":"category-se-organizan-para-frenar-avance-de-transgenicos-en-yucatan-campeche-y-quintana-roo-yucatan","20":"category-se-organizan-para-frenar-avance-de-transgenicos-en-yucatan-campeche-y-quintana-roo-quintana-roo","21":"category-yucatan","22":"tag-consulta","23":"tag-transgenicos","24":"entry"},"jetpack_featured_media_url":"http:\/\/www.grieta.org.mx\/wp-content\/uploads\/2018\/03\/14524434_1106112876131411_958039263622046936_o.jpg","jetpack_sharing_enabled":true,"jetpack_shortlink":"https:\/\/wp.me\/p7ZJR4-471","jetpack_likes_enabled":false,"jetpack-related-posts":[{"id":17044,"url":"http:\/\/www.grieta.org.mx\/index.php\/2016\/07\/05\/dicen-no-a-transgenicos-campeche\/","url_meta":{"origin":15811,"position":0},"title":"Dicen no a transg\u00e9nicos (Campeche)","author":"grieta","date":"5 julio, 2016","format":false,"excerpt":"Hopelch\u00e9n: En Iturbide no se sembrar\u00e1 ning\u00fan cent\u00edmetro de soya transg\u00e9nica, advirti\u00f3 el comisario ejidal Abelardo Brice\u00f1o Montoy, quien dijo que en asamblea, los ejidatarios acordaron que no se d\u00e9 lugar a cultivos con semillas gen\u00e9ticamente modificadas, pues ponen en riesgo al sector ap\u00edcola. En entrevista con TRIBUNA la autoridad\u2026","rel":"","context":"En &quot;16. Pueblo Maya&quot;","block_context":{"text":"16. Pueblo Maya","link":"http:\/\/www.grieta.org.mx\/index.php\/category\/espejos-de-la-resistencia\/16-pueblo-maya\/"},"img":{"alt_text":"","src":"https:\/\/i0.wp.com\/www.grieta.org.mx\/wp-content\/uploads\/2018\/03\/14524434_1106112876131411_958039263622046936_o.jpg?resize=350%2C200","width":350,"height":200,"srcset":"https:\/\/i0.wp.com\/www.grieta.org.mx\/wp-content\/uploads\/2018\/03\/14524434_1106112876131411_958039263622046936_o.jpg?resize=350%2C200 1x, https:\/\/i0.wp.com\/www.grieta.org.mx\/wp-content\/uploads\/2018\/03\/14524434_1106112876131411_958039263622046936_o.jpg?resize=525%2C300 1.5x, https:\/\/i0.wp.com\/www.grieta.org.mx\/wp-content\/uploads\/2018\/03\/14524434_1106112876131411_958039263622046936_o.jpg?resize=700%2C400 2x"},"classes":[]},{"id":17435,"url":"http:\/\/www.grieta.org.mx\/index.php\/2016\/07\/20\/firmas-contra-transgenicos-campeche\/","url_meta":{"origin":15811,"position":1},"title":"Firmas contra transg\u00e9nicos (Campeche)","author":"grieta","date":"20 julio, 2016","format":false,"excerpt":"Ejidatarios de Iturbide, Hopelch\u00e9n, entregaron ayer documento con 540 firmas a la Comisi\u00f3n de Derechos Humanos del Estado de Campeche (Codhecam), en que rechazan la siembra de soya transg\u00e9nica, ya que la consideran da\u00f1ina para la salud y de inter\u00e9s exclusivo de menonitas. Los comisarios ejidal y municipal Abelardo Brice\u00f1o\u2026","rel":"","context":"En &quot;16. Pueblo Maya&quot;","block_context":{"text":"16. Pueblo Maya","link":"http:\/\/www.grieta.org.mx\/index.php\/category\/espejos-de-la-resistencia\/16-pueblo-maya\/"},"img":{"alt_text":"","src":"https:\/\/i0.wp.com\/www.grieta.org.mx\/wp-content\/uploads\/2018\/03\/14524434_1106112876131411_958039263622046936_o.jpg?resize=350%2C200","width":350,"height":200,"srcset":"https:\/\/i0.wp.com\/www.grieta.org.mx\/wp-content\/uploads\/2018\/03\/14524434_1106112876131411_958039263622046936_o.jpg?resize=350%2C200 1x, https:\/\/i0.wp.com\/www.grieta.org.mx\/wp-content\/uploads\/2018\/03\/14524434_1106112876131411_958039263622046936_o.jpg?resize=525%2C300 1.5x, https:\/\/i0.wp.com\/www.grieta.org.mx\/wp-content\/uploads\/2018\/03\/14524434_1106112876131411_958039263622046936_o.jpg?resize=700%2C400 2x"},"classes":[]},{"id":19369,"url":"http:\/\/www.grieta.org.mx\/index.php\/2016\/07\/30\/sagarpa-y-la-cdi-alientan-conflictos-campeche\/","url_meta":{"origin":15811,"position":2},"title":"Sagarpa y la CDI alientan conflictos (Campeche)","author":"grieta","date":"30 julio, 2016","format":false,"excerpt":"Habitantes de 27 comunidades mayas del municipio de Hopelch\u00e9n presentar\u00e1n pruebas documentales ante el Juzgado Segundo de Distrito, de las irregularidades que se est\u00e1n cometiendo en el proceso de consulta popular, en donde la Comisi\u00f3n Nacional para el Desarrollo de los Pueblos Ind\u00edgenas (CDI) y la Secretar\u00eda de Agricultura, Ganader\u00eda,\u2026","rel":"","context":"En &quot;16. Pueblo Maya&quot;","block_context":{"text":"16. Pueblo Maya","link":"http:\/\/www.grieta.org.mx\/index.php\/category\/espejos-de-la-resistencia\/16-pueblo-maya\/"},"img":{"alt_text":"","src":"https:\/\/i0.wp.com\/www.grieta.org.mx\/wp-content\/uploads\/2018\/03\/14524434_1106112876131411_958039263622046936_o.jpg?resize=350%2C200","width":350,"height":200,"srcset":"https:\/\/i0.wp.com\/www.grieta.org.mx\/wp-content\/uploads\/2018\/03\/14524434_1106112876131411_958039263622046936_o.jpg?resize=350%2C200 1x, https:\/\/i0.wp.com\/www.grieta.org.mx\/wp-content\/uploads\/2018\/03\/14524434_1106112876131411_958039263622046936_o.jpg?resize=525%2C300 1.5x, https:\/\/i0.wp.com\/www.grieta.org.mx\/wp-content\/uploads\/2018\/03\/14524434_1106112876131411_958039263622046936_o.jpg?resize=700%2C400 2x"},"classes":[]},{"id":11490,"url":"http:\/\/www.grieta.org.mx\/index.php\/2016\/04\/26\/continua-la-siembra-de-soya-transgenica-en-q-roo\/","url_meta":{"origin":15811,"position":3},"title":"Contin\u00faa la siembra de soya transg\u00e9nica en Q. Roo","author":"grieta","date":"26 abril, 2016","format":false,"excerpt":"Sentencia de amparo no responde la anulaci\u00f3n del permiso que le otorgaron a Monsanto. Javier Ortiz\/SIPSE BACALAR, Q. Roo.- Tras a\u00f1o y medio de esperar resoluci\u00f3n del juez sexto de distrito, productores de ma\u00edz y apicultores de varias comunidades del municipio de Bacalar, se dijeron decepcionados, pues s\u00f3lo recibieron resoluci\u00f3n\u2026","rel":"","context":"En &quot;16. Pueblo Maya&quot;","block_context":{"text":"16. Pueblo Maya","link":"http:\/\/www.grieta.org.mx\/index.php\/category\/espejos-de-la-resistencia\/16-pueblo-maya\/"},"img":{"alt_text":"","src":"https:\/\/i0.wp.com\/www.grieta.org.mx\/wp-content\/uploads\/2018\/03\/14524434_1106112876131411_958039263622046936_o.jpg?resize=350%2C200","width":350,"height":200,"srcset":"https:\/\/i0.wp.com\/www.grieta.org.mx\/wp-content\/uploads\/2018\/03\/14524434_1106112876131411_958039263622046936_o.jpg?resize=350%2C200 1x, https:\/\/i0.wp.com\/www.grieta.org.mx\/wp-content\/uploads\/2018\/03\/14524434_1106112876131411_958039263622046936_o.jpg?resize=525%2C300 1.5x, https:\/\/i0.wp.com\/www.grieta.org.mx\/wp-content\/uploads\/2018\/03\/14524434_1106112876131411_958039263622046936_o.jpg?resize=700%2C400 2x"},"classes":[]},{"id":20568,"url":"http:\/\/www.grieta.org.mx\/index.php\/2016\/08\/30\/contaminan-pozos-cuenca-peninsular-campeche\/","url_meta":{"origin":15811,"position":4},"title":"Contaminan pozos en cuenca peninsular (Campeche)","author":"grieta","date":"30 agosto, 2016","format":false,"excerpt":"Representantes de comunidades mayas de Hopelch\u00e9n denunciaron que en gran parte del territorio estatal existen decenas de pozos ilegales de absorci\u00f3n, que contribuyen a la contaminaci\u00f3n de la cuenca de la Pen\u00ednsula de Yucat\u00e1n y da\u00f1an al medio ambiente sano, lo que repercute en la salud de las personas. Miembros\u2026","rel":"","context":"En &quot;16. Pueblo Maya&quot;","block_context":{"text":"16. Pueblo Maya","link":"http:\/\/www.grieta.org.mx\/index.php\/category\/espejos-de-la-resistencia\/16-pueblo-maya\/"},"img":{"alt_text":"","src":"https:\/\/i0.wp.com\/www.grieta.org.mx\/wp-content\/uploads\/2018\/03\/14524434_1106112876131411_958039263622046936_o.jpg?resize=350%2C200","width":350,"height":200,"srcset":"https:\/\/i0.wp.com\/www.grieta.org.mx\/wp-content\/uploads\/2018\/03\/14524434_1106112876131411_958039263622046936_o.jpg?resize=350%2C200 1x, https:\/\/i0.wp.com\/www.grieta.org.mx\/wp-content\/uploads\/2018\/03\/14524434_1106112876131411_958039263622046936_o.jpg?resize=525%2C300 1.5x, https:\/\/i0.wp.com\/www.grieta.org.mx\/wp-content\/uploads\/2018\/03\/14524434_1106112876131411_958039263622046936_o.jpg?resize=700%2C400 2x"},"classes":[]},{"id":912,"url":"http:\/\/www.grieta.org.mx\/index.php\/2016\/09\/13\/se-organizan-para-frenar-avance-de-transgenicos-en-yucatan-campeche-y-quintana-roo\/","url_meta":{"origin":15811,"position":5},"title":"Se organizan para frenar avance de transg\u00e9nicos en Yucat\u00e1n, Campeche y Quintana Roo","author":"grieta","date":"13 septiembre, 2016","format":false,"excerpt":"13\/04\/16. Conformaci\u00f3n de la Misi\u00f3n de Observaci\u00f3n de la Consulta al pueblo Maya sobre la siembra de soya gen\u00e9ticamente modificada de la empresa Monsanto Cayacyucatan 01\/04\/16. Irregularidades en Consulta Ind\u00edgena sobre la siembra de soya gen\u00e9ticamente en Campeche Infolliteras 22\/02\/16. Campeche, en mapa global sobre Riesgos Ambientales. Lo catalogan por\u2026","rel":"","context":"En &quot;16. Pueblo Maya&quot;","block_context":{"text":"16. Pueblo Maya","link":"http:\/\/www.grieta.org.mx\/index.php\/category\/espejos-de-la-resistencia\/16-pueblo-maya\/"},"img":{"alt_text":"","src":"https:\/\/i0.wp.com\/www.grieta.org.mx\/wp-content\/uploads\/2018\/03\/14524434_1106112876131411_958039263622046936_o.jpg?resize=350%2C200","width":350,"height":200,"srcset":"https:\/\/i0.wp.com\/www.grieta.org.mx\/wp-content\/uploads\/2018\/03\/14524434_1106112876131411_958039263622046936_o.jpg?resize=350%2C200 1x, https:\/\/i0.wp.com\/www.grieta.org.mx\/wp-content\/uploads\/2018\/03\/14524434_1106112876131411_958039263622046936_o.jpg?resize=525%2C300 1.5x, https:\/\/i0.wp.com\/www.grieta.org.mx\/wp-content\/uploads\/2018\/03\/14524434_1106112876131411_958039263622046936_o.jpg?resize=700%2C400 2x"},"classes":[]}],"_links":{"self":[{"href":"http:\/\/www.grieta.org.mx\/index.php\/wp-json\/wp\/v2\/posts\/15811","targetHints":{"allow":["GET"]}}],"collection":[{"href":"http:\/\/www.grieta.org.mx\/index.php\/wp-json\/wp\/v2\/posts"}],"about":[{"href":"http:\/\/www.grieta.org.mx\/index.php\/wp-json\/wp\/v2\/types\/post"}],"author":[{"embeddable":true,"href":"http:\/\/www.grieta.org.mx\/index.php\/wp-json\/wp\/v2\/users\/2"}],"replies":[{"embeddable":true,"href":"http:\/\/www.grieta.org.mx\/index.php\/wp-json\/wp\/v2\/comments?post=15811"}],"version-history":[{"count":1,"href":"http:\/\/www.grieta.org.mx\/index.php\/wp-json\/wp\/v2\/posts\/15811\/revisions"}],"predecessor-version":[{"id":15817,"href":"http:\/\/www.grieta.org.mx\/index.php\/wp-json\/wp\/v2\/posts\/15811\/revisions\/15817"}],"wp:featuredmedia":[{"embeddable":true,"href":"http:\/\/www.grieta.org.mx\/index.php\/wp-json\/wp\/v2\/media\/21928"}],"wp:attachment":[{"href":"http:\/\/www.grieta.org.mx\/index.php\/wp-json\/wp\/v2\/media?parent=15811"}],"wp:term":[{"taxonomy":"category","embeddable":true,"href":"http:\/\/www.grieta.org.mx\/index.php\/wp-json\/wp\/v2\/categories?post=15811"},{"taxonomy":"post_tag","embeddable":true,"href":"http:\/\/www.grieta.org.mx\/index.php\/wp-json\/wp\/v2\/tags?post=15811"}],"curies":[{"name":"wp","href":"https:\/\/api.w.org\/{rel}","templated":true}]}}