{"id":15805,"date":"2016-07-04T05:18:42","date_gmt":"2016-07-04T05:18:42","guid":{"rendered":"http:\/\/www.grieta.org.mx\/?p=15805"},"modified":"2016-07-04T05:18:42","modified_gmt":"2016-07-04T05:18:42","slug":"impacto-ambiental-en-coahuila-por-mineria","status":"publish","type":"post","link":"http:\/\/www.grieta.org.mx\/index.php\/2016\/07\/04\/impacto-ambiental-en-coahuila-por-mineria\/","title":{"rendered":"Impacto ambiental en Coahuila por miner\u00eda"},"content":{"rendered":"<p><strong>03\/07\/16. <\/strong><a href=\"http:\/\/www.grieta.org.mx\/index.php\/2016\/07\/03\/derrame-de-toxico-de-mina-mata-a-animales-en-coahuila\">Derrame de t\u00f3xico de mina mata a animales en Coahuila<\/a><br \/>\n<em>El Tiempo<\/em><\/p>\n","protected":false},"excerpt":{"rendered":"<p>03\/07\/16. Derrame de t\u00f3xico de mina mata a animales en Coahuila El Tiempo<\/p>\n","protected":false},"author":2,"featured_media":21928,"comment_status":"closed","ping_status":"closed","sticky":false,"template":"","format":"standard","meta":{"ngg_post_thumbnail":0,"_jetpack_newsletter_access":"","_jetpack_dont_email_post_to_subs":false,"_jetpack_newsletter_tier_id":0,"_jetpack_memberships_contains_paywalled_content":false,"_jetpack_memberships_contains_paid_content":false,"footnotes":""},"categories":[419,2],"tags":[],"class_list":["post-15805","post","type-post","status-publish","format-standard","has-post-thumbnail","hentry","category-coahuila","category-noticias-nacionales","entry"],"jetpack_featured_media_url":"http:\/\/www.grieta.org.mx\/wp-content\/uploads\/2018\/03\/14524434_1106112876131411_958039263622046936_o.jpg","jetpack_sharing_enabled":true,"jetpack_shortlink":"https:\/\/wp.me\/p7ZJR4-46V","jetpack_likes_enabled":false,"jetpack-related-posts":[{"id":15800,"url":"http:\/\/www.grieta.org.mx\/index.php\/2016\/07\/03\/derrame-de-toxico-de-mina-mata-a-animales-en-coahuila\/","url_meta":{"origin":15805,"position":0},"title":"Derrame de t\u00f3xico de mina mata a animales en Coahuila","author":"grieta","date":"3 julio, 2016","format":false,"excerpt":"VANGUARDIA\/EL TIEMPO Habitantes del Ejido \u2018Tenochtitl\u00e1n\u2019 \u2013ubicado en el municipio de Ocampo- denunciaron que una filtraci\u00f3n de cianuro hacia los afluentes naturales, proveniente de la minera First Majestic, est\u00e1 matando a la fauna de la regi\u00f3n. Mario Vald\u00e9s, poblador de esta localidad, se\u00f1al\u00f3 que varios animales (como caballos y vacas)\u2026","rel":"","context":"En &quot;CINTILLO&quot;","block_context":{"text":"CINTILLO","link":"http:\/\/www.grieta.org.mx\/index.php\/category\/cintillo\/"},"img":{"alt_text":"","src":"https:\/\/i0.wp.com\/www.grieta.org.mx\/wp-content\/uploads\/2018\/03\/14524434_1106112876131411_958039263622046936_o.jpg?resize=350%2C200","width":350,"height":200,"srcset":"https:\/\/i0.wp.com\/www.grieta.org.mx\/wp-content\/uploads\/2018\/03\/14524434_1106112876131411_958039263622046936_o.jpg?resize=350%2C200 1x, https:\/\/i0.wp.com\/www.grieta.org.mx\/wp-content\/uploads\/2018\/03\/14524434_1106112876131411_958039263622046936_o.jpg?resize=525%2C300 1.5x, https:\/\/i0.wp.com\/www.grieta.org.mx\/wp-content\/uploads\/2018\/03\/14524434_1106112876131411_958039263622046936_o.jpg?resize=700%2C400 2x"},"classes":[]},{"id":6575,"url":"http:\/\/www.grieta.org.mx\/index.php\/2016\/08\/07\/conflictos-mineros-en-coahuila\/","url_meta":{"origin":15805,"position":1},"title":"Conflictos mineros en Coahuila","author":"grieta","date":"7 agosto, 2016","format":false,"excerpt":"Muertes y accidentes en minas en Coahuila 07\/08\/16. Muere minero en derrumbe El Tiempo 30\/05\/16. Muere minero en la Encantada (First Majestic) La Prensa de Monclova 01\/05\/16. Muere minero en H\u00e9rcules La Voz 05\/03\/16. Fallece minero al descarrilarse carro El Siglo de Coahuila 04\/02\/16. Mata \u201cca\u00eddo\u201d a Minero La Prensa\u2026","rel":"","context":"En &quot;Coahuila&quot;","block_context":{"text":"Coahuila","link":"http:\/\/www.grieta.org.mx\/index.php\/category\/noticias-nacionales\/coahuila\/"},"img":{"alt_text":"","src":"https:\/\/i0.wp.com\/www.grieta.org.mx\/wp-content\/uploads\/2018\/03\/14524434_1106112876131411_958039263622046936_o.jpg?resize=350%2C200","width":350,"height":200,"srcset":"https:\/\/i0.wp.com\/www.grieta.org.mx\/wp-content\/uploads\/2018\/03\/14524434_1106112876131411_958039263622046936_o.jpg?resize=350%2C200 1x, https:\/\/i0.wp.com\/www.grieta.org.mx\/wp-content\/uploads\/2018\/03\/14524434_1106112876131411_958039263622046936_o.jpg?resize=525%2C300 1.5x, https:\/\/i0.wp.com\/www.grieta.org.mx\/wp-content\/uploads\/2018\/03\/14524434_1106112876131411_958039263622046936_o.jpg?resize=700%2C400 2x"},"classes":[]},{"id":6841,"url":"http:\/\/www.grieta.org.mx\/index.php\/2016\/05\/01\/jubilados-de-coahuila-protestan-contra-trato-indigno-en-hospitales\/","url_meta":{"origin":15805,"position":2},"title":"Jubilados de Coahuila protestan contra trato indigno en hospitales","author":"grieta","date":"1 mayo, 2016","format":false,"excerpt":"28\/04\/16. Se manifiestan \u2018profes\u2019 en inicio de Copecol El Siglo de Torre\u00f3n 16\/04\/16. Maestros inician tercer d\u00eda de plant\u00f3n\u2026 Nadie escucha sus demandas El Dem\u00f3crata Coahuila 14\/04\/16. Exigen maestros medicamentos y hacen marcha El Diario de Coahuila 09\/03\/16. Maestros paralizan cl\u00ednica; exigen que Moreira devuelva dinero de la 38 El\u2026","rel":"","context":"En &quot;Coahuila&quot;","block_context":{"text":"Coahuila","link":"http:\/\/www.grieta.org.mx\/index.php\/category\/noticias-nacionales\/coahuila\/"},"img":{"alt_text":"","src":"https:\/\/i0.wp.com\/www.grieta.org.mx\/wp-content\/uploads\/2018\/03\/14524434_1106112876131411_958039263622046936_o.jpg?resize=350%2C200","width":350,"height":200,"srcset":"https:\/\/i0.wp.com\/www.grieta.org.mx\/wp-content\/uploads\/2018\/03\/14524434_1106112876131411_958039263622046936_o.jpg?resize=350%2C200 1x, https:\/\/i0.wp.com\/www.grieta.org.mx\/wp-content\/uploads\/2018\/03\/14524434_1106112876131411_958039263622046936_o.jpg?resize=525%2C300 1.5x, https:\/\/i0.wp.com\/www.grieta.org.mx\/wp-content\/uploads\/2018\/03\/14524434_1106112876131411_958039263622046936_o.jpg?resize=700%2C400 2x"},"classes":[]},{"id":6833,"url":"http:\/\/www.grieta.org.mx\/index.php\/2016\/09\/08\/los-desaparecidos-en-coahuila\/","url_meta":{"origin":15805,"position":3},"title":"Los desaparecidos en Coahuila","author":"grieta","date":"8 septiembre, 2016","format":false,"excerpt":"08\/09\/16. M\u00e1s de 50 desaparecidos en lo que va del a\u00f1o en Coahuila Noticieros Grem 20\/08\/16. El ni\u00f1o que desapareci\u00f3 creyendo en Santa Cl\u00f3s y otras historias de los 295 menores desaparecidos en Coahuila Vanguardia 19\/05\/16. \u00a1Buscan cad\u00e1veres de mil 600 desaparecidos! El Dem\u00f3crata 21\/03\/16. Conmemoran la masacre de Coahuila\u2026","rel":"","context":"En &quot;Coahuila&quot;","block_context":{"text":"Coahuila","link":"http:\/\/www.grieta.org.mx\/index.php\/category\/noticias-nacionales\/coahuila\/"},"img":{"alt_text":"","src":"https:\/\/i0.wp.com\/www.grieta.org.mx\/wp-content\/uploads\/2018\/03\/14524434_1106112876131411_958039263622046936_o.jpg?resize=350%2C200","width":350,"height":200,"srcset":"https:\/\/i0.wp.com\/www.grieta.org.mx\/wp-content\/uploads\/2018\/03\/14524434_1106112876131411_958039263622046936_o.jpg?resize=350%2C200 1x, https:\/\/i0.wp.com\/www.grieta.org.mx\/wp-content\/uploads\/2018\/03\/14524434_1106112876131411_958039263622046936_o.jpg?resize=525%2C300 1.5x, https:\/\/i0.wp.com\/www.grieta.org.mx\/wp-content\/uploads\/2018\/03\/14524434_1106112876131411_958039263622046936_o.jpg?resize=700%2C400 2x"},"classes":[]},{"id":6683,"url":"http:\/\/www.grieta.org.mx\/index.php\/2016\/02\/08\/coahuilenses-se-movilizan-para-detener-construccion-de-basurero-toxico\/","url_meta":{"origin":15805,"position":4},"title":"Coahuilenses se movilizan para detener construcci\u00f3n de basurero t\u00f3xico","author":"grieta","date":"8 febrero, 2016","format":false,"excerpt":"08\/02\/16. Marchan contra basurero t\u00f3xico Reforma 28\/10\/15. Contin\u00faa la lucha contra el Cimari en General Cepeda Vanguardia 27\/10\/15. Pobladores del norte de M\u00e9xico rechazan vivir con 64,000 toneladas de desechos t\u00f3xicos La opini\u00f3n 26\/10\/15. Va SEMSA contra los allanadores del CIMARI Z\u00f3calo Saltillo 20\/10\/15. Va CIMARI contra ejidatarios Z\u00f3calo Saltillo\u2026","rel":"","context":"En &quot;Coahuila&quot;","block_context":{"text":"Coahuila","link":"http:\/\/www.grieta.org.mx\/index.php\/category\/noticias-nacionales\/coahuila\/"},"img":{"alt_text":"","src":"https:\/\/i0.wp.com\/www.grieta.org.mx\/wp-content\/uploads\/2018\/03\/14524434_1106112876131411_958039263622046936_o.jpg?resize=350%2C200","width":350,"height":200,"srcset":"https:\/\/i0.wp.com\/www.grieta.org.mx\/wp-content\/uploads\/2018\/03\/14524434_1106112876131411_958039263622046936_o.jpg?resize=350%2C200 1x, https:\/\/i0.wp.com\/www.grieta.org.mx\/wp-content\/uploads\/2018\/03\/14524434_1106112876131411_958039263622046936_o.jpg?resize=525%2C300 1.5x, https:\/\/i0.wp.com\/www.grieta.org.mx\/wp-content\/uploads\/2018\/03\/14524434_1106112876131411_958039263622046936_o.jpg?resize=700%2C400 2x"},"classes":[]},{"id":2952,"url":"http:\/\/www.grieta.org.mx\/index.php\/2015\/07\/26\/coahuila-seria-el-tiradero-toxico-de-todo-mexico\/","url_meta":{"origin":15805,"position":5},"title":"Coahuila ser\u00eda el tiradero t\u00f3xico de todo M\u00e9xico","author":"grieta","date":"26 julio, 2015","format":false,"excerpt":"Ramos Arizpe, Coahuila.- Con la construcci\u00f3n de un nuevo Centro Integral para el Manejo y Aprovechamiento de Residuos Industriales (CIMARI) en el municipio de General Cepeda, Coahuila se convertir\u00eda en el \u201ctiradero\u201d de residuos peligrosos del pa\u00eds, ya que ser\u00eda la \u00fanica entidad con dos centros de confinamiento en todo\u2026","rel":"","context":"En &quot;CINTILLO&quot;","block_context":{"text":"CINTILLO","link":"http:\/\/www.grieta.org.mx\/index.php\/category\/cintillo\/"},"img":{"alt_text":"","src":"https:\/\/i0.wp.com\/www.grieta.org.mx\/wp-content\/uploads\/2018\/03\/14524434_1106112876131411_958039263622046936_o.jpg?resize=350%2C200","width":350,"height":200,"srcset":"https:\/\/i0.wp.com\/www.grieta.org.mx\/wp-content\/uploads\/2018\/03\/14524434_1106112876131411_958039263622046936_o.jpg?resize=350%2C200 1x, https:\/\/i0.wp.com\/www.grieta.org.mx\/wp-content\/uploads\/2018\/03\/14524434_1106112876131411_958039263622046936_o.jpg?resize=525%2C300 1.5x, https:\/\/i0.wp.com\/www.grieta.org.mx\/wp-content\/uploads\/2018\/03\/14524434_1106112876131411_958039263622046936_o.jpg?resize=700%2C400 2x"},"classes":[]}],"_links":{"self":[{"href":"http:\/\/www.grieta.org.mx\/index.php\/wp-json\/wp\/v2\/posts\/15805","targetHints":{"allow":["GET"]}}],"collection":[{"href":"http:\/\/www.grieta.org.mx\/index.php\/wp-json\/wp\/v2\/posts"}],"about":[{"href":"http:\/\/www.grieta.org.mx\/index.php\/wp-json\/wp\/v2\/types\/post"}],"author":[{"embeddable":true,"href":"http:\/\/www.grieta.org.mx\/index.php\/wp-json\/wp\/v2\/users\/2"}],"replies":[{"embeddable":true,"href":"http:\/\/www.grieta.org.mx\/index.php\/wp-json\/wp\/v2\/comments?post=15805"}],"version-history":[{"count":1,"href":"http:\/\/www.grieta.org.mx\/index.php\/wp-json\/wp\/v2\/posts\/15805\/revisions"}],"predecessor-version":[{"id":15806,"href":"http:\/\/www.grieta.org.mx\/index.php\/wp-json\/wp\/v2\/posts\/15805\/revisions\/15806"}],"wp:featuredmedia":[{"embeddable":true,"href":"http:\/\/www.grieta.org.mx\/index.php\/wp-json\/wp\/v2\/media\/21928"}],"wp:attachment":[{"href":"http:\/\/www.grieta.org.mx\/index.php\/wp-json\/wp\/v2\/media?parent=15805"}],"wp:term":[{"taxonomy":"category","embeddable":true,"href":"http:\/\/www.grieta.org.mx\/index.php\/wp-json\/wp\/v2\/categories?post=15805"},{"taxonomy":"post_tag","embeddable":true,"href":"http:\/\/www.grieta.org.mx\/index.php\/wp-json\/wp\/v2\/tags?post=15805"}],"curies":[{"name":"wp","href":"https:\/\/api.w.org\/{rel}","templated":true}]}}