{"id":15760,"date":"2016-06-28T06:24:19","date_gmt":"2016-06-28T06:24:19","guid":{"rendered":"http:\/\/www.grieta.org.mx\/?p=15760"},"modified":"2018-07-08T17:35:33","modified_gmt":"2018-07-08T22:35:33","slug":"marchan-maestros-de-la-cnte-por-puebla-y-se-solidarizan-organizaciones","status":"publish","type":"post","link":"http:\/\/www.grieta.org.mx\/index.php\/2016\/06\/28\/marchan-maestros-de-la-cnte-por-puebla-y-se-solidarizan-organizaciones\/","title":{"rendered":"Marchan maestros de la CNTE por Puebla y se solidarizan organizaciones"},"content":{"rendered":"<p><img loading=\"lazy\" decoding=\"async\" data-attachment-id=\"15761\" data-permalink=\"http:\/\/www.grieta.org.mx\/index.php\/2016\/06\/28\/marchan-maestros-de-la-cnte-por-puebla-y-se-solidarizan-organizaciones\/5332-pue-07\/\" data-orig-file=\"http:\/\/www.grieta.org.mx\/wp-content\/uploads\/2016\/07\/5332-pue-07.jpg\" data-orig-size=\"580,400\" data-comments-opened=\"0\" data-image-meta=\"{&quot;aperture&quot;:&quot;0&quot;,&quot;credit&quot;:&quot;&quot;,&quot;camera&quot;:&quot;&quot;,&quot;caption&quot;:&quot;&quot;,&quot;created_timestamp&quot;:&quot;0&quot;,&quot;copyright&quot;:&quot;&quot;,&quot;focal_length&quot;:&quot;0&quot;,&quot;iso&quot;:&quot;0&quot;,&quot;shutter_speed&quot;:&quot;0&quot;,&quot;title&quot;:&quot;&quot;,&quot;orientation&quot;:&quot;0&quot;}\" data-image-title=\"5332-pue-07\" data-image-description=\"\" data-image-caption=\"\" data-medium-file=\"http:\/\/www.grieta.org.mx\/wp-content\/uploads\/2016\/07\/5332-pue-07-300x207.jpg\" data-large-file=\"http:\/\/www.grieta.org.mx\/wp-content\/uploads\/2016\/07\/5332-pue-07.jpg\" src=\"http:\/\/www.grieta.org.mx\/wp-content\/uploads\/2016\/07\/5332-pue-07-300x207.jpg\" alt=\"5332-pue-07\" width=\"300\" height=\"207\" class=\"aligncenter size-medium wp-image-15761\" srcset=\"http:\/\/www.grieta.org.mx\/wp-content\/uploads\/2016\/07\/5332-pue-07-300x207.jpg 300w, http:\/\/www.grieta.org.mx\/wp-content\/uploads\/2016\/07\/5332-pue-07.jpg 580w\" sizes=\"auto, (max-width: 300px) 100vw, 300px\" \/><\/p>\n<p>Por Mart\u00edn Hern\u00e1ndez Alc\u00e1ntara<\/p>\n<p>M\u00e1s de medio millar de personas marcharon ayer por la avenida Reforma, principal calle del Centro Hist\u00f3rico de Puebla, encabezados por mentores de la Coordinadora Nacional de Trabajadores de la Educaci\u00f3n (CNTE), para exigir que no haya m\u00e1s represi\u00f3n ni persecuci\u00f3n contra el movimiento magisterial que se opone a la reforma educativa.<\/p>\n<p>Los organizadores dijeron que la movilizaci\u00f3n tambi\u00e9n se llevo simult\u00e1neamente a cabo en otros municipios del estado: Libres, Cuetzalan, Tlatlauquitepec e Iz\u00facar de Matamoros.<\/p>\n<p>\u201cEl objetivo es echar abajo la mal llamada reforma educativa, que es una reforma laboral administrativa\u201d explic\u00f3 Jorge Cabrera, profesor miembro de la CNTE. Y abund\u00f3: \u201cNuestra lucha es pacifica, nosotros solamente exigimos el derecho a la manifestaci\u00f3n y el derecho a ser escuchados en todo el pa\u00eds\u201d<\/p>\n<p>El grueso de la marcha se conform\u00f3 por los integrantes de la CNTE, maestros de telesecundaria, secundaria, primaria, estudiantes normalistas, al igual que otras organizaciones afines, como la Uni\u00f3n Popular de Vendedores y Ambulantes (UPVA) 28 de Octubre y la Barra Libre de Abogados Democr\u00e1ticos, entre otros.<\/p>\n<p>A su paso, el contingente de maestros repart\u00eda volantes con sus exigencias mientras en las puertas del Palacio Municipal de la Angel\u00f3polis, ya cerradas para ese momento, los esperaban alrededor de 15 elementos de la Polic\u00eda Municipal, quienes resguardaban las entradas del recinto.<\/p>\n<p>A su llegada al edificio oficial, en las inmediaciones del z\u00f3calo, desplegaron las mantas y dieron inicio el mitin.<\/p>\n<p>Los mentores exigieron justicia para todo el pa\u00eds y no \u00fanicamente soluciones locales, pidieron unidad y exhortaron a la poblaci\u00f3n en general a unirse al movimiento, declarando que la organizaci\u00f3n de maestros era el \u00fanico basti\u00f3n en defensa de la sociedad.<\/p>\n<p>Asimismo, se recrimin\u00f3 al gobierno de Enrique Pe\u00f1a Nieto, al secretario de Gobernaci\u00f3n, Miguel \u00c1ngel Osorio Chong, y al secretario de Educaci\u00f3n, Aurelio Nu\u00f1o, por los 3 mil 500 maestros cesados de sus funciones.<\/p>\n<p>Antes de finalizar los profesores hicieron una colecta para ayudar a maestros afectados en Oaxaca.<\/p>\n<p>La manifestaci\u00f3n finaliz\u00f3 al punto de las 6 de la tarde con el himno de su organizaci\u00f3n y el exhorto a toda la sociedad poblana a que contin\u00fae pendiente, ya que las movilizaciones proseguir\u00e1n en diferentes partes del pa\u00eds y en el estado.<\/p>\n<p><a href=\"http:\/\/www.lajornadadeoriente.com.mx\/2016\/06\/28\/marchan-maestros-de-la-cnte-por-puebla-y-se-solidarizan-organizaciones\/\">http:\/\/www.lajornadadeoriente.com.mx\/2016\/06\/28\/marchan-maestros-de-la-cnte-por-puebla-y-se-solidarizan-organizaciones\/<\/a><\/p>\n","protected":false},"excerpt":{"rendered":"<p>Por Mart\u00edn Hern\u00e1ndez Alc\u00e1ntara M\u00e1s de medio millar de personas marcharon ayer por la avenida Reforma, principal calle del Centro Hist\u00f3rico de Puebla, encabezados por mentores de la Coordinadora Nacional &hellip; <a href=\"http:\/\/www.grieta.org.mx\/index.php\/2016\/06\/28\/marchan-maestros-de-la-cnte-por-puebla-y-se-solidarizan-organizaciones\/\" class=\"more-link\">Leer m\u00e1s<\/a><\/p>\n","protected":false},"author":2,"featured_media":15761,"comment_status":"closed","ping_status":"closed","sticky":false,"template":"","format":"standard","meta":{"ngg_post_thumbnail":0,"_jetpack_newsletter_access":"","_jetpack_dont_email_post_to_subs":false,"_jetpack_newsletter_tier_id":0,"_jetpack_memberships_contains_paywalled_content":false,"_jetpack_memberships_contains_paid_content":false,"footnotes":""},"categories":[80,1257,2,26],"tags":[674],"class_list":["post-15760","post","type-post","status-publish","format-standard","has-post-thumbnail","hentry","category-cintillo","category-movilizaciones-contra-la-reforma-educativa-en-puebla","category-noticias-nacionales","category-puebla","tag-movilizaciones-maestros","entry"],"jetpack_featured_media_url":"http:\/\/www.grieta.org.mx\/wp-content\/uploads\/2016\/07\/5332-pue-07.jpg","jetpack_sharing_enabled":true,"jetpack_shortlink":"https:\/\/wp.me\/p7ZJR4-46c","jetpack_likes_enabled":false,"jetpack-related-posts":[{"id":16464,"url":"http:\/\/www.grieta.org.mx\/index.php\/2016\/07\/09\/marcha-cnte-en-puebla-contra-la-reforma-educativa-y-anuncian-mas-movilizaciones\/","url_meta":{"origin":15760,"position":0},"title":"Marcha CNTE en Puebla contra la reforma educativa y anuncian m\u00e1s movilizaciones","author":"grieta","date":"9 julio, 2016","format":false,"excerpt":"Por Kara Castillo Cerca de un millar de personas se manifestaron por las calles del centro de la ciudad de Puebla exigiendo la abrogaci\u00f3n de la reforma educativa en la v\u00edspera de la mesa de di\u00e1logo que se establecer\u00e1 el pr\u00f3ximo lunes en la Secretar\u00eda de Gobernaci\u00f3n. Sobre la avenida\u2026","rel":"","context":"En &quot;CINTILLO&quot;","block_context":{"text":"CINTILLO","link":"http:\/\/www.grieta.org.mx\/index.php\/category\/cintillo\/"},"img":{"alt_text":"","src":"https:\/\/i0.wp.com\/www.grieta.org.mx\/wp-content\/uploads\/2016\/07\/e54d87f72746b37a68c8c92a417f6a9a_XL.jpg?resize=350%2C200","width":350,"height":200,"srcset":"https:\/\/i0.wp.com\/www.grieta.org.mx\/wp-content\/uploads\/2016\/07\/e54d87f72746b37a68c8c92a417f6a9a_XL.jpg?resize=350%2C200 1x, https:\/\/i0.wp.com\/www.grieta.org.mx\/wp-content\/uploads\/2016\/07\/e54d87f72746b37a68c8c92a417f6a9a_XL.jpg?resize=525%2C300 1.5x, https:\/\/i0.wp.com\/www.grieta.org.mx\/wp-content\/uploads\/2016\/07\/e54d87f72746b37a68c8c92a417f6a9a_XL.jpg?resize=700%2C400 2x"},"classes":[]},{"id":15194,"url":"http:\/\/www.grieta.org.mx\/index.php\/2016\/06\/20\/marchan-cnte-en-puebla-para-exigir-paz-en-oaxaca\/","url_meta":{"origin":15760,"position":1},"title":"Marchan CNTE en Puebla para exigir paz en Oaxaca","author":"grieta","date":"20 junio, 2016","format":false,"excerpt":"Por Luis Alberto Cata\u00f1o R. Miembros de la Coordinadora Nacional de Trabajadores de la Educaci\u00f3n (CNTE), marcharon esta tarde por las calles del Centro Hist\u00f3rico condenando los hechos de ayer en Nochixtl\u00e1n, Oaxaca, donde ocho personas murieron en los enfrentamientos con la polic\u00eda federal durante una manifestaci\u00f3n en repudio a\u2026","rel":"","context":"En &quot;CINTILLO&quot;","block_context":{"text":"CINTILLO","link":"http:\/\/www.grieta.org.mx\/index.php\/category\/cintillo\/"},"img":{"alt_text":"","src":"https:\/\/i0.wp.com\/www.grieta.org.mx\/wp-content\/uploads\/2016\/06\/w704-12.jpg?resize=350%2C200","width":350,"height":200,"srcset":"https:\/\/i0.wp.com\/www.grieta.org.mx\/wp-content\/uploads\/2016\/06\/w704-12.jpg?resize=350%2C200 1x, https:\/\/i0.wp.com\/www.grieta.org.mx\/wp-content\/uploads\/2016\/06\/w704-12.jpg?resize=525%2C300 1.5x, https:\/\/i0.wp.com\/www.grieta.org.mx\/wp-content\/uploads\/2016\/06\/w704-12.jpg?resize=700%2C400 2x"},"classes":[]},{"id":17747,"url":"http:\/\/www.grieta.org.mx\/index.php\/2016\/07\/19\/desquician-maestros-de-la-cnte-avenidas-en-la-ciudad-de-puebla\/","url_meta":{"origin":15760,"position":2},"title":"Desquician maestros de la CNTE avenidas en la ciudad de Puebla","author":"grieta","date":"19 julio, 2016","format":false,"excerpt":"Por H\u00e9ctor Hern\u00e1ndez Maestros de la CNTE (Coordinadora Nacional de Trabajadores de la Educaci\u00f3n), ahora desquiciaron vialidades de la ciudad de Puebla. Esta ma\u00f1ana salieron del mercado Hidalgo, para comenzar una marcha rumbo a la Ciudad de M\u00e9xico. Los profesores llegaron ayer por la noche a la capital del estado\u2026","rel":"","context":"En &quot;CINTILLO&quot;","block_context":{"text":"CINTILLO","link":"http:\/\/www.grieta.org.mx\/index.php\/category\/cintillo\/"},"img":{"alt_text":"","src":"https:\/\/i0.wp.com\/www.grieta.org.mx\/wp-content\/uploads\/2016\/07\/CNTE-marcha-e1464982902464-960x5001.jpg?resize=350%2C200","width":350,"height":200,"srcset":"https:\/\/i0.wp.com\/www.grieta.org.mx\/wp-content\/uploads\/2016\/07\/CNTE-marcha-e1464982902464-960x5001.jpg?resize=350%2C200 1x, https:\/\/i0.wp.com\/www.grieta.org.mx\/wp-content\/uploads\/2016\/07\/CNTE-marcha-e1464982902464-960x5001.jpg?resize=525%2C300 1.5x, https:\/\/i0.wp.com\/www.grieta.org.mx\/wp-content\/uploads\/2016\/07\/CNTE-marcha-e1464982902464-960x5001.jpg?resize=700%2C400 2x"},"classes":[]},{"id":1233,"url":"http:\/\/www.grieta.org.mx\/index.php\/2016\/07\/19\/maestros-de-hidalgo-se-movilizan-en-contra-de-la-reforma-educativa\/","url_meta":{"origin":15760,"position":3},"title":"Movilizaciones contra la Reforma educativa y evaluaci\u00f3n magisterial en Hidalgo","author":"grieta","date":"19 julio, 2016","format":false,"excerpt":"Maestros de Hidalgo se movilizan contra la reforma educativa 19\/07\/16. Maestros realizan marcha tambi\u00e9n en HidalgoEl Universal 11\/06\/16. CNTE Hidalgo y Edomex realizan mitin en Ojo de AguaNoticias \u00c9nfasis 07\/07\/16. Se une SNTE a quinta marcha de CNTE por PachucaQuadrat\u00edn Hidalgo 02\/07\/16. Se niegan 145 maestros a recibir cursos sobre\u2026","rel":"","context":"En &quot;CINTILLO&quot;","block_context":{"text":"CINTILLO","link":"http:\/\/www.grieta.org.mx\/index.php\/category\/cintillo\/"},"img":{"alt_text":"","src":"https:\/\/i0.wp.com\/www.grieta.org.mx\/wp-content\/uploads\/2018\/03\/14524434_1106112876131411_958039263622046936_o.jpg?resize=350%2C200","width":350,"height":200,"srcset":"https:\/\/i0.wp.com\/www.grieta.org.mx\/wp-content\/uploads\/2018\/03\/14524434_1106112876131411_958039263622046936_o.jpg?resize=350%2C200 1x, https:\/\/i0.wp.com\/www.grieta.org.mx\/wp-content\/uploads\/2018\/03\/14524434_1106112876131411_958039263622046936_o.jpg?resize=525%2C300 1.5x, https:\/\/i0.wp.com\/www.grieta.org.mx\/wp-content\/uploads\/2018\/03\/14524434_1106112876131411_958039263622046936_o.jpg?resize=700%2C400 2x"},"classes":[]},{"id":9071,"url":"http:\/\/www.grieta.org.mx\/index.php\/2016\/09\/06\/movilizaciones-contra-la-reforma-educativa-y-la-evaluacion-magisterial-en-sonora\/","url_meta":{"origin":15760,"position":4},"title":"Movilizaciones contra la Reforma Educativa y la evaluaci\u00f3n magisterial en Sonora","author":"Admin","date":"6 septiembre, 2016","format":false,"excerpt":"06\/09\/16. Organizar\u00e1 CNTE ceremonia \"antigrito\" el 15 de septiembre El Imparcial 18\/08\/16. CNTE Sonora enfocar\u00e1 manifestaciones hacia grupos empresariales Uniobreg\u00f3n 12\/07\/16. Fue una manifestaci\u00f3n pac\u00edfica: CNTE Sonora Dossier Pol\u00edtico 12\/07\/16. Protesta la CNTE en casetas de cobro El Imparcial 21\/06\/16. Realiza CNTE protesta en calles de la ciudad El Imparcial\u2026","rel":"","context":"En &quot;NOTICIAS NACIONALES&quot;","block_context":{"text":"NOTICIAS NACIONALES","link":"http:\/\/www.grieta.org.mx\/index.php\/category\/noticias-nacionales\/"},"img":{"alt_text":"","src":"https:\/\/i0.wp.com\/www.grieta.org.mx\/wp-content\/uploads\/2018\/03\/14524434_1106112876131411_958039263622046936_o.jpg?resize=350%2C200","width":350,"height":200,"srcset":"https:\/\/i0.wp.com\/www.grieta.org.mx\/wp-content\/uploads\/2018\/03\/14524434_1106112876131411_958039263622046936_o.jpg?resize=350%2C200 1x, https:\/\/i0.wp.com\/www.grieta.org.mx\/wp-content\/uploads\/2018\/03\/14524434_1106112876131411_958039263622046936_o.jpg?resize=525%2C300 1.5x, https:\/\/i0.wp.com\/www.grieta.org.mx\/wp-content\/uploads\/2018\/03\/14524434_1106112876131411_958039263622046936_o.jpg?resize=700%2C400 2x"},"classes":[]},{"id":7244,"url":"http:\/\/www.grieta.org.mx\/index.php\/2016\/06\/26\/movilizaciones-en-guanajuato-contra-de-la-reforma-educativa\/","url_meta":{"origin":15760,"position":5},"title":"Movilizaciones contra la reforma educativa en Guanajuato","author":"grieta","date":"26 junio, 2016","format":false,"excerpt":"26\/06\/2016. Maestros bloquean carretera federal 57 en San Jose Iturbide SomosMass99 04\/06\/2016. Repudian maestros reforma educativa en Salvatierra Peri\u00f3dico AM 02\/06\/2016. Maestros en Guanajuato marchan contra Reforma Educativa Peri\u00f3dico AM 22\/07\/2015. Maestros de Guanajuato advierten que no presentar\u00e1n examen de evaluaci\u00f3n Zona Franca 21\/07\/2015. Contin\u00faa movimiento en Guanajuato contra la\u2026","rel":"","context":"En &quot;Guanajuato&quot;","block_context":{"text":"Guanajuato","link":"http:\/\/www.grieta.org.mx\/index.php\/category\/noticias-nacionales\/guanajuato\/"},"img":{"alt_text":"","src":"https:\/\/i0.wp.com\/www.grieta.org.mx\/wp-content\/uploads\/2018\/03\/14524434_1106112876131411_958039263622046936_o.jpg?resize=350%2C200","width":350,"height":200,"srcset":"https:\/\/i0.wp.com\/www.grieta.org.mx\/wp-content\/uploads\/2018\/03\/14524434_1106112876131411_958039263622046936_o.jpg?resize=350%2C200 1x, https:\/\/i0.wp.com\/www.grieta.org.mx\/wp-content\/uploads\/2018\/03\/14524434_1106112876131411_958039263622046936_o.jpg?resize=525%2C300 1.5x, https:\/\/i0.wp.com\/www.grieta.org.mx\/wp-content\/uploads\/2018\/03\/14524434_1106112876131411_958039263622046936_o.jpg?resize=700%2C400 2x"},"classes":[]}],"_links":{"self":[{"href":"http:\/\/www.grieta.org.mx\/index.php\/wp-json\/wp\/v2\/posts\/15760","targetHints":{"allow":["GET"]}}],"collection":[{"href":"http:\/\/www.grieta.org.mx\/index.php\/wp-json\/wp\/v2\/posts"}],"about":[{"href":"http:\/\/www.grieta.org.mx\/index.php\/wp-json\/wp\/v2\/types\/post"}],"author":[{"embeddable":true,"href":"http:\/\/www.grieta.org.mx\/index.php\/wp-json\/wp\/v2\/users\/2"}],"replies":[{"embeddable":true,"href":"http:\/\/www.grieta.org.mx\/index.php\/wp-json\/wp\/v2\/comments?post=15760"}],"version-history":[{"count":1,"href":"http:\/\/www.grieta.org.mx\/index.php\/wp-json\/wp\/v2\/posts\/15760\/revisions"}],"predecessor-version":[{"id":15762,"href":"http:\/\/www.grieta.org.mx\/index.php\/wp-json\/wp\/v2\/posts\/15760\/revisions\/15762"}],"wp:featuredmedia":[{"embeddable":true,"href":"http:\/\/www.grieta.org.mx\/index.php\/wp-json\/wp\/v2\/media\/15761"}],"wp:attachment":[{"href":"http:\/\/www.grieta.org.mx\/index.php\/wp-json\/wp\/v2\/media?parent=15760"}],"wp:term":[{"taxonomy":"category","embeddable":true,"href":"http:\/\/www.grieta.org.mx\/index.php\/wp-json\/wp\/v2\/categories?post=15760"},{"taxonomy":"post_tag","embeddable":true,"href":"http:\/\/www.grieta.org.mx\/index.php\/wp-json\/wp\/v2\/tags?post=15760"}],"curies":[{"name":"wp","href":"https:\/\/api.w.org\/{rel}","templated":true}]}}