{"id":1576,"date":"2015-11-20T23:57:44","date_gmt":"2015-11-20T23:57:44","guid":{"rendered":"http:\/\/50.22.11.12\/~grietaor\/?p=1576"},"modified":"2016-03-09T00:01:08","modified_gmt":"2016-03-09T00:01:08","slug":"sedatu-expropiara-tierras-para-construir-presa-en-nayarit","status":"publish","type":"post","link":"http:\/\/www.grieta.org.mx\/index.php\/2015\/11\/20\/sedatu-expropiara-tierras-para-construir-presa-en-nayarit\/","title":{"rendered":"Sedatu expropiar\u00e1 tierras para construir presa en Nayarit"},"content":{"rendered":"<p>Redacci\u00f3n\/Sin Embargo<\/p>\n<p>Tepic, 20 Nov (Notimex.- El delegado de la Secretar\u00eda de Desarrollo Agrario, Territorial y Urbano (Sedatu) en Nayarit, Gerardo Aguirre Barr\u00f3n, inform\u00f3 que iniciar\u00e1n procesos de expropiaci\u00f3n de tierras, para realizar las obras de la presa hidroel\u00e9ctrica Las Cruces.<\/p>\n<p>El funcionario dio a conocer a Notimex que ser\u00e1n expropiadas al menos 5 mil hect\u00e1reas para la construcci\u00f3n de la hidroel\u00e9ctrica, en las comunidades de San Pedro Ixcat\u00e1n, del municipio de Ruiz; San Juan Corapan y El Rosarito, de Rosamorada; y Saicota y San Blasito, del municipio de Acaponeta.<\/p>\n<p>Aguirre Barr\u00f3n se\u00f1al\u00f3 que efect\u00faan estudios para determinar la calidad de la tierra, adem\u00e1s de la identificaci\u00f3n de bienes distintos a la misma, lo que implica \u00e1rboles, cosechas, ranchos de agua, y otros recursos que deber\u00e1n ser tomados en cuenta para realizar los pagos a las comunidades ind\u00edgenas.<\/p>\n<p>Explic\u00f3 que de los cinco ejidos que deber\u00e1n ser expropiados, en tres ya existe anuencia de los comuneros para iniciar el proceso de expropiaci\u00f3n, sin embargo, en San Blasito y Rosarito a\u00fan hacen falta algunas acciones para concretar los procesos.<\/p>\n<p><a href=\"http:\/\/www.sinembargo.mx\/20-11-2015\/1558371\" target=\"_blank\">http:\/\/www.sinembargo.mx\/20-11-2015\/1558371<\/a><\/p>\n","protected":false},"excerpt":{"rendered":"<p>Redacci\u00f3n\/Sin Embargo Tepic, 20 Nov (Notimex.- El delegado de la Secretar\u00eda de Desarrollo Agrario, Territorial y Urbano (Sedatu) en Nayarit, Gerardo Aguirre Barr\u00f3n, inform\u00f3 que iniciar\u00e1n procesos de expropiaci\u00f3n de &hellip; <a href=\"http:\/\/www.grieta.org.mx\/index.php\/2015\/11\/20\/sedatu-expropiara-tierras-para-construir-presa-en-nayarit\/\" class=\"more-link\">Leer m\u00e1s<\/a><\/p>\n","protected":false},"author":2,"featured_media":21928,"comment_status":"closed","ping_status":"open","sticky":false,"template":"","format":"standard","meta":{"ngg_post_thumbnail":0,"_jetpack_newsletter_access":"","_jetpack_dont_email_post_to_subs":false,"_jetpack_newsletter_tier_id":0,"_jetpack_memberships_contains_paywalled_content":false,"_jetpack_memberships_contains_paid_content":false,"footnotes":""},"categories":[80],"tags":[],"class_list":["post-1576","post","type-post","status-publish","format-standard","has-post-thumbnail","hentry","category-cintillo","entry"],"jetpack_featured_media_url":"http:\/\/www.grieta.org.mx\/wp-content\/uploads\/2018\/03\/14524434_1106112876131411_958039263622046936_o.jpg","jetpack_sharing_enabled":true,"jetpack_shortlink":"https:\/\/wp.me\/p7ZJR4-pq","jetpack_likes_enabled":false,"jetpack-related-posts":[{"id":852,"url":"http:\/\/www.grieta.org.mx\/index.php\/2016\/02\/29\/oposicion-a-la-presa-las-cruces-en-nayarit\/","url_meta":{"origin":1576,"position":0},"title":"Oposici\u00f3n a la presa Las Cruces en Nayarit","author":"grieta","date":"29 febrero, 2016","format":false,"excerpt":"29\/02\/16. Se frena construcci\u00f3n de Presa \"Las Cruces\" 02\/02\/16. Proyecto hidroel\u00e9ctrico Las Cruces amenaza al humedal m\u00e1s importante del Pac\u00edfico mexicano AIDA 01\/12\/15. Comunidades de Acaponeta se resisten a la expropiaci\u00f3n de sus tierras Nayarit en l\u00ednea 20\/11\/15. Sedatu expropiar\u00e1 tierras para construir presa en Nayarit Sin Embargo 26\/10\/15. \u201cNos\u2026","rel":"","context":"En &quot;22. N\u00e1yeris&quot;","block_context":{"text":"22. N\u00e1yeris","link":"http:\/\/www.grieta.org.mx\/index.php\/category\/espejos-de-la-resistencia\/22-nayeris\/"},"img":{"alt_text":"","src":"https:\/\/i0.wp.com\/www.grieta.org.mx\/wp-content\/uploads\/2018\/03\/14524434_1106112876131411_958039263622046936_o.jpg?resize=350%2C200","width":350,"height":200,"srcset":"https:\/\/i0.wp.com\/www.grieta.org.mx\/wp-content\/uploads\/2018\/03\/14524434_1106112876131411_958039263622046936_o.jpg?resize=350%2C200 1x, https:\/\/i0.wp.com\/www.grieta.org.mx\/wp-content\/uploads\/2018\/03\/14524434_1106112876131411_958039263622046936_o.jpg?resize=525%2C300 1.5x, https:\/\/i0.wp.com\/www.grieta.org.mx\/wp-content\/uploads\/2018\/03\/14524434_1106112876131411_958039263622046936_o.jpg?resize=700%2C400 2x"},"classes":[]},{"id":863,"url":"http:\/\/www.grieta.org.mx\/index.php\/2015\/12\/01\/comunidades-de-acaponeta-se-resisten-a-la-expropiacion-de-sus-tierras\/","url_meta":{"origin":1576,"position":1},"title":"Comunidades de Acaponeta se resisten a la expropiaci\u00f3n de sus tierras","author":"grieta","date":"1 diciembre, 2015","format":false,"excerpt":"Denisse Rivera\/ Nayarit en Linea Tepic.- Dos de las cinco localidades que se ver\u00e1n afectadas por la construcci\u00f3n de la presa \u201cLas Cruces\u201d a\u00fan se niegan a aceptar la expropiaci\u00f3n de sus tierras; Saicota y San Blasito, ambos ubicados en Acaponeta, no han aceptado la obra. El Delegado SEDATU Nayarit,\u2026","rel":"","context":"En &quot;CINTILLO&quot;","block_context":{"text":"CINTILLO","link":"http:\/\/www.grieta.org.mx\/index.php\/category\/cintillo\/"},"img":{"alt_text":"","src":"https:\/\/i0.wp.com\/www.grieta.org.mx\/wp-content\/uploads\/2018\/03\/14524434_1106112876131411_958039263622046936_o.jpg?resize=350%2C200","width":350,"height":200,"srcset":"https:\/\/i0.wp.com\/www.grieta.org.mx\/wp-content\/uploads\/2018\/03\/14524434_1106112876131411_958039263622046936_o.jpg?resize=350%2C200 1x, https:\/\/i0.wp.com\/www.grieta.org.mx\/wp-content\/uploads\/2018\/03\/14524434_1106112876131411_958039263622046936_o.jpg?resize=525%2C300 1.5x, https:\/\/i0.wp.com\/www.grieta.org.mx\/wp-content\/uploads\/2018\/03\/14524434_1106112876131411_958039263622046936_o.jpg?resize=700%2C400 2x"},"classes":[]},{"id":3731,"url":"http:\/\/www.grieta.org.mx\/index.php\/2015\/03\/01\/nayarit-registra-tres-quejas-contra-construccion-de-presa-2\/","url_meta":{"origin":1576,"position":2},"title":"Nayarit registra tres quejas contra construcci\u00f3n de presa","author":"grieta","date":"1 marzo, 2015","format":false,"excerpt":"Por Redacci\u00f3n \/Sin Embargo Tepic, 1 Mar (Notimex).- El presidente de la Comisi\u00f3n de Defensa de los Derechos Humanos para el Estado de Nayarit (CDDH), Guillermo Huicot Rivas \u00c1lvarez, inform\u00f3 que el organismo recibi\u00f3 tres denuncias de organizaciones civiles e ind\u00edgenas contra la construcci\u00f3n de la Presa Las Cruces. En\u2026","rel":"","context":"En &quot;CINTILLO&quot;","block_context":{"text":"CINTILLO","link":"http:\/\/www.grieta.org.mx\/index.php\/category\/cintillo\/"},"img":{"alt_text":"","src":"https:\/\/i0.wp.com\/www.grieta.org.mx\/wp-content\/uploads\/2018\/03\/14524434_1106112876131411_958039263622046936_o.jpg?resize=350%2C200","width":350,"height":200,"srcset":"https:\/\/i0.wp.com\/www.grieta.org.mx\/wp-content\/uploads\/2018\/03\/14524434_1106112876131411_958039263622046936_o.jpg?resize=350%2C200 1x, https:\/\/i0.wp.com\/www.grieta.org.mx\/wp-content\/uploads\/2018\/03\/14524434_1106112876131411_958039263622046936_o.jpg?resize=525%2C300 1.5x, https:\/\/i0.wp.com\/www.grieta.org.mx\/wp-content\/uploads\/2018\/03\/14524434_1106112876131411_958039263622046936_o.jpg?resize=700%2C400 2x"},"classes":[]},{"id":1611,"url":"http:\/\/www.grieta.org.mx\/index.php\/2015\/03\/01\/nayarit-registra-tres-quejas-contra-construccion-de-presa\/","url_meta":{"origin":1576,"position":3},"title":"Nayarit registra tres quejas contra construcci\u00f3n de presa","author":"grieta","date":"1 marzo, 2015","format":false,"excerpt":"Redacci\u00f3n\/Sin embargo Tepic, 1 Mar (Notimex).- El presidente de la Comisi\u00f3n de Defensa de los Derechos Humanos para el Estado de Nayarit (CDDH), Guillermo Huicot Rivas \u00c1lvarez, inform\u00f3 que el organismo recibi\u00f3 tres denuncias de organizaciones civiles e ind\u00edgenas contra la construcci\u00f3n de la Presa Las Cruces. En entrevista con\u2026","rel":"","context":"En &quot;CINTILLO&quot;","block_context":{"text":"CINTILLO","link":"http:\/\/www.grieta.org.mx\/index.php\/category\/cintillo\/"},"img":{"alt_text":"","src":"https:\/\/i0.wp.com\/www.grieta.org.mx\/wp-content\/uploads\/2018\/03\/14524434_1106112876131411_958039263622046936_o.jpg?resize=350%2C200","width":350,"height":200,"srcset":"https:\/\/i0.wp.com\/www.grieta.org.mx\/wp-content\/uploads\/2018\/03\/14524434_1106112876131411_958039263622046936_o.jpg?resize=350%2C200 1x, https:\/\/i0.wp.com\/www.grieta.org.mx\/wp-content\/uploads\/2018\/03\/14524434_1106112876131411_958039263622046936_o.jpg?resize=525%2C300 1.5x, https:\/\/i0.wp.com\/www.grieta.org.mx\/wp-content\/uploads\/2018\/03\/14524434_1106112876131411_958039263622046936_o.jpg?resize=700%2C400 2x"},"classes":[]},{"id":16378,"url":"http:\/\/www.grieta.org.mx\/index.php\/2016\/02\/29\/se-frena-construccion-de-presa-las-cruces\/","url_meta":{"origin":1576,"position":4},"title":"Se frena construcci\u00f3n de Presa &#8220;Las Cruces&#8221;","author":"grieta","date":"29 febrero, 2016","format":false,"excerpt":"Juan Carlos Carvajal\/Partido de los Comunistas Tepic, Nayarit; 29 de febrero de 2016. \u201cLas grillas y los mitotes de algunos actores pol\u00edticos han complicado los grandes proyectos que Nayarit tiene para salir adelante\u201d, dijo el Gobernador Roberto Sandoval, visiblemente molesto a medios de comunicaci\u00f3n, sobre la posible cancelaci\u00f3n, que es\u2026","rel":"","context":"En &quot;CINTILLO&quot;","block_context":{"text":"CINTILLO","link":"http:\/\/www.grieta.org.mx\/index.php\/category\/cintillo\/"},"img":{"alt_text":"","src":"https:\/\/i0.wp.com\/www.grieta.org.mx\/wp-content\/uploads\/2018\/03\/14524434_1106112876131411_958039263622046936_o.jpg?resize=350%2C200","width":350,"height":200,"srcset":"https:\/\/i0.wp.com\/www.grieta.org.mx\/wp-content\/uploads\/2018\/03\/14524434_1106112876131411_958039263622046936_o.jpg?resize=350%2C200 1x, https:\/\/i0.wp.com\/www.grieta.org.mx\/wp-content\/uploads\/2018\/03\/14524434_1106112876131411_958039263622046936_o.jpg?resize=525%2C300 1.5x, https:\/\/i0.wp.com\/www.grieta.org.mx\/wp-content\/uploads\/2018\/03\/14524434_1106112876131411_958039263622046936_o.jpg?resize=700%2C400 2x"},"classes":[]},{"id":64580,"url":"http:\/\/www.grieta.org.mx\/index.php\/2022\/07\/16\/la-lucha-continua-sedatu-da-posesion-parcial-al-ejido-san-isidro-faltan-160-hectareas-empresa-amway-nutrilite-saca-provecho-jalisco\/","url_meta":{"origin":1576,"position":5},"title":"La Lucha contin\u00faa: Sedatu da posesi\u00f3n parcial al ejido San Isidro, faltan 160 hect\u00e1reas; empresa Amway- Nutrilite saca provech\u00f3  (Jalisco)","author":"grieta","date":"16 julio, 2022","format":false,"excerpt":"Imagen: Vianney Mart\u00ednez P\u00e9rez El Ejido San Isidro recibi\u00f3 la posesi\u00f3n jur\u00eddica \u2013es decir, en papel\u2013 de sus 280 hect\u00e1reas. Pero f\u00edsicamente s\u00f3lo accedi\u00f3 a 120. De manera ventajosa, la empresa Amway- Nutrilite sac\u00f3\u00a0provech\u00f3 el tiempo que le dio la Sedatu y sembr\u00f3 las 160 hect\u00e1reas restantes para retardar la\u2026","rel":"","context":"En &quot;CINTILLO&quot;","block_context":{"text":"CINTILLO","link":"http:\/\/www.grieta.org.mx\/index.php\/category\/cintillo\/"},"img":{"alt_text":"","src":"https:\/\/i0.wp.com\/www.grieta.org.mx\/wp-content\/uploads\/2022\/07\/Entrega_SanIsidro_VianneyMartinezPerez.jpg?resize=350%2C200","width":350,"height":200,"srcset":"https:\/\/i0.wp.com\/www.grieta.org.mx\/wp-content\/uploads\/2022\/07\/Entrega_SanIsidro_VianneyMartinezPerez.jpg?resize=350%2C200 1x, https:\/\/i0.wp.com\/www.grieta.org.mx\/wp-content\/uploads\/2022\/07\/Entrega_SanIsidro_VianneyMartinezPerez.jpg?resize=525%2C300 1.5x, https:\/\/i0.wp.com\/www.grieta.org.mx\/wp-content\/uploads\/2022\/07\/Entrega_SanIsidro_VianneyMartinezPerez.jpg?resize=700%2C400 2x"},"classes":[]}],"_links":{"self":[{"href":"http:\/\/www.grieta.org.mx\/index.php\/wp-json\/wp\/v2\/posts\/1576","targetHints":{"allow":["GET"]}}],"collection":[{"href":"http:\/\/www.grieta.org.mx\/index.php\/wp-json\/wp\/v2\/posts"}],"about":[{"href":"http:\/\/www.grieta.org.mx\/index.php\/wp-json\/wp\/v2\/types\/post"}],"author":[{"embeddable":true,"href":"http:\/\/www.grieta.org.mx\/index.php\/wp-json\/wp\/v2\/users\/2"}],"replies":[{"embeddable":true,"href":"http:\/\/www.grieta.org.mx\/index.php\/wp-json\/wp\/v2\/comments?post=1576"}],"version-history":[{"count":1,"href":"http:\/\/www.grieta.org.mx\/index.php\/wp-json\/wp\/v2\/posts\/1576\/revisions"}],"predecessor-version":[{"id":1579,"href":"http:\/\/www.grieta.org.mx\/index.php\/wp-json\/wp\/v2\/posts\/1576\/revisions\/1579"}],"wp:featuredmedia":[{"embeddable":true,"href":"http:\/\/www.grieta.org.mx\/index.php\/wp-json\/wp\/v2\/media\/21928"}],"wp:attachment":[{"href":"http:\/\/www.grieta.org.mx\/index.php\/wp-json\/wp\/v2\/media?parent=1576"}],"wp:term":[{"taxonomy":"category","embeddable":true,"href":"http:\/\/www.grieta.org.mx\/index.php\/wp-json\/wp\/v2\/categories?post=1576"},{"taxonomy":"post_tag","embeddable":true,"href":"http:\/\/www.grieta.org.mx\/index.php\/wp-json\/wp\/v2\/tags?post=1576"}],"curies":[{"name":"wp","href":"https:\/\/api.w.org\/{rel}","templated":true}]}}