{"id":15720,"date":"2016-06-28T05:13:31","date_gmt":"2016-06-28T05:13:31","guid":{"rendered":"http:\/\/www.grieta.org.mx\/?p=15720"},"modified":"2016-07-02T05:15:59","modified_gmt":"2016-07-02T05:15:59","slug":"ejidatarios-de-los-cabos-contra-sct-bcs","status":"publish","type":"post","link":"http:\/\/www.grieta.org.mx\/index.php\/2016\/06\/28\/ejidatarios-de-los-cabos-contra-sct-bcs\/","title":{"rendered":"Ejidatarios de Los Cabos contra SCT (BCS)"},"content":{"rendered":"<p><strong>28\/06\/16. <\/strong><a href=\"http:\/\/www.grieta.org.mx\/index.php\/2016\/06\/28\/ejidatarios-de-los-cabos-protestan-contra-la-sct-en-baja-california\/\">Ejidatarios de Los Cabos protestan contra la SCT en Baja California<\/a><br \/>\n<em>Octavo D\u00eda<\/em><\/p>\n<p><strong>18\/06\/16. <\/strong><a href=\"http:\/\/www.grieta.org.mx\/index.php\/2016\/06\/18\/protestaron-ejidatarios-de-el-vizcaino-en-instalaciones-de-exportadora-de-sal-bcs\/\">Protestaron ejidatarios de El Vizca\u00edno en instalaciones de Exportadora de Sal (BCS)<\/a><br \/>\n<em>El Sudcaliforniano<\/em><\/p>\n","protected":false},"excerpt":{"rendered":"<p>28\/06\/16. Ejidatarios de Los Cabos protestan contra la SCT en Baja California Octavo D\u00eda 18\/06\/16. Protestaron ejidatarios de El Vizca\u00edno en instalaciones de Exportadora de Sal (BCS) El Sudcaliforniano<\/p>\n","protected":false},"author":2,"featured_media":21928,"comment_status":"closed","ping_status":"closed","sticky":false,"template":"","format":"standard","meta":{"ngg_post_thumbnail":0,"_jetpack_newsletter_access":"","_jetpack_dont_email_post_to_subs":false,"_jetpack_newsletter_tier_id":0,"_jetpack_memberships_contains_paywalled_content":false,"_jetpack_memberships_contains_paid_content":false,"footnotes":""},"categories":[10,2],"tags":[],"class_list":["post-15720","post","type-post","status-publish","format-standard","has-post-thumbnail","hentry","category-baja-california-sur","category-noticias-nacionales","entry"],"jetpack_featured_media_url":"http:\/\/www.grieta.org.mx\/wp-content\/uploads\/2018\/03\/14524434_1106112876131411_958039263622046936_o.jpg","jetpack_sharing_enabled":true,"jetpack_shortlink":"https:\/\/wp.me\/p7ZJR4-45y","jetpack_likes_enabled":false,"jetpack-related-posts":[{"id":15717,"url":"http:\/\/www.grieta.org.mx\/index.php\/2016\/06\/28\/ejidatarios-de-los-cabos-protestan-contra-la-sct-en-baja-california\/","url_meta":{"origin":15720,"position":0},"title":"Ejidatarios de Los Cabos protestan contra la SCT en Baja California","author":"grieta","date":"28 junio, 2016","format":false,"excerpt":"Los Cabos, BCS.- Contin\u00faan las manifestaciones de ejidatarios de San Jos\u00e9 del Cabo contra la Delegaci\u00f3n de la Secretar\u00eda de Comunicaciones y Transportes (SCT), con la finalidad de exigir el pago de 21 millones de pesos por el uso de 20 hect\u00e1reas para la construcci\u00f3n del libramiento carretero San Jos\u00e9\u2026","rel":"","context":"En &quot;CINTILLO&quot;","block_context":{"text":"CINTILLO","link":"http:\/\/www.grieta.org.mx\/index.php\/category\/cintillo\/"},"img":{"alt_text":"","src":"https:\/\/i0.wp.com\/www.grieta.org.mx\/wp-content\/uploads\/2018\/03\/14524434_1106112876131411_958039263622046936_o.jpg?resize=350%2C200","width":350,"height":200,"srcset":"https:\/\/i0.wp.com\/www.grieta.org.mx\/wp-content\/uploads\/2018\/03\/14524434_1106112876131411_958039263622046936_o.jpg?resize=350%2C200 1x, https:\/\/i0.wp.com\/www.grieta.org.mx\/wp-content\/uploads\/2018\/03\/14524434_1106112876131411_958039263622046936_o.jpg?resize=525%2C300 1.5x, https:\/\/i0.wp.com\/www.grieta.org.mx\/wp-content\/uploads\/2018\/03\/14524434_1106112876131411_958039263622046936_o.jpg?resize=700%2C400 2x"},"classes":[]},{"id":15130,"url":"http:\/\/www.grieta.org.mx\/index.php\/2016\/06\/18\/ejidatarios-de-mulege-bcs-contra-salinera\/","url_meta":{"origin":15720,"position":1},"title":"Ejidatarios de Muleg\u00e9 BCS contra salinera","author":"grieta","date":"18 junio, 2016","format":false,"excerpt":"18\/06\/16. Protestaron ejidatarios de El Vizca\u00edno en instalaciones de Exportadora de Sal (BCS) El Sudcaliforniano 09\/06\/16. Nuevo fracaso en negociaciones Exportadora de Sal-ejidatarios (BCS) El Sol de M\u00e9xico","rel":"","context":"En &quot;Baja California Sur&quot;","block_context":{"text":"Baja California Sur","link":"http:\/\/www.grieta.org.mx\/index.php\/category\/noticias-nacionales\/baja-california-sur\/"},"img":{"alt_text":"","src":"https:\/\/i0.wp.com\/www.grieta.org.mx\/wp-content\/uploads\/2018\/03\/14524434_1106112876131411_958039263622046936_o.jpg?resize=350%2C200","width":350,"height":200,"srcset":"https:\/\/i0.wp.com\/www.grieta.org.mx\/wp-content\/uploads\/2018\/03\/14524434_1106112876131411_958039263622046936_o.jpg?resize=350%2C200 1x, https:\/\/i0.wp.com\/www.grieta.org.mx\/wp-content\/uploads\/2018\/03\/14524434_1106112876131411_958039263622046936_o.jpg?resize=525%2C300 1.5x, https:\/\/i0.wp.com\/www.grieta.org.mx\/wp-content\/uploads\/2018\/03\/14524434_1106112876131411_958039263622046936_o.jpg?resize=700%2C400 2x"},"classes":[]},{"id":9165,"url":"http:\/\/www.grieta.org.mx\/index.php\/2015\/11\/18\/ejidatarios-de-guerrero-negro-inconformes-con-exportadora-de-sal\/","url_meta":{"origin":15720,"position":2},"title":"Ejidatarios de Guerrero Negro inconformes con Exportadora de Sal","author":"grieta","date":"18 noviembre, 2015","format":false,"excerpt":"18\/11\/15. \u00c1reas de la Exportadora de Sal de Guerrero Negro, entre las m\u00e1s contaminadas del pa\u00eds BCS Noticias 10\/10\/15. Amenazan ejidatarios con recuperar tierras que usa Exportadora de Sal de Guerrero Negro BCS Noticias","rel":"","context":"En &quot;Baja California Sur&quot;","block_context":{"text":"Baja California Sur","link":"http:\/\/www.grieta.org.mx\/index.php\/category\/noticias-nacionales\/baja-california-sur\/"},"img":{"alt_text":"","src":"https:\/\/i0.wp.com\/www.grieta.org.mx\/wp-content\/uploads\/2018\/03\/14524434_1106112876131411_958039263622046936_o.jpg?resize=350%2C200","width":350,"height":200,"srcset":"https:\/\/i0.wp.com\/www.grieta.org.mx\/wp-content\/uploads\/2018\/03\/14524434_1106112876131411_958039263622046936_o.jpg?resize=350%2C200 1x, https:\/\/i0.wp.com\/www.grieta.org.mx\/wp-content\/uploads\/2018\/03\/14524434_1106112876131411_958039263622046936_o.jpg?resize=525%2C300 1.5x, https:\/\/i0.wp.com\/www.grieta.org.mx\/wp-content\/uploads\/2018\/03\/14524434_1106112876131411_958039263622046936_o.jpg?resize=700%2C400 2x"},"classes":[]},{"id":67863,"url":"http:\/\/www.grieta.org.mx\/index.php\/2023\/09\/05\/ejidatarios-marchan-en-contra-de-la-anp-la-giganta-y-guadalupe-baja-california-sur\/","url_meta":{"origin":15720,"position":3},"title":"Ejidatarios marchan en contra de la ANP La Giganta y Guadalupe (Baja California Sur)","author":"grieta","date":"5 septiembre, 2023","format":false,"excerpt":"Imagen; Tribuna deMexico Andrea Villareal \/ Tribuna de M\u00e9xico Este martes un grupo de ejidatarios se manifest\u00f3 en contra del proyecto del \u00e1rea natural protegida (ANP) de las sierras La Giganta y Guadalupe. Al grito de \u201c\u00a1No a las ANP!\u201d, los representantes ejidales marcharon desde el Parque Revoluci\u00f3n hacia el\u2026","rel":"","context":"En &quot;Baja California Sur&quot;","block_context":{"text":"Baja California Sur","link":"http:\/\/www.grieta.org.mx\/index.php\/category\/noticias-nacionales\/baja-california-sur\/"},"img":{"alt_text":"","src":"https:\/\/i0.wp.com\/www.grieta.org.mx\/wp-content\/uploads\/2023\/10\/YXM2Rozn-Manifestacion-de-ejidatarios-en-el-Congreso-de-BCS-905x613-1.webp?resize=350%2C200","width":350,"height":200,"srcset":"https:\/\/i0.wp.com\/www.grieta.org.mx\/wp-content\/uploads\/2023\/10\/YXM2Rozn-Manifestacion-de-ejidatarios-en-el-Congreso-de-BCS-905x613-1.webp?resize=350%2C200 1x, https:\/\/i0.wp.com\/www.grieta.org.mx\/wp-content\/uploads\/2023\/10\/YXM2Rozn-Manifestacion-de-ejidatarios-en-el-Congreso-de-BCS-905x613-1.webp?resize=525%2C300 1.5x, https:\/\/i0.wp.com\/www.grieta.org.mx\/wp-content\/uploads\/2023\/10\/YXM2Rozn-Manifestacion-de-ejidatarios-en-el-Congreso-de-BCS-905x613-1.webp?resize=700%2C400 2x"},"classes":[]},{"id":25666,"url":"http:\/\/www.grieta.org.mx\/index.php\/2018\/07\/17\/rechazan-ejidatarios-decreto-de-area-natural-protegida-para-la-giganta-baja-california-sur\/","url_meta":{"origin":15720,"position":4},"title":"Rechazan ejidatarios decreto de \u00c1rea Natural Protegida para La Giganta (Baja California Sur)","author":"grieta","date":"17 julio, 2018","format":false,"excerpt":"El ejido San Javier se declar\u00f3 en contra de que la sierra La Giganta sea \u00e1rea natural protegida. Cortes\u00eda \/ El Sudcaliforniano Javier Ch\u00e1vez Davis Loreto, Baja California Sur.- Integrantes del ejido San Javier est\u00e1n totalmente en contra de la propuesta para decretar \u00e1rea natural protegida a parte de la\u2026","rel":"","context":"En &quot;\u00c1reas naturales protegidas&quot;","block_context":{"text":"\u00c1reas naturales protegidas","link":"http:\/\/www.grieta.org.mx\/index.php\/category\/megaproyectos\/areas-naturales-protegidas\/"},"img":{"alt_text":"","src":"https:\/\/i0.wp.com\/www.grieta.org.mx\/wp-content\/uploads\/2018\/08\/EL-EJIDO-SAN-JAVIER....jpg?resize=350%2C200","width":350,"height":200,"srcset":"https:\/\/i0.wp.com\/www.grieta.org.mx\/wp-content\/uploads\/2018\/08\/EL-EJIDO-SAN-JAVIER....jpg?resize=350%2C200 1x, https:\/\/i0.wp.com\/www.grieta.org.mx\/wp-content\/uploads\/2018\/08\/EL-EJIDO-SAN-JAVIER....jpg?resize=525%2C300 1.5x"},"classes":[]},{"id":25845,"url":"http:\/\/www.grieta.org.mx\/index.php\/2018\/08\/25\/en-la-paz-y-los-cabos-protestaran-en-contra-de-los-cardones-baja-california-sur\/","url_meta":{"origin":15720,"position":5},"title":"En La Paz y Los Cabos protestar\u00e1n en contra de Los Cardones (Baja California Sur)","author":"grieta","date":"25 agosto, 2018","format":false,"excerpt":"Foto propiedad de: Internet Redacci\u00f3n El mi\u00e9rcoles 29 de agosto realizar\u00e1n manifestaciones en ambos municipios de BCS en contra la miner\u00eda a cielo abierto, con el fin de evitar que Consejo Estatal Forestal otorgue el cambio de uso de suelo al proyecto en sierra La Laguna. M\u00e9xico. En La Paz\u2026","rel":"","context":"En &quot;Baja California Sur&quot;","block_context":{"text":"Baja California Sur","link":"http:\/\/www.grieta.org.mx\/index.php\/category\/noticias-nacionales\/baja-california-sur\/"},"img":{"alt_text":"","src":"https:\/\/i0.wp.com\/www.grieta.org.mx\/wp-content\/uploads\/2018\/08\/1652_mineria-toxica_620x350.jpg?resize=350%2C200","width":350,"height":200,"srcset":"https:\/\/i0.wp.com\/www.grieta.org.mx\/wp-content\/uploads\/2018\/08\/1652_mineria-toxica_620x350.jpg?resize=350%2C200 1x, https:\/\/i0.wp.com\/www.grieta.org.mx\/wp-content\/uploads\/2018\/08\/1652_mineria-toxica_620x350.jpg?resize=525%2C300 1.5x"},"classes":[]}],"_links":{"self":[{"href":"http:\/\/www.grieta.org.mx\/index.php\/wp-json\/wp\/v2\/posts\/15720","targetHints":{"allow":["GET"]}}],"collection":[{"href":"http:\/\/www.grieta.org.mx\/index.php\/wp-json\/wp\/v2\/posts"}],"about":[{"href":"http:\/\/www.grieta.org.mx\/index.php\/wp-json\/wp\/v2\/types\/post"}],"author":[{"embeddable":true,"href":"http:\/\/www.grieta.org.mx\/index.php\/wp-json\/wp\/v2\/users\/2"}],"replies":[{"embeddable":true,"href":"http:\/\/www.grieta.org.mx\/index.php\/wp-json\/wp\/v2\/comments?post=15720"}],"version-history":[{"count":1,"href":"http:\/\/www.grieta.org.mx\/index.php\/wp-json\/wp\/v2\/posts\/15720\/revisions"}],"predecessor-version":[{"id":15721,"href":"http:\/\/www.grieta.org.mx\/index.php\/wp-json\/wp\/v2\/posts\/15720\/revisions\/15721"}],"wp:featuredmedia":[{"embeddable":true,"href":"http:\/\/www.grieta.org.mx\/index.php\/wp-json\/wp\/v2\/media\/21928"}],"wp:attachment":[{"href":"http:\/\/www.grieta.org.mx\/index.php\/wp-json\/wp\/v2\/media?parent=15720"}],"wp:term":[{"taxonomy":"category","embeddable":true,"href":"http:\/\/www.grieta.org.mx\/index.php\/wp-json\/wp\/v2\/categories?post=15720"},{"taxonomy":"post_tag","embeddable":true,"href":"http:\/\/www.grieta.org.mx\/index.php\/wp-json\/wp\/v2\/tags?post=15720"}],"curies":[{"name":"wp","href":"https:\/\/api.w.org\/{rel}","templated":true}]}}