{"id":15717,"date":"2016-06-28T05:08:39","date_gmt":"2016-06-28T05:08:39","guid":{"rendered":"http:\/\/www.grieta.org.mx\/?p=15717"},"modified":"2016-07-02T05:10:55","modified_gmt":"2016-07-02T05:10:55","slug":"ejidatarios-de-los-cabos-protestan-contra-la-sct-en-baja-california","status":"publish","type":"post","link":"http:\/\/www.grieta.org.mx\/index.php\/2016\/06\/28\/ejidatarios-de-los-cabos-protestan-contra-la-sct-en-baja-california\/","title":{"rendered":"Ejidatarios de Los Cabos protestan contra la SCT en Baja California"},"content":{"rendered":"<p><img loading=\"lazy\" decoding=\"async\" data-attachment-id=\"15718\" data-permalink=\"http:\/\/www.grieta.org.mx\/index.php\/2016\/06\/28\/ejidatarios-de-los-cabos-protestan-contra-la-sct-en-baja-california\/ejidatarios-de-los-cabos-protestan-contra-la-sct_7125\/\" data-orig-file=\"http:\/\/www.grieta.org.mx\/wp-content\/uploads\/2016\/07\/ejidatarios-de-los-cabos-protestan-contra-la-sct_7125.jpg\" data-orig-size=\"640,341\" data-comments-opened=\"0\" data-image-meta=\"{&quot;aperture&quot;:&quot;0&quot;,&quot;credit&quot;:&quot;&quot;,&quot;camera&quot;:&quot;&quot;,&quot;caption&quot;:&quot;&quot;,&quot;created_timestamp&quot;:&quot;0&quot;,&quot;copyright&quot;:&quot;&quot;,&quot;focal_length&quot;:&quot;0&quot;,&quot;iso&quot;:&quot;0&quot;,&quot;shutter_speed&quot;:&quot;0&quot;,&quot;title&quot;:&quot;&quot;,&quot;orientation&quot;:&quot;0&quot;}\" data-image-title=\"ejidatarios-de-los-cabos-protestan-contra-la-sct_7125\" data-image-description=\"\" data-image-caption=\"\" data-medium-file=\"http:\/\/www.grieta.org.mx\/wp-content\/uploads\/2016\/07\/ejidatarios-de-los-cabos-protestan-contra-la-sct_7125-300x160.jpg\" data-large-file=\"http:\/\/www.grieta.org.mx\/wp-content\/uploads\/2016\/07\/ejidatarios-de-los-cabos-protestan-contra-la-sct_7125.jpg\" src=\"http:\/\/www.grieta.org.mx\/wp-content\/uploads\/2016\/07\/ejidatarios-de-los-cabos-protestan-contra-la-sct_7125-300x160.jpg\" alt=\"ejidatarios-de-los-cabos-protestan-contra-la-sct_7125\" width=\"300\" height=\"160\" class=\"aligncenter size-medium wp-image-15718\" srcset=\"http:\/\/www.grieta.org.mx\/wp-content\/uploads\/2016\/07\/ejidatarios-de-los-cabos-protestan-contra-la-sct_7125-300x160.jpg 300w, http:\/\/www.grieta.org.mx\/wp-content\/uploads\/2016\/07\/ejidatarios-de-los-cabos-protestan-contra-la-sct_7125.jpg 640w\" sizes=\"auto, (max-width: 300px) 100vw, 300px\" \/><\/p>\n<p>Los Cabos, BCS.- Contin\u00faan las manifestaciones de ejidatarios de San Jos\u00e9 del Cabo contra la Delegaci\u00f3n de la Secretar\u00eda de Comunicaciones y Transportes (SCT), con la finalidad de exigir el pago de 21 millones de pesos por el uso de 20 hect\u00e1reas para la construcci\u00f3n del libramiento carretero San Jos\u00e9 del Cabo-Cabo San Lucas.<\/p>\n<p>Alrededor de 80 ejidatarios comenzaron a protestar en la carretera federal, impidiendo por un tiempo el bloqueo para despu\u00e9s abril parcialmente la v\u00eda de comunicaci\u00f3n.<\/p>\n<p>Luego de la reuni\u00f3n que sostuvieron con el delegado de la SCT en Baja California Sur, inform\u00f3 El Independiente de BCS,  se acord\u00f3 que el pago quedar\u00eda cubierto en el transcurso de la semana pasada, pero, esto no fue as\u00ed, lo que revivi\u00f3 la molestia de los ejidatarios.<\/p>\n<p><a href=\"http:\/\/www.octavodia.mx\/articulo\/7125\/ejidatarios-de-los-cabos-protestan-contra-la-sct\">http:\/\/www.octavodia.mx\/articulo\/7125\/ejidatarios-de-los-cabos-protestan-contra-la-sct<\/a><\/p>\n","protected":false},"excerpt":{"rendered":"<p>Los Cabos, BCS.- Contin\u00faan las manifestaciones de ejidatarios de San Jos\u00e9 del Cabo contra la Delegaci\u00f3n de la Secretar\u00eda de Comunicaciones y Transportes (SCT), con la finalidad de exigir el &hellip; <a href=\"http:\/\/www.grieta.org.mx\/index.php\/2016\/06\/28\/ejidatarios-de-los-cabos-protestan-contra-la-sct-en-baja-california\/\" class=\"more-link\">Leer m\u00e1s<\/a><\/p>\n","protected":false},"author":2,"featured_media":21928,"comment_status":"closed","ping_status":"closed","sticky":false,"template":"","format":"standard","meta":{"ngg_post_thumbnail":0,"_jetpack_newsletter_access":"","_jetpack_dont_email_post_to_subs":false,"_jetpack_newsletter_tier_id":0,"_jetpack_memberships_contains_paywalled_content":false,"_jetpack_memberships_contains_paid_content":false,"footnotes":""},"categories":[80],"tags":[],"class_list":["post-15717","post","type-post","status-publish","format-standard","has-post-thumbnail","hentry","category-cintillo","entry"],"jetpack_featured_media_url":"http:\/\/www.grieta.org.mx\/wp-content\/uploads\/2018\/03\/14524434_1106112876131411_958039263622046936_o.jpg","jetpack_sharing_enabled":true,"jetpack_shortlink":"https:\/\/wp.me\/p7ZJR4-45v","jetpack_likes_enabled":false,"jetpack-related-posts":[{"id":15720,"url":"http:\/\/www.grieta.org.mx\/index.php\/2016\/06\/28\/ejidatarios-de-los-cabos-contra-sct-bcs\/","url_meta":{"origin":15717,"position":0},"title":"Ejidatarios de Los Cabos contra SCT (BCS)","author":"grieta","date":"28 junio, 2016","format":false,"excerpt":"28\/06\/16. Ejidatarios de Los Cabos protestan contra la SCT en Baja California Octavo D\u00eda 18\/06\/16. Protestaron ejidatarios de El Vizca\u00edno en instalaciones de Exportadora de Sal (BCS) El Sudcaliforniano","rel":"","context":"En &quot;Baja California Sur&quot;","block_context":{"text":"Baja California Sur","link":"http:\/\/www.grieta.org.mx\/index.php\/category\/noticias-nacionales\/baja-california-sur\/"},"img":{"alt_text":"","src":"https:\/\/i0.wp.com\/www.grieta.org.mx\/wp-content\/uploads\/2018\/03\/14524434_1106112876131411_958039263622046936_o.jpg?resize=350%2C200","width":350,"height":200,"srcset":"https:\/\/i0.wp.com\/www.grieta.org.mx\/wp-content\/uploads\/2018\/03\/14524434_1106112876131411_958039263622046936_o.jpg?resize=350%2C200 1x, https:\/\/i0.wp.com\/www.grieta.org.mx\/wp-content\/uploads\/2018\/03\/14524434_1106112876131411_958039263622046936_o.jpg?resize=525%2C300 1.5x, https:\/\/i0.wp.com\/www.grieta.org.mx\/wp-content\/uploads\/2018\/03\/14524434_1106112876131411_958039263622046936_o.jpg?resize=700%2C400 2x"},"classes":[]},{"id":15127,"url":"http:\/\/www.grieta.org.mx\/index.php\/2016\/06\/18\/protestaron-ejidatarios-de-el-vizcaino-en-instalaciones-de-exportadora-de-sal-bcs\/","url_meta":{"origin":15717,"position":1},"title":"Protestaron ejidatarios de El Vizca\u00edno en instalaciones de Exportadora de Sal (BCS)","author":"grieta","date":"18 junio, 2016","format":false,"excerpt":"Por El\u00edas Medina La Paz, Baja California Sur.-Dos conflictos agrarios estallaron este viernes en Baja California Sur en una jornada de movilizaciones campesinas que inici\u00f3 casi a la misma hora en dos sitios distintos: en el valle de Vizca\u00edno, en el municipio de Muleg\u00e9, un numeroso grupo de campesinos ingresaron\u2026","rel":"","context":"En &quot;CINTILLO&quot;","block_context":{"text":"CINTILLO","link":"http:\/\/www.grieta.org.mx\/index.php\/category\/cintillo\/"},"img":{"alt_text":"","src":"https:\/\/i0.wp.com\/www.grieta.org.mx\/wp-content\/uploads\/2018\/03\/14524434_1106112876131411_958039263622046936_o.jpg?resize=350%2C200","width":350,"height":200,"srcset":"https:\/\/i0.wp.com\/www.grieta.org.mx\/wp-content\/uploads\/2018\/03\/14524434_1106112876131411_958039263622046936_o.jpg?resize=350%2C200 1x, https:\/\/i0.wp.com\/www.grieta.org.mx\/wp-content\/uploads\/2018\/03\/14524434_1106112876131411_958039263622046936_o.jpg?resize=525%2C300 1.5x, https:\/\/i0.wp.com\/www.grieta.org.mx\/wp-content\/uploads\/2018\/03\/14524434_1106112876131411_958039263622046936_o.jpg?resize=700%2C400 2x"},"classes":[]},{"id":15130,"url":"http:\/\/www.grieta.org.mx\/index.php\/2016\/06\/18\/ejidatarios-de-mulege-bcs-contra-salinera\/","url_meta":{"origin":15717,"position":2},"title":"Ejidatarios de Muleg\u00e9 BCS contra salinera","author":"grieta","date":"18 junio, 2016","format":false,"excerpt":"18\/06\/16. Protestaron ejidatarios de El Vizca\u00edno en instalaciones de Exportadora de Sal (BCS) El Sudcaliforniano 09\/06\/16. Nuevo fracaso en negociaciones Exportadora de Sal-ejidatarios (BCS) El Sol de M\u00e9xico","rel":"","context":"En &quot;Baja California Sur&quot;","block_context":{"text":"Baja California Sur","link":"http:\/\/www.grieta.org.mx\/index.php\/category\/noticias-nacionales\/baja-california-sur\/"},"img":{"alt_text":"","src":"https:\/\/i0.wp.com\/www.grieta.org.mx\/wp-content\/uploads\/2018\/03\/14524434_1106112876131411_958039263622046936_o.jpg?resize=350%2C200","width":350,"height":200,"srcset":"https:\/\/i0.wp.com\/www.grieta.org.mx\/wp-content\/uploads\/2018\/03\/14524434_1106112876131411_958039263622046936_o.jpg?resize=350%2C200 1x, https:\/\/i0.wp.com\/www.grieta.org.mx\/wp-content\/uploads\/2018\/03\/14524434_1106112876131411_958039263622046936_o.jpg?resize=525%2C300 1.5x, https:\/\/i0.wp.com\/www.grieta.org.mx\/wp-content\/uploads\/2018\/03\/14524434_1106112876131411_958039263622046936_o.jpg?resize=700%2C400 2x"},"classes":[]},{"id":1325,"url":"http:\/\/www.grieta.org.mx\/index.php\/2015\/09\/11\/se-destraba-conflicto-entre-sct-y-ejidatarios-de-pueblo-nuevo\/","url_meta":{"origin":15717,"position":3},"title":"Se destraba conflicto entre SCT y ejidatarios de Pueblo Nuevo","author":"grieta","date":"11 septiembre, 2015","format":false,"excerpt":"Por fin, luego de tres a\u00f1os con un mes, el conflicto entre los ejidatarios de Pueblo Nuevo, due\u00f1os de las tierras por donde pasa la autopista Durango-Mazatl\u00e1n, con la Secretar\u00eda de Comunicaciones y Transportes (SCT), se ha sido solucionado, pero no soltar\u00e1n a\u00fan la caseta de cobro de Coscomate. El\u2026","rel":"","context":"En &quot;CINTILLO&quot;","block_context":{"text":"CINTILLO","link":"http:\/\/www.grieta.org.mx\/index.php\/category\/cintillo\/"},"img":{"alt_text":"","src":"https:\/\/i0.wp.com\/www.grieta.org.mx\/wp-content\/uploads\/2018\/03\/14524434_1106112876131411_958039263622046936_o.jpg?resize=350%2C200","width":350,"height":200,"srcset":"https:\/\/i0.wp.com\/www.grieta.org.mx\/wp-content\/uploads\/2018\/03\/14524434_1106112876131411_958039263622046936_o.jpg?resize=350%2C200 1x, https:\/\/i0.wp.com\/www.grieta.org.mx\/wp-content\/uploads\/2018\/03\/14524434_1106112876131411_958039263622046936_o.jpg?resize=525%2C300 1.5x, https:\/\/i0.wp.com\/www.grieta.org.mx\/wp-content\/uploads\/2018\/03\/14524434_1106112876131411_958039263622046936_o.jpg?resize=700%2C400 2x"},"classes":[]},{"id":5157,"url":"http:\/\/www.grieta.org.mx\/index.php\/2015\/08\/14\/se-reunen-ejidatarios-de-san-juan-del-rio-con-sct-y-constructora\/","url_meta":{"origin":15717,"position":4},"title":"Se re\u00fanen ejidatarios de San Juan del R\u00edo con SCT y constructora","author":"grieta","date":"14 agosto, 2015","format":false,"excerpt":"Guillermo Contreras\/AM Quer\u00e9taro Se re\u00fanen ejidatarios de San Juan del R\u00edo con SCT y constructora Los de la constructora aseguran que se siguen cuantificando los da\u00f1os a las parcelas, toda vez que hay continuidad en el gobierno federal. Cabe recordar que el libramiento Apaseo-Palmillas es una obra concesionada a la\u2026","rel":"","context":"En &quot;CINTILLO&quot;","block_context":{"text":"CINTILLO","link":"http:\/\/www.grieta.org.mx\/index.php\/category\/cintillo\/"},"img":{"alt_text":"","src":"https:\/\/i0.wp.com\/www.grieta.org.mx\/wp-content\/uploads\/2018\/03\/14524434_1106112876131411_958039263622046936_o.jpg?resize=350%2C200","width":350,"height":200,"srcset":"https:\/\/i0.wp.com\/www.grieta.org.mx\/wp-content\/uploads\/2018\/03\/14524434_1106112876131411_958039263622046936_o.jpg?resize=350%2C200 1x, https:\/\/i0.wp.com\/www.grieta.org.mx\/wp-content\/uploads\/2018\/03\/14524434_1106112876131411_958039263622046936_o.jpg?resize=525%2C300 1.5x, https:\/\/i0.wp.com\/www.grieta.org.mx\/wp-content\/uploads\/2018\/03\/14524434_1106112876131411_958039263622046936_o.jpg?resize=700%2C400 2x"},"classes":[]},{"id":66766,"url":"http:\/\/www.grieta.org.mx\/index.php\/2023\/04\/11\/ejidatarios-bloquean-carretera-valladolid-felipe-carrillo-puerto-quintana-roo\/","url_meta":{"origin":15717,"position":5},"title":"Ejidatarios bloquean carretera Valladolid-Felipe Carrillo Puerto (Quintana Roo)","author":"grieta","date":"11 abril, 2023","format":false,"excerpt":"Justino Xiu Chan \/ Por Esto! Ante el incumplimiento de los compromisos de los funcionarios de la Secretaria de Comunicaciones y Transportes (SCT) del pago anticipado de 11 millones de pesos, por concepto de indemnizaci\u00f3n de tierras afectadas, ejidatarios de Tepich, a temprana hora procedieron a bloquear la carretera 295\u2026","rel":"","context":"En &quot;CINTILLO&quot;","block_context":{"text":"CINTILLO","link":"http:\/\/www.grieta.org.mx\/index.php\/category\/cintillo\/"},"img":{"alt_text":"","src":"https:\/\/i0.wp.com\/www.grieta.org.mx\/wp-content\/uploads\/2023\/04\/Tepich-e1681243270160.jpg?resize=350%2C200","width":350,"height":200,"srcset":"https:\/\/i0.wp.com\/www.grieta.org.mx\/wp-content\/uploads\/2023\/04\/Tepich-e1681243270160.jpg?resize=350%2C200 1x, https:\/\/i0.wp.com\/www.grieta.org.mx\/wp-content\/uploads\/2023\/04\/Tepich-e1681243270160.jpg?resize=525%2C300 1.5x, https:\/\/i0.wp.com\/www.grieta.org.mx\/wp-content\/uploads\/2023\/04\/Tepich-e1681243270160.jpg?resize=700%2C400 2x"},"classes":[]}],"_links":{"self":[{"href":"http:\/\/www.grieta.org.mx\/index.php\/wp-json\/wp\/v2\/posts\/15717","targetHints":{"allow":["GET"]}}],"collection":[{"href":"http:\/\/www.grieta.org.mx\/index.php\/wp-json\/wp\/v2\/posts"}],"about":[{"href":"http:\/\/www.grieta.org.mx\/index.php\/wp-json\/wp\/v2\/types\/post"}],"author":[{"embeddable":true,"href":"http:\/\/www.grieta.org.mx\/index.php\/wp-json\/wp\/v2\/users\/2"}],"replies":[{"embeddable":true,"href":"http:\/\/www.grieta.org.mx\/index.php\/wp-json\/wp\/v2\/comments?post=15717"}],"version-history":[{"count":1,"href":"http:\/\/www.grieta.org.mx\/index.php\/wp-json\/wp\/v2\/posts\/15717\/revisions"}],"predecessor-version":[{"id":15719,"href":"http:\/\/www.grieta.org.mx\/index.php\/wp-json\/wp\/v2\/posts\/15717\/revisions\/15719"}],"wp:featuredmedia":[{"embeddable":true,"href":"http:\/\/www.grieta.org.mx\/index.php\/wp-json\/wp\/v2\/media\/21928"}],"wp:attachment":[{"href":"http:\/\/www.grieta.org.mx\/index.php\/wp-json\/wp\/v2\/media?parent=15717"}],"wp:term":[{"taxonomy":"category","embeddable":true,"href":"http:\/\/www.grieta.org.mx\/index.php\/wp-json\/wp\/v2\/categories?post=15717"},{"taxonomy":"post_tag","embeddable":true,"href":"http:\/\/www.grieta.org.mx\/index.php\/wp-json\/wp\/v2\/tags?post=15717"}],"curies":[{"name":"wp","href":"https:\/\/api.w.org\/{rel}","templated":true}]}}